{"id":35469,"date":"2020-12-28T13:31:59","date_gmt":"2020-12-28T12:31:59","guid":{"rendered":"https:\/\/vosgesinfo.fr\/remiremontinfo\/2020\/12\/remiremont-port-masque-devient-obligatoire-rues-centre-ville\/"},"modified":"2020-12-28T13:31:59","modified_gmt":"2020-12-28T12:31:59","slug":"remiremont-port-masque-devient-obligatoire-rues-centre-ville","status":"publish","type":"post","link":"https:\/\/vosgesinfo.fr\/remiremontinfo\/2020\/12\/remiremont-port-masque-devient-obligatoire-rues-centre-ville\/","title":{"rendered":"Remiremont : le port du masque devient obligatoire dans les rues du centre-ville"},"content":{"rendered":"<p style=\"text-align: center;\"><a href=\"\/2020\/12\/Capture-d\u2019\u00e9cran-2020-12-28-141455.png\"><img decoding=\"async\" class=\"alignnone size-full wp-image-305379\" src=\"\/2020\/12\/Capture-d\u2019\u00e9cran-2020-12-28-141455.png\" alt=\"Capture d\u2019\u00e9cran 2020-12-28 141455\" width=\"800\" height=\"419\" \/><\/a><\/p>\n<p style=\"text-align: left;\"><span style=\"font-size: 10pt;\"><em>Image commune de Remiremont<\/em><\/span><\/p>\n<h2><span style=\"font-size: 12pt;\"><strong>La Pr\u00e9fecture a d\u00e9cid\u00e9 de rendre\u00a0obligatoire le port du masque dans les rues du centre-ville et le quartier de la Filature.\u00a0<\/strong><\/span><strong><span style=\"color: #222222;\"><span style=\"font-family: 'Times New Roman', serif;\"><span style=\"font-size: large;\">\u00ab\u00a0<\/span><\/span><\/span><\/strong><strong><span style=\"color: #333333;\"><span style=\"font-family: Georgia, 'Times New Roman', 'Bitstream Charter', Times, serif;\"><span style=\"font-size: medium;\">La recrudescence de l\u2019\u00e9pid\u00e9mie a conduit le Pr\u00e9fet des Vosges \u00e0 rendre obligatoire le masque dans le centre de plusieurs villes des Vosges (Epinal, Saint-Di\u00e9-des-Vosges, G\u00e9rardmer&#8230;)\u00a0\u00bb, <\/span><\/span><\/span><\/strong><strong><span style=\"color: #333333;\"><span style=\"font-family: Georgia, 'Times New Roman', 'Bitstream Charter', Times, serif;\"><span style=\"font-size: medium;\"><b>explique la municipalit\u00e9.\u00a0D\u00e8s ce lundi, \u00e0 Remiremont, il est interdit de se rendre dans certains\u00a0lieux en \u00e9tant non masqu\u00e9<\/b><\/span><\/span><\/span><\/strong><span style=\"font-size: 12pt;\"><strong>. <\/strong><\/span><\/h2>\n<p>Les rues concern\u00e9es sont les suivantes :<\/p>\n<p>\u2022 Boulevard Thiers<br \/>\n\u2022 Avenue Julien M\u00e9line<br \/>\n\u2022 Rue Charles de Gaulle<br \/>\n\u2022 Rue des Capucins<br \/>\n\u2022 Rue Janny<br \/>\n\u2022 Rue de la Xav\u00e9e<br \/>\n\u2022 Rue des \u00e9coles<br \/>\n\u2022 Rue Paul Doumer<br \/>\n\u2022 Rue Maucervelle<br \/>\n\u2022 Rue Georges Lang<br \/>\n\u2022 Rue des Pr\u00eatres<\/p>\n<p>\u2022 Place Jules M\u00e9line<br \/>\n\u2022 Place du Mar\u00e9chal de Lattre<br \/>\nde Tassigny<br \/>\n\u2022 Place Kennedy<br \/>\n\u2022 Rue de la Courtine (portion<br \/>\ncomprise entre la Rue des<br \/>\nBrasseries et la Place de<br \/>\nLattre)<br \/>\n\u2022 Rue des Chaseaux<br \/>\n\u2022 Rue de la Franche Pierre<br \/>\n\u2022 Rue Simone Veil<br \/>\n\u2022 Rue du G\u00e9n\u00e9ral Humbert<\/p>\n<p>\u2022 Place Christian Poncelet<br \/>\n(place de l\u2019Abbaye)<br \/>\n\u2022 Place Henri Utard<br \/>\n\u2022 Ruelle des Charpentiers<br \/>\n\u2022 Place Mesdames<br \/>\n\u2022 Rue de l\u2019H\u00f4tel de Ville<br \/>\n\u2022 Rue du G\u00e9n\u00e9ral Bataille<br \/>\n\u2022 Passage Jean Bertrand<br \/>\n\u2022 Ruelle de la Porte Rouge<br \/>\n\u2022 Ruelle des Capucins<br \/>\n\u2022 Parc Mgr Rodhain<br \/>\n\u2022 Quartier de la Filature<\/p>\n<p>&nbsp;<\/p>\n","protected":false},"excerpt":{"rendered":"<p>Image commune de Remiremont La Pr\u00e9fecture a d\u00e9cid\u00e9 de rendre\u00a0obligatoire le port du masque dans les rues du centre-ville et [&hellip;]<\/p>\n","protected":false},"author":407,"featured_media":35470,"comment_status":"open","ping_status":"open","sticky":false,"template":"","format":"standard","meta":{"footnotes":""},"categories":[26,1556,35,13],"tags":[],"class_list":["post-35469","post","type-post","status-publish","format-standard","has-post-thumbnail","hentry","category-a-la-une","category-remiremont-remiremont-son-canton-2","category-remiremont-son-canton","category-societe"],"acf":[],"yoast_head":"<!-- This site is optimized with the Yoast SEO plugin v22.5 - https:\/\/yoast.com\/wordpress\/plugins\/seo\/ -->\n<title>Remiremont : le port du masque devient obligatoire dans les rues du centre-ville - Remiremont Info<\/title>\n<meta name=\"robots\" content=\"index, follow, max-snippet:-1, max-image-preview:large, max-video-preview:-1\" \/>\n<link rel=\"canonical\" href=\"https:\/\/vosgesinfo.fr\/remiremontinfo\/2020\/12\/remiremont-port-masque-devient-obligatoire-rues-centre-ville\/\" \/>\n<meta name=\"twitter:card\" content=\"summary_large_image\" \/>\n<meta name=\"twitter:title\" content=\"Remiremont : le port du masque devient obligatoire dans les rues du centre-ville - Remiremont Info\" \/>\n<meta name=\"twitter:description\" content=\"Image commune de Remiremont La Pr\u00e9fecture a d\u00e9cid\u00e9 de rendre\u00a0obligatoire le port du masque dans les rues du centre-ville et [&hellip;]\" \/>\n<meta name=\"twitter:image\" content=\"https:\/\/vosgesinfo.fr\/app\/uploads\/sites\/5\/2024\/09\/202012inkeddsc-1069-2-li.jpg\" \/>\n<meta name=\"twitter:creator\" content=\"@VosgesInfo88\" \/>\n<meta name=\"twitter:site\" content=\"@VosgesInfo88\" \/>\n<meta name=\"twitter:label1\" content=\"\u00c9crit par\" \/>\n\t<meta name=\"twitter:data1\" content=\"C D\" \/>\n\t<meta name=\"twitter:label2\" content=\"Dur\u00e9e de lecture estim\u00e9e\" \/>\n\t<meta name=\"twitter:data2\" content=\"1 minute\" \/>\n<script type=\"application\/ld+json\" class=\"yoast-schema-graph\">{\"@context\":\"https:\/\/schema.org\",\"@graph\":[{\"@type\":\"Article\",\"@id\":\"https:\/\/vosgesinfo.fr\/remiremontinfo\/2020\/12\/remiremont-port-masque-devient-obligatoire-rues-centre-ville\/#article\",\"isPartOf\":{\"@id\":\"https:\/\/vosgesinfo.fr\/remiremontinfo\/2020\/12\/remiremont-port-masque-devient-obligatoire-rues-centre-ville\/\"},\"author\":{\"name\":\"C D\",\"@id\":\"https:\/\/vosgesinfo.fr\/remiremontinfo\/#\/schema\/person\/3bfd164d5218a185b1db68655a265316\"},\"headline\":\"Remiremont : le port du masque devient obligatoire dans les rues du centre-ville\",\"datePublished\":\"2020-12-28T12:31:59+00:00\",\"dateModified\":\"2020-12-28T12:31:59+00:00\",\"mainEntityOfPage\":{\"@id\":\"https:\/\/vosgesinfo.fr\/remiremontinfo\/2020\/12\/remiremont-port-masque-devient-obligatoire-rues-centre-ville\/\"},\"wordCount\":227,\"commentCount\":0,\"publisher\":{\"@id\":\"https:\/\/vosgesinfo.fr\/remiremontinfo\/#organization\"},\"image\":{\"@id\":\"https:\/\/vosgesinfo.fr\/remiremontinfo\/2020\/12\/remiremont-port-masque-devient-obligatoire-rues-centre-ville\/#primaryimage\"},\"thumbnailUrl\":\"https:\/\/vosgesinfo.fr\/app\/uploads\/sites\/5\/2024\/09\/202012inkeddsc-1069-2-li.jpg\",\"articleSection\":[\"A la Une\",\"Remiremont\",\"Remiremont &amp; son canton\",\"Soci\u00e9t\u00e9\"],\"inLanguage\":\"fr-FR\",\"potentialAction\":[{\"@type\":\"CommentAction\",\"name\":\"Comment\",\"target\":[\"https:\/\/vosgesinfo.fr\/remiremontinfo\/2020\/12\/remiremont-port-masque-devient-obligatoire-rues-centre-ville\/#respond\"]}]},{\"@type\":\"WebPage\",\"@id\":\"https:\/\/vosgesinfo.fr\/remiremontinfo\/2020\/12\/remiremont-port-masque-devient-obligatoire-rues-centre-ville\/\",\"url\":\"https:\/\/vosgesinfo.fr\/remiremontinfo\/2020\/12\/remiremont-port-masque-devient-obligatoire-rues-centre-ville\/\",\"name\":\"Remiremont : le port du masque devient obligatoire dans les rues du centre-ville - Remiremont Info\",\"isPartOf\":{\"@id\":\"https:\/\/vosgesinfo.fr\/remiremontinfo\/#website\"},\"primaryImageOfPage\":{\"@id\":\"https:\/\/vosgesinfo.fr\/remiremontinfo\/2020\/12\/remiremont-port-masque-devient-obligatoire-rues-centre-ville\/#primaryimage\"},\"image\":{\"@id\":\"https:\/\/vosgesinfo.fr\/remiremontinfo\/2020\/12\/remiremont-port-masque-devient-obligatoire-rues-centre-ville\/#primaryimage\"},\"thumbnailUrl\":\"https:\/\/vosgesinfo.fr\/app\/uploads\/sites\/5\/2024\/09\/202012inkeddsc-1069-2-li.jpg\",\"datePublished\":\"2020-12-28T12:31:59+00:00\",\"dateModified\":\"2020-12-28T12:31:59+00:00\",\"breadcrumb\":{\"@id\":\"https:\/\/vosgesinfo.fr\/remiremontinfo\/2020\/12\/remiremont-port-masque-devient-obligatoire-rues-centre-ville\/#breadcrumb\"},\"inLanguage\":\"fr-FR\",\"potentialAction\":[{\"@type\":\"ReadAction\",\"target\":[\"https:\/\/vosgesinfo.fr\/remiremontinfo\/2020\/12\/remiremont-port-masque-devient-obligatoire-rues-centre-ville\/\"]}]},{\"@type\":\"ImageObject\",\"inLanguage\":\"fr-FR\",\"@id\":\"https:\/\/vosgesinfo.fr\/remiremontinfo\/2020\/12\/remiremont-port-masque-devient-obligatoire-rues-centre-ville\/#primaryimage\",\"url\":\"https:\/\/vosgesinfo.fr\/app\/uploads\/sites\/5\/2024\/09\/202012inkeddsc-1069-2-li.jpg\",\"contentUrl\":\"https:\/\/vosgesinfo.fr\/app\/uploads\/sites\/5\/2024\/09\/202012inkeddsc-1069-2-li.jpg\",\"width\":800,\"height\":539},{\"@type\":\"BreadcrumbList\",\"@id\":\"https:\/\/vosgesinfo.fr\/remiremontinfo\/2020\/12\/remiremont-port-masque-devient-obligatoire-rues-centre-ville\/#breadcrumb\",\"itemListElement\":[{\"@type\":\"ListItem\",\"position\":1,\"name\":\"Home\",\"item\":\"https:\/\/vosgesinfo.fr\/remiremontinfo\/\"},{\"@type\":\"ListItem\",\"position\":2,\"name\":\"Remiremont : le port du masque devient obligatoire dans les rues du centre-ville\"}]},{\"@type\":\"WebSite\",\"@id\":\"https:\/\/vosgesinfo.fr\/remiremontinfo\/#website\",\"url\":\"https:\/\/vosgesinfo.fr\/remiremontinfo\/\",\"name\":\"Remiremont Info\",\"description\":\"Toute l&#039;actualit\u00e9 de Remiremont\",\"publisher\":{\"@id\":\"https:\/\/vosgesinfo.fr\/remiremontinfo\/#organization\"},\"alternateName\":\"Toute l'actualit\u00e9 de Remiremont\",\"potentialAction\":[{\"@type\":\"SearchAction\",\"target\":{\"@type\":\"EntryPoint\",\"urlTemplate\":\"https:\/\/vosgesinfo.fr\/remiremontinfo\/?s={search_term_string}\"},\"query-input\":\"required name=search_term_string\"}],\"inLanguage\":\"fr-FR\"},{\"@type\":\"Organization\",\"@id\":\"https:\/\/vosgesinfo.fr\/remiremontinfo\/#organization\",\"name\":\"Remiremont Info\",\"url\":\"https:\/\/vosgesinfo.fr\/remiremontinfo\/\",\"logo\":{\"@type\":\"ImageObject\",\"inLanguage\":\"fr-FR\",\"@id\":\"https:\/\/vosgesinfo.fr\/remiremontinfo\/#\/schema\/logo\/image\/\",\"url\":\"https:\/\/vosgesinfo.fr\/app\/uploads\/sites\/5\/2023\/08\/favicon-remiremontinfo.png\",\"contentUrl\":\"https:\/\/vosgesinfo.fr\/app\/uploads\/sites\/5\/2023\/08\/favicon-remiremontinfo.png\",\"width\":512,\"height\":512,\"caption\":\"Remiremont Info\"},\"image\":{\"@id\":\"https:\/\/vosgesinfo.fr\/remiremontinfo\/#\/schema\/logo\/image\/\"},\"sameAs\":[\"https:\/\/www.facebook.com\/remiremontinfo\",\"https:\/\/x.com\/VosgesInfo88\",\"https:\/\/www.youtube.com\/@vosgesinfo\"]},{\"@type\":\"Person\",\"@id\":\"https:\/\/vosgesinfo.fr\/remiremontinfo\/#\/schema\/person\/3bfd164d5218a185b1db68655a265316\",\"name\":\"C D\",\"image\":{\"@type\":\"ImageObject\",\"inLanguage\":\"fr-FR\",\"@id\":\"https:\/\/vosgesinfo.fr\/remiremontinfo\/#\/schema\/person\/image\/\",\"url\":\"https:\/\/secure.gravatar.com\/avatar\/1f9a70007336511a47468b8f1c66f922b8b7cf617b02a31149ada43893a5d48f?s=96&d=mm&r=g\",\"contentUrl\":\"https:\/\/secure.gravatar.com\/avatar\/1f9a70007336511a47468b8f1c66f922b8b7cf617b02a31149ada43893a5d48f?s=96&d=mm&r=g\",\"caption\":\"C D\"},\"url\":\"https:\/\/vosgesinfo.fr\/remiremontinfo\/author\/cedric-drevet\/\"}]}<\/script>\n<!-- \/ Yoast SEO plugin. -->","yoast_head_json":{"title":"Remiremont : le port du masque devient obligatoire dans les rues du centre-ville - Remiremont Info","robots":{"index":"index","follow":"follow","max-snippet":"max-snippet:-1","max-image-preview":"max-image-preview:large","max-video-preview":"max-video-preview:-1"},"canonical":"https:\/\/vosgesinfo.fr\/remiremontinfo\/2020\/12\/remiremont-port-masque-devient-obligatoire-rues-centre-ville\/","twitter_card":"summary_large_image","twitter_title":"Remiremont : le port du masque devient obligatoire dans les rues du centre-ville - Remiremont Info","twitter_description":"Image commune de Remiremont La Pr\u00e9fecture a d\u00e9cid\u00e9 de rendre\u00a0obligatoire le port du masque dans les rues du centre-ville et [&hellip;]","twitter_image":"https:\/\/vosgesinfo.fr\/app\/uploads\/sites\/5\/2024\/09\/202012inkeddsc-1069-2-li.jpg","twitter_creator":"@VosgesInfo88","twitter_site":"@VosgesInfo88","twitter_misc":{"\u00c9crit par":"C D","Dur\u00e9e de lecture estim\u00e9e":"1 minute"},"schema":{"@context":"https:\/\/schema.org","@graph":[{"@type":"Article","@id":"https:\/\/vosgesinfo.fr\/remiremontinfo\/2020\/12\/remiremont-port-masque-devient-obligatoire-rues-centre-ville\/#article","isPartOf":{"@id":"https:\/\/vosgesinfo.fr\/remiremontinfo\/2020\/12\/remiremont-port-masque-devient-obligatoire-rues-centre-ville\/"},"author":{"name":"C D","@id":"https:\/\/vosgesinfo.fr\/remiremontinfo\/#\/schema\/person\/3bfd164d5218a185b1db68655a265316"},"headline":"Remiremont : le port du masque devient obligatoire dans les rues du centre-ville","datePublished":"2020-12-28T12:31:59+00:00","dateModified":"2020-12-28T12:31:59+00:00","mainEntityOfPage":{"@id":"https:\/\/vosgesinfo.fr\/remiremontinfo\/2020\/12\/remiremont-port-masque-devient-obligatoire-rues-centre-ville\/"},"wordCount":227,"commentCount":0,"publisher":{"@id":"https:\/\/vosgesinfo.fr\/remiremontinfo\/#organization"},"image":{"@id":"https:\/\/vosgesinfo.fr\/remiremontinfo\/2020\/12\/remiremont-port-masque-devient-obligatoire-rues-centre-ville\/#primaryimage"},"thumbnailUrl":"https:\/\/vosgesinfo.fr\/app\/uploads\/sites\/5\/2024\/09\/202012inkeddsc-1069-2-li.jpg","articleSection":["A la Une","Remiremont","Remiremont &amp; son canton","Soci\u00e9t\u00e9"],"inLanguage":"fr-FR","potentialAction":[{"@type":"CommentAction","name":"Comment","target":["https:\/\/vosgesinfo.fr\/remiremontinfo\/2020\/12\/remiremont-port-masque-devient-obligatoire-rues-centre-ville\/#respond"]}]},{"@type":"WebPage","@id":"https:\/\/vosgesinfo.fr\/remiremontinfo\/2020\/12\/remiremont-port-masque-devient-obligatoire-rues-centre-ville\/","url":"https:\/\/vosgesinfo.fr\/remiremontinfo\/2020\/12\/remiremont-port-masque-devient-obligatoire-rues-centre-ville\/","name":"Remiremont : le port du masque devient obligatoire dans les rues du centre-ville - Remiremont Info","isPartOf":{"@id":"https:\/\/vosgesinfo.fr\/remiremontinfo\/#website"},"primaryImageOfPage":{"@id":"https:\/\/vosgesinfo.fr\/remiremontinfo\/2020\/12\/remiremont-port-masque-devient-obligatoire-rues-centre-ville\/#primaryimage"},"image":{"@id":"https:\/\/vosgesinfo.fr\/remiremontinfo\/2020\/12\/remiremont-port-masque-devient-obligatoire-rues-centre-ville\/#primaryimage"},"thumbnailUrl":"https:\/\/vosgesinfo.fr\/app\/uploads\/sites\/5\/2024\/09\/202012inkeddsc-1069-2-li.jpg","datePublished":"2020-12-28T12:31:59+00:00","dateModified":"2020-12-28T12:31:59+00:00","breadcrumb":{"@id":"https:\/\/vosgesinfo.fr\/remiremontinfo\/2020\/12\/remiremont-port-masque-devient-obligatoire-rues-centre-ville\/#breadcrumb"},"inLanguage":"fr-FR","potentialAction":[{"@type":"ReadAction","target":["https:\/\/vosgesinfo.fr\/remiremontinfo\/2020\/12\/remiremont-port-masque-devient-obligatoire-rues-centre-ville\/"]}]},{"@type":"ImageObject","inLanguage":"fr-FR","@id":"https:\/\/vosgesinfo.fr\/remiremontinfo\/2020\/12\/remiremont-port-masque-devient-obligatoire-rues-centre-ville\/#primaryimage","url":"https:\/\/vosgesinfo.fr\/app\/uploads\/sites\/5\/2024\/09\/202012inkeddsc-1069-2-li.jpg","contentUrl":"https:\/\/vosgesinfo.fr\/app\/uploads\/sites\/5\/2024\/09\/202012inkeddsc-1069-2-li.jpg","width":800,"height":539},{"@type":"BreadcrumbList","@id":"https:\/\/vosgesinfo.fr\/remiremontinfo\/2020\/12\/remiremont-port-masque-devient-obligatoire-rues-centre-ville\/#breadcrumb","itemListElement":[{"@type":"ListItem","position":1,"name":"Home","item":"https:\/\/vosgesinfo.fr\/remiremontinfo\/"},{"@type":"ListItem","position":2,"name":"Remiremont : le port du masque devient obligatoire dans les rues du centre-ville"}]},{"@type":"WebSite","@id":"https:\/\/vosgesinfo.fr\/remiremontinfo\/#website","url":"https:\/\/vosgesinfo.fr\/remiremontinfo\/","name":"Remiremont Info","description":"Toute l&#039;actualit\u00e9 de Remiremont","publisher":{"@id":"https:\/\/vosgesinfo.fr\/remiremontinfo\/#organization"},"alternateName":"Toute l'actualit\u00e9 de Remiremont","potentialAction":[{"@type":"SearchAction","target":{"@type":"EntryPoint","urlTemplate":"https:\/\/vosgesinfo.fr\/remiremontinfo\/?s={search_term_string}"},"query-input":"required name=search_term_string"}],"inLanguage":"fr-FR"},{"@type":"Organization","@id":"https:\/\/vosgesinfo.fr\/remiremontinfo\/#organization","name":"Remiremont Info","url":"https:\/\/vosgesinfo.fr\/remiremontinfo\/","logo":{"@type":"ImageObject","inLanguage":"fr-FR","@id":"https:\/\/vosgesinfo.fr\/remiremontinfo\/#\/schema\/logo\/image\/","url":"https:\/\/vosgesinfo.fr\/app\/uploads\/sites\/5\/2023\/08\/favicon-remiremontinfo.png","contentUrl":"https:\/\/vosgesinfo.fr\/app\/uploads\/sites\/5\/2023\/08\/favicon-remiremontinfo.png","width":512,"height":512,"caption":"Remiremont Info"},"image":{"@id":"https:\/\/vosgesinfo.fr\/remiremontinfo\/#\/schema\/logo\/image\/"},"sameAs":["https:\/\/www.facebook.com\/remiremontinfo","https:\/\/x.com\/VosgesInfo88","https:\/\/www.youtube.com\/@vosgesinfo"]},{"@type":"Person","@id":"https:\/\/vosgesinfo.fr\/remiremontinfo\/#\/schema\/person\/3bfd164d5218a185b1db68655a265316","name":"C D","image":{"@type":"ImageObject","inLanguage":"fr-FR","@id":"https:\/\/vosgesinfo.fr\/remiremontinfo\/#\/schema\/person\/image\/","url":"https:\/\/secure.gravatar.com\/avatar\/1f9a70007336511a47468b8f1c66f922b8b7cf617b02a31149ada43893a5d48f?s=96&d=mm&r=g","contentUrl":"https:\/\/secure.gravatar.com\/avatar\/1f9a70007336511a47468b8f1c66f922b8b7cf617b02a31149ada43893a5d48f?s=96&d=mm&r=g","caption":"C D"},"url":"https:\/\/vosgesinfo.fr\/remiremontinfo\/author\/cedric-drevet\/"}]}},"_links":{"self":[{"href":"https:\/\/vosgesinfo.fr\/remiremontinfo\/wp-json\/wp\/v2\/posts\/35469","targetHints":{"allow":["GET"]}}],"collection":[{"href":"https:\/\/vosgesinfo.fr\/remiremontinfo\/wp-json\/wp\/v2\/posts"}],"about":[{"href":"https:\/\/vosgesinfo.fr\/remiremontinfo\/wp-json\/wp\/v2\/types\/post"}],"author":[{"embeddable":true,"href":"https:\/\/vosgesinfo.fr\/remiremontinfo\/wp-json\/wp\/v2\/users\/407"}],"replies":[{"embeddable":true,"href":"https:\/\/vosgesinfo.fr\/remiremontinfo\/wp-json\/wp\/v2\/comments?post=35469"}],"version-history":[{"count":0,"href":"https:\/\/vosgesinfo.fr\/remiremontinfo\/wp-json\/wp\/v2\/posts\/35469\/revisions"}],"wp:featuredmedia":[{"embeddable":true,"href":"https:\/\/vosgesinfo.fr\/remiremontinfo\/wp-json\/wp\/v2\/media\/35470"}],"wp:attachment":[{"href":"https:\/\/vosgesinfo.fr\/remiremontinfo\/wp-json\/wp\/v2\/media?parent=35469"}],"wp:term":[{"taxonomy":"category","embeddable":true,"href":"https:\/\/vosgesinfo.fr\/remiremontinfo\/wp-json\/wp\/v2\/categories?post=35469"},{"taxonomy":"post_tag","embeddable":true,"href":"https:\/\/vosgesinfo.fr\/remiremontinfo\/wp-json\/wp\/v2\/tags?post=35469"}],"curies":[{"name":"wp","href":"https:\/\/api.w.org\/{rel}","templated":true}]}}