{"id":35482,"date":"2020-12-29T08:41:12","date_gmt":"2020-12-29T07:41:12","guid":{"rendered":"https:\/\/vosgesinfo.fr\/remiremontinfo\/2020\/12\/cinq-groupes-de-randonneurs-perdus-montagne-a-tombee-de-nuit\/"},"modified":"2020-12-29T08:41:12","modified_gmt":"2020-12-29T07:41:12","slug":"cinq-groupes-de-randonneurs-perdus-montagne-a-tombee-de-nuit","status":"publish","type":"post","link":"https:\/\/vosgesinfo.fr\/remiremontinfo\/2020\/12\/cinq-groupes-de-randonneurs-perdus-montagne-a-tombee-de-nuit\/","title":{"rendered":"Cinq groupes de randonneurs perdus en montagne \u00e0 la tomb\u00e9e de la nuit"},"content":{"rendered":"\n<p><span style=\"font-size: 10pt;\"><em><span style=\"color: #222222;\"><span style=\"font-family: 'Times New Roman', serif;\">Photos de <\/span><\/span><span style=\"color: #222222;\"><span style=\"font-family: 'Times New Roman', serif;\">@peloton.de.gendarmerie.de.montagne.du.haut.rhin<\/span><\/span><\/em><\/span><\/p>\n<h2><span style=\"font-size: 12pt;\"><strong>Ce dimanche 27 d\u00e9cembre, le Peloton de Gendarmerie de Montagne du Haut-Rhin a d\u00fb faire face \u00e0 5 alertes \u00e0 la tomb\u00e9e de la nuit. 5 interventions dans les hauteurs du massif vosgien.<\/strong><\/span><\/h2>\n<p><em>\u00ab\u00a0Malgr\u00e9 les appels \u00e0 la vigilance plusieurs groupes de randonneurs se sont perdus dans le mauvais temps\u00a0\u00bb<\/em>, explique l\u2019\u00e9quipe du Peloton de Gendarmerie de Montagne du Haut-Rhin, sp\u00e9cialis\u00e9 dans le secours en montagne sur le versant alsacien du massif vosgien. <em>\u00ab\u00a0Partis trop tardivement et mal \u00e9quip\u00e9s pour certains, les mauvaises conditions climatiques [pourtant annonc\u00e9es] ont mis \u00e0 rude \u00e9preuve gendarmes et pompiers\u200d\u00a0\u00bb<\/em>. Le PGM de Hohrod met en garde d\u2019\u00e9ventuels promeneurs. <em>\u00ab\u00a0La neige va continuer de tomber toute la semaine prochaine avec des cumuls importants \u00bb<\/em>. Un appel \u00e0 la prudence, donc. <em>\u00ab\u00a0M\u00eame si les secours sont assur\u00e9s, vous prenez en charge votre propre s\u00e9curit\u00e9. En cas de doute sur vos capacit\u00e9s, notamment si vous d\u00e9butez, n&rsquo;h\u00e9sitez pas \u00e0 vous orienter vers les professionnels des activit\u00e9s de montagne\u00a0\u00bb<\/em>.<\/p>\n<h2><\/h2>\n","protected":false},"excerpt":{"rendered":"<p>Photos de @peloton.de.gendarmerie.de.montagne.du.haut.rhin Ce dimanche 27 d\u00e9cembre, le Peloton de Gendarmerie de Montagne du Haut-Rhin a d\u00fb faire face \u00e0 [&hellip;]<\/p>\n","protected":false},"author":407,"featured_media":35483,"comment_status":"open","ping_status":"open","sticky":false,"template":"","format":"standard","meta":{"footnotes":""},"categories":[26,8,192],"tags":[],"class_list":["post-35482","post","type-post","status-publish","format-standard","has-post-thumbnail","hentry","category-a-la-une","category-faits-divers","category-massif-vosgien"],"acf":[],"yoast_head":"<!-- This site is optimized with the Yoast SEO plugin v22.5 - https:\/\/yoast.com\/wordpress\/plugins\/seo\/ -->\n<title>Cinq groupes de randonneurs perdus en montagne \u00e0 la tomb\u00e9e de la nuit - Remiremont Info<\/title>\n<meta name=\"robots\" content=\"index, follow, max-snippet:-1, max-image-preview:large, max-video-preview:-1\" \/>\n<link rel=\"canonical\" href=\"https:\/\/vosgesinfo.fr\/remiremontinfo\/2020\/12\/cinq-groupes-de-randonneurs-perdus-montagne-a-tombee-de-nuit\/\" \/>\n<meta name=\"twitter:card\" content=\"summary_large_image\" \/>\n<meta name=\"twitter:title\" content=\"Cinq groupes de randonneurs perdus en montagne \u00e0 la tomb\u00e9e de la nuit - Remiremont Info\" \/>\n<meta name=\"twitter:description\" content=\"Photos de @peloton.de.gendarmerie.de.montagne.du.haut.rhin Ce dimanche 27 d\u00e9cembre, le Peloton de Gendarmerie de Montagne du Haut-Rhin a d\u00fb faire face \u00e0 [&hellip;]\" \/>\n<meta name=\"twitter:image\" content=\"https:\/\/vosgesinfo.fr\/app\/uploads\/sites\/5\/2024\/09\/202012133823385-690509151647450-3995205969186031595-o1.jpg\" \/>\n<meta name=\"twitter:creator\" content=\"@VosgesInfo88\" \/>\n<meta name=\"twitter:site\" content=\"@VosgesInfo88\" \/>\n<meta name=\"twitter:label1\" content=\"\u00c9crit par\" \/>\n\t<meta name=\"twitter:data1\" content=\"C D\" \/>\n\t<meta name=\"twitter:label2\" content=\"Dur\u00e9e de lecture estim\u00e9e\" \/>\n\t<meta name=\"twitter:data2\" content=\"1 minute\" \/>\n<script type=\"application\/ld+json\" class=\"yoast-schema-graph\">{\"@context\":\"https:\/\/schema.org\",\"@graph\":[{\"@type\":\"Article\",\"@id\":\"https:\/\/vosgesinfo.fr\/remiremontinfo\/2020\/12\/cinq-groupes-de-randonneurs-perdus-montagne-a-tombee-de-nuit\/#article\",\"isPartOf\":{\"@id\":\"https:\/\/vosgesinfo.fr\/remiremontinfo\/2020\/12\/cinq-groupes-de-randonneurs-perdus-montagne-a-tombee-de-nuit\/\"},\"author\":{\"name\":\"C D\",\"@id\":\"https:\/\/vosgesinfo.fr\/remiremontinfo\/#\/schema\/person\/3bfd164d5218a185b1db68655a265316\"},\"headline\":\"Cinq groupes de randonneurs perdus en montagne \u00e0 la tomb\u00e9e de la nuit\",\"datePublished\":\"2020-12-29T07:41:12+00:00\",\"dateModified\":\"2020-12-29T07:41:12+00:00\",\"mainEntityOfPage\":{\"@id\":\"https:\/\/vosgesinfo.fr\/remiremontinfo\/2020\/12\/cinq-groupes-de-randonneurs-perdus-montagne-a-tombee-de-nuit\/\"},\"wordCount\":197,\"commentCount\":0,\"publisher\":{\"@id\":\"https:\/\/vosgesinfo.fr\/remiremontinfo\/#organization\"},\"image\":{\"@id\":\"https:\/\/vosgesinfo.fr\/remiremontinfo\/2020\/12\/cinq-groupes-de-randonneurs-perdus-montagne-a-tombee-de-nuit\/#primaryimage\"},\"thumbnailUrl\":\"https:\/\/vosgesinfo.fr\/app\/uploads\/sites\/5\/2024\/09\/202012133823385-690509151647450-3995205969186031595-o1.jpg\",\"articleSection\":[\"A la Une\",\"Faits-divers\",\"Massif vosgien\"],\"inLanguage\":\"fr-FR\",\"potentialAction\":[{\"@type\":\"CommentAction\",\"name\":\"Comment\",\"target\":[\"https:\/\/vosgesinfo.fr\/remiremontinfo\/2020\/12\/cinq-groupes-de-randonneurs-perdus-montagne-a-tombee-de-nuit\/#respond\"]}]},{\"@type\":\"WebPage\",\"@id\":\"https:\/\/vosgesinfo.fr\/remiremontinfo\/2020\/12\/cinq-groupes-de-randonneurs-perdus-montagne-a-tombee-de-nuit\/\",\"url\":\"https:\/\/vosgesinfo.fr\/remiremontinfo\/2020\/12\/cinq-groupes-de-randonneurs-perdus-montagne-a-tombee-de-nuit\/\",\"name\":\"Cinq groupes de randonneurs perdus en montagne \u00e0 la tomb\u00e9e de la nuit - Remiremont Info\",\"isPartOf\":{\"@id\":\"https:\/\/vosgesinfo.fr\/remiremontinfo\/#website\"},\"primaryImageOfPage\":{\"@id\":\"https:\/\/vosgesinfo.fr\/remiremontinfo\/2020\/12\/cinq-groupes-de-randonneurs-perdus-montagne-a-tombee-de-nuit\/#primaryimage\"},\"image\":{\"@id\":\"https:\/\/vosgesinfo.fr\/remiremontinfo\/2020\/12\/cinq-groupes-de-randonneurs-perdus-montagne-a-tombee-de-nuit\/#primaryimage\"},\"thumbnailUrl\":\"https:\/\/vosgesinfo.fr\/app\/uploads\/sites\/5\/2024\/09\/202012133823385-690509151647450-3995205969186031595-o1.jpg\",\"datePublished\":\"2020-12-29T07:41:12+00:00\",\"dateModified\":\"2020-12-29T07:41:12+00:00\",\"breadcrumb\":{\"@id\":\"https:\/\/vosgesinfo.fr\/remiremontinfo\/2020\/12\/cinq-groupes-de-randonneurs-perdus-montagne-a-tombee-de-nuit\/#breadcrumb\"},\"inLanguage\":\"fr-FR\",\"potentialAction\":[{\"@type\":\"ReadAction\",\"target\":[\"https:\/\/vosgesinfo.fr\/remiremontinfo\/2020\/12\/cinq-groupes-de-randonneurs-perdus-montagne-a-tombee-de-nuit\/\"]}]},{\"@type\":\"ImageObject\",\"inLanguage\":\"fr-FR\",\"@id\":\"https:\/\/vosgesinfo.fr\/remiremontinfo\/2020\/12\/cinq-groupes-de-randonneurs-perdus-montagne-a-tombee-de-nuit\/#primaryimage\",\"url\":\"https:\/\/vosgesinfo.fr\/app\/uploads\/sites\/5\/2024\/09\/202012133823385-690509151647450-3995205969186031595-o1.jpg\",\"contentUrl\":\"https:\/\/vosgesinfo.fr\/app\/uploads\/sites\/5\/2024\/09\/202012133823385-690509151647450-3995205969186031595-o1.jpg\",\"width\":800,\"height\":596},{\"@type\":\"BreadcrumbList\",\"@id\":\"https:\/\/vosgesinfo.fr\/remiremontinfo\/2020\/12\/cinq-groupes-de-randonneurs-perdus-montagne-a-tombee-de-nuit\/#breadcrumb\",\"itemListElement\":[{\"@type\":\"ListItem\",\"position\":1,\"name\":\"Home\",\"item\":\"https:\/\/vosgesinfo.fr\/remiremontinfo\/\"},{\"@type\":\"ListItem\",\"position\":2,\"name\":\"Cinq groupes de randonneurs perdus en montagne \u00e0 la tomb\u00e9e de la nuit\"}]},{\"@type\":\"WebSite\",\"@id\":\"https:\/\/vosgesinfo.fr\/remiremontinfo\/#website\",\"url\":\"https:\/\/vosgesinfo.fr\/remiremontinfo\/\",\"name\":\"Remiremont Info\",\"description\":\"Toute l&#039;actualit\u00e9 de Remiremont\",\"publisher\":{\"@id\":\"https:\/\/vosgesinfo.fr\/remiremontinfo\/#organization\"},\"alternateName\":\"Toute l'actualit\u00e9 de Remiremont\",\"potentialAction\":[{\"@type\":\"SearchAction\",\"target\":{\"@type\":\"EntryPoint\",\"urlTemplate\":\"https:\/\/vosgesinfo.fr\/remiremontinfo\/?s={search_term_string}\"},\"query-input\":\"required name=search_term_string\"}],\"inLanguage\":\"fr-FR\"},{\"@type\":\"Organization\",\"@id\":\"https:\/\/vosgesinfo.fr\/remiremontinfo\/#organization\",\"name\":\"Remiremont Info\",\"url\":\"https:\/\/vosgesinfo.fr\/remiremontinfo\/\",\"logo\":{\"@type\":\"ImageObject\",\"inLanguage\":\"fr-FR\",\"@id\":\"https:\/\/vosgesinfo.fr\/remiremontinfo\/#\/schema\/logo\/image\/\",\"url\":\"https:\/\/vosgesinfo.fr\/app\/uploads\/sites\/5\/2023\/08\/favicon-remiremontinfo.png\",\"contentUrl\":\"https:\/\/vosgesinfo.fr\/app\/uploads\/sites\/5\/2023\/08\/favicon-remiremontinfo.png\",\"width\":512,\"height\":512,\"caption\":\"Remiremont Info\"},\"image\":{\"@id\":\"https:\/\/vosgesinfo.fr\/remiremontinfo\/#\/schema\/logo\/image\/\"},\"sameAs\":[\"https:\/\/www.facebook.com\/remiremontinfo\",\"https:\/\/x.com\/VosgesInfo88\",\"https:\/\/www.youtube.com\/@vosgesinfo\"]},{\"@type\":\"Person\",\"@id\":\"https:\/\/vosgesinfo.fr\/remiremontinfo\/#\/schema\/person\/3bfd164d5218a185b1db68655a265316\",\"name\":\"C D\",\"image\":{\"@type\":\"ImageObject\",\"inLanguage\":\"fr-FR\",\"@id\":\"https:\/\/vosgesinfo.fr\/remiremontinfo\/#\/schema\/person\/image\/\",\"url\":\"https:\/\/secure.gravatar.com\/avatar\/1f9a70007336511a47468b8f1c66f922b8b7cf617b02a31149ada43893a5d48f?s=96&d=mm&r=g\",\"contentUrl\":\"https:\/\/secure.gravatar.com\/avatar\/1f9a70007336511a47468b8f1c66f922b8b7cf617b02a31149ada43893a5d48f?s=96&d=mm&r=g\",\"caption\":\"C D\"},\"url\":\"https:\/\/vosgesinfo.fr\/remiremontinfo\/author\/cedric-drevet\/\"}]}<\/script>\n<!-- \/ Yoast SEO plugin. -->","yoast_head_json":{"title":"Cinq groupes de randonneurs perdus en montagne \u00e0 la tomb\u00e9e de la nuit - Remiremont Info","robots":{"index":"index","follow":"follow","max-snippet":"max-snippet:-1","max-image-preview":"max-image-preview:large","max-video-preview":"max-video-preview:-1"},"canonical":"https:\/\/vosgesinfo.fr\/remiremontinfo\/2020\/12\/cinq-groupes-de-randonneurs-perdus-montagne-a-tombee-de-nuit\/","twitter_card":"summary_large_image","twitter_title":"Cinq groupes de randonneurs perdus en montagne \u00e0 la tomb\u00e9e de la nuit - Remiremont Info","twitter_description":"Photos de @peloton.de.gendarmerie.de.montagne.du.haut.rhin Ce dimanche 27 d\u00e9cembre, le Peloton de Gendarmerie de Montagne du Haut-Rhin a d\u00fb faire face \u00e0 [&hellip;]","twitter_image":"https:\/\/vosgesinfo.fr\/app\/uploads\/sites\/5\/2024\/09\/202012133823385-690509151647450-3995205969186031595-o1.jpg","twitter_creator":"@VosgesInfo88","twitter_site":"@VosgesInfo88","twitter_misc":{"\u00c9crit par":"C D","Dur\u00e9e de lecture estim\u00e9e":"1 minute"},"schema":{"@context":"https:\/\/schema.org","@graph":[{"@type":"Article","@id":"https:\/\/vosgesinfo.fr\/remiremontinfo\/2020\/12\/cinq-groupes-de-randonneurs-perdus-montagne-a-tombee-de-nuit\/#article","isPartOf":{"@id":"https:\/\/vosgesinfo.fr\/remiremontinfo\/2020\/12\/cinq-groupes-de-randonneurs-perdus-montagne-a-tombee-de-nuit\/"},"author":{"name":"C D","@id":"https:\/\/vosgesinfo.fr\/remiremontinfo\/#\/schema\/person\/3bfd164d5218a185b1db68655a265316"},"headline":"Cinq groupes de randonneurs perdus en montagne \u00e0 la tomb\u00e9e de la nuit","datePublished":"2020-12-29T07:41:12+00:00","dateModified":"2020-12-29T07:41:12+00:00","mainEntityOfPage":{"@id":"https:\/\/vosgesinfo.fr\/remiremontinfo\/2020\/12\/cinq-groupes-de-randonneurs-perdus-montagne-a-tombee-de-nuit\/"},"wordCount":197,"commentCount":0,"publisher":{"@id":"https:\/\/vosgesinfo.fr\/remiremontinfo\/#organization"},"image":{"@id":"https:\/\/vosgesinfo.fr\/remiremontinfo\/2020\/12\/cinq-groupes-de-randonneurs-perdus-montagne-a-tombee-de-nuit\/#primaryimage"},"thumbnailUrl":"https:\/\/vosgesinfo.fr\/app\/uploads\/sites\/5\/2024\/09\/202012133823385-690509151647450-3995205969186031595-o1.jpg","articleSection":["A la Une","Faits-divers","Massif vosgien"],"inLanguage":"fr-FR","potentialAction":[{"@type":"CommentAction","name":"Comment","target":["https:\/\/vosgesinfo.fr\/remiremontinfo\/2020\/12\/cinq-groupes-de-randonneurs-perdus-montagne-a-tombee-de-nuit\/#respond"]}]},{"@type":"WebPage","@id":"https:\/\/vosgesinfo.fr\/remiremontinfo\/2020\/12\/cinq-groupes-de-randonneurs-perdus-montagne-a-tombee-de-nuit\/","url":"https:\/\/vosgesinfo.fr\/remiremontinfo\/2020\/12\/cinq-groupes-de-randonneurs-perdus-montagne-a-tombee-de-nuit\/","name":"Cinq groupes de randonneurs perdus en montagne \u00e0 la tomb\u00e9e de la nuit - Remiremont Info","isPartOf":{"@id":"https:\/\/vosgesinfo.fr\/remiremontinfo\/#website"},"primaryImageOfPage":{"@id":"https:\/\/vosgesinfo.fr\/remiremontinfo\/2020\/12\/cinq-groupes-de-randonneurs-perdus-montagne-a-tombee-de-nuit\/#primaryimage"},"image":{"@id":"https:\/\/vosgesinfo.fr\/remiremontinfo\/2020\/12\/cinq-groupes-de-randonneurs-perdus-montagne-a-tombee-de-nuit\/#primaryimage"},"thumbnailUrl":"https:\/\/vosgesinfo.fr\/app\/uploads\/sites\/5\/2024\/09\/202012133823385-690509151647450-3995205969186031595-o1.jpg","datePublished":"2020-12-29T07:41:12+00:00","dateModified":"2020-12-29T07:41:12+00:00","breadcrumb":{"@id":"https:\/\/vosgesinfo.fr\/remiremontinfo\/2020\/12\/cinq-groupes-de-randonneurs-perdus-montagne-a-tombee-de-nuit\/#breadcrumb"},"inLanguage":"fr-FR","potentialAction":[{"@type":"ReadAction","target":["https:\/\/vosgesinfo.fr\/remiremontinfo\/2020\/12\/cinq-groupes-de-randonneurs-perdus-montagne-a-tombee-de-nuit\/"]}]},{"@type":"ImageObject","inLanguage":"fr-FR","@id":"https:\/\/vosgesinfo.fr\/remiremontinfo\/2020\/12\/cinq-groupes-de-randonneurs-perdus-montagne-a-tombee-de-nuit\/#primaryimage","url":"https:\/\/vosgesinfo.fr\/app\/uploads\/sites\/5\/2024\/09\/202012133823385-690509151647450-3995205969186031595-o1.jpg","contentUrl":"https:\/\/vosgesinfo.fr\/app\/uploads\/sites\/5\/2024\/09\/202012133823385-690509151647450-3995205969186031595-o1.jpg","width":800,"height":596},{"@type":"BreadcrumbList","@id":"https:\/\/vosgesinfo.fr\/remiremontinfo\/2020\/12\/cinq-groupes-de-randonneurs-perdus-montagne-a-tombee-de-nuit\/#breadcrumb","itemListElement":[{"@type":"ListItem","position":1,"name":"Home","item":"https:\/\/vosgesinfo.fr\/remiremontinfo\/"},{"@type":"ListItem","position":2,"name":"Cinq groupes de randonneurs perdus en montagne \u00e0 la tomb\u00e9e de la nuit"}]},{"@type":"WebSite","@id":"https:\/\/vosgesinfo.fr\/remiremontinfo\/#website","url":"https:\/\/vosgesinfo.fr\/remiremontinfo\/","name":"Remiremont Info","description":"Toute l&#039;actualit\u00e9 de Remiremont","publisher":{"@id":"https:\/\/vosgesinfo.fr\/remiremontinfo\/#organization"},"alternateName":"Toute l'actualit\u00e9 de Remiremont","potentialAction":[{"@type":"SearchAction","target":{"@type":"EntryPoint","urlTemplate":"https:\/\/vosgesinfo.fr\/remiremontinfo\/?s={search_term_string}"},"query-input":"required name=search_term_string"}],"inLanguage":"fr-FR"},{"@type":"Organization","@id":"https:\/\/vosgesinfo.fr\/remiremontinfo\/#organization","name":"Remiremont Info","url":"https:\/\/vosgesinfo.fr\/remiremontinfo\/","logo":{"@type":"ImageObject","inLanguage":"fr-FR","@id":"https:\/\/vosgesinfo.fr\/remiremontinfo\/#\/schema\/logo\/image\/","url":"https:\/\/vosgesinfo.fr\/app\/uploads\/sites\/5\/2023\/08\/favicon-remiremontinfo.png","contentUrl":"https:\/\/vosgesinfo.fr\/app\/uploads\/sites\/5\/2023\/08\/favicon-remiremontinfo.png","width":512,"height":512,"caption":"Remiremont Info"},"image":{"@id":"https:\/\/vosgesinfo.fr\/remiremontinfo\/#\/schema\/logo\/image\/"},"sameAs":["https:\/\/www.facebook.com\/remiremontinfo","https:\/\/x.com\/VosgesInfo88","https:\/\/www.youtube.com\/@vosgesinfo"]},{"@type":"Person","@id":"https:\/\/vosgesinfo.fr\/remiremontinfo\/#\/schema\/person\/3bfd164d5218a185b1db68655a265316","name":"C D","image":{"@type":"ImageObject","inLanguage":"fr-FR","@id":"https:\/\/vosgesinfo.fr\/remiremontinfo\/#\/schema\/person\/image\/","url":"https:\/\/secure.gravatar.com\/avatar\/1f9a70007336511a47468b8f1c66f922b8b7cf617b02a31149ada43893a5d48f?s=96&d=mm&r=g","contentUrl":"https:\/\/secure.gravatar.com\/avatar\/1f9a70007336511a47468b8f1c66f922b8b7cf617b02a31149ada43893a5d48f?s=96&d=mm&r=g","caption":"C D"},"url":"https:\/\/vosgesinfo.fr\/remiremontinfo\/author\/cedric-drevet\/"}]}},"_links":{"self":[{"href":"https:\/\/vosgesinfo.fr\/remiremontinfo\/wp-json\/wp\/v2\/posts\/35482","targetHints":{"allow":["GET"]}}],"collection":[{"href":"https:\/\/vosgesinfo.fr\/remiremontinfo\/wp-json\/wp\/v2\/posts"}],"about":[{"href":"https:\/\/vosgesinfo.fr\/remiremontinfo\/wp-json\/wp\/v2\/types\/post"}],"author":[{"embeddable":true,"href":"https:\/\/vosgesinfo.fr\/remiremontinfo\/wp-json\/wp\/v2\/users\/407"}],"replies":[{"embeddable":true,"href":"https:\/\/vosgesinfo.fr\/remiremontinfo\/wp-json\/wp\/v2\/comments?post=35482"}],"version-history":[{"count":0,"href":"https:\/\/vosgesinfo.fr\/remiremontinfo\/wp-json\/wp\/v2\/posts\/35482\/revisions"}],"wp:featuredmedia":[{"embeddable":true,"href":"https:\/\/vosgesinfo.fr\/remiremontinfo\/wp-json\/wp\/v2\/media\/35483"}],"wp:attachment":[{"href":"https:\/\/vosgesinfo.fr\/remiremontinfo\/wp-json\/wp\/v2\/media?parent=35482"}],"wp:term":[{"taxonomy":"category","embeddable":true,"href":"https:\/\/vosgesinfo.fr\/remiremontinfo\/wp-json\/wp\/v2\/categories?post=35482"},{"taxonomy":"post_tag","embeddable":true,"href":"https:\/\/vosgesinfo.fr\/remiremontinfo\/wp-json\/wp\/v2\/tags?post=35482"}],"curies":[{"name":"wp","href":"https:\/\/api.w.org\/{rel}","templated":true}]}}