{"id":35492,"date":"2020-12-29T08:20:57","date_gmt":"2020-12-29T07:20:57","guid":{"rendered":"https:\/\/vosgesinfo.fr\/remiremontinfo\/2020\/12\/bresse-depistage-de-covid-19-jusqua-midi\/"},"modified":"2020-12-29T08:20:57","modified_gmt":"2020-12-29T07:20:57","slug":"bresse-depistage-de-covid-19-jusqua-midi","status":"publish","type":"post","link":"https:\/\/vosgesinfo.fr\/remiremontinfo\/2020\/12\/bresse-depistage-de-covid-19-jusqua-midi\/","title":{"rendered":"La Bresse\u00a0: d\u00e9pistage de la Covid-19 jusqu\u2019\u00e0 midi"},"content":{"rendered":"<p style=\"text-align: center;\"><a href=\"\/2020\/12\/133736546_2547160405583056_1156514831751998639_n.jpg\"><img decoding=\"async\" class=\"alignnone size-full wp-image-305432\" src=\"\/2020\/12\/133736546_2547160405583056_1156514831751998639_n.jpg\" alt=\"133736546_2547160405583056_1156514831751998639_n\" width=\"770\" height=\"549\" \/><\/a><\/p>\n<p><span style=\"font-size: 10pt;\"><em><span style=\"color: #222222;\"><span style=\"font-family: 'Times New Roman', serif;\">Photo @labresse.fr<\/span><\/span><\/em><\/span><\/p>\n<h2><span style=\"font-size: 12pt;\"><strong><span style=\"color: #222222;\"><span style=\"font-family: 'Times New Roman', serif;\">Ce mardi<\/span><\/span><span style=\"color: #222222;\"><span style=\"font-family: 'Times New Roman', serif;\"> matin, \u00e0 la Halle des Congr\u00e8s, le laboratoire Biolam <\/span><\/span><span style=\"color: #222222;\"><span style=\"font-family: 'Times New Roman', serif;\">pratique des tests de d\u00e9pistage de la Covid-19. Le rendez-vous est donn\u00e9 d<\/span><\/span><span style=\"color: #222222;\"><span style=\"font-family: 'Times New Roman', serif;\">e 9h \u00e0 12h. <\/span><\/span><span style=\"color: #222222;\"><span style=\"font-family: 'Times New Roman', serif;\">Il s\u2019agit de t<\/span><\/span><span style=\"color: #222222;\"><span style=\"font-family: 'Times New Roman', serif;\">ests RT-PCR. <\/span><\/span><\/strong><\/span><\/h2>\n<p><span style=\"color: #222222;\"><span style=\"font-family: 'Times New Roman', serif;\"><span style=\"font-size: large;\">Le test est g<\/span><\/span><\/span><span style=\"color: #222222;\"><span style=\"font-family: 'Times New Roman', serif;\"><span style=\"font-size: large;\">ratuit.<\/span><\/span><\/span> <em><span style=\"color: #222222;\"><span style=\"font-family: 'Times New Roman', serif;\"><span style=\"font-size: large;\">\u00ab<\/span><\/span><\/span><span style=\"color: #222222;\"><span style=\"font-family: 'Times New Roman', serif;\"><span style=\"font-size: large;\"> N<\/span><\/span><\/span><\/em><span style=\"color: #222222;\"><span style=\"font-family: 'Times New Roman', serif;\"><span style=\"font-size: large;\"><em>&lsquo;oubliez pas votre carte vitale, votre masque et votre propre stylo\u00a0\u00bb<\/em>, <\/span><\/span><\/span><span style=\"color: #222222;\"><span style=\"font-family: 'Times New Roman', serif;\"><span style=\"font-size: large;\">rappelle la municipalit\u00e9.<\/span><\/span><\/span><\/p>\n","protected":false},"excerpt":{"rendered":"<p>Photo @labresse.fr Ce mardi matin, \u00e0 la Halle des Congr\u00e8s, le laboratoire Biolam pratique des tests de d\u00e9pistage de la [&hellip;]<\/p>\n","protected":false},"author":407,"featured_media":35493,"comment_status":"open","ping_status":"open","sticky":false,"template":"","format":"standard","meta":{"footnotes":""},"categories":[26,104,25,12],"tags":[],"class_list":["post-35492","post","type-post","status-publish","format-standard","has-post-thumbnail","hentry","category-a-la-une","category-la-bresse-la-bresse-son-canton","category-la-bresse-son-canton","category-sante"],"acf":[],"yoast_head":"<!-- This site is optimized with the Yoast SEO plugin v22.5 - https:\/\/yoast.com\/wordpress\/plugins\/seo\/ -->\n<title>La Bresse\u00a0: d\u00e9pistage de la Covid-19 jusqu\u2019\u00e0 midi - Remiremont Info<\/title>\n<meta name=\"robots\" content=\"index, follow, max-snippet:-1, max-image-preview:large, max-video-preview:-1\" \/>\n<link rel=\"canonical\" href=\"https:\/\/vosgesinfo.fr\/remiremontinfo\/2020\/12\/bresse-depistage-de-covid-19-jusqua-midi\/\" \/>\n<meta name=\"twitter:card\" content=\"summary_large_image\" \/>\n<meta name=\"twitter:title\" content=\"La Bresse\u00a0: d\u00e9pistage de la Covid-19 jusqu\u2019\u00e0 midi - Remiremont Info\" \/>\n<meta name=\"twitter:description\" content=\"Photo @labresse.fr Ce mardi matin, \u00e0 la Halle des Congr\u00e8s, le laboratoire Biolam pratique des tests de d\u00e9pistage de la [&hellip;]\" \/>\n<meta name=\"twitter:image\" content=\"https:\/\/vosgesinfo.fr\/app\/uploads\/sites\/5\/2024\/09\/202012133736546-2547160405583056-1156514831751998639-n.jpg\" \/>\n<meta name=\"twitter:creator\" content=\"@VosgesInfo88\" \/>\n<meta name=\"twitter:site\" content=\"@VosgesInfo88\" \/>\n<meta name=\"twitter:label1\" content=\"\u00c9crit par\" \/>\n\t<meta name=\"twitter:data1\" content=\"C D\" \/>\n<script type=\"application\/ld+json\" class=\"yoast-schema-graph\">{\"@context\":\"https:\/\/schema.org\",\"@graph\":[{\"@type\":\"Article\",\"@id\":\"https:\/\/vosgesinfo.fr\/remiremontinfo\/2020\/12\/bresse-depistage-de-covid-19-jusqua-midi\/#article\",\"isPartOf\":{\"@id\":\"https:\/\/vosgesinfo.fr\/remiremontinfo\/2020\/12\/bresse-depistage-de-covid-19-jusqua-midi\/\"},\"author\":{\"name\":\"C D\",\"@id\":\"https:\/\/vosgesinfo.fr\/remiremontinfo\/#\/schema\/person\/3bfd164d5218a185b1db68655a265316\"},\"headline\":\"La Bresse\u00a0: d\u00e9pistage de la Covid-19 jusqu\u2019\u00e0 midi\",\"datePublished\":\"2020-12-29T07:20:57+00:00\",\"dateModified\":\"2020-12-29T07:20:57+00:00\",\"mainEntityOfPage\":{\"@id\":\"https:\/\/vosgesinfo.fr\/remiremontinfo\/2020\/12\/bresse-depistage-de-covid-19-jusqua-midi\/\"},\"wordCount\":67,\"commentCount\":0,\"publisher\":{\"@id\":\"https:\/\/vosgesinfo.fr\/remiremontinfo\/#organization\"},\"image\":{\"@id\":\"https:\/\/vosgesinfo.fr\/remiremontinfo\/2020\/12\/bresse-depistage-de-covid-19-jusqua-midi\/#primaryimage\"},\"thumbnailUrl\":\"https:\/\/vosgesinfo.fr\/app\/uploads\/sites\/5\/2024\/09\/202012133736546-2547160405583056-1156514831751998639-n.jpg\",\"articleSection\":[\"A la Une\",\"La Bresse\",\"La Bresse &amp; son canton\",\"Sant\u00e9\"],\"inLanguage\":\"fr-FR\",\"potentialAction\":[{\"@type\":\"CommentAction\",\"name\":\"Comment\",\"target\":[\"https:\/\/vosgesinfo.fr\/remiremontinfo\/2020\/12\/bresse-depistage-de-covid-19-jusqua-midi\/#respond\"]}]},{\"@type\":\"WebPage\",\"@id\":\"https:\/\/vosgesinfo.fr\/remiremontinfo\/2020\/12\/bresse-depistage-de-covid-19-jusqua-midi\/\",\"url\":\"https:\/\/vosgesinfo.fr\/remiremontinfo\/2020\/12\/bresse-depistage-de-covid-19-jusqua-midi\/\",\"name\":\"La Bresse\u00a0: d\u00e9pistage de la Covid-19 jusqu\u2019\u00e0 midi - Remiremont Info\",\"isPartOf\":{\"@id\":\"https:\/\/vosgesinfo.fr\/remiremontinfo\/#website\"},\"primaryImageOfPage\":{\"@id\":\"https:\/\/vosgesinfo.fr\/remiremontinfo\/2020\/12\/bresse-depistage-de-covid-19-jusqua-midi\/#primaryimage\"},\"image\":{\"@id\":\"https:\/\/vosgesinfo.fr\/remiremontinfo\/2020\/12\/bresse-depistage-de-covid-19-jusqua-midi\/#primaryimage\"},\"thumbnailUrl\":\"https:\/\/vosgesinfo.fr\/app\/uploads\/sites\/5\/2024\/09\/202012133736546-2547160405583056-1156514831751998639-n.jpg\",\"datePublished\":\"2020-12-29T07:20:57+00:00\",\"dateModified\":\"2020-12-29T07:20:57+00:00\",\"breadcrumb\":{\"@id\":\"https:\/\/vosgesinfo.fr\/remiremontinfo\/2020\/12\/bresse-depistage-de-covid-19-jusqua-midi\/#breadcrumb\"},\"inLanguage\":\"fr-FR\",\"potentialAction\":[{\"@type\":\"ReadAction\",\"target\":[\"https:\/\/vosgesinfo.fr\/remiremontinfo\/2020\/12\/bresse-depistage-de-covid-19-jusqua-midi\/\"]}]},{\"@type\":\"ImageObject\",\"inLanguage\":\"fr-FR\",\"@id\":\"https:\/\/vosgesinfo.fr\/remiremontinfo\/2020\/12\/bresse-depistage-de-covid-19-jusqua-midi\/#primaryimage\",\"url\":\"https:\/\/vosgesinfo.fr\/app\/uploads\/sites\/5\/2024\/09\/202012133736546-2547160405583056-1156514831751998639-n.jpg\",\"contentUrl\":\"https:\/\/vosgesinfo.fr\/app\/uploads\/sites\/5\/2024\/09\/202012133736546-2547160405583056-1156514831751998639-n.jpg\",\"width\":770,\"height\":549},{\"@type\":\"BreadcrumbList\",\"@id\":\"https:\/\/vosgesinfo.fr\/remiremontinfo\/2020\/12\/bresse-depistage-de-covid-19-jusqua-midi\/#breadcrumb\",\"itemListElement\":[{\"@type\":\"ListItem\",\"position\":1,\"name\":\"Home\",\"item\":\"https:\/\/vosgesinfo.fr\/remiremontinfo\/\"},{\"@type\":\"ListItem\",\"position\":2,\"name\":\"La Bresse\u00a0: d\u00e9pistage de la Covid-19 jusqu\u2019\u00e0 midi\"}]},{\"@type\":\"WebSite\",\"@id\":\"https:\/\/vosgesinfo.fr\/remiremontinfo\/#website\",\"url\":\"https:\/\/vosgesinfo.fr\/remiremontinfo\/\",\"name\":\"Remiremont Info\",\"description\":\"Toute l&#039;actualit\u00e9 de Remiremont\",\"publisher\":{\"@id\":\"https:\/\/vosgesinfo.fr\/remiremontinfo\/#organization\"},\"alternateName\":\"Toute l'actualit\u00e9 de Remiremont\",\"potentialAction\":[{\"@type\":\"SearchAction\",\"target\":{\"@type\":\"EntryPoint\",\"urlTemplate\":\"https:\/\/vosgesinfo.fr\/remiremontinfo\/?s={search_term_string}\"},\"query-input\":\"required name=search_term_string\"}],\"inLanguage\":\"fr-FR\"},{\"@type\":\"Organization\",\"@id\":\"https:\/\/vosgesinfo.fr\/remiremontinfo\/#organization\",\"name\":\"Remiremont Info\",\"url\":\"https:\/\/vosgesinfo.fr\/remiremontinfo\/\",\"logo\":{\"@type\":\"ImageObject\",\"inLanguage\":\"fr-FR\",\"@id\":\"https:\/\/vosgesinfo.fr\/remiremontinfo\/#\/schema\/logo\/image\/\",\"url\":\"https:\/\/vosgesinfo.fr\/app\/uploads\/sites\/5\/2023\/08\/favicon-remiremontinfo.png\",\"contentUrl\":\"https:\/\/vosgesinfo.fr\/app\/uploads\/sites\/5\/2023\/08\/favicon-remiremontinfo.png\",\"width\":512,\"height\":512,\"caption\":\"Remiremont Info\"},\"image\":{\"@id\":\"https:\/\/vosgesinfo.fr\/remiremontinfo\/#\/schema\/logo\/image\/\"},\"sameAs\":[\"https:\/\/www.facebook.com\/remiremontinfo\",\"https:\/\/x.com\/VosgesInfo88\",\"https:\/\/www.youtube.com\/@vosgesinfo\"]},{\"@type\":\"Person\",\"@id\":\"https:\/\/vosgesinfo.fr\/remiremontinfo\/#\/schema\/person\/3bfd164d5218a185b1db68655a265316\",\"name\":\"C D\",\"image\":{\"@type\":\"ImageObject\",\"inLanguage\":\"fr-FR\",\"@id\":\"https:\/\/vosgesinfo.fr\/remiremontinfo\/#\/schema\/person\/image\/\",\"url\":\"https:\/\/secure.gravatar.com\/avatar\/1f9a70007336511a47468b8f1c66f922b8b7cf617b02a31149ada43893a5d48f?s=96&d=mm&r=g\",\"contentUrl\":\"https:\/\/secure.gravatar.com\/avatar\/1f9a70007336511a47468b8f1c66f922b8b7cf617b02a31149ada43893a5d48f?s=96&d=mm&r=g\",\"caption\":\"C D\"},\"url\":\"https:\/\/vosgesinfo.fr\/remiremontinfo\/author\/cedric-drevet\/\"}]}<\/script>\n<!-- \/ Yoast SEO plugin. -->","yoast_head_json":{"title":"La Bresse\u00a0: d\u00e9pistage de la Covid-19 jusqu\u2019\u00e0 midi - Remiremont Info","robots":{"index":"index","follow":"follow","max-snippet":"max-snippet:-1","max-image-preview":"max-image-preview:large","max-video-preview":"max-video-preview:-1"},"canonical":"https:\/\/vosgesinfo.fr\/remiremontinfo\/2020\/12\/bresse-depistage-de-covid-19-jusqua-midi\/","twitter_card":"summary_large_image","twitter_title":"La Bresse\u00a0: d\u00e9pistage de la Covid-19 jusqu\u2019\u00e0 midi - Remiremont Info","twitter_description":"Photo @labresse.fr Ce mardi matin, \u00e0 la Halle des Congr\u00e8s, le laboratoire Biolam pratique des tests de d\u00e9pistage de la [&hellip;]","twitter_image":"https:\/\/vosgesinfo.fr\/app\/uploads\/sites\/5\/2024\/09\/202012133736546-2547160405583056-1156514831751998639-n.jpg","twitter_creator":"@VosgesInfo88","twitter_site":"@VosgesInfo88","twitter_misc":{"\u00c9crit par":"C D"},"schema":{"@context":"https:\/\/schema.org","@graph":[{"@type":"Article","@id":"https:\/\/vosgesinfo.fr\/remiremontinfo\/2020\/12\/bresse-depistage-de-covid-19-jusqua-midi\/#article","isPartOf":{"@id":"https:\/\/vosgesinfo.fr\/remiremontinfo\/2020\/12\/bresse-depistage-de-covid-19-jusqua-midi\/"},"author":{"name":"C D","@id":"https:\/\/vosgesinfo.fr\/remiremontinfo\/#\/schema\/person\/3bfd164d5218a185b1db68655a265316"},"headline":"La Bresse\u00a0: d\u00e9pistage de la Covid-19 jusqu\u2019\u00e0 midi","datePublished":"2020-12-29T07:20:57+00:00","dateModified":"2020-12-29T07:20:57+00:00","mainEntityOfPage":{"@id":"https:\/\/vosgesinfo.fr\/remiremontinfo\/2020\/12\/bresse-depistage-de-covid-19-jusqua-midi\/"},"wordCount":67,"commentCount":0,"publisher":{"@id":"https:\/\/vosgesinfo.fr\/remiremontinfo\/#organization"},"image":{"@id":"https:\/\/vosgesinfo.fr\/remiremontinfo\/2020\/12\/bresse-depistage-de-covid-19-jusqua-midi\/#primaryimage"},"thumbnailUrl":"https:\/\/vosgesinfo.fr\/app\/uploads\/sites\/5\/2024\/09\/202012133736546-2547160405583056-1156514831751998639-n.jpg","articleSection":["A la Une","La Bresse","La Bresse &amp; son canton","Sant\u00e9"],"inLanguage":"fr-FR","potentialAction":[{"@type":"CommentAction","name":"Comment","target":["https:\/\/vosgesinfo.fr\/remiremontinfo\/2020\/12\/bresse-depistage-de-covid-19-jusqua-midi\/#respond"]}]},{"@type":"WebPage","@id":"https:\/\/vosgesinfo.fr\/remiremontinfo\/2020\/12\/bresse-depistage-de-covid-19-jusqua-midi\/","url":"https:\/\/vosgesinfo.fr\/remiremontinfo\/2020\/12\/bresse-depistage-de-covid-19-jusqua-midi\/","name":"La Bresse\u00a0: d\u00e9pistage de la Covid-19 jusqu\u2019\u00e0 midi - Remiremont Info","isPartOf":{"@id":"https:\/\/vosgesinfo.fr\/remiremontinfo\/#website"},"primaryImageOfPage":{"@id":"https:\/\/vosgesinfo.fr\/remiremontinfo\/2020\/12\/bresse-depistage-de-covid-19-jusqua-midi\/#primaryimage"},"image":{"@id":"https:\/\/vosgesinfo.fr\/remiremontinfo\/2020\/12\/bresse-depistage-de-covid-19-jusqua-midi\/#primaryimage"},"thumbnailUrl":"https:\/\/vosgesinfo.fr\/app\/uploads\/sites\/5\/2024\/09\/202012133736546-2547160405583056-1156514831751998639-n.jpg","datePublished":"2020-12-29T07:20:57+00:00","dateModified":"2020-12-29T07:20:57+00:00","breadcrumb":{"@id":"https:\/\/vosgesinfo.fr\/remiremontinfo\/2020\/12\/bresse-depistage-de-covid-19-jusqua-midi\/#breadcrumb"},"inLanguage":"fr-FR","potentialAction":[{"@type":"ReadAction","target":["https:\/\/vosgesinfo.fr\/remiremontinfo\/2020\/12\/bresse-depistage-de-covid-19-jusqua-midi\/"]}]},{"@type":"ImageObject","inLanguage":"fr-FR","@id":"https:\/\/vosgesinfo.fr\/remiremontinfo\/2020\/12\/bresse-depistage-de-covid-19-jusqua-midi\/#primaryimage","url":"https:\/\/vosgesinfo.fr\/app\/uploads\/sites\/5\/2024\/09\/202012133736546-2547160405583056-1156514831751998639-n.jpg","contentUrl":"https:\/\/vosgesinfo.fr\/app\/uploads\/sites\/5\/2024\/09\/202012133736546-2547160405583056-1156514831751998639-n.jpg","width":770,"height":549},{"@type":"BreadcrumbList","@id":"https:\/\/vosgesinfo.fr\/remiremontinfo\/2020\/12\/bresse-depistage-de-covid-19-jusqua-midi\/#breadcrumb","itemListElement":[{"@type":"ListItem","position":1,"name":"Home","item":"https:\/\/vosgesinfo.fr\/remiremontinfo\/"},{"@type":"ListItem","position":2,"name":"La Bresse\u00a0: d\u00e9pistage de la Covid-19 jusqu\u2019\u00e0 midi"}]},{"@type":"WebSite","@id":"https:\/\/vosgesinfo.fr\/remiremontinfo\/#website","url":"https:\/\/vosgesinfo.fr\/remiremontinfo\/","name":"Remiremont Info","description":"Toute l&#039;actualit\u00e9 de Remiremont","publisher":{"@id":"https:\/\/vosgesinfo.fr\/remiremontinfo\/#organization"},"alternateName":"Toute l'actualit\u00e9 de Remiremont","potentialAction":[{"@type":"SearchAction","target":{"@type":"EntryPoint","urlTemplate":"https:\/\/vosgesinfo.fr\/remiremontinfo\/?s={search_term_string}"},"query-input":"required name=search_term_string"}],"inLanguage":"fr-FR"},{"@type":"Organization","@id":"https:\/\/vosgesinfo.fr\/remiremontinfo\/#organization","name":"Remiremont Info","url":"https:\/\/vosgesinfo.fr\/remiremontinfo\/","logo":{"@type":"ImageObject","inLanguage":"fr-FR","@id":"https:\/\/vosgesinfo.fr\/remiremontinfo\/#\/schema\/logo\/image\/","url":"https:\/\/vosgesinfo.fr\/app\/uploads\/sites\/5\/2023\/08\/favicon-remiremontinfo.png","contentUrl":"https:\/\/vosgesinfo.fr\/app\/uploads\/sites\/5\/2023\/08\/favicon-remiremontinfo.png","width":512,"height":512,"caption":"Remiremont Info"},"image":{"@id":"https:\/\/vosgesinfo.fr\/remiremontinfo\/#\/schema\/logo\/image\/"},"sameAs":["https:\/\/www.facebook.com\/remiremontinfo","https:\/\/x.com\/VosgesInfo88","https:\/\/www.youtube.com\/@vosgesinfo"]},{"@type":"Person","@id":"https:\/\/vosgesinfo.fr\/remiremontinfo\/#\/schema\/person\/3bfd164d5218a185b1db68655a265316","name":"C D","image":{"@type":"ImageObject","inLanguage":"fr-FR","@id":"https:\/\/vosgesinfo.fr\/remiremontinfo\/#\/schema\/person\/image\/","url":"https:\/\/secure.gravatar.com\/avatar\/1f9a70007336511a47468b8f1c66f922b8b7cf617b02a31149ada43893a5d48f?s=96&d=mm&r=g","contentUrl":"https:\/\/secure.gravatar.com\/avatar\/1f9a70007336511a47468b8f1c66f922b8b7cf617b02a31149ada43893a5d48f?s=96&d=mm&r=g","caption":"C D"},"url":"https:\/\/vosgesinfo.fr\/remiremontinfo\/author\/cedric-drevet\/"}]}},"_links":{"self":[{"href":"https:\/\/vosgesinfo.fr\/remiremontinfo\/wp-json\/wp\/v2\/posts\/35492","targetHints":{"allow":["GET"]}}],"collection":[{"href":"https:\/\/vosgesinfo.fr\/remiremontinfo\/wp-json\/wp\/v2\/posts"}],"about":[{"href":"https:\/\/vosgesinfo.fr\/remiremontinfo\/wp-json\/wp\/v2\/types\/post"}],"author":[{"embeddable":true,"href":"https:\/\/vosgesinfo.fr\/remiremontinfo\/wp-json\/wp\/v2\/users\/407"}],"replies":[{"embeddable":true,"href":"https:\/\/vosgesinfo.fr\/remiremontinfo\/wp-json\/wp\/v2\/comments?post=35492"}],"version-history":[{"count":0,"href":"https:\/\/vosgesinfo.fr\/remiremontinfo\/wp-json\/wp\/v2\/posts\/35492\/revisions"}],"wp:featuredmedia":[{"embeddable":true,"href":"https:\/\/vosgesinfo.fr\/remiremontinfo\/wp-json\/wp\/v2\/media\/35493"}],"wp:attachment":[{"href":"https:\/\/vosgesinfo.fr\/remiremontinfo\/wp-json\/wp\/v2\/media?parent=35492"}],"wp:term":[{"taxonomy":"category","embeddable":true,"href":"https:\/\/vosgesinfo.fr\/remiremontinfo\/wp-json\/wp\/v2\/categories?post=35492"},{"taxonomy":"post_tag","embeddable":true,"href":"https:\/\/vosgesinfo.fr\/remiremontinfo\/wp-json\/wp\/v2\/tags?post=35492"}],"curies":[{"name":"wp","href":"https:\/\/api.w.org\/{rel}","templated":true}]}}