{"id":35570,"date":"2024-09-10T06:02:07","date_gmt":"2024-09-10T04:02:07","guid":{"rendered":"https:\/\/vosgesinfo.fr\/remiremontinfo\/2024\/09\/handisport-retour-sur-la-performance-du-duo-petitdemange-pinard-sur-le-triathlon-d-o-2\/"},"modified":"2024-09-10T06:02:07","modified_gmt":"2024-09-10T04:02:07","slug":"handisport-retour-sur-la-performance-du-duo-petitdemange-pinard-sur-le-triathlon-d-o-2","status":"publish","type":"post","link":"https:\/\/vosgesinfo.fr\/remiremontinfo\/2024\/09\/handisport-retour-sur-la-performance-du-duo-petitdemange-pinard-sur-le-triathlon-d-o-2\/","title":{"rendered":"Handisport &#8211; retour sur la performance du duo Petitdemange-Pinard sur le triathlon D.O"},"content":{"rendered":"<p><a href=\"https:\/\/vosgesinfo.fr\/app\/uploads\/sites\/6\/2024\/09\/ludovic-petitjean-et-daniel-pinard-triathlon-1-scaled.jpg\"><img decoding=\"async\" class=\"aligncenter size-large wp-image-68569\" src=\"https:\/\/vosgesinfo.fr\/app\/uploads\/sites\/6\/2024\/09\/ludovic-petitjean-et-daniel-pinard-triathlon-1-1024x765.jpg\" alt=\"\" width=\"1024\" height=\"765\" \/><\/a><\/p>\n<p><strong>Pour la premi\u00e8re fois depuis sa cr\u00e9ation, un athl\u00e8te non-voyant prenait le d\u00e9part du triathlon de G\u00e9rardmer sur le Distance Olympique. Fin pr\u00eat, tout comme son guide Dany Pinard, Ludovic Petitdemange a franchi la ligne d&rsquo;arriv\u00e9e au bout d&rsquo;une course remarquablement men\u00e9e malgr\u00e9 les difficult\u00e9s li\u00e9es au parcours.<\/strong><\/p>\n<div id=\"attachment_68570\" style=\"width: 271px\" class=\"wp-caption alignright\"><a href=\"https:\/\/vosgesinfo.fr\/app\/uploads\/sites\/6\/2024\/09\/daniel-pinard-et-ludovic-petitjean-triathlon-gerardmer-2.jpg\"><img decoding=\"async\" aria-describedby=\"caption-attachment-68570\" class=\"wp-image-68570\" src=\"https:\/\/vosgesinfo.fr\/app\/uploads\/sites\/6\/2024\/09\/daniel-pinard-et-ludovic-petitjean-triathlon-gerardmer-2-461x1024.jpg\" alt=\"\" width=\"261\" height=\"580\" \/><\/a><p id=\"caption-attachment-68570\" class=\"wp-caption-text\">Sur la route des 17 km<\/p><\/div>\n<p>Pour la premi\u00e8re fois, plusieurs athl\u00e8tes handisports \u00e9taient donc engag\u00e9s cette ann\u00e9e sur les diff\u00e9rentes distances propos\u00e9es sur le triathlon g\u00e9r\u00f4mois. Parmi eux, le Vosgien d&rsquo;origine, Ludovic Petitdemange et son guide, lui aussi du cru, en la personne de Dany Pinard en lice ce dimanche, jour de cl\u00f4ture des Jeux Paralympique. Tout un symbole, et l&rsquo;occasion de revenir sur l&rsquo;histoire sportive de ce duo. Membre du club d&rsquo;Issy-les-Moulineaux, Dany est guide depuis 20 ans, lui qui a plusieurs cordes \u00e0 son arc en mati\u00e8re d&rsquo;enseignement sportif : ma\u00eetre nageur, moniteur de ski, de roller ou de cyclisme, il a rapidement d\u00e9cid\u00e9 de passer une certification handisport afin de pouvoir encadrer le public handicap\u00e9 physique. Son papa lui avait sans doute transmis le virus, lui qui a \u00e9t\u00e9 DTN handisports pendant plusieurs ann\u00e9es&#8230;<\/p>\n<p>Depuis 7 ans, il entra\u00eene et accompagne Ludovic du club de l&rsquo;US Palaiseau Triathlon. Une rencontre qui s&rsquo;est faite par le biais d&rsquo;une association qui a disparu depuis, mais qui a laiss\u00e9 place \u00e0 une nouvelle structure baptis\u00e9e \u00ab\u00a0A2CMieux\u00a0\u00bb pr\u00e9sid\u00e9e par Ludovic justement, et qui a vu le jour en 2018. Objectif : int\u00e9grer des personnes non voyantes ou d\u00e9ficientes \u00e0 travers un club multisports dans le secteur de Paris et surtout \u00e0 travers le sport en duo. Rapidement, le projet de s&rsquo;entra\u00eener et de s&rsquo;engager sur des courses s&rsquo;est impos\u00e9 et Dany a propos\u00e9 le triathlon de G\u00e9rardmer : \u00ab Cela faisait longtemps que j&rsquo;en avais parl\u00e9 \u00e0 Ludo et qu&rsquo;on voulait le faire. Mais \u00e7a n&rsquo;a pas \u00e9t\u00e9 facile de convaincre l&rsquo;organisation, qui craignait notamment que ce soit trop dur en tandem dans la Ray\u00e9e. Mais on l&rsquo;a fait, et en plus, on fait un bon temps !\u00a0\u00bb pr\u00e9cise le guide. Seul petit b\u00e9mol, Dany a d\u00fb lui aussi payer son inscription, ce qui n&rsquo;est pas coutume sur les autres \u00e9preuves de ce type o\u00f9 l&rsquo;e dossard est g\u00e9n\u00e9ralement offert au guide.<\/p>\n<div id=\"attachment_68568\" style=\"width: 235px\" class=\"wp-caption alignright\"><a href=\"https:\/\/vosgesinfo.fr\/app\/uploads\/sites\/6\/2024\/09\/ludovic-petitjean-et-daniel-pinard-triathlon-2-scaled.jpg\"><img decoding=\"async\" aria-describedby=\"caption-attachment-68568\" class=\"size-medium wp-image-68568\" src=\"https:\/\/vosgesinfo.fr\/app\/uploads\/sites\/6\/2024\/09\/ludovic-petitjean-et-daniel-pinard-triathlon-2-225x300.jpg\" alt=\"\" width=\"225\" height=\"300\" \/><\/a><p id=\"caption-attachment-68568\" class=\"wp-caption-text\">Dany &amp; Ludovic sur une pr\u00e9c\u00e9dente \u00e9preuve (archive).<\/p><\/div>\n<p>Au total, le duo aura mis trois ann\u00e9es pour se pr\u00e9parer et convaincre l&rsquo;organisation qu&rsquo;il avait bien sa place sur ce D.O. Entre entra\u00eenements individuels et s\u00e9ances en bin\u00f4me pour travailler notamment la synchronisation, la dynamique et les phases de transition, ils n&rsquo;auront pas ch\u00f4m\u00e9, notamment cet \u00e9t\u00e9 o\u00f9 Ludovic Petitdemange avait plus de temps pour pr\u00e9parer cette \u00e9ch\u00e9ance. \u00ab C&rsquo;est un triathlon tr\u00e8s technique, mais Dany a de l&rsquo;exp\u00e9rience, il est tr\u00e8s investi au niveau du sort et du guidage, il a pris beaucoup de pr\u00e9caution. L&rsquo;affinit\u00e9 et la synchronisation ont fait le reste \u00bb, explique Ludovic Petitdemange. Et le jeu en valait la chandelle : l&rsquo;athl\u00e8te n&rsquo;a pas faibli, r\u00e9alisant m\u00eame une tr\u00e8s belle fin de course pour remonter plus d&rsquo;une vingtaine de places. De plus, le duo gardera en m\u00e9moire les encouragements du public et des autres coureurs\/coureuses, notamment sur la partie en v\u00e9lo. Des moments que tous deux \u00e9voquent avec \u00e9motion et l&rsquo;espoir d&rsquo;avoir contribu\u00e9 \u00e0 ouvrir la voie de l&rsquo;inclusion dans le sport.<\/p>\n","protected":false},"excerpt":{"rendered":"<p>Pour la premi\u00e8re fois depuis sa cr\u00e9ation, un athl\u00e8te non-voyant prenait le d\u00e9part du triathlon de G\u00e9rardmer sur le Distance [&hellip;]<\/p>\n","protected":false},"author":42,"featured_media":35571,"comment_status":"open","ping_status":"open","sticky":false,"template":"","format":"standard","meta":{"footnotes":""},"categories":[26,108,845,43,362,14,18],"tags":[1990,1991,1975],"class_list":["post-35570","post","type-post","status-publish","format-standard","has-post-thumbnail","hentry","category-a-la-une","category-epinal","category-la-plaine-des-vosges","category-remiremont-remiremont-son-canton","category-saint-die","category-sport","category-vosges","tag-dany-pinard","tag-ludovic-petitdemange","tag-triathlon-de-gerardmer-distance-olympique"],"acf":[],"yoast_head":"<!-- This site is optimized with the Yoast SEO plugin v22.5 - https:\/\/yoast.com\/wordpress\/plugins\/seo\/ -->\n<title>Handisport - retour sur la performance du duo Petitdemange-Pinard sur le triathlon D.O - Remiremont Info<\/title>\n<meta name=\"robots\" content=\"index, follow, max-snippet:-1, max-image-preview:large, max-video-preview:-1\" \/>\n<link rel=\"canonical\" href=\"https:\/\/vosgesinfo.fr\/remiremontinfo\/2024\/09\/handisport-retour-sur-la-performance-du-duo-petitdemange-pinard-sur-le-triathlon-d-o-2\/\" \/>\n<meta name=\"twitter:card\" content=\"summary_large_image\" \/>\n<meta name=\"twitter:title\" content=\"Handisport - retour sur la performance du duo Petitdemange-Pinard sur le triathlon D.O - Remiremont Info\" \/>\n<meta name=\"twitter:description\" content=\"Pour la premi\u00e8re fois depuis sa cr\u00e9ation, un athl\u00e8te non-voyant prenait le d\u00e9part du triathlon de G\u00e9rardmer sur le Distance [&hellip;]\" \/>\n<meta name=\"twitter:image\" content=\"https:\/\/vosgesinfo.fr\/app\/uploads\/sites\/5\/2024\/09\/ludovic-petitjean-et-daniel-pinard-triathlon-1-scaled-2.jpg\" \/>\n<meta name=\"twitter:creator\" content=\"@VosgesInfo88\" \/>\n<meta name=\"twitter:site\" content=\"@VosgesInfo88\" \/>\n<meta name=\"twitter:label1\" content=\"\u00c9crit par\" \/>\n\t<meta name=\"twitter:data1\" content=\"QG\" \/>\n\t<meta name=\"twitter:label2\" content=\"Dur\u00e9e de lecture estim\u00e9e\" \/>\n\t<meta name=\"twitter:data2\" content=\"3 minutes\" \/>\n<script type=\"application\/ld+json\" class=\"yoast-schema-graph\">{\"@context\":\"https:\/\/schema.org\",\"@graph\":[{\"@type\":\"Article\",\"@id\":\"https:\/\/vosgesinfo.fr\/remiremontinfo\/2024\/09\/handisport-retour-sur-la-performance-du-duo-petitdemange-pinard-sur-le-triathlon-d-o-2\/#article\",\"isPartOf\":{\"@id\":\"https:\/\/vosgesinfo.fr\/remiremontinfo\/2024\/09\/handisport-retour-sur-la-performance-du-duo-petitdemange-pinard-sur-le-triathlon-d-o-2\/\"},\"author\":{\"name\":\"QG\",\"@id\":\"https:\/\/vosgesinfo.fr\/remiremontinfo\/#\/schema\/person\/db5605779a843dad16b5368f3e7613a5\"},\"headline\":\"Handisport &#8211; retour sur la performance du duo Petitdemange-Pinard sur le triathlon D.O\",\"datePublished\":\"2024-09-10T04:02:07+00:00\",\"dateModified\":\"2024-09-10T04:02:07+00:00\",\"mainEntityOfPage\":{\"@id\":\"https:\/\/vosgesinfo.fr\/remiremontinfo\/2024\/09\/handisport-retour-sur-la-performance-du-duo-petitdemange-pinard-sur-le-triathlon-d-o-2\/\"},\"wordCount\":647,\"commentCount\":0,\"publisher\":{\"@id\":\"https:\/\/vosgesinfo.fr\/remiremontinfo\/#organization\"},\"image\":{\"@id\":\"https:\/\/vosgesinfo.fr\/remiremontinfo\/2024\/09\/handisport-retour-sur-la-performance-du-duo-petitdemange-pinard-sur-le-triathlon-d-o-2\/#primaryimage\"},\"thumbnailUrl\":\"https:\/\/vosgesinfo.fr\/app\/uploads\/sites\/5\/2024\/09\/ludovic-petitjean-et-daniel-pinard-triathlon-1-scaled-2.jpg\",\"keywords\":[\"Dany Pinard\",\"Ludovic Petitdemange\",\"triathlon de G\u00e9rardmer distance olympique\"],\"articleSection\":[\"A la Une\",\"Epinal\",\"La plaine des vosges\",\"Remiremont\",\"Saint-di\u00e9\",\"Sport\",\"Vosges\"],\"inLanguage\":\"fr-FR\",\"potentialAction\":[{\"@type\":\"CommentAction\",\"name\":\"Comment\",\"target\":[\"https:\/\/vosgesinfo.fr\/remiremontinfo\/2024\/09\/handisport-retour-sur-la-performance-du-duo-petitdemange-pinard-sur-le-triathlon-d-o-2\/#respond\"]}]},{\"@type\":\"WebPage\",\"@id\":\"https:\/\/vosgesinfo.fr\/remiremontinfo\/2024\/09\/handisport-retour-sur-la-performance-du-duo-petitdemange-pinard-sur-le-triathlon-d-o-2\/\",\"url\":\"https:\/\/vosgesinfo.fr\/remiremontinfo\/2024\/09\/handisport-retour-sur-la-performance-du-duo-petitdemange-pinard-sur-le-triathlon-d-o-2\/\",\"name\":\"Handisport - retour sur la performance du duo Petitdemange-Pinard sur le triathlon D.O - Remiremont Info\",\"isPartOf\":{\"@id\":\"https:\/\/vosgesinfo.fr\/remiremontinfo\/#website\"},\"primaryImageOfPage\":{\"@id\":\"https:\/\/vosgesinfo.fr\/remiremontinfo\/2024\/09\/handisport-retour-sur-la-performance-du-duo-petitdemange-pinard-sur-le-triathlon-d-o-2\/#primaryimage\"},\"image\":{\"@id\":\"https:\/\/vosgesinfo.fr\/remiremontinfo\/2024\/09\/handisport-retour-sur-la-performance-du-duo-petitdemange-pinard-sur-le-triathlon-d-o-2\/#primaryimage\"},\"thumbnailUrl\":\"https:\/\/vosgesinfo.fr\/app\/uploads\/sites\/5\/2024\/09\/ludovic-petitjean-et-daniel-pinard-triathlon-1-scaled-2.jpg\",\"datePublished\":\"2024-09-10T04:02:07+00:00\",\"dateModified\":\"2024-09-10T04:02:07+00:00\",\"breadcrumb\":{\"@id\":\"https:\/\/vosgesinfo.fr\/remiremontinfo\/2024\/09\/handisport-retour-sur-la-performance-du-duo-petitdemange-pinard-sur-le-triathlon-d-o-2\/#breadcrumb\"},\"inLanguage\":\"fr-FR\",\"potentialAction\":[{\"@type\":\"ReadAction\",\"target\":[\"https:\/\/vosgesinfo.fr\/remiremontinfo\/2024\/09\/handisport-retour-sur-la-performance-du-duo-petitdemange-pinard-sur-le-triathlon-d-o-2\/\"]}]},{\"@type\":\"ImageObject\",\"inLanguage\":\"fr-FR\",\"@id\":\"https:\/\/vosgesinfo.fr\/remiremontinfo\/2024\/09\/handisport-retour-sur-la-performance-du-duo-petitdemange-pinard-sur-le-triathlon-d-o-2\/#primaryimage\",\"url\":\"https:\/\/vosgesinfo.fr\/app\/uploads\/sites\/5\/2024\/09\/ludovic-petitjean-et-daniel-pinard-triathlon-1-scaled-2.jpg\",\"contentUrl\":\"https:\/\/vosgesinfo.fr\/app\/uploads\/sites\/5\/2024\/09\/ludovic-petitjean-et-daniel-pinard-triathlon-1-scaled-2.jpg\",\"width\":2560,\"height\":1912},{\"@type\":\"BreadcrumbList\",\"@id\":\"https:\/\/vosgesinfo.fr\/remiremontinfo\/2024\/09\/handisport-retour-sur-la-performance-du-duo-petitdemange-pinard-sur-le-triathlon-d-o-2\/#breadcrumb\",\"itemListElement\":[{\"@type\":\"ListItem\",\"position\":1,\"name\":\"Home\",\"item\":\"https:\/\/vosgesinfo.fr\/remiremontinfo\/\"},{\"@type\":\"ListItem\",\"position\":2,\"name\":\"Handisport &#8211; retour sur la performance du duo Petitdemange-Pinard sur le triathlon D.O\"}]},{\"@type\":\"WebSite\",\"@id\":\"https:\/\/vosgesinfo.fr\/remiremontinfo\/#website\",\"url\":\"https:\/\/vosgesinfo.fr\/remiremontinfo\/\",\"name\":\"Remiremont Info\",\"description\":\"Toute l&#039;actualit\u00e9 de Remiremont\",\"publisher\":{\"@id\":\"https:\/\/vosgesinfo.fr\/remiremontinfo\/#organization\"},\"alternateName\":\"Toute l'actualit\u00e9 de Remiremont\",\"potentialAction\":[{\"@type\":\"SearchAction\",\"target\":{\"@type\":\"EntryPoint\",\"urlTemplate\":\"https:\/\/vosgesinfo.fr\/remiremontinfo\/?s={search_term_string}\"},\"query-input\":\"required name=search_term_string\"}],\"inLanguage\":\"fr-FR\"},{\"@type\":\"Organization\",\"@id\":\"https:\/\/vosgesinfo.fr\/remiremontinfo\/#organization\",\"name\":\"Remiremont Info\",\"url\":\"https:\/\/vosgesinfo.fr\/remiremontinfo\/\",\"logo\":{\"@type\":\"ImageObject\",\"inLanguage\":\"fr-FR\",\"@id\":\"https:\/\/vosgesinfo.fr\/remiremontinfo\/#\/schema\/logo\/image\/\",\"url\":\"https:\/\/vosgesinfo.fr\/app\/uploads\/sites\/5\/2023\/08\/favicon-remiremontinfo.png\",\"contentUrl\":\"https:\/\/vosgesinfo.fr\/app\/uploads\/sites\/5\/2023\/08\/favicon-remiremontinfo.png\",\"width\":512,\"height\":512,\"caption\":\"Remiremont Info\"},\"image\":{\"@id\":\"https:\/\/vosgesinfo.fr\/remiremontinfo\/#\/schema\/logo\/image\/\"},\"sameAs\":[\"https:\/\/www.facebook.com\/remiremontinfo\",\"https:\/\/x.com\/VosgesInfo88\",\"https:\/\/www.youtube.com\/@vosgesinfo\"]},{\"@type\":\"Person\",\"@id\":\"https:\/\/vosgesinfo.fr\/remiremontinfo\/#\/schema\/person\/db5605779a843dad16b5368f3e7613a5\",\"name\":\"QG\",\"image\":{\"@type\":\"ImageObject\",\"inLanguage\":\"fr-FR\",\"@id\":\"https:\/\/vosgesinfo.fr\/remiremontinfo\/#\/schema\/person\/image\/\",\"url\":\"https:\/\/secure.gravatar.com\/avatar\/ea80c42c204b534408512832fde52504ecabb9706bcb6151cf6175e5b64e6793?s=96&d=mm&r=g\",\"contentUrl\":\"https:\/\/secure.gravatar.com\/avatar\/ea80c42c204b534408512832fde52504ecabb9706bcb6151cf6175e5b64e6793?s=96&d=mm&r=g\",\"caption\":\"QG\"},\"url\":\"https:\/\/vosgesinfo.fr\/remiremontinfo\/author\/quentin88\/\"}]}<\/script>\n<!-- \/ Yoast SEO plugin. -->","yoast_head_json":{"title":"Handisport - retour sur la performance du duo Petitdemange-Pinard sur le triathlon D.O - Remiremont Info","robots":{"index":"index","follow":"follow","max-snippet":"max-snippet:-1","max-image-preview":"max-image-preview:large","max-video-preview":"max-video-preview:-1"},"canonical":"https:\/\/vosgesinfo.fr\/remiremontinfo\/2024\/09\/handisport-retour-sur-la-performance-du-duo-petitdemange-pinard-sur-le-triathlon-d-o-2\/","twitter_card":"summary_large_image","twitter_title":"Handisport - retour sur la performance du duo Petitdemange-Pinard sur le triathlon D.O - Remiremont Info","twitter_description":"Pour la premi\u00e8re fois depuis sa cr\u00e9ation, un athl\u00e8te non-voyant prenait le d\u00e9part du triathlon de G\u00e9rardmer sur le Distance [&hellip;]","twitter_image":"https:\/\/vosgesinfo.fr\/app\/uploads\/sites\/5\/2024\/09\/ludovic-petitjean-et-daniel-pinard-triathlon-1-scaled-2.jpg","twitter_creator":"@VosgesInfo88","twitter_site":"@VosgesInfo88","twitter_misc":{"\u00c9crit par":"QG","Dur\u00e9e de lecture estim\u00e9e":"3 minutes"},"schema":{"@context":"https:\/\/schema.org","@graph":[{"@type":"Article","@id":"https:\/\/vosgesinfo.fr\/remiremontinfo\/2024\/09\/handisport-retour-sur-la-performance-du-duo-petitdemange-pinard-sur-le-triathlon-d-o-2\/#article","isPartOf":{"@id":"https:\/\/vosgesinfo.fr\/remiremontinfo\/2024\/09\/handisport-retour-sur-la-performance-du-duo-petitdemange-pinard-sur-le-triathlon-d-o-2\/"},"author":{"name":"QG","@id":"https:\/\/vosgesinfo.fr\/remiremontinfo\/#\/schema\/person\/db5605779a843dad16b5368f3e7613a5"},"headline":"Handisport &#8211; retour sur la performance du duo Petitdemange-Pinard sur le triathlon D.O","datePublished":"2024-09-10T04:02:07+00:00","dateModified":"2024-09-10T04:02:07+00:00","mainEntityOfPage":{"@id":"https:\/\/vosgesinfo.fr\/remiremontinfo\/2024\/09\/handisport-retour-sur-la-performance-du-duo-petitdemange-pinard-sur-le-triathlon-d-o-2\/"},"wordCount":647,"commentCount":0,"publisher":{"@id":"https:\/\/vosgesinfo.fr\/remiremontinfo\/#organization"},"image":{"@id":"https:\/\/vosgesinfo.fr\/remiremontinfo\/2024\/09\/handisport-retour-sur-la-performance-du-duo-petitdemange-pinard-sur-le-triathlon-d-o-2\/#primaryimage"},"thumbnailUrl":"https:\/\/vosgesinfo.fr\/app\/uploads\/sites\/5\/2024\/09\/ludovic-petitjean-et-daniel-pinard-triathlon-1-scaled-2.jpg","keywords":["Dany Pinard","Ludovic Petitdemange","triathlon de G\u00e9rardmer distance olympique"],"articleSection":["A la Une","Epinal","La plaine des vosges","Remiremont","Saint-di\u00e9","Sport","Vosges"],"inLanguage":"fr-FR","potentialAction":[{"@type":"CommentAction","name":"Comment","target":["https:\/\/vosgesinfo.fr\/remiremontinfo\/2024\/09\/handisport-retour-sur-la-performance-du-duo-petitdemange-pinard-sur-le-triathlon-d-o-2\/#respond"]}]},{"@type":"WebPage","@id":"https:\/\/vosgesinfo.fr\/remiremontinfo\/2024\/09\/handisport-retour-sur-la-performance-du-duo-petitdemange-pinard-sur-le-triathlon-d-o-2\/","url":"https:\/\/vosgesinfo.fr\/remiremontinfo\/2024\/09\/handisport-retour-sur-la-performance-du-duo-petitdemange-pinard-sur-le-triathlon-d-o-2\/","name":"Handisport - retour sur la performance du duo Petitdemange-Pinard sur le triathlon D.O - Remiremont Info","isPartOf":{"@id":"https:\/\/vosgesinfo.fr\/remiremontinfo\/#website"},"primaryImageOfPage":{"@id":"https:\/\/vosgesinfo.fr\/remiremontinfo\/2024\/09\/handisport-retour-sur-la-performance-du-duo-petitdemange-pinard-sur-le-triathlon-d-o-2\/#primaryimage"},"image":{"@id":"https:\/\/vosgesinfo.fr\/remiremontinfo\/2024\/09\/handisport-retour-sur-la-performance-du-duo-petitdemange-pinard-sur-le-triathlon-d-o-2\/#primaryimage"},"thumbnailUrl":"https:\/\/vosgesinfo.fr\/app\/uploads\/sites\/5\/2024\/09\/ludovic-petitjean-et-daniel-pinard-triathlon-1-scaled-2.jpg","datePublished":"2024-09-10T04:02:07+00:00","dateModified":"2024-09-10T04:02:07+00:00","breadcrumb":{"@id":"https:\/\/vosgesinfo.fr\/remiremontinfo\/2024\/09\/handisport-retour-sur-la-performance-du-duo-petitdemange-pinard-sur-le-triathlon-d-o-2\/#breadcrumb"},"inLanguage":"fr-FR","potentialAction":[{"@type":"ReadAction","target":["https:\/\/vosgesinfo.fr\/remiremontinfo\/2024\/09\/handisport-retour-sur-la-performance-du-duo-petitdemange-pinard-sur-le-triathlon-d-o-2\/"]}]},{"@type":"ImageObject","inLanguage":"fr-FR","@id":"https:\/\/vosgesinfo.fr\/remiremontinfo\/2024\/09\/handisport-retour-sur-la-performance-du-duo-petitdemange-pinard-sur-le-triathlon-d-o-2\/#primaryimage","url":"https:\/\/vosgesinfo.fr\/app\/uploads\/sites\/5\/2024\/09\/ludovic-petitjean-et-daniel-pinard-triathlon-1-scaled-2.jpg","contentUrl":"https:\/\/vosgesinfo.fr\/app\/uploads\/sites\/5\/2024\/09\/ludovic-petitjean-et-daniel-pinard-triathlon-1-scaled-2.jpg","width":2560,"height":1912},{"@type":"BreadcrumbList","@id":"https:\/\/vosgesinfo.fr\/remiremontinfo\/2024\/09\/handisport-retour-sur-la-performance-du-duo-petitdemange-pinard-sur-le-triathlon-d-o-2\/#breadcrumb","itemListElement":[{"@type":"ListItem","position":1,"name":"Home","item":"https:\/\/vosgesinfo.fr\/remiremontinfo\/"},{"@type":"ListItem","position":2,"name":"Handisport &#8211; retour sur la performance du duo Petitdemange-Pinard sur le triathlon D.O"}]},{"@type":"WebSite","@id":"https:\/\/vosgesinfo.fr\/remiremontinfo\/#website","url":"https:\/\/vosgesinfo.fr\/remiremontinfo\/","name":"Remiremont Info","description":"Toute l&#039;actualit\u00e9 de Remiremont","publisher":{"@id":"https:\/\/vosgesinfo.fr\/remiremontinfo\/#organization"},"alternateName":"Toute l'actualit\u00e9 de Remiremont","potentialAction":[{"@type":"SearchAction","target":{"@type":"EntryPoint","urlTemplate":"https:\/\/vosgesinfo.fr\/remiremontinfo\/?s={search_term_string}"},"query-input":"required name=search_term_string"}],"inLanguage":"fr-FR"},{"@type":"Organization","@id":"https:\/\/vosgesinfo.fr\/remiremontinfo\/#organization","name":"Remiremont Info","url":"https:\/\/vosgesinfo.fr\/remiremontinfo\/","logo":{"@type":"ImageObject","inLanguage":"fr-FR","@id":"https:\/\/vosgesinfo.fr\/remiremontinfo\/#\/schema\/logo\/image\/","url":"https:\/\/vosgesinfo.fr\/app\/uploads\/sites\/5\/2023\/08\/favicon-remiremontinfo.png","contentUrl":"https:\/\/vosgesinfo.fr\/app\/uploads\/sites\/5\/2023\/08\/favicon-remiremontinfo.png","width":512,"height":512,"caption":"Remiremont Info"},"image":{"@id":"https:\/\/vosgesinfo.fr\/remiremontinfo\/#\/schema\/logo\/image\/"},"sameAs":["https:\/\/www.facebook.com\/remiremontinfo","https:\/\/x.com\/VosgesInfo88","https:\/\/www.youtube.com\/@vosgesinfo"]},{"@type":"Person","@id":"https:\/\/vosgesinfo.fr\/remiremontinfo\/#\/schema\/person\/db5605779a843dad16b5368f3e7613a5","name":"QG","image":{"@type":"ImageObject","inLanguage":"fr-FR","@id":"https:\/\/vosgesinfo.fr\/remiremontinfo\/#\/schema\/person\/image\/","url":"https:\/\/secure.gravatar.com\/avatar\/ea80c42c204b534408512832fde52504ecabb9706bcb6151cf6175e5b64e6793?s=96&d=mm&r=g","contentUrl":"https:\/\/secure.gravatar.com\/avatar\/ea80c42c204b534408512832fde52504ecabb9706bcb6151cf6175e5b64e6793?s=96&d=mm&r=g","caption":"QG"},"url":"https:\/\/vosgesinfo.fr\/remiremontinfo\/author\/quentin88\/"}]}},"_links":{"self":[{"href":"https:\/\/vosgesinfo.fr\/remiremontinfo\/wp-json\/wp\/v2\/posts\/35570","targetHints":{"allow":["GET"]}}],"collection":[{"href":"https:\/\/vosgesinfo.fr\/remiremontinfo\/wp-json\/wp\/v2\/posts"}],"about":[{"href":"https:\/\/vosgesinfo.fr\/remiremontinfo\/wp-json\/wp\/v2\/types\/post"}],"author":[{"embeddable":true,"href":"https:\/\/vosgesinfo.fr\/remiremontinfo\/wp-json\/wp\/v2\/users\/42"}],"replies":[{"embeddable":true,"href":"https:\/\/vosgesinfo.fr\/remiremontinfo\/wp-json\/wp\/v2\/comments?post=35570"}],"version-history":[{"count":0,"href":"https:\/\/vosgesinfo.fr\/remiremontinfo\/wp-json\/wp\/v2\/posts\/35570\/revisions"}],"wp:featuredmedia":[{"embeddable":true,"href":"https:\/\/vosgesinfo.fr\/remiremontinfo\/wp-json\/wp\/v2\/media\/35571"}],"wp:attachment":[{"href":"https:\/\/vosgesinfo.fr\/remiremontinfo\/wp-json\/wp\/v2\/media?parent=35570"}],"wp:term":[{"taxonomy":"category","embeddable":true,"href":"https:\/\/vosgesinfo.fr\/remiremontinfo\/wp-json\/wp\/v2\/categories?post=35570"},{"taxonomy":"post_tag","embeddable":true,"href":"https:\/\/vosgesinfo.fr\/remiremontinfo\/wp-json\/wp\/v2\/tags?post=35570"}],"curies":[{"name":"wp","href":"https:\/\/api.w.org\/{rel}","templated":true}]}}