{"id":35583,"date":"2021-01-02T09:09:46","date_gmt":"2021-01-02T08:09:46","guid":{"rendered":"https:\/\/vosgesinfo.fr\/remiremontinfo\/2021\/01\/vosges-lassociation-randonett-a-ramasse-2-040-kilos-de-dechets-2020\/"},"modified":"2021-01-02T09:09:46","modified_gmt":"2021-01-02T08:09:46","slug":"vosges-lassociation-randonett-a-ramasse-2-040-kilos-de-dechets-2020","status":"publish","type":"post","link":"https:\/\/vosgesinfo.fr\/remiremontinfo\/2021\/01\/vosges-lassociation-randonett-a-ramasse-2-040-kilos-de-dechets-2020\/","title":{"rendered":"Vosges\u00a0: l\u2019association \u00ab Rando\u2019Nett \u00bb a ramass\u00e9 2.040 kilos de d\u00e9chets en 2020"},"content":{"rendered":"\n<h2>\n<span style=\"font-size: 12pt;\"><strong>L\u2019association \u00ab Rando\u2019Nett Hautes Vosges \u00bb organise depuis ao\u00fbt dernier de nombreuses op\u00e9ration de ramassage de d\u00e9chets, afin de permettre la pr\u00e9servation d\u2019un environnement et d\u2019espaces propres. Voici le bilan de 5 mois de collecte.<\/strong><\/span><\/h2>\n<p>En d\u00e9cembre, 72 kilos de d\u00e9chets ont \u00e9t\u00e9 collect\u00e9s en action collective et 742,5 kilos en individuel. Un total de 814,5 kilos. Pas mois de 138 actions ont \u00e9t\u00e9 men\u00e9es au cours de cette ann\u00e9e, et sur les cinq derniers mois de 2020, ce sont ainsi 2.040 kilos de d\u00e9chets qui ont \u00e9t\u00e9 ramass\u00e9s. Un r\u00e9sultat tout \u00e0 fait impressionnant. Bravo \u00e0 tous ceux qui ont pris part \u00e0 ce beau mouvement. Pour suivre l\u2019actualit\u00e9 de \u00ab Rando\u2019Nett Hautes Vosges \u00bb ou apporter votre contribution, rendez-vous <a href=\"https:\/\/www.facebook.com\/Randonetthautesvosges\/\">sur la page Facebook de l\u2019association.<\/a> Voici le d\u00e9tail des actions par commune.<\/p>\n<p>La Bresse = 18 actions et 228kgs, Cornimont = 34 actions et 784kgs, Saulxures = 9 actions et 265kgs, Thiefosse = 5 actions et 112kgs, Vagney = 16 actions et 90kgs, Le Syndicat = 4 actions et 17kgs, Saint Am\u00e9 = 6 actions et 62kgs, Remiremont = 8 actions 87kgs, Le Thillot = 1 action et 4kgs, Rupt\/moselle = 1 action et 150kgs, Ventron = 2 actions et 12kgs, G\u00e9rardmer = 2 actions et 26,5kgs, Xonrupt = 2 actions et 8,5kgs, St Maurice = 1 action et 2kgs, Tendon = 1 action et 30kgs, Granges\/Vologne = 10 actions et 80,5kgs, Bruy\u00e8re = 1 action et 2kgs, Plombi\u00e8re = 1 action et 1kg, Raon aux bois = 1 action et 3kgs, Kruth = 1 action et 10,5kgs, Orbey = 1 action et 15kgs, Chenimenil = 2 actions et 20,5kgs, Beulotte St Laurent = 1 action et 3kgs, Urimenil = 1 action et 3kgs, St Di\u00e9 = 1 action et 3kgs, Basse \/ le rupt = 2 actions et 5,5kgs, Cleurie = 1 action et 2kgs, Le grand ballon = 1 action et 5kgs, Hors secteur = 4 actions et 8kgs.<\/p>\n<p style=\"text-align: center;\"><a href=\"\/2021\/01\/134823532_182157913592505_2776756415710841630_n.jpg\"><img decoding=\"async\" class=\"alignnone size-full wp-image-305717\" src=\"\/2021\/01\/134823532_182157913592505_2776756415710841630_n.jpg\" alt=\"134823532_182157913592505_2776756415710841630_n\" width=\"842\" height=\"441\" \/><\/a><\/p>\n","protected":false},"excerpt":{"rendered":"<p>L\u2019association \u00ab Rando\u2019Nett Hautes Vosges \u00bb organise depuis ao\u00fbt dernier de nombreuses op\u00e9ration de ramassage de d\u00e9chets, afin de permettre [&hellip;]<\/p>\n","protected":false},"author":407,"featured_media":35584,"comment_status":"open","ping_status":"open","sticky":false,"template":"","format":"standard","meta":{"footnotes":""},"categories":[26,7,18],"tags":[],"class_list":["post-35583","post","type-post","status-publish","format-standard","has-post-thumbnail","hentry","category-a-la-une","category-environnement","category-vosges"],"acf":[],"yoast_head":"<!-- This site is optimized with the Yoast SEO plugin v22.5 - https:\/\/yoast.com\/wordpress\/plugins\/seo\/ -->\n<title>Vosges\u00a0: l\u2019association \u00ab Rando\u2019Nett \u00bb a ramass\u00e9 2.040 kilos de d\u00e9chets en 2020 - Remiremont Info<\/title>\n<meta name=\"robots\" content=\"index, follow, max-snippet:-1, max-image-preview:large, max-video-preview:-1\" \/>\n<link rel=\"canonical\" href=\"https:\/\/vosgesinfo.fr\/remiremontinfo\/2021\/01\/vosges-lassociation-randonett-a-ramasse-2-040-kilos-de-dechets-2020\/\" \/>\n<meta name=\"twitter:card\" content=\"summary_large_image\" \/>\n<meta name=\"twitter:title\" content=\"Vosges\u00a0: l\u2019association \u00ab Rando\u2019Nett \u00bb a ramass\u00e9 2.040 kilos de d\u00e9chets en 2020 - Remiremont Info\" \/>\n<meta name=\"twitter:description\" content=\"L\u2019association \u00ab Rando\u2019Nett Hautes Vosges \u00bb organise depuis ao\u00fbt dernier de nombreuses op\u00e9ration de ramassage de d\u00e9chets, afin de permettre [&hellip;]\" \/>\n<meta name=\"twitter:image\" content=\"https:\/\/vosgesinfo.fr\/app\/uploads\/sites\/5\/2024\/09\/202101131979962-173471941127769-4989337059378924972-o.jpg\" \/>\n<meta name=\"twitter:creator\" content=\"@VosgesInfo88\" \/>\n<meta name=\"twitter:site\" content=\"@VosgesInfo88\" \/>\n<meta name=\"twitter:label1\" content=\"\u00c9crit par\" \/>\n\t<meta name=\"twitter:data1\" content=\"C D\" \/>\n\t<meta name=\"twitter:label2\" content=\"Dur\u00e9e de lecture estim\u00e9e\" \/>\n\t<meta name=\"twitter:data2\" content=\"1 minute\" \/>\n<script type=\"application\/ld+json\" class=\"yoast-schema-graph\">{\"@context\":\"https:\/\/schema.org\",\"@graph\":[{\"@type\":\"Article\",\"@id\":\"https:\/\/vosgesinfo.fr\/remiremontinfo\/2021\/01\/vosges-lassociation-randonett-a-ramasse-2-040-kilos-de-dechets-2020\/#article\",\"isPartOf\":{\"@id\":\"https:\/\/vosgesinfo.fr\/remiremontinfo\/2021\/01\/vosges-lassociation-randonett-a-ramasse-2-040-kilos-de-dechets-2020\/\"},\"author\":{\"name\":\"C D\",\"@id\":\"https:\/\/vosgesinfo.fr\/remiremontinfo\/#\/schema\/person\/3bfd164d5218a185b1db68655a265316\"},\"headline\":\"Vosges\u00a0: l\u2019association \u00ab Rando\u2019Nett \u00bb a ramass\u00e9 2.040 kilos de d\u00e9chets en 2020\",\"datePublished\":\"2021-01-02T08:09:46+00:00\",\"dateModified\":\"2021-01-02T08:09:46+00:00\",\"mainEntityOfPage\":{\"@id\":\"https:\/\/vosgesinfo.fr\/remiremontinfo\/2021\/01\/vosges-lassociation-randonett-a-ramasse-2-040-kilos-de-dechets-2020\/\"},\"wordCount\":295,\"commentCount\":0,\"publisher\":{\"@id\":\"https:\/\/vosgesinfo.fr\/remiremontinfo\/#organization\"},\"image\":{\"@id\":\"https:\/\/vosgesinfo.fr\/remiremontinfo\/2021\/01\/vosges-lassociation-randonett-a-ramasse-2-040-kilos-de-dechets-2020\/#primaryimage\"},\"thumbnailUrl\":\"https:\/\/vosgesinfo.fr\/app\/uploads\/sites\/5\/2024\/09\/202101131979962-173471941127769-4989337059378924972-o.jpg\",\"articleSection\":[\"A la Une\",\"Environnement\",\"Vosges\"],\"inLanguage\":\"fr-FR\",\"potentialAction\":[{\"@type\":\"CommentAction\",\"name\":\"Comment\",\"target\":[\"https:\/\/vosgesinfo.fr\/remiremontinfo\/2021\/01\/vosges-lassociation-randonett-a-ramasse-2-040-kilos-de-dechets-2020\/#respond\"]}]},{\"@type\":\"WebPage\",\"@id\":\"https:\/\/vosgesinfo.fr\/remiremontinfo\/2021\/01\/vosges-lassociation-randonett-a-ramasse-2-040-kilos-de-dechets-2020\/\",\"url\":\"https:\/\/vosgesinfo.fr\/remiremontinfo\/2021\/01\/vosges-lassociation-randonett-a-ramasse-2-040-kilos-de-dechets-2020\/\",\"name\":\"Vosges\u00a0: l\u2019association \u00ab Rando\u2019Nett \u00bb a ramass\u00e9 2.040 kilos de d\u00e9chets en 2020 - Remiremont Info\",\"isPartOf\":{\"@id\":\"https:\/\/vosgesinfo.fr\/remiremontinfo\/#website\"},\"primaryImageOfPage\":{\"@id\":\"https:\/\/vosgesinfo.fr\/remiremontinfo\/2021\/01\/vosges-lassociation-randonett-a-ramasse-2-040-kilos-de-dechets-2020\/#primaryimage\"},\"image\":{\"@id\":\"https:\/\/vosgesinfo.fr\/remiremontinfo\/2021\/01\/vosges-lassociation-randonett-a-ramasse-2-040-kilos-de-dechets-2020\/#primaryimage\"},\"thumbnailUrl\":\"https:\/\/vosgesinfo.fr\/app\/uploads\/sites\/5\/2024\/09\/202101131979962-173471941127769-4989337059378924972-o.jpg\",\"datePublished\":\"2021-01-02T08:09:46+00:00\",\"dateModified\":\"2021-01-02T08:09:46+00:00\",\"breadcrumb\":{\"@id\":\"https:\/\/vosgesinfo.fr\/remiremontinfo\/2021\/01\/vosges-lassociation-randonett-a-ramasse-2-040-kilos-de-dechets-2020\/#breadcrumb\"},\"inLanguage\":\"fr-FR\",\"potentialAction\":[{\"@type\":\"ReadAction\",\"target\":[\"https:\/\/vosgesinfo.fr\/remiremontinfo\/2021\/01\/vosges-lassociation-randonett-a-ramasse-2-040-kilos-de-dechets-2020\/\"]}]},{\"@type\":\"ImageObject\",\"inLanguage\":\"fr-FR\",\"@id\":\"https:\/\/vosgesinfo.fr\/remiremontinfo\/2021\/01\/vosges-lassociation-randonett-a-ramasse-2-040-kilos-de-dechets-2020\/#primaryimage\",\"url\":\"https:\/\/vosgesinfo.fr\/app\/uploads\/sites\/5\/2024\/09\/202101131979962-173471941127769-4989337059378924972-o.jpg\",\"contentUrl\":\"https:\/\/vosgesinfo.fr\/app\/uploads\/sites\/5\/2024\/09\/202101131979962-173471941127769-4989337059378924972-o.jpg\",\"width\":800,\"height\":581},{\"@type\":\"BreadcrumbList\",\"@id\":\"https:\/\/vosgesinfo.fr\/remiremontinfo\/2021\/01\/vosges-lassociation-randonett-a-ramasse-2-040-kilos-de-dechets-2020\/#breadcrumb\",\"itemListElement\":[{\"@type\":\"ListItem\",\"position\":1,\"name\":\"Home\",\"item\":\"https:\/\/vosgesinfo.fr\/remiremontinfo\/\"},{\"@type\":\"ListItem\",\"position\":2,\"name\":\"Vosges\u00a0: l\u2019association \u00ab Rando\u2019Nett \u00bb a ramass\u00e9 2.040 kilos de d\u00e9chets en 2020\"}]},{\"@type\":\"WebSite\",\"@id\":\"https:\/\/vosgesinfo.fr\/remiremontinfo\/#website\",\"url\":\"https:\/\/vosgesinfo.fr\/remiremontinfo\/\",\"name\":\"Remiremont Info\",\"description\":\"Toute l&#039;actualit\u00e9 de Remiremont\",\"publisher\":{\"@id\":\"https:\/\/vosgesinfo.fr\/remiremontinfo\/#organization\"},\"alternateName\":\"Toute l'actualit\u00e9 de Remiremont\",\"potentialAction\":[{\"@type\":\"SearchAction\",\"target\":{\"@type\":\"EntryPoint\",\"urlTemplate\":\"https:\/\/vosgesinfo.fr\/remiremontinfo\/?s={search_term_string}\"},\"query-input\":\"required name=search_term_string\"}],\"inLanguage\":\"fr-FR\"},{\"@type\":\"Organization\",\"@id\":\"https:\/\/vosgesinfo.fr\/remiremontinfo\/#organization\",\"name\":\"Remiremont Info\",\"url\":\"https:\/\/vosgesinfo.fr\/remiremontinfo\/\",\"logo\":{\"@type\":\"ImageObject\",\"inLanguage\":\"fr-FR\",\"@id\":\"https:\/\/vosgesinfo.fr\/remiremontinfo\/#\/schema\/logo\/image\/\",\"url\":\"https:\/\/vosgesinfo.fr\/app\/uploads\/sites\/5\/2023\/08\/favicon-remiremontinfo.png\",\"contentUrl\":\"https:\/\/vosgesinfo.fr\/app\/uploads\/sites\/5\/2023\/08\/favicon-remiremontinfo.png\",\"width\":512,\"height\":512,\"caption\":\"Remiremont Info\"},\"image\":{\"@id\":\"https:\/\/vosgesinfo.fr\/remiremontinfo\/#\/schema\/logo\/image\/\"},\"sameAs\":[\"https:\/\/www.facebook.com\/remiremontinfo\",\"https:\/\/x.com\/VosgesInfo88\",\"https:\/\/www.youtube.com\/@vosgesinfo\"]},{\"@type\":\"Person\",\"@id\":\"https:\/\/vosgesinfo.fr\/remiremontinfo\/#\/schema\/person\/3bfd164d5218a185b1db68655a265316\",\"name\":\"C D\",\"image\":{\"@type\":\"ImageObject\",\"inLanguage\":\"fr-FR\",\"@id\":\"https:\/\/vosgesinfo.fr\/remiremontinfo\/#\/schema\/person\/image\/\",\"url\":\"https:\/\/secure.gravatar.com\/avatar\/1f9a70007336511a47468b8f1c66f922b8b7cf617b02a31149ada43893a5d48f?s=96&d=mm&r=g\",\"contentUrl\":\"https:\/\/secure.gravatar.com\/avatar\/1f9a70007336511a47468b8f1c66f922b8b7cf617b02a31149ada43893a5d48f?s=96&d=mm&r=g\",\"caption\":\"C D\"},\"url\":\"https:\/\/vosgesinfo.fr\/remiremontinfo\/author\/cedric-drevet\/\"}]}<\/script>\n<!-- \/ Yoast SEO plugin. -->","yoast_head_json":{"title":"Vosges\u00a0: l\u2019association \u00ab Rando\u2019Nett \u00bb a ramass\u00e9 2.040 kilos de d\u00e9chets en 2020 - Remiremont Info","robots":{"index":"index","follow":"follow","max-snippet":"max-snippet:-1","max-image-preview":"max-image-preview:large","max-video-preview":"max-video-preview:-1"},"canonical":"https:\/\/vosgesinfo.fr\/remiremontinfo\/2021\/01\/vosges-lassociation-randonett-a-ramasse-2-040-kilos-de-dechets-2020\/","twitter_card":"summary_large_image","twitter_title":"Vosges\u00a0: l\u2019association \u00ab Rando\u2019Nett \u00bb a ramass\u00e9 2.040 kilos de d\u00e9chets en 2020 - Remiremont Info","twitter_description":"L\u2019association \u00ab Rando\u2019Nett Hautes Vosges \u00bb organise depuis ao\u00fbt dernier de nombreuses op\u00e9ration de ramassage de d\u00e9chets, afin de permettre [&hellip;]","twitter_image":"https:\/\/vosgesinfo.fr\/app\/uploads\/sites\/5\/2024\/09\/202101131979962-173471941127769-4989337059378924972-o.jpg","twitter_creator":"@VosgesInfo88","twitter_site":"@VosgesInfo88","twitter_misc":{"\u00c9crit par":"C D","Dur\u00e9e de lecture estim\u00e9e":"1 minute"},"schema":{"@context":"https:\/\/schema.org","@graph":[{"@type":"Article","@id":"https:\/\/vosgesinfo.fr\/remiremontinfo\/2021\/01\/vosges-lassociation-randonett-a-ramasse-2-040-kilos-de-dechets-2020\/#article","isPartOf":{"@id":"https:\/\/vosgesinfo.fr\/remiremontinfo\/2021\/01\/vosges-lassociation-randonett-a-ramasse-2-040-kilos-de-dechets-2020\/"},"author":{"name":"C D","@id":"https:\/\/vosgesinfo.fr\/remiremontinfo\/#\/schema\/person\/3bfd164d5218a185b1db68655a265316"},"headline":"Vosges\u00a0: l\u2019association \u00ab Rando\u2019Nett \u00bb a ramass\u00e9 2.040 kilos de d\u00e9chets en 2020","datePublished":"2021-01-02T08:09:46+00:00","dateModified":"2021-01-02T08:09:46+00:00","mainEntityOfPage":{"@id":"https:\/\/vosgesinfo.fr\/remiremontinfo\/2021\/01\/vosges-lassociation-randonett-a-ramasse-2-040-kilos-de-dechets-2020\/"},"wordCount":295,"commentCount":0,"publisher":{"@id":"https:\/\/vosgesinfo.fr\/remiremontinfo\/#organization"},"image":{"@id":"https:\/\/vosgesinfo.fr\/remiremontinfo\/2021\/01\/vosges-lassociation-randonett-a-ramasse-2-040-kilos-de-dechets-2020\/#primaryimage"},"thumbnailUrl":"https:\/\/vosgesinfo.fr\/app\/uploads\/sites\/5\/2024\/09\/202101131979962-173471941127769-4989337059378924972-o.jpg","articleSection":["A la Une","Environnement","Vosges"],"inLanguage":"fr-FR","potentialAction":[{"@type":"CommentAction","name":"Comment","target":["https:\/\/vosgesinfo.fr\/remiremontinfo\/2021\/01\/vosges-lassociation-randonett-a-ramasse-2-040-kilos-de-dechets-2020\/#respond"]}]},{"@type":"WebPage","@id":"https:\/\/vosgesinfo.fr\/remiremontinfo\/2021\/01\/vosges-lassociation-randonett-a-ramasse-2-040-kilos-de-dechets-2020\/","url":"https:\/\/vosgesinfo.fr\/remiremontinfo\/2021\/01\/vosges-lassociation-randonett-a-ramasse-2-040-kilos-de-dechets-2020\/","name":"Vosges\u00a0: l\u2019association \u00ab Rando\u2019Nett \u00bb a ramass\u00e9 2.040 kilos de d\u00e9chets en 2020 - Remiremont Info","isPartOf":{"@id":"https:\/\/vosgesinfo.fr\/remiremontinfo\/#website"},"primaryImageOfPage":{"@id":"https:\/\/vosgesinfo.fr\/remiremontinfo\/2021\/01\/vosges-lassociation-randonett-a-ramasse-2-040-kilos-de-dechets-2020\/#primaryimage"},"image":{"@id":"https:\/\/vosgesinfo.fr\/remiremontinfo\/2021\/01\/vosges-lassociation-randonett-a-ramasse-2-040-kilos-de-dechets-2020\/#primaryimage"},"thumbnailUrl":"https:\/\/vosgesinfo.fr\/app\/uploads\/sites\/5\/2024\/09\/202101131979962-173471941127769-4989337059378924972-o.jpg","datePublished":"2021-01-02T08:09:46+00:00","dateModified":"2021-01-02T08:09:46+00:00","breadcrumb":{"@id":"https:\/\/vosgesinfo.fr\/remiremontinfo\/2021\/01\/vosges-lassociation-randonett-a-ramasse-2-040-kilos-de-dechets-2020\/#breadcrumb"},"inLanguage":"fr-FR","potentialAction":[{"@type":"ReadAction","target":["https:\/\/vosgesinfo.fr\/remiremontinfo\/2021\/01\/vosges-lassociation-randonett-a-ramasse-2-040-kilos-de-dechets-2020\/"]}]},{"@type":"ImageObject","inLanguage":"fr-FR","@id":"https:\/\/vosgesinfo.fr\/remiremontinfo\/2021\/01\/vosges-lassociation-randonett-a-ramasse-2-040-kilos-de-dechets-2020\/#primaryimage","url":"https:\/\/vosgesinfo.fr\/app\/uploads\/sites\/5\/2024\/09\/202101131979962-173471941127769-4989337059378924972-o.jpg","contentUrl":"https:\/\/vosgesinfo.fr\/app\/uploads\/sites\/5\/2024\/09\/202101131979962-173471941127769-4989337059378924972-o.jpg","width":800,"height":581},{"@type":"BreadcrumbList","@id":"https:\/\/vosgesinfo.fr\/remiremontinfo\/2021\/01\/vosges-lassociation-randonett-a-ramasse-2-040-kilos-de-dechets-2020\/#breadcrumb","itemListElement":[{"@type":"ListItem","position":1,"name":"Home","item":"https:\/\/vosgesinfo.fr\/remiremontinfo\/"},{"@type":"ListItem","position":2,"name":"Vosges\u00a0: l\u2019association \u00ab Rando\u2019Nett \u00bb a ramass\u00e9 2.040 kilos de d\u00e9chets en 2020"}]},{"@type":"WebSite","@id":"https:\/\/vosgesinfo.fr\/remiremontinfo\/#website","url":"https:\/\/vosgesinfo.fr\/remiremontinfo\/","name":"Remiremont Info","description":"Toute l&#039;actualit\u00e9 de Remiremont","publisher":{"@id":"https:\/\/vosgesinfo.fr\/remiremontinfo\/#organization"},"alternateName":"Toute l'actualit\u00e9 de Remiremont","potentialAction":[{"@type":"SearchAction","target":{"@type":"EntryPoint","urlTemplate":"https:\/\/vosgesinfo.fr\/remiremontinfo\/?s={search_term_string}"},"query-input":"required name=search_term_string"}],"inLanguage":"fr-FR"},{"@type":"Organization","@id":"https:\/\/vosgesinfo.fr\/remiremontinfo\/#organization","name":"Remiremont Info","url":"https:\/\/vosgesinfo.fr\/remiremontinfo\/","logo":{"@type":"ImageObject","inLanguage":"fr-FR","@id":"https:\/\/vosgesinfo.fr\/remiremontinfo\/#\/schema\/logo\/image\/","url":"https:\/\/vosgesinfo.fr\/app\/uploads\/sites\/5\/2023\/08\/favicon-remiremontinfo.png","contentUrl":"https:\/\/vosgesinfo.fr\/app\/uploads\/sites\/5\/2023\/08\/favicon-remiremontinfo.png","width":512,"height":512,"caption":"Remiremont Info"},"image":{"@id":"https:\/\/vosgesinfo.fr\/remiremontinfo\/#\/schema\/logo\/image\/"},"sameAs":["https:\/\/www.facebook.com\/remiremontinfo","https:\/\/x.com\/VosgesInfo88","https:\/\/www.youtube.com\/@vosgesinfo"]},{"@type":"Person","@id":"https:\/\/vosgesinfo.fr\/remiremontinfo\/#\/schema\/person\/3bfd164d5218a185b1db68655a265316","name":"C D","image":{"@type":"ImageObject","inLanguage":"fr-FR","@id":"https:\/\/vosgesinfo.fr\/remiremontinfo\/#\/schema\/person\/image\/","url":"https:\/\/secure.gravatar.com\/avatar\/1f9a70007336511a47468b8f1c66f922b8b7cf617b02a31149ada43893a5d48f?s=96&d=mm&r=g","contentUrl":"https:\/\/secure.gravatar.com\/avatar\/1f9a70007336511a47468b8f1c66f922b8b7cf617b02a31149ada43893a5d48f?s=96&d=mm&r=g","caption":"C D"},"url":"https:\/\/vosgesinfo.fr\/remiremontinfo\/author\/cedric-drevet\/"}]}},"_links":{"self":[{"href":"https:\/\/vosgesinfo.fr\/remiremontinfo\/wp-json\/wp\/v2\/posts\/35583","targetHints":{"allow":["GET"]}}],"collection":[{"href":"https:\/\/vosgesinfo.fr\/remiremontinfo\/wp-json\/wp\/v2\/posts"}],"about":[{"href":"https:\/\/vosgesinfo.fr\/remiremontinfo\/wp-json\/wp\/v2\/types\/post"}],"author":[{"embeddable":true,"href":"https:\/\/vosgesinfo.fr\/remiremontinfo\/wp-json\/wp\/v2\/users\/407"}],"replies":[{"embeddable":true,"href":"https:\/\/vosgesinfo.fr\/remiremontinfo\/wp-json\/wp\/v2\/comments?post=35583"}],"version-history":[{"count":0,"href":"https:\/\/vosgesinfo.fr\/remiremontinfo\/wp-json\/wp\/v2\/posts\/35583\/revisions"}],"wp:featuredmedia":[{"embeddable":true,"href":"https:\/\/vosgesinfo.fr\/remiremontinfo\/wp-json\/wp\/v2\/media\/35584"}],"wp:attachment":[{"href":"https:\/\/vosgesinfo.fr\/remiremontinfo\/wp-json\/wp\/v2\/media?parent=35583"}],"wp:term":[{"taxonomy":"category","embeddable":true,"href":"https:\/\/vosgesinfo.fr\/remiremontinfo\/wp-json\/wp\/v2\/categories?post=35583"},{"taxonomy":"post_tag","embeddable":true,"href":"https:\/\/vosgesinfo.fr\/remiremontinfo\/wp-json\/wp\/v2\/tags?post=35583"}],"curies":[{"name":"wp","href":"https:\/\/api.w.org\/{rel}","templated":true}]}}