{"id":3563,"date":"2024-01-03T14:00:47","date_gmt":"2024-01-03T13:00:47","guid":{"rendered":"https:\/\/vosgesinfo.fr\/remiremontinfo\/2024\/01\/les-deces-du-27-decembre-au-2-janvier-a-remiremont\/"},"modified":"2024-01-03T14:00:47","modified_gmt":"2024-01-03T13:00:47","slug":"les-deces-du-27-decembre-au-2-janvier-a-remiremont","status":"publish","type":"post","link":"https:\/\/vosgesinfo.fr\/remiremontinfo\/2024\/01\/les-deces-du-27-decembre-au-2-janvier-a-remiremont\/","title":{"rendered":"Les d\u00e9c\u00e8s du 27 d\u00e9cembre au 2 janvier \u00e0 Remiremont"},"content":{"rendered":"<p style=\"text-align: center;\"><strong>Les d\u00e9c\u00e8s du 27 d\u00e9cembre au 2 janvier \u00e0 Remiremont :<\/strong><\/p>\n<p style=\"text-align: center;\">ANCEL Ren\u00e9e veuve MARTIN (en retraite) \u00e0 l&rsquo;\u00e2ge de 83 ans, \u00c9loyes<\/p>\n<p style=\"text-align: center;\">RUER Guy (en retraite) \u00e0 l&rsquo;\u00e2ge de 81 ans, Saint-\u00c9tienne-l\u00e8s-Remiremont<\/p>\n","protected":false},"excerpt":{"rendered":"<p>Les d\u00e9c\u00e8s du 27 d\u00e9cembre au 2 janvier \u00e0 Remiremont : ANCEL Ren\u00e9e veuve MARTIN (en retraite) \u00e0 l&rsquo;\u00e2ge de [&hellip;]<\/p>\n","protected":false},"author":414,"featured_media":3304,"comment_status":"open","ping_status":"open","sticky":false,"template":"","format":"standard","meta":{"footnotes":""},"categories":[26,162,43,35],"tags":[164,44],"class_list":["post-3563","post","type-post","status-publish","format-standard","has-post-thumbnail","hentry","category-a-la-une","category-avis-de-deces","category-remiremont-remiremont-son-canton","category-remiremont-son-canton","tag-avis-de-deces","tag-remiremont"],"acf":[],"yoast_head":"<!-- This site is optimized with the Yoast SEO plugin v22.5 - https:\/\/yoast.com\/wordpress\/plugins\/seo\/ -->\n<title>Les d\u00e9c\u00e8s du 27 d\u00e9cembre au 2 janvier \u00e0 Remiremont - Remiremont Info<\/title>\n<meta name=\"robots\" content=\"index, follow, max-snippet:-1, max-image-preview:large, max-video-preview:-1\" \/>\n<link rel=\"canonical\" href=\"https:\/\/vosgesinfo.fr\/remiremontinfo\/2024\/01\/les-deces-du-27-decembre-au-2-janvier-a-remiremont\/\" \/>\n<meta name=\"twitter:card\" content=\"summary_large_image\" \/>\n<meta name=\"twitter:title\" content=\"Les d\u00e9c\u00e8s du 27 d\u00e9cembre au 2 janvier \u00e0 Remiremont - Remiremont Info\" \/>\n<meta name=\"twitter:description\" content=\"Les d\u00e9c\u00e8s du 27 d\u00e9cembre au 2 janvier \u00e0 Remiremont : ANCEL Ren\u00e9e veuve MARTIN (en retraite) \u00e0 l&rsquo;\u00e2ge de [&hellip;]\" \/>\n<meta name=\"twitter:image\" content=\"https:\/\/vosgesinfo.fr\/app\/uploads\/sites\/5\/2019\/04\/96f6846c-3446-4503-a6a1-c44a6a6be41c-400x255-e1705400633443.jpg\" \/>\n<meta name=\"twitter:creator\" content=\"@VosgesInfo88\" \/>\n<meta name=\"twitter:site\" content=\"@VosgesInfo88\" \/>\n<meta name=\"twitter:label1\" content=\"\u00c9crit par\" \/>\n\t<meta name=\"twitter:data1\" content=\"Julien Chassard\" \/>\n<script type=\"application\/ld+json\" class=\"yoast-schema-graph\">{\"@context\":\"https:\/\/schema.org\",\"@graph\":[{\"@type\":\"Article\",\"@id\":\"https:\/\/vosgesinfo.fr\/remiremontinfo\/2024\/01\/les-deces-du-27-decembre-au-2-janvier-a-remiremont\/#article\",\"isPartOf\":{\"@id\":\"https:\/\/vosgesinfo.fr\/remiremontinfo\/2024\/01\/les-deces-du-27-decembre-au-2-janvier-a-remiremont\/\"},\"author\":{\"name\":\"Julien Chassard\",\"@id\":\"https:\/\/vosgesinfo.fr\/remiremontinfo\/#\/schema\/person\/9f7d5afbed21dfe30e21502db85507c8\"},\"headline\":\"Les d\u00e9c\u00e8s du 27 d\u00e9cembre au 2 janvier \u00e0 Remiremont\",\"datePublished\":\"2024-01-03T13:00:47+00:00\",\"dateModified\":\"2024-01-03T13:00:47+00:00\",\"mainEntityOfPage\":{\"@id\":\"https:\/\/vosgesinfo.fr\/remiremontinfo\/2024\/01\/les-deces-du-27-decembre-au-2-janvier-a-remiremont\/\"},\"wordCount\":43,\"commentCount\":0,\"publisher\":{\"@id\":\"https:\/\/vosgesinfo.fr\/remiremontinfo\/#organization\"},\"image\":{\"@id\":\"https:\/\/vosgesinfo.fr\/remiremontinfo\/2024\/01\/les-deces-du-27-decembre-au-2-janvier-a-remiremont\/#primaryimage\"},\"thumbnailUrl\":\"https:\/\/vosgesinfo.fr\/app\/uploads\/sites\/5\/2019\/04\/96f6846c-3446-4503-a6a1-c44a6a6be41c-400x255-e1705400633443.jpg\",\"keywords\":[\"avis de d\u00e9c\u00e8s\",\"remiremont\"],\"articleSection\":[\"A la Une\",\"Avis de d\u00e9c\u00e8s\",\"Remiremont\",\"Remiremont &amp; son canton\"],\"inLanguage\":\"fr-FR\",\"potentialAction\":[{\"@type\":\"CommentAction\",\"name\":\"Comment\",\"target\":[\"https:\/\/vosgesinfo.fr\/remiremontinfo\/2024\/01\/les-deces-du-27-decembre-au-2-janvier-a-remiremont\/#respond\"]}]},{\"@type\":\"WebPage\",\"@id\":\"https:\/\/vosgesinfo.fr\/remiremontinfo\/2024\/01\/les-deces-du-27-decembre-au-2-janvier-a-remiremont\/\",\"url\":\"https:\/\/vosgesinfo.fr\/remiremontinfo\/2024\/01\/les-deces-du-27-decembre-au-2-janvier-a-remiremont\/\",\"name\":\"Les d\u00e9c\u00e8s du 27 d\u00e9cembre au 2 janvier \u00e0 Remiremont - Remiremont Info\",\"isPartOf\":{\"@id\":\"https:\/\/vosgesinfo.fr\/remiremontinfo\/#website\"},\"primaryImageOfPage\":{\"@id\":\"https:\/\/vosgesinfo.fr\/remiremontinfo\/2024\/01\/les-deces-du-27-decembre-au-2-janvier-a-remiremont\/#primaryimage\"},\"image\":{\"@id\":\"https:\/\/vosgesinfo.fr\/remiremontinfo\/2024\/01\/les-deces-du-27-decembre-au-2-janvier-a-remiremont\/#primaryimage\"},\"thumbnailUrl\":\"https:\/\/vosgesinfo.fr\/app\/uploads\/sites\/5\/2019\/04\/96f6846c-3446-4503-a6a1-c44a6a6be41c-400x255-e1705400633443.jpg\",\"datePublished\":\"2024-01-03T13:00:47+00:00\",\"dateModified\":\"2024-01-03T13:00:47+00:00\",\"breadcrumb\":{\"@id\":\"https:\/\/vosgesinfo.fr\/remiremontinfo\/2024\/01\/les-deces-du-27-decembre-au-2-janvier-a-remiremont\/#breadcrumb\"},\"inLanguage\":\"fr-FR\",\"potentialAction\":[{\"@type\":\"ReadAction\",\"target\":[\"https:\/\/vosgesinfo.fr\/remiremontinfo\/2024\/01\/les-deces-du-27-decembre-au-2-janvier-a-remiremont\/\"]}]},{\"@type\":\"ImageObject\",\"inLanguage\":\"fr-FR\",\"@id\":\"https:\/\/vosgesinfo.fr\/remiremontinfo\/2024\/01\/les-deces-du-27-decembre-au-2-janvier-a-remiremont\/#primaryimage\",\"url\":\"https:\/\/vosgesinfo.fr\/app\/uploads\/sites\/5\/2019\/04\/96f6846c-3446-4503-a6a1-c44a6a6be41c-400x255-e1705400633443.jpg\",\"contentUrl\":\"https:\/\/vosgesinfo.fr\/app\/uploads\/sites\/5\/2019\/04\/96f6846c-3446-4503-a6a1-c44a6a6be41c-400x255-e1705400633443.jpg\",\"width\":400,\"height\":255},{\"@type\":\"BreadcrumbList\",\"@id\":\"https:\/\/vosgesinfo.fr\/remiremontinfo\/2024\/01\/les-deces-du-27-decembre-au-2-janvier-a-remiremont\/#breadcrumb\",\"itemListElement\":[{\"@type\":\"ListItem\",\"position\":1,\"name\":\"Home\",\"item\":\"https:\/\/vosgesinfo.fr\/remiremontinfo\/\"},{\"@type\":\"ListItem\",\"position\":2,\"name\":\"Les d\u00e9c\u00e8s du 27 d\u00e9cembre au 2 janvier \u00e0 Remiremont\"}]},{\"@type\":\"WebSite\",\"@id\":\"https:\/\/vosgesinfo.fr\/remiremontinfo\/#website\",\"url\":\"https:\/\/vosgesinfo.fr\/remiremontinfo\/\",\"name\":\"Remiremont Info\",\"description\":\"Toute l&#039;actualit\u00e9 de Remiremont\",\"publisher\":{\"@id\":\"https:\/\/vosgesinfo.fr\/remiremontinfo\/#organization\"},\"alternateName\":\"Toute l'actualit\u00e9 de Remiremont\",\"potentialAction\":[{\"@type\":\"SearchAction\",\"target\":{\"@type\":\"EntryPoint\",\"urlTemplate\":\"https:\/\/vosgesinfo.fr\/remiremontinfo\/?s={search_term_string}\"},\"query-input\":\"required name=search_term_string\"}],\"inLanguage\":\"fr-FR\"},{\"@type\":\"Organization\",\"@id\":\"https:\/\/vosgesinfo.fr\/remiremontinfo\/#organization\",\"name\":\"Remiremont Info\",\"url\":\"https:\/\/vosgesinfo.fr\/remiremontinfo\/\",\"logo\":{\"@type\":\"ImageObject\",\"inLanguage\":\"fr-FR\",\"@id\":\"https:\/\/vosgesinfo.fr\/remiremontinfo\/#\/schema\/logo\/image\/\",\"url\":\"https:\/\/vosgesinfo.fr\/app\/uploads\/sites\/5\/2023\/08\/favicon-remiremontinfo.png\",\"contentUrl\":\"https:\/\/vosgesinfo.fr\/app\/uploads\/sites\/5\/2023\/08\/favicon-remiremontinfo.png\",\"width\":512,\"height\":512,\"caption\":\"Remiremont Info\"},\"image\":{\"@id\":\"https:\/\/vosgesinfo.fr\/remiremontinfo\/#\/schema\/logo\/image\/\"},\"sameAs\":[\"https:\/\/www.facebook.com\/remiremontinfo\",\"https:\/\/x.com\/VosgesInfo88\",\"https:\/\/www.youtube.com\/@vosgesinfo\"]},{\"@type\":\"Person\",\"@id\":\"https:\/\/vosgesinfo.fr\/remiremontinfo\/#\/schema\/person\/9f7d5afbed21dfe30e21502db85507c8\",\"name\":\"Julien Chassard\",\"image\":{\"@type\":\"ImageObject\",\"inLanguage\":\"fr-FR\",\"@id\":\"https:\/\/vosgesinfo.fr\/remiremontinfo\/#\/schema\/person\/image\/\",\"url\":\"https:\/\/secure.gravatar.com\/avatar\/b1edc920568095a5269cc92a13830411052ebb396f029db539972c12276b9ba9?s=96&d=mm&r=g\",\"contentUrl\":\"https:\/\/secure.gravatar.com\/avatar\/b1edc920568095a5269cc92a13830411052ebb396f029db539972c12276b9ba9?s=96&d=mm&r=g\",\"caption\":\"Julien Chassard\"},\"url\":\"https:\/\/vosgesinfo.fr\/remiremontinfo\/author\/j-chassard882\/\"}]}<\/script>\n<!-- \/ Yoast SEO plugin. -->","yoast_head_json":{"title":"Les d\u00e9c\u00e8s du 27 d\u00e9cembre au 2 janvier \u00e0 Remiremont - Remiremont Info","robots":{"index":"index","follow":"follow","max-snippet":"max-snippet:-1","max-image-preview":"max-image-preview:large","max-video-preview":"max-video-preview:-1"},"canonical":"https:\/\/vosgesinfo.fr\/remiremontinfo\/2024\/01\/les-deces-du-27-decembre-au-2-janvier-a-remiremont\/","twitter_card":"summary_large_image","twitter_title":"Les d\u00e9c\u00e8s du 27 d\u00e9cembre au 2 janvier \u00e0 Remiremont - Remiremont Info","twitter_description":"Les d\u00e9c\u00e8s du 27 d\u00e9cembre au 2 janvier \u00e0 Remiremont : ANCEL Ren\u00e9e veuve MARTIN (en retraite) \u00e0 l&rsquo;\u00e2ge de [&hellip;]","twitter_image":"https:\/\/vosgesinfo.fr\/app\/uploads\/sites\/5\/2019\/04\/96f6846c-3446-4503-a6a1-c44a6a6be41c-400x255-e1705400633443.jpg","twitter_creator":"@VosgesInfo88","twitter_site":"@VosgesInfo88","twitter_misc":{"\u00c9crit par":"Julien Chassard"},"schema":{"@context":"https:\/\/schema.org","@graph":[{"@type":"Article","@id":"https:\/\/vosgesinfo.fr\/remiremontinfo\/2024\/01\/les-deces-du-27-decembre-au-2-janvier-a-remiremont\/#article","isPartOf":{"@id":"https:\/\/vosgesinfo.fr\/remiremontinfo\/2024\/01\/les-deces-du-27-decembre-au-2-janvier-a-remiremont\/"},"author":{"name":"Julien Chassard","@id":"https:\/\/vosgesinfo.fr\/remiremontinfo\/#\/schema\/person\/9f7d5afbed21dfe30e21502db85507c8"},"headline":"Les d\u00e9c\u00e8s du 27 d\u00e9cembre au 2 janvier \u00e0 Remiremont","datePublished":"2024-01-03T13:00:47+00:00","dateModified":"2024-01-03T13:00:47+00:00","mainEntityOfPage":{"@id":"https:\/\/vosgesinfo.fr\/remiremontinfo\/2024\/01\/les-deces-du-27-decembre-au-2-janvier-a-remiremont\/"},"wordCount":43,"commentCount":0,"publisher":{"@id":"https:\/\/vosgesinfo.fr\/remiremontinfo\/#organization"},"image":{"@id":"https:\/\/vosgesinfo.fr\/remiremontinfo\/2024\/01\/les-deces-du-27-decembre-au-2-janvier-a-remiremont\/#primaryimage"},"thumbnailUrl":"https:\/\/vosgesinfo.fr\/app\/uploads\/sites\/5\/2019\/04\/96f6846c-3446-4503-a6a1-c44a6a6be41c-400x255-e1705400633443.jpg","keywords":["avis de d\u00e9c\u00e8s","remiremont"],"articleSection":["A la Une","Avis de d\u00e9c\u00e8s","Remiremont","Remiremont &amp; son canton"],"inLanguage":"fr-FR","potentialAction":[{"@type":"CommentAction","name":"Comment","target":["https:\/\/vosgesinfo.fr\/remiremontinfo\/2024\/01\/les-deces-du-27-decembre-au-2-janvier-a-remiremont\/#respond"]}]},{"@type":"WebPage","@id":"https:\/\/vosgesinfo.fr\/remiremontinfo\/2024\/01\/les-deces-du-27-decembre-au-2-janvier-a-remiremont\/","url":"https:\/\/vosgesinfo.fr\/remiremontinfo\/2024\/01\/les-deces-du-27-decembre-au-2-janvier-a-remiremont\/","name":"Les d\u00e9c\u00e8s du 27 d\u00e9cembre au 2 janvier \u00e0 Remiremont - Remiremont Info","isPartOf":{"@id":"https:\/\/vosgesinfo.fr\/remiremontinfo\/#website"},"primaryImageOfPage":{"@id":"https:\/\/vosgesinfo.fr\/remiremontinfo\/2024\/01\/les-deces-du-27-decembre-au-2-janvier-a-remiremont\/#primaryimage"},"image":{"@id":"https:\/\/vosgesinfo.fr\/remiremontinfo\/2024\/01\/les-deces-du-27-decembre-au-2-janvier-a-remiremont\/#primaryimage"},"thumbnailUrl":"https:\/\/vosgesinfo.fr\/app\/uploads\/sites\/5\/2019\/04\/96f6846c-3446-4503-a6a1-c44a6a6be41c-400x255-e1705400633443.jpg","datePublished":"2024-01-03T13:00:47+00:00","dateModified":"2024-01-03T13:00:47+00:00","breadcrumb":{"@id":"https:\/\/vosgesinfo.fr\/remiremontinfo\/2024\/01\/les-deces-du-27-decembre-au-2-janvier-a-remiremont\/#breadcrumb"},"inLanguage":"fr-FR","potentialAction":[{"@type":"ReadAction","target":["https:\/\/vosgesinfo.fr\/remiremontinfo\/2024\/01\/les-deces-du-27-decembre-au-2-janvier-a-remiremont\/"]}]},{"@type":"ImageObject","inLanguage":"fr-FR","@id":"https:\/\/vosgesinfo.fr\/remiremontinfo\/2024\/01\/les-deces-du-27-decembre-au-2-janvier-a-remiremont\/#primaryimage","url":"https:\/\/vosgesinfo.fr\/app\/uploads\/sites\/5\/2019\/04\/96f6846c-3446-4503-a6a1-c44a6a6be41c-400x255-e1705400633443.jpg","contentUrl":"https:\/\/vosgesinfo.fr\/app\/uploads\/sites\/5\/2019\/04\/96f6846c-3446-4503-a6a1-c44a6a6be41c-400x255-e1705400633443.jpg","width":400,"height":255},{"@type":"BreadcrumbList","@id":"https:\/\/vosgesinfo.fr\/remiremontinfo\/2024\/01\/les-deces-du-27-decembre-au-2-janvier-a-remiremont\/#breadcrumb","itemListElement":[{"@type":"ListItem","position":1,"name":"Home","item":"https:\/\/vosgesinfo.fr\/remiremontinfo\/"},{"@type":"ListItem","position":2,"name":"Les d\u00e9c\u00e8s du 27 d\u00e9cembre au 2 janvier \u00e0 Remiremont"}]},{"@type":"WebSite","@id":"https:\/\/vosgesinfo.fr\/remiremontinfo\/#website","url":"https:\/\/vosgesinfo.fr\/remiremontinfo\/","name":"Remiremont Info","description":"Toute l&#039;actualit\u00e9 de Remiremont","publisher":{"@id":"https:\/\/vosgesinfo.fr\/remiremontinfo\/#organization"},"alternateName":"Toute l'actualit\u00e9 de Remiremont","potentialAction":[{"@type":"SearchAction","target":{"@type":"EntryPoint","urlTemplate":"https:\/\/vosgesinfo.fr\/remiremontinfo\/?s={search_term_string}"},"query-input":"required name=search_term_string"}],"inLanguage":"fr-FR"},{"@type":"Organization","@id":"https:\/\/vosgesinfo.fr\/remiremontinfo\/#organization","name":"Remiremont Info","url":"https:\/\/vosgesinfo.fr\/remiremontinfo\/","logo":{"@type":"ImageObject","inLanguage":"fr-FR","@id":"https:\/\/vosgesinfo.fr\/remiremontinfo\/#\/schema\/logo\/image\/","url":"https:\/\/vosgesinfo.fr\/app\/uploads\/sites\/5\/2023\/08\/favicon-remiremontinfo.png","contentUrl":"https:\/\/vosgesinfo.fr\/app\/uploads\/sites\/5\/2023\/08\/favicon-remiremontinfo.png","width":512,"height":512,"caption":"Remiremont Info"},"image":{"@id":"https:\/\/vosgesinfo.fr\/remiremontinfo\/#\/schema\/logo\/image\/"},"sameAs":["https:\/\/www.facebook.com\/remiremontinfo","https:\/\/x.com\/VosgesInfo88","https:\/\/www.youtube.com\/@vosgesinfo"]},{"@type":"Person","@id":"https:\/\/vosgesinfo.fr\/remiremontinfo\/#\/schema\/person\/9f7d5afbed21dfe30e21502db85507c8","name":"Julien Chassard","image":{"@type":"ImageObject","inLanguage":"fr-FR","@id":"https:\/\/vosgesinfo.fr\/remiremontinfo\/#\/schema\/person\/image\/","url":"https:\/\/secure.gravatar.com\/avatar\/b1edc920568095a5269cc92a13830411052ebb396f029db539972c12276b9ba9?s=96&d=mm&r=g","contentUrl":"https:\/\/secure.gravatar.com\/avatar\/b1edc920568095a5269cc92a13830411052ebb396f029db539972c12276b9ba9?s=96&d=mm&r=g","caption":"Julien Chassard"},"url":"https:\/\/vosgesinfo.fr\/remiremontinfo\/author\/j-chassard882\/"}]}},"_links":{"self":[{"href":"https:\/\/vosgesinfo.fr\/remiremontinfo\/wp-json\/wp\/v2\/posts\/3563","targetHints":{"allow":["GET"]}}],"collection":[{"href":"https:\/\/vosgesinfo.fr\/remiremontinfo\/wp-json\/wp\/v2\/posts"}],"about":[{"href":"https:\/\/vosgesinfo.fr\/remiremontinfo\/wp-json\/wp\/v2\/types\/post"}],"author":[{"embeddable":true,"href":"https:\/\/vosgesinfo.fr\/remiremontinfo\/wp-json\/wp\/v2\/users\/414"}],"replies":[{"embeddable":true,"href":"https:\/\/vosgesinfo.fr\/remiremontinfo\/wp-json\/wp\/v2\/comments?post=3563"}],"version-history":[{"count":0,"href":"https:\/\/vosgesinfo.fr\/remiremontinfo\/wp-json\/wp\/v2\/posts\/3563\/revisions"}],"wp:featuredmedia":[{"embeddable":true,"href":"https:\/\/vosgesinfo.fr\/remiremontinfo\/wp-json\/wp\/v2\/media\/3304"}],"wp:attachment":[{"href":"https:\/\/vosgesinfo.fr\/remiremontinfo\/wp-json\/wp\/v2\/media?parent=3563"}],"wp:term":[{"taxonomy":"category","embeddable":true,"href":"https:\/\/vosgesinfo.fr\/remiremontinfo\/wp-json\/wp\/v2\/categories?post=3563"},{"taxonomy":"post_tag","embeddable":true,"href":"https:\/\/vosgesinfo.fr\/remiremontinfo\/wp-json\/wp\/v2\/tags?post=3563"}],"curies":[{"name":"wp","href":"https:\/\/api.w.org\/{rel}","templated":true}]}}