{"id":35745,"date":"2021-01-06T09:53:50","date_gmt":"2021-01-06T08:53:50","guid":{"rendered":"https:\/\/vosgesinfo.fr\/remiremontinfo\/2021\/01\/remiremont-grande-quantite-darmes-dexplosifs-decouverte-chez-habitant\/"},"modified":"2021-01-06T09:53:50","modified_gmt":"2021-01-06T08:53:50","slug":"remiremont-grande-quantite-darmes-dexplosifs-decouverte-chez-habitant","status":"publish","type":"post","link":"https:\/\/vosgesinfo.fr\/remiremontinfo\/2021\/01\/remiremont-grande-quantite-darmes-dexplosifs-decouverte-chez-habitant\/","title":{"rendered":"Remiremont\u00a0: une grande quantit\u00e9 d\u2019armes et d\u2019explosifs d\u00e9couverte chez un habitant"},"content":{"rendered":"<p style=\"text-align: center;\"><a href=\"\/2021\/01\/Capture-d\u2019\u00e9cran-2021-01-06-105207.png\"><img decoding=\"async\" class=\"alignnone size-full wp-image-306047\" src=\"\/2021\/01\/Capture-d\u2019\u00e9cran-2021-01-06-105207.png\" alt=\"Capture d\u2019\u00e9cran 2021-01-06 105207\" width=\"800\" height=\"517\" \/><\/a><\/p>\n<h2><span style=\"font-size: 12pt;\"><strong>Ce mardi apr\u00e8s-midi, le quartier situ\u00e9 autour de la rue Maldoyenne a \u00e9t\u00e9 boucl\u00e9. Des armes, et une grande quantit\u00e9 d\u2019explosifs, ont \u00e9t\u00e9 d\u00e9couverts chez un habitant. T\u00f4t ce matin, le maire Jean-Benoit Tisserand est all\u00e9 \u00e0 la rencontre des riverains pour les rassurer.<\/strong><\/span><\/h2>\n<p>L\u2019\u00e9quipe du commissariat de Police de Remiremont est intervenue ce mardi <em>\u00ab\u00a0sur une suspicion de d\u00e9tention d\u2019arme\u00a0\u00bb<\/em>, affirme le maire. Une suspicion qui s\u2019est av\u00e9r\u00e9e exacte. Une quantit\u00e9 importante d\u2019armes et d\u2019explosifs a \u00e9t\u00e9 d\u00e9couverte. <em>\u00ab\u00a0La personne qui a \u00e9t\u00e9 interpell\u00e9e, c\u2019est quelqu\u2019un (\u2026) qui ne posait aucun probl\u00e8me\u00a0\u00bb<\/em>. Un homme de 70 ans, <em>\u00ab\u00a0tr\u00e8s discret\u00a0\u00bb<\/em>, selon les voisins. Il habitait la maison depuis une dizaine d\u2019ann\u00e9es. La brigade de d\u00e9minage de Colmar s\u2019est rendue sur place. Le suspect a semble t\u2019il coop\u00e9r\u00e9 sans probl\u00e8me. <em>\u00ab\u00a0La personne n\u2019\u00e9tait pas belliqueuse\u00a0\u00bb<\/em>, affirme Jean-Beno\u00eet Tisserand. Elle n\u2019avait semble t\u2019il pas l\u2019intention d\u2019utiliser tout ce beau mat\u00e9riel pour commettre des actes regrettables.<\/p>\n<p>Le quartier a \u00e9t\u00e9 boucl\u00e9 pendant plusieurs heures, sur un rayon de quelques centaines de m\u00e8tres. Le trajet des bus scolaires a \u00e9t\u00e9 contourn\u00e9. <em>\u00ab\u00a0La police a demand\u00e9 aux voisins les plus proches de quitter leur domicile pendant l\u2019intervention\u00a0\u00bb<\/em>. Les habitants concern\u00e9s ont pu \u00eatre accueillis \u00e0 la mairie. <em>\u00ab\u00a0J\u2019avais mis en place une possibilit\u00e9 d\u2019h\u00e9bergement\u00a0\u00bb<\/em>, explique le maire. Au cas o\u00f9 l\u2019intervention se prolonge tard dans la nuit. <em>\u00ab\u00a0Heureusement, on n\u2019en est pas arriv\u00e9 l\u00e0\u00a0\u00bb<\/em>. La police municipale de Remiremont a particip\u00e9 \u00e0 l\u2019intervention. Le maire \u00e9tait \u00e9galement pr\u00e9sent. Il salue <em>\u00ab\u00a0le sang froid et le grand professionnalisme des forces de s\u00e9curit\u00e9\u00a0\u00bb<\/em>. L\u2019op\u00e9ration <em>\u00ab\u00a0s\u2019est bien d\u00e9roul\u00e9e\u00a0\u00bb<\/em>. D\u00e9sormais, tout est s\u00e9curis\u00e9 sur place. <em>\u00ab\u00a0Une proc\u00e9dure judiciaire est en court\u00a0\u00bb<\/em>.<\/p>\n","protected":false},"excerpt":{"rendered":"<p>Ce mardi apr\u00e8s-midi, le quartier situ\u00e9 autour de la rue Maldoyenne a \u00e9t\u00e9 boucl\u00e9. Des armes, et une grande quantit\u00e9 [&hellip;]<\/p>\n","protected":false},"author":407,"featured_media":35746,"comment_status":"open","ping_status":"open","sticky":false,"template":"","format":"standard","meta":{"footnotes":""},"categories":[26,8,1556,35],"tags":[],"class_list":["post-35745","post","type-post","status-publish","format-standard","has-post-thumbnail","hentry","category-a-la-une","category-faits-divers","category-remiremont-remiremont-son-canton-2","category-remiremont-son-canton"],"acf":[],"yoast_head":"<!-- This site is optimized with the Yoast SEO plugin v22.5 - https:\/\/yoast.com\/wordpress\/plugins\/seo\/ -->\n<title>Remiremont\u00a0: une grande quantit\u00e9 d\u2019armes et d\u2019explosifs d\u00e9couverte chez un habitant - Remiremont Info<\/title>\n<meta name=\"robots\" content=\"index, follow, max-snippet:-1, max-image-preview:large, max-video-preview:-1\" \/>\n<link rel=\"canonical\" href=\"https:\/\/vosgesinfo.fr\/remiremontinfo\/2021\/01\/remiremont-grande-quantite-darmes-dexplosifs-decouverte-chez-habitant\/\" \/>\n<meta name=\"twitter:card\" content=\"summary_large_image\" \/>\n<meta name=\"twitter:title\" content=\"Remiremont\u00a0: une grande quantit\u00e9 d\u2019armes et d\u2019explosifs d\u00e9couverte chez un habitant - Remiremont Info\" \/>\n<meta name=\"twitter:description\" content=\"Ce mardi apr\u00e8s-midi, le quartier situ\u00e9 autour de la rue Maldoyenne a \u00e9t\u00e9 boucl\u00e9. Des armes, et une grande quantit\u00e9 [&hellip;]\" \/>\n<meta name=\"twitter:image\" content=\"https:\/\/vosgesinfo.fr\/app\/uploads\/sites\/5\/2024\/09\/202101capture-decran-2021-01-06-105207.png\" \/>\n<meta name=\"twitter:creator\" content=\"@VosgesInfo88\" \/>\n<meta name=\"twitter:site\" content=\"@VosgesInfo88\" \/>\n<meta name=\"twitter:label1\" content=\"\u00c9crit par\" \/>\n\t<meta name=\"twitter:data1\" content=\"C D\" \/>\n\t<meta name=\"twitter:label2\" content=\"Dur\u00e9e de lecture estim\u00e9e\" \/>\n\t<meta name=\"twitter:data2\" content=\"2 minutes\" \/>\n<script type=\"application\/ld+json\" class=\"yoast-schema-graph\">{\"@context\":\"https:\/\/schema.org\",\"@graph\":[{\"@type\":\"Article\",\"@id\":\"https:\/\/vosgesinfo.fr\/remiremontinfo\/2021\/01\/remiremont-grande-quantite-darmes-dexplosifs-decouverte-chez-habitant\/#article\",\"isPartOf\":{\"@id\":\"https:\/\/vosgesinfo.fr\/remiremontinfo\/2021\/01\/remiremont-grande-quantite-darmes-dexplosifs-decouverte-chez-habitant\/\"},\"author\":{\"name\":\"C D\",\"@id\":\"https:\/\/vosgesinfo.fr\/remiremontinfo\/#\/schema\/person\/3bfd164d5218a185b1db68655a265316\"},\"headline\":\"Remiremont\u00a0: une grande quantit\u00e9 d\u2019armes et d\u2019explosifs d\u00e9couverte chez un habitant\",\"datePublished\":\"2021-01-06T08:53:50+00:00\",\"dateModified\":\"2021-01-06T08:53:50+00:00\",\"mainEntityOfPage\":{\"@id\":\"https:\/\/vosgesinfo.fr\/remiremontinfo\/2021\/01\/remiremont-grande-quantite-darmes-dexplosifs-decouverte-chez-habitant\/\"},\"wordCount\":332,\"commentCount\":0,\"publisher\":{\"@id\":\"https:\/\/vosgesinfo.fr\/remiremontinfo\/#organization\"},\"image\":{\"@id\":\"https:\/\/vosgesinfo.fr\/remiremontinfo\/2021\/01\/remiremont-grande-quantite-darmes-dexplosifs-decouverte-chez-habitant\/#primaryimage\"},\"thumbnailUrl\":\"https:\/\/vosgesinfo.fr\/app\/uploads\/sites\/5\/2024\/09\/202101capture-decran-2021-01-06-105207.png\",\"articleSection\":[\"A la Une\",\"Faits-divers\",\"Remiremont\",\"Remiremont &amp; son canton\"],\"inLanguage\":\"fr-FR\",\"potentialAction\":[{\"@type\":\"CommentAction\",\"name\":\"Comment\",\"target\":[\"https:\/\/vosgesinfo.fr\/remiremontinfo\/2021\/01\/remiremont-grande-quantite-darmes-dexplosifs-decouverte-chez-habitant\/#respond\"]}]},{\"@type\":\"WebPage\",\"@id\":\"https:\/\/vosgesinfo.fr\/remiremontinfo\/2021\/01\/remiremont-grande-quantite-darmes-dexplosifs-decouverte-chez-habitant\/\",\"url\":\"https:\/\/vosgesinfo.fr\/remiremontinfo\/2021\/01\/remiremont-grande-quantite-darmes-dexplosifs-decouverte-chez-habitant\/\",\"name\":\"Remiremont\u00a0: une grande quantit\u00e9 d\u2019armes et d\u2019explosifs d\u00e9couverte chez un habitant - Remiremont Info\",\"isPartOf\":{\"@id\":\"https:\/\/vosgesinfo.fr\/remiremontinfo\/#website\"},\"primaryImageOfPage\":{\"@id\":\"https:\/\/vosgesinfo.fr\/remiremontinfo\/2021\/01\/remiremont-grande-quantite-darmes-dexplosifs-decouverte-chez-habitant\/#primaryimage\"},\"image\":{\"@id\":\"https:\/\/vosgesinfo.fr\/remiremontinfo\/2021\/01\/remiremont-grande-quantite-darmes-dexplosifs-decouverte-chez-habitant\/#primaryimage\"},\"thumbnailUrl\":\"https:\/\/vosgesinfo.fr\/app\/uploads\/sites\/5\/2024\/09\/202101capture-decran-2021-01-06-105207.png\",\"datePublished\":\"2021-01-06T08:53:50+00:00\",\"dateModified\":\"2021-01-06T08:53:50+00:00\",\"breadcrumb\":{\"@id\":\"https:\/\/vosgesinfo.fr\/remiremontinfo\/2021\/01\/remiremont-grande-quantite-darmes-dexplosifs-decouverte-chez-habitant\/#breadcrumb\"},\"inLanguage\":\"fr-FR\",\"potentialAction\":[{\"@type\":\"ReadAction\",\"target\":[\"https:\/\/vosgesinfo.fr\/remiremontinfo\/2021\/01\/remiremont-grande-quantite-darmes-dexplosifs-decouverte-chez-habitant\/\"]}]},{\"@type\":\"ImageObject\",\"inLanguage\":\"fr-FR\",\"@id\":\"https:\/\/vosgesinfo.fr\/remiremontinfo\/2021\/01\/remiremont-grande-quantite-darmes-dexplosifs-decouverte-chez-habitant\/#primaryimage\",\"url\":\"https:\/\/vosgesinfo.fr\/app\/uploads\/sites\/5\/2024\/09\/202101capture-decran-2021-01-06-105207.png\",\"contentUrl\":\"https:\/\/vosgesinfo.fr\/app\/uploads\/sites\/5\/2024\/09\/202101capture-decran-2021-01-06-105207.png\",\"width\":800,\"height\":517},{\"@type\":\"BreadcrumbList\",\"@id\":\"https:\/\/vosgesinfo.fr\/remiremontinfo\/2021\/01\/remiremont-grande-quantite-darmes-dexplosifs-decouverte-chez-habitant\/#breadcrumb\",\"itemListElement\":[{\"@type\":\"ListItem\",\"position\":1,\"name\":\"Home\",\"item\":\"https:\/\/vosgesinfo.fr\/remiremontinfo\/\"},{\"@type\":\"ListItem\",\"position\":2,\"name\":\"Remiremont\u00a0: une grande quantit\u00e9 d\u2019armes et d\u2019explosifs d\u00e9couverte chez un habitant\"}]},{\"@type\":\"WebSite\",\"@id\":\"https:\/\/vosgesinfo.fr\/remiremontinfo\/#website\",\"url\":\"https:\/\/vosgesinfo.fr\/remiremontinfo\/\",\"name\":\"Remiremont Info\",\"description\":\"Toute l&#039;actualit\u00e9 de Remiremont\",\"publisher\":{\"@id\":\"https:\/\/vosgesinfo.fr\/remiremontinfo\/#organization\"},\"alternateName\":\"Toute l'actualit\u00e9 de Remiremont\",\"potentialAction\":[{\"@type\":\"SearchAction\",\"target\":{\"@type\":\"EntryPoint\",\"urlTemplate\":\"https:\/\/vosgesinfo.fr\/remiremontinfo\/?s={search_term_string}\"},\"query-input\":\"required name=search_term_string\"}],\"inLanguage\":\"fr-FR\"},{\"@type\":\"Organization\",\"@id\":\"https:\/\/vosgesinfo.fr\/remiremontinfo\/#organization\",\"name\":\"Remiremont Info\",\"url\":\"https:\/\/vosgesinfo.fr\/remiremontinfo\/\",\"logo\":{\"@type\":\"ImageObject\",\"inLanguage\":\"fr-FR\",\"@id\":\"https:\/\/vosgesinfo.fr\/remiremontinfo\/#\/schema\/logo\/image\/\",\"url\":\"https:\/\/vosgesinfo.fr\/app\/uploads\/sites\/5\/2023\/08\/favicon-remiremontinfo.png\",\"contentUrl\":\"https:\/\/vosgesinfo.fr\/app\/uploads\/sites\/5\/2023\/08\/favicon-remiremontinfo.png\",\"width\":512,\"height\":512,\"caption\":\"Remiremont Info\"},\"image\":{\"@id\":\"https:\/\/vosgesinfo.fr\/remiremontinfo\/#\/schema\/logo\/image\/\"},\"sameAs\":[\"https:\/\/www.facebook.com\/remiremontinfo\",\"https:\/\/x.com\/VosgesInfo88\",\"https:\/\/www.youtube.com\/@vosgesinfo\"]},{\"@type\":\"Person\",\"@id\":\"https:\/\/vosgesinfo.fr\/remiremontinfo\/#\/schema\/person\/3bfd164d5218a185b1db68655a265316\",\"name\":\"C D\",\"image\":{\"@type\":\"ImageObject\",\"inLanguage\":\"fr-FR\",\"@id\":\"https:\/\/vosgesinfo.fr\/remiremontinfo\/#\/schema\/person\/image\/\",\"url\":\"https:\/\/secure.gravatar.com\/avatar\/1f9a70007336511a47468b8f1c66f922b8b7cf617b02a31149ada43893a5d48f?s=96&d=mm&r=g\",\"contentUrl\":\"https:\/\/secure.gravatar.com\/avatar\/1f9a70007336511a47468b8f1c66f922b8b7cf617b02a31149ada43893a5d48f?s=96&d=mm&r=g\",\"caption\":\"C D\"},\"url\":\"https:\/\/vosgesinfo.fr\/remiremontinfo\/author\/cedric-drevet\/\"}]}<\/script>\n<!-- \/ Yoast SEO plugin. -->","yoast_head_json":{"title":"Remiremont\u00a0: une grande quantit\u00e9 d\u2019armes et d\u2019explosifs d\u00e9couverte chez un habitant - Remiremont Info","robots":{"index":"index","follow":"follow","max-snippet":"max-snippet:-1","max-image-preview":"max-image-preview:large","max-video-preview":"max-video-preview:-1"},"canonical":"https:\/\/vosgesinfo.fr\/remiremontinfo\/2021\/01\/remiremont-grande-quantite-darmes-dexplosifs-decouverte-chez-habitant\/","twitter_card":"summary_large_image","twitter_title":"Remiremont\u00a0: une grande quantit\u00e9 d\u2019armes et d\u2019explosifs d\u00e9couverte chez un habitant - Remiremont Info","twitter_description":"Ce mardi apr\u00e8s-midi, le quartier situ\u00e9 autour de la rue Maldoyenne a \u00e9t\u00e9 boucl\u00e9. Des armes, et une grande quantit\u00e9 [&hellip;]","twitter_image":"https:\/\/vosgesinfo.fr\/app\/uploads\/sites\/5\/2024\/09\/202101capture-decran-2021-01-06-105207.png","twitter_creator":"@VosgesInfo88","twitter_site":"@VosgesInfo88","twitter_misc":{"\u00c9crit par":"C D","Dur\u00e9e de lecture estim\u00e9e":"2 minutes"},"schema":{"@context":"https:\/\/schema.org","@graph":[{"@type":"Article","@id":"https:\/\/vosgesinfo.fr\/remiremontinfo\/2021\/01\/remiremont-grande-quantite-darmes-dexplosifs-decouverte-chez-habitant\/#article","isPartOf":{"@id":"https:\/\/vosgesinfo.fr\/remiremontinfo\/2021\/01\/remiremont-grande-quantite-darmes-dexplosifs-decouverte-chez-habitant\/"},"author":{"name":"C D","@id":"https:\/\/vosgesinfo.fr\/remiremontinfo\/#\/schema\/person\/3bfd164d5218a185b1db68655a265316"},"headline":"Remiremont\u00a0: une grande quantit\u00e9 d\u2019armes et d\u2019explosifs d\u00e9couverte chez un habitant","datePublished":"2021-01-06T08:53:50+00:00","dateModified":"2021-01-06T08:53:50+00:00","mainEntityOfPage":{"@id":"https:\/\/vosgesinfo.fr\/remiremontinfo\/2021\/01\/remiremont-grande-quantite-darmes-dexplosifs-decouverte-chez-habitant\/"},"wordCount":332,"commentCount":0,"publisher":{"@id":"https:\/\/vosgesinfo.fr\/remiremontinfo\/#organization"},"image":{"@id":"https:\/\/vosgesinfo.fr\/remiremontinfo\/2021\/01\/remiremont-grande-quantite-darmes-dexplosifs-decouverte-chez-habitant\/#primaryimage"},"thumbnailUrl":"https:\/\/vosgesinfo.fr\/app\/uploads\/sites\/5\/2024\/09\/202101capture-decran-2021-01-06-105207.png","articleSection":["A la Une","Faits-divers","Remiremont","Remiremont &amp; son canton"],"inLanguage":"fr-FR","potentialAction":[{"@type":"CommentAction","name":"Comment","target":["https:\/\/vosgesinfo.fr\/remiremontinfo\/2021\/01\/remiremont-grande-quantite-darmes-dexplosifs-decouverte-chez-habitant\/#respond"]}]},{"@type":"WebPage","@id":"https:\/\/vosgesinfo.fr\/remiremontinfo\/2021\/01\/remiremont-grande-quantite-darmes-dexplosifs-decouverte-chez-habitant\/","url":"https:\/\/vosgesinfo.fr\/remiremontinfo\/2021\/01\/remiremont-grande-quantite-darmes-dexplosifs-decouverte-chez-habitant\/","name":"Remiremont\u00a0: une grande quantit\u00e9 d\u2019armes et d\u2019explosifs d\u00e9couverte chez un habitant - Remiremont Info","isPartOf":{"@id":"https:\/\/vosgesinfo.fr\/remiremontinfo\/#website"},"primaryImageOfPage":{"@id":"https:\/\/vosgesinfo.fr\/remiremontinfo\/2021\/01\/remiremont-grande-quantite-darmes-dexplosifs-decouverte-chez-habitant\/#primaryimage"},"image":{"@id":"https:\/\/vosgesinfo.fr\/remiremontinfo\/2021\/01\/remiremont-grande-quantite-darmes-dexplosifs-decouverte-chez-habitant\/#primaryimage"},"thumbnailUrl":"https:\/\/vosgesinfo.fr\/app\/uploads\/sites\/5\/2024\/09\/202101capture-decran-2021-01-06-105207.png","datePublished":"2021-01-06T08:53:50+00:00","dateModified":"2021-01-06T08:53:50+00:00","breadcrumb":{"@id":"https:\/\/vosgesinfo.fr\/remiremontinfo\/2021\/01\/remiremont-grande-quantite-darmes-dexplosifs-decouverte-chez-habitant\/#breadcrumb"},"inLanguage":"fr-FR","potentialAction":[{"@type":"ReadAction","target":["https:\/\/vosgesinfo.fr\/remiremontinfo\/2021\/01\/remiremont-grande-quantite-darmes-dexplosifs-decouverte-chez-habitant\/"]}]},{"@type":"ImageObject","inLanguage":"fr-FR","@id":"https:\/\/vosgesinfo.fr\/remiremontinfo\/2021\/01\/remiremont-grande-quantite-darmes-dexplosifs-decouverte-chez-habitant\/#primaryimage","url":"https:\/\/vosgesinfo.fr\/app\/uploads\/sites\/5\/2024\/09\/202101capture-decran-2021-01-06-105207.png","contentUrl":"https:\/\/vosgesinfo.fr\/app\/uploads\/sites\/5\/2024\/09\/202101capture-decran-2021-01-06-105207.png","width":800,"height":517},{"@type":"BreadcrumbList","@id":"https:\/\/vosgesinfo.fr\/remiremontinfo\/2021\/01\/remiremont-grande-quantite-darmes-dexplosifs-decouverte-chez-habitant\/#breadcrumb","itemListElement":[{"@type":"ListItem","position":1,"name":"Home","item":"https:\/\/vosgesinfo.fr\/remiremontinfo\/"},{"@type":"ListItem","position":2,"name":"Remiremont\u00a0: une grande quantit\u00e9 d\u2019armes et d\u2019explosifs d\u00e9couverte chez un habitant"}]},{"@type":"WebSite","@id":"https:\/\/vosgesinfo.fr\/remiremontinfo\/#website","url":"https:\/\/vosgesinfo.fr\/remiremontinfo\/","name":"Remiremont Info","description":"Toute l&#039;actualit\u00e9 de Remiremont","publisher":{"@id":"https:\/\/vosgesinfo.fr\/remiremontinfo\/#organization"},"alternateName":"Toute l'actualit\u00e9 de Remiremont","potentialAction":[{"@type":"SearchAction","target":{"@type":"EntryPoint","urlTemplate":"https:\/\/vosgesinfo.fr\/remiremontinfo\/?s={search_term_string}"},"query-input":"required name=search_term_string"}],"inLanguage":"fr-FR"},{"@type":"Organization","@id":"https:\/\/vosgesinfo.fr\/remiremontinfo\/#organization","name":"Remiremont Info","url":"https:\/\/vosgesinfo.fr\/remiremontinfo\/","logo":{"@type":"ImageObject","inLanguage":"fr-FR","@id":"https:\/\/vosgesinfo.fr\/remiremontinfo\/#\/schema\/logo\/image\/","url":"https:\/\/vosgesinfo.fr\/app\/uploads\/sites\/5\/2023\/08\/favicon-remiremontinfo.png","contentUrl":"https:\/\/vosgesinfo.fr\/app\/uploads\/sites\/5\/2023\/08\/favicon-remiremontinfo.png","width":512,"height":512,"caption":"Remiremont Info"},"image":{"@id":"https:\/\/vosgesinfo.fr\/remiremontinfo\/#\/schema\/logo\/image\/"},"sameAs":["https:\/\/www.facebook.com\/remiremontinfo","https:\/\/x.com\/VosgesInfo88","https:\/\/www.youtube.com\/@vosgesinfo"]},{"@type":"Person","@id":"https:\/\/vosgesinfo.fr\/remiremontinfo\/#\/schema\/person\/3bfd164d5218a185b1db68655a265316","name":"C D","image":{"@type":"ImageObject","inLanguage":"fr-FR","@id":"https:\/\/vosgesinfo.fr\/remiremontinfo\/#\/schema\/person\/image\/","url":"https:\/\/secure.gravatar.com\/avatar\/1f9a70007336511a47468b8f1c66f922b8b7cf617b02a31149ada43893a5d48f?s=96&d=mm&r=g","contentUrl":"https:\/\/secure.gravatar.com\/avatar\/1f9a70007336511a47468b8f1c66f922b8b7cf617b02a31149ada43893a5d48f?s=96&d=mm&r=g","caption":"C D"},"url":"https:\/\/vosgesinfo.fr\/remiremontinfo\/author\/cedric-drevet\/"}]}},"_links":{"self":[{"href":"https:\/\/vosgesinfo.fr\/remiremontinfo\/wp-json\/wp\/v2\/posts\/35745","targetHints":{"allow":["GET"]}}],"collection":[{"href":"https:\/\/vosgesinfo.fr\/remiremontinfo\/wp-json\/wp\/v2\/posts"}],"about":[{"href":"https:\/\/vosgesinfo.fr\/remiremontinfo\/wp-json\/wp\/v2\/types\/post"}],"author":[{"embeddable":true,"href":"https:\/\/vosgesinfo.fr\/remiremontinfo\/wp-json\/wp\/v2\/users\/407"}],"replies":[{"embeddable":true,"href":"https:\/\/vosgesinfo.fr\/remiremontinfo\/wp-json\/wp\/v2\/comments?post=35745"}],"version-history":[{"count":0,"href":"https:\/\/vosgesinfo.fr\/remiremontinfo\/wp-json\/wp\/v2\/posts\/35745\/revisions"}],"wp:featuredmedia":[{"embeddable":true,"href":"https:\/\/vosgesinfo.fr\/remiremontinfo\/wp-json\/wp\/v2\/media\/35746"}],"wp:attachment":[{"href":"https:\/\/vosgesinfo.fr\/remiremontinfo\/wp-json\/wp\/v2\/media?parent=35745"}],"wp:term":[{"taxonomy":"category","embeddable":true,"href":"https:\/\/vosgesinfo.fr\/remiremontinfo\/wp-json\/wp\/v2\/categories?post=35745"},{"taxonomy":"post_tag","embeddable":true,"href":"https:\/\/vosgesinfo.fr\/remiremontinfo\/wp-json\/wp\/v2\/tags?post=35745"}],"curies":[{"name":"wp","href":"https:\/\/api.w.org\/{rel}","templated":true}]}}