{"id":35747,"date":"2021-01-06T10:11:42","date_gmt":"2021-01-06T09:11:42","guid":{"rendered":"https:\/\/vosgesinfo.fr\/remiremontinfo\/2021\/01\/armes-explosifs-jean-benoit-tisserand-rencontre-habitants-quartier-de-rue-maldoyenne\/"},"modified":"2021-01-06T10:11:42","modified_gmt":"2021-01-06T09:11:42","slug":"armes-explosifs-jean-benoit-tisserand-rencontre-habitants-quartier-de-rue-maldoyenne","status":"publish","type":"post","link":"https:\/\/vosgesinfo.fr\/remiremontinfo\/2021\/01\/armes-explosifs-jean-benoit-tisserand-rencontre-habitants-quartier-de-rue-maldoyenne\/","title":{"rendered":"Armes et explosifs : Jean-Benoit Tisserand rencontre les habitants du quartier de la rue Maldoyenne"},"content":{"rendered":"<p style=\"text-align: center;\"><a href=\"\/2021\/01\/Capture-d\u2019\u00e9cran-2021-01-06-110759.png\"><img decoding=\"async\" class=\"alignnone size-full wp-image-306052\" src=\"\/2021\/01\/Capture-d\u2019\u00e9cran-2021-01-06-110759.png\" alt=\"Capture d\u2019\u00e9cran 2021-01-06 110759\" width=\"800\" height=\"546\" \/><\/a><\/p>\n<p><span style=\"font-size: 10pt;\"><em>Photo Mairie de Remiremont<\/em><\/span><\/p>\n<h2><span style=\"font-size: 12pt;\"><strong>Mardi 5 janvier apr\u00e8s-midi, une importante intervention de police est survenue dans le quartier de la rue Maldoyenne. Elle a n\u00e9cessit\u00e9 l\u2019intervention de la brigade de d\u00e9minage. Des armes et des explosifs ont \u00e9t\u00e9 trouv\u00e9s au domicile d\u2019un riverain. <\/strong><\/span><\/h2>\n<p>Pour des raisons de s\u00e9curit\u00e9, le p\u00e9rim\u00e8tre a \u00e9t\u00e9 boucl\u00e9 plusieurs heures, le temps de s\u2019assurer qu\u2019aucun risque ne subsistait ; les riverains ont \u00e9t\u00e9 invit\u00e9s \u00e0 quitter leur domicile, un accueil en mairie leur a \u00e9t\u00e9 naturellement propos\u00e9. Le Maire Jean-Benoit Tisserand \u00e9tait pr\u00e9sent sur les lieux au cours de cette op\u00e9ration. Au nom des Romarimontains, il salue le grand professionnalisme et l\u2019efficacit\u00e9 des forces de l\u2019ordre. Il est all\u00e9 \u00e0 la rencontre des riverains ce mercredi matin pour les rassurer et leur expliquer que leur quartier allait retrouver sa tranquillit\u00e9.<\/p>\n<p><em>Mairie de Remiremont<\/em><\/p>\n","protected":false},"excerpt":{"rendered":"<p>Photo Mairie de Remiremont Mardi 5 janvier apr\u00e8s-midi, une importante intervention de police est survenue dans le quartier de la [&hellip;]<\/p>\n","protected":false},"author":407,"featured_media":35748,"comment_status":"open","ping_status":"open","sticky":false,"template":"","format":"standard","meta":{"footnotes":""},"categories":[26,8,1556,35],"tags":[],"class_list":["post-35747","post","type-post","status-publish","format-standard","has-post-thumbnail","hentry","category-a-la-une","category-faits-divers","category-remiremont-remiremont-son-canton-2","category-remiremont-son-canton"],"acf":[],"yoast_head":"<!-- This site is optimized with the Yoast SEO plugin v22.5 - https:\/\/yoast.com\/wordpress\/plugins\/seo\/ -->\n<title>Armes et explosifs : Jean-Benoit Tisserand rencontre les habitants du quartier de la rue Maldoyenne - Remiremont Info<\/title>\n<meta name=\"robots\" content=\"index, follow, max-snippet:-1, max-image-preview:large, max-video-preview:-1\" \/>\n<link rel=\"canonical\" href=\"https:\/\/vosgesinfo.fr\/remiremontinfo\/2021\/01\/armes-explosifs-jean-benoit-tisserand-rencontre-habitants-quartier-de-rue-maldoyenne\/\" \/>\n<meta name=\"twitter:card\" content=\"summary_large_image\" \/>\n<meta name=\"twitter:title\" content=\"Armes et explosifs : Jean-Benoit Tisserand rencontre les habitants du quartier de la rue Maldoyenne - Remiremont Info\" \/>\n<meta name=\"twitter:description\" content=\"Photo Mairie de Remiremont Mardi 5 janvier apr\u00e8s-midi, une importante intervention de police est survenue dans le quartier de la [&hellip;]\" \/>\n<meta name=\"twitter:image\" content=\"https:\/\/vosgesinfo.fr\/app\/uploads\/sites\/5\/2024\/09\/202101capture-decran-2021-01-06-110759.png\" \/>\n<meta name=\"twitter:creator\" content=\"@VosgesInfo88\" \/>\n<meta name=\"twitter:site\" content=\"@VosgesInfo88\" \/>\n<meta name=\"twitter:label1\" content=\"\u00c9crit par\" \/>\n\t<meta name=\"twitter:data1\" content=\"C D\" \/>\n\t<meta name=\"twitter:label2\" content=\"Dur\u00e9e de lecture estim\u00e9e\" \/>\n\t<meta name=\"twitter:data2\" content=\"1 minute\" \/>\n<script type=\"application\/ld+json\" class=\"yoast-schema-graph\">{\"@context\":\"https:\/\/schema.org\",\"@graph\":[{\"@type\":\"Article\",\"@id\":\"https:\/\/vosgesinfo.fr\/remiremontinfo\/2021\/01\/armes-explosifs-jean-benoit-tisserand-rencontre-habitants-quartier-de-rue-maldoyenne\/#article\",\"isPartOf\":{\"@id\":\"https:\/\/vosgesinfo.fr\/remiremontinfo\/2021\/01\/armes-explosifs-jean-benoit-tisserand-rencontre-habitants-quartier-de-rue-maldoyenne\/\"},\"author\":{\"name\":\"C D\",\"@id\":\"https:\/\/vosgesinfo.fr\/remiremontinfo\/#\/schema\/person\/3bfd164d5218a185b1db68655a265316\"},\"headline\":\"Armes et explosifs : Jean-Benoit Tisserand rencontre les habitants du quartier de la rue Maldoyenne\",\"datePublished\":\"2021-01-06T09:11:42+00:00\",\"dateModified\":\"2021-01-06T09:11:42+00:00\",\"mainEntityOfPage\":{\"@id\":\"https:\/\/vosgesinfo.fr\/remiremontinfo\/2021\/01\/armes-explosifs-jean-benoit-tisserand-rencontre-habitants-quartier-de-rue-maldoyenne\/\"},\"wordCount\":164,\"commentCount\":0,\"publisher\":{\"@id\":\"https:\/\/vosgesinfo.fr\/remiremontinfo\/#organization\"},\"image\":{\"@id\":\"https:\/\/vosgesinfo.fr\/remiremontinfo\/2021\/01\/armes-explosifs-jean-benoit-tisserand-rencontre-habitants-quartier-de-rue-maldoyenne\/#primaryimage\"},\"thumbnailUrl\":\"https:\/\/vosgesinfo.fr\/app\/uploads\/sites\/5\/2024\/09\/202101capture-decran-2021-01-06-110759.png\",\"articleSection\":[\"A la Une\",\"Faits-divers\",\"Remiremont\",\"Remiremont &amp; son canton\"],\"inLanguage\":\"fr-FR\",\"potentialAction\":[{\"@type\":\"CommentAction\",\"name\":\"Comment\",\"target\":[\"https:\/\/vosgesinfo.fr\/remiremontinfo\/2021\/01\/armes-explosifs-jean-benoit-tisserand-rencontre-habitants-quartier-de-rue-maldoyenne\/#respond\"]}]},{\"@type\":\"WebPage\",\"@id\":\"https:\/\/vosgesinfo.fr\/remiremontinfo\/2021\/01\/armes-explosifs-jean-benoit-tisserand-rencontre-habitants-quartier-de-rue-maldoyenne\/\",\"url\":\"https:\/\/vosgesinfo.fr\/remiremontinfo\/2021\/01\/armes-explosifs-jean-benoit-tisserand-rencontre-habitants-quartier-de-rue-maldoyenne\/\",\"name\":\"Armes et explosifs : Jean-Benoit Tisserand rencontre les habitants du quartier de la rue Maldoyenne - Remiremont Info\",\"isPartOf\":{\"@id\":\"https:\/\/vosgesinfo.fr\/remiremontinfo\/#website\"},\"primaryImageOfPage\":{\"@id\":\"https:\/\/vosgesinfo.fr\/remiremontinfo\/2021\/01\/armes-explosifs-jean-benoit-tisserand-rencontre-habitants-quartier-de-rue-maldoyenne\/#primaryimage\"},\"image\":{\"@id\":\"https:\/\/vosgesinfo.fr\/remiremontinfo\/2021\/01\/armes-explosifs-jean-benoit-tisserand-rencontre-habitants-quartier-de-rue-maldoyenne\/#primaryimage\"},\"thumbnailUrl\":\"https:\/\/vosgesinfo.fr\/app\/uploads\/sites\/5\/2024\/09\/202101capture-decran-2021-01-06-110759.png\",\"datePublished\":\"2021-01-06T09:11:42+00:00\",\"dateModified\":\"2021-01-06T09:11:42+00:00\",\"breadcrumb\":{\"@id\":\"https:\/\/vosgesinfo.fr\/remiremontinfo\/2021\/01\/armes-explosifs-jean-benoit-tisserand-rencontre-habitants-quartier-de-rue-maldoyenne\/#breadcrumb\"},\"inLanguage\":\"fr-FR\",\"potentialAction\":[{\"@type\":\"ReadAction\",\"target\":[\"https:\/\/vosgesinfo.fr\/remiremontinfo\/2021\/01\/armes-explosifs-jean-benoit-tisserand-rencontre-habitants-quartier-de-rue-maldoyenne\/\"]}]},{\"@type\":\"ImageObject\",\"inLanguage\":\"fr-FR\",\"@id\":\"https:\/\/vosgesinfo.fr\/remiremontinfo\/2021\/01\/armes-explosifs-jean-benoit-tisserand-rencontre-habitants-quartier-de-rue-maldoyenne\/#primaryimage\",\"url\":\"https:\/\/vosgesinfo.fr\/app\/uploads\/sites\/5\/2024\/09\/202101capture-decran-2021-01-06-110759.png\",\"contentUrl\":\"https:\/\/vosgesinfo.fr\/app\/uploads\/sites\/5\/2024\/09\/202101capture-decran-2021-01-06-110759.png\",\"width\":800,\"height\":546},{\"@type\":\"BreadcrumbList\",\"@id\":\"https:\/\/vosgesinfo.fr\/remiremontinfo\/2021\/01\/armes-explosifs-jean-benoit-tisserand-rencontre-habitants-quartier-de-rue-maldoyenne\/#breadcrumb\",\"itemListElement\":[{\"@type\":\"ListItem\",\"position\":1,\"name\":\"Home\",\"item\":\"https:\/\/vosgesinfo.fr\/remiremontinfo\/\"},{\"@type\":\"ListItem\",\"position\":2,\"name\":\"Armes et explosifs : Jean-Benoit Tisserand rencontre les habitants du quartier de la rue Maldoyenne\"}]},{\"@type\":\"WebSite\",\"@id\":\"https:\/\/vosgesinfo.fr\/remiremontinfo\/#website\",\"url\":\"https:\/\/vosgesinfo.fr\/remiremontinfo\/\",\"name\":\"Remiremont Info\",\"description\":\"Toute l&#039;actualit\u00e9 de Remiremont\",\"publisher\":{\"@id\":\"https:\/\/vosgesinfo.fr\/remiremontinfo\/#organization\"},\"alternateName\":\"Toute l'actualit\u00e9 de Remiremont\",\"potentialAction\":[{\"@type\":\"SearchAction\",\"target\":{\"@type\":\"EntryPoint\",\"urlTemplate\":\"https:\/\/vosgesinfo.fr\/remiremontinfo\/?s={search_term_string}\"},\"query-input\":\"required name=search_term_string\"}],\"inLanguage\":\"fr-FR\"},{\"@type\":\"Organization\",\"@id\":\"https:\/\/vosgesinfo.fr\/remiremontinfo\/#organization\",\"name\":\"Remiremont Info\",\"url\":\"https:\/\/vosgesinfo.fr\/remiremontinfo\/\",\"logo\":{\"@type\":\"ImageObject\",\"inLanguage\":\"fr-FR\",\"@id\":\"https:\/\/vosgesinfo.fr\/remiremontinfo\/#\/schema\/logo\/image\/\",\"url\":\"https:\/\/vosgesinfo.fr\/app\/uploads\/sites\/5\/2023\/08\/favicon-remiremontinfo.png\",\"contentUrl\":\"https:\/\/vosgesinfo.fr\/app\/uploads\/sites\/5\/2023\/08\/favicon-remiremontinfo.png\",\"width\":512,\"height\":512,\"caption\":\"Remiremont Info\"},\"image\":{\"@id\":\"https:\/\/vosgesinfo.fr\/remiremontinfo\/#\/schema\/logo\/image\/\"},\"sameAs\":[\"https:\/\/www.facebook.com\/remiremontinfo\",\"https:\/\/x.com\/VosgesInfo88\",\"https:\/\/www.youtube.com\/@vosgesinfo\"]},{\"@type\":\"Person\",\"@id\":\"https:\/\/vosgesinfo.fr\/remiremontinfo\/#\/schema\/person\/3bfd164d5218a185b1db68655a265316\",\"name\":\"C D\",\"image\":{\"@type\":\"ImageObject\",\"inLanguage\":\"fr-FR\",\"@id\":\"https:\/\/vosgesinfo.fr\/remiremontinfo\/#\/schema\/person\/image\/\",\"url\":\"https:\/\/secure.gravatar.com\/avatar\/1f9a70007336511a47468b8f1c66f922b8b7cf617b02a31149ada43893a5d48f?s=96&d=mm&r=g\",\"contentUrl\":\"https:\/\/secure.gravatar.com\/avatar\/1f9a70007336511a47468b8f1c66f922b8b7cf617b02a31149ada43893a5d48f?s=96&d=mm&r=g\",\"caption\":\"C D\"},\"url\":\"https:\/\/vosgesinfo.fr\/remiremontinfo\/author\/cedric-drevet\/\"}]}<\/script>\n<!-- \/ Yoast SEO plugin. -->","yoast_head_json":{"title":"Armes et explosifs : Jean-Benoit Tisserand rencontre les habitants du quartier de la rue Maldoyenne - Remiremont Info","robots":{"index":"index","follow":"follow","max-snippet":"max-snippet:-1","max-image-preview":"max-image-preview:large","max-video-preview":"max-video-preview:-1"},"canonical":"https:\/\/vosgesinfo.fr\/remiremontinfo\/2021\/01\/armes-explosifs-jean-benoit-tisserand-rencontre-habitants-quartier-de-rue-maldoyenne\/","twitter_card":"summary_large_image","twitter_title":"Armes et explosifs : Jean-Benoit Tisserand rencontre les habitants du quartier de la rue Maldoyenne - Remiremont Info","twitter_description":"Photo Mairie de Remiremont Mardi 5 janvier apr\u00e8s-midi, une importante intervention de police est survenue dans le quartier de la [&hellip;]","twitter_image":"https:\/\/vosgesinfo.fr\/app\/uploads\/sites\/5\/2024\/09\/202101capture-decran-2021-01-06-110759.png","twitter_creator":"@VosgesInfo88","twitter_site":"@VosgesInfo88","twitter_misc":{"\u00c9crit par":"C D","Dur\u00e9e de lecture estim\u00e9e":"1 minute"},"schema":{"@context":"https:\/\/schema.org","@graph":[{"@type":"Article","@id":"https:\/\/vosgesinfo.fr\/remiremontinfo\/2021\/01\/armes-explosifs-jean-benoit-tisserand-rencontre-habitants-quartier-de-rue-maldoyenne\/#article","isPartOf":{"@id":"https:\/\/vosgesinfo.fr\/remiremontinfo\/2021\/01\/armes-explosifs-jean-benoit-tisserand-rencontre-habitants-quartier-de-rue-maldoyenne\/"},"author":{"name":"C D","@id":"https:\/\/vosgesinfo.fr\/remiremontinfo\/#\/schema\/person\/3bfd164d5218a185b1db68655a265316"},"headline":"Armes et explosifs : Jean-Benoit Tisserand rencontre les habitants du quartier de la rue Maldoyenne","datePublished":"2021-01-06T09:11:42+00:00","dateModified":"2021-01-06T09:11:42+00:00","mainEntityOfPage":{"@id":"https:\/\/vosgesinfo.fr\/remiremontinfo\/2021\/01\/armes-explosifs-jean-benoit-tisserand-rencontre-habitants-quartier-de-rue-maldoyenne\/"},"wordCount":164,"commentCount":0,"publisher":{"@id":"https:\/\/vosgesinfo.fr\/remiremontinfo\/#organization"},"image":{"@id":"https:\/\/vosgesinfo.fr\/remiremontinfo\/2021\/01\/armes-explosifs-jean-benoit-tisserand-rencontre-habitants-quartier-de-rue-maldoyenne\/#primaryimage"},"thumbnailUrl":"https:\/\/vosgesinfo.fr\/app\/uploads\/sites\/5\/2024\/09\/202101capture-decran-2021-01-06-110759.png","articleSection":["A la Une","Faits-divers","Remiremont","Remiremont &amp; son canton"],"inLanguage":"fr-FR","potentialAction":[{"@type":"CommentAction","name":"Comment","target":["https:\/\/vosgesinfo.fr\/remiremontinfo\/2021\/01\/armes-explosifs-jean-benoit-tisserand-rencontre-habitants-quartier-de-rue-maldoyenne\/#respond"]}]},{"@type":"WebPage","@id":"https:\/\/vosgesinfo.fr\/remiremontinfo\/2021\/01\/armes-explosifs-jean-benoit-tisserand-rencontre-habitants-quartier-de-rue-maldoyenne\/","url":"https:\/\/vosgesinfo.fr\/remiremontinfo\/2021\/01\/armes-explosifs-jean-benoit-tisserand-rencontre-habitants-quartier-de-rue-maldoyenne\/","name":"Armes et explosifs : Jean-Benoit Tisserand rencontre les habitants du quartier de la rue Maldoyenne - Remiremont Info","isPartOf":{"@id":"https:\/\/vosgesinfo.fr\/remiremontinfo\/#website"},"primaryImageOfPage":{"@id":"https:\/\/vosgesinfo.fr\/remiremontinfo\/2021\/01\/armes-explosifs-jean-benoit-tisserand-rencontre-habitants-quartier-de-rue-maldoyenne\/#primaryimage"},"image":{"@id":"https:\/\/vosgesinfo.fr\/remiremontinfo\/2021\/01\/armes-explosifs-jean-benoit-tisserand-rencontre-habitants-quartier-de-rue-maldoyenne\/#primaryimage"},"thumbnailUrl":"https:\/\/vosgesinfo.fr\/app\/uploads\/sites\/5\/2024\/09\/202101capture-decran-2021-01-06-110759.png","datePublished":"2021-01-06T09:11:42+00:00","dateModified":"2021-01-06T09:11:42+00:00","breadcrumb":{"@id":"https:\/\/vosgesinfo.fr\/remiremontinfo\/2021\/01\/armes-explosifs-jean-benoit-tisserand-rencontre-habitants-quartier-de-rue-maldoyenne\/#breadcrumb"},"inLanguage":"fr-FR","potentialAction":[{"@type":"ReadAction","target":["https:\/\/vosgesinfo.fr\/remiremontinfo\/2021\/01\/armes-explosifs-jean-benoit-tisserand-rencontre-habitants-quartier-de-rue-maldoyenne\/"]}]},{"@type":"ImageObject","inLanguage":"fr-FR","@id":"https:\/\/vosgesinfo.fr\/remiremontinfo\/2021\/01\/armes-explosifs-jean-benoit-tisserand-rencontre-habitants-quartier-de-rue-maldoyenne\/#primaryimage","url":"https:\/\/vosgesinfo.fr\/app\/uploads\/sites\/5\/2024\/09\/202101capture-decran-2021-01-06-110759.png","contentUrl":"https:\/\/vosgesinfo.fr\/app\/uploads\/sites\/5\/2024\/09\/202101capture-decran-2021-01-06-110759.png","width":800,"height":546},{"@type":"BreadcrumbList","@id":"https:\/\/vosgesinfo.fr\/remiremontinfo\/2021\/01\/armes-explosifs-jean-benoit-tisserand-rencontre-habitants-quartier-de-rue-maldoyenne\/#breadcrumb","itemListElement":[{"@type":"ListItem","position":1,"name":"Home","item":"https:\/\/vosgesinfo.fr\/remiremontinfo\/"},{"@type":"ListItem","position":2,"name":"Armes et explosifs : Jean-Benoit Tisserand rencontre les habitants du quartier de la rue Maldoyenne"}]},{"@type":"WebSite","@id":"https:\/\/vosgesinfo.fr\/remiremontinfo\/#website","url":"https:\/\/vosgesinfo.fr\/remiremontinfo\/","name":"Remiremont Info","description":"Toute l&#039;actualit\u00e9 de Remiremont","publisher":{"@id":"https:\/\/vosgesinfo.fr\/remiremontinfo\/#organization"},"alternateName":"Toute l'actualit\u00e9 de Remiremont","potentialAction":[{"@type":"SearchAction","target":{"@type":"EntryPoint","urlTemplate":"https:\/\/vosgesinfo.fr\/remiremontinfo\/?s={search_term_string}"},"query-input":"required name=search_term_string"}],"inLanguage":"fr-FR"},{"@type":"Organization","@id":"https:\/\/vosgesinfo.fr\/remiremontinfo\/#organization","name":"Remiremont Info","url":"https:\/\/vosgesinfo.fr\/remiremontinfo\/","logo":{"@type":"ImageObject","inLanguage":"fr-FR","@id":"https:\/\/vosgesinfo.fr\/remiremontinfo\/#\/schema\/logo\/image\/","url":"https:\/\/vosgesinfo.fr\/app\/uploads\/sites\/5\/2023\/08\/favicon-remiremontinfo.png","contentUrl":"https:\/\/vosgesinfo.fr\/app\/uploads\/sites\/5\/2023\/08\/favicon-remiremontinfo.png","width":512,"height":512,"caption":"Remiremont Info"},"image":{"@id":"https:\/\/vosgesinfo.fr\/remiremontinfo\/#\/schema\/logo\/image\/"},"sameAs":["https:\/\/www.facebook.com\/remiremontinfo","https:\/\/x.com\/VosgesInfo88","https:\/\/www.youtube.com\/@vosgesinfo"]},{"@type":"Person","@id":"https:\/\/vosgesinfo.fr\/remiremontinfo\/#\/schema\/person\/3bfd164d5218a185b1db68655a265316","name":"C D","image":{"@type":"ImageObject","inLanguage":"fr-FR","@id":"https:\/\/vosgesinfo.fr\/remiremontinfo\/#\/schema\/person\/image\/","url":"https:\/\/secure.gravatar.com\/avatar\/1f9a70007336511a47468b8f1c66f922b8b7cf617b02a31149ada43893a5d48f?s=96&d=mm&r=g","contentUrl":"https:\/\/secure.gravatar.com\/avatar\/1f9a70007336511a47468b8f1c66f922b8b7cf617b02a31149ada43893a5d48f?s=96&d=mm&r=g","caption":"C D"},"url":"https:\/\/vosgesinfo.fr\/remiremontinfo\/author\/cedric-drevet\/"}]}},"_links":{"self":[{"href":"https:\/\/vosgesinfo.fr\/remiremontinfo\/wp-json\/wp\/v2\/posts\/35747","targetHints":{"allow":["GET"]}}],"collection":[{"href":"https:\/\/vosgesinfo.fr\/remiremontinfo\/wp-json\/wp\/v2\/posts"}],"about":[{"href":"https:\/\/vosgesinfo.fr\/remiremontinfo\/wp-json\/wp\/v2\/types\/post"}],"author":[{"embeddable":true,"href":"https:\/\/vosgesinfo.fr\/remiremontinfo\/wp-json\/wp\/v2\/users\/407"}],"replies":[{"embeddable":true,"href":"https:\/\/vosgesinfo.fr\/remiremontinfo\/wp-json\/wp\/v2\/comments?post=35747"}],"version-history":[{"count":0,"href":"https:\/\/vosgesinfo.fr\/remiremontinfo\/wp-json\/wp\/v2\/posts\/35747\/revisions"}],"wp:featuredmedia":[{"embeddable":true,"href":"https:\/\/vosgesinfo.fr\/remiremontinfo\/wp-json\/wp\/v2\/media\/35748"}],"wp:attachment":[{"href":"https:\/\/vosgesinfo.fr\/remiremontinfo\/wp-json\/wp\/v2\/media?parent=35747"}],"wp:term":[{"taxonomy":"category","embeddable":true,"href":"https:\/\/vosgesinfo.fr\/remiremontinfo\/wp-json\/wp\/v2\/categories?post=35747"},{"taxonomy":"post_tag","embeddable":true,"href":"https:\/\/vosgesinfo.fr\/remiremontinfo\/wp-json\/wp\/v2\/tags?post=35747"}],"curies":[{"name":"wp","href":"https:\/\/api.w.org\/{rel}","templated":true}]}}