{"id":35839,"date":"2021-01-07T15:00:24","date_gmt":"2021-01-07T14:00:24","guid":{"rendered":"https:\/\/vosgesinfo.fr\/remiremontinfo\/2021\/01\/vosges-campagne-de-vaccination-lancee\/"},"modified":"2021-01-07T15:00:24","modified_gmt":"2021-01-07T14:00:24","slug":"vosges-campagne-de-vaccination-lancee","status":"publish","type":"post","link":"https:\/\/vosgesinfo.fr\/remiremontinfo\/2021\/01\/vosges-campagne-de-vaccination-lancee\/","title":{"rendered":"Vosges\u00a0: la campagne de vaccination est lanc\u00e9e"},"content":{"rendered":"<p style=\"text-align: center;\"><a href=\"\/2021\/01\/DSC_1009.jpg\"><img decoding=\"async\" class=\"alignnone size-full wp-image-306240\" src=\"\/2021\/01\/DSC_1009.jpg\" alt=\"DSC_1009\" width=\"800\" height=\"564\" \/><\/a><\/p>\n<h2><strong><span style=\"font-size: 12pt;\"><span style=\"font-size: 12pt;\">La campagne de vaccination contre la Covid-19 d\u00e9bute ce jeudi dans les Vosges. Une premi\u00e8re vague qui sera concentr\u00e9e sur les publics <\/span><span style=\"font-size: 16px;\">prioritaires<\/span><span style=\"font-size: 12pt;\">. Sur l\u2019ensemble du d\u00e9partement, 10 EHPAD ou unit\u00e9s de soins de longue dur\u00e9e (USLD) pourront injecter leurs r\u00e9sidents et les membres du personnel cette semaine.<\/span><\/span><\/strong><\/h2>\n<p>Ceci constitue <em>\u00ab\u00a0une \u00e9tape importante\u00a0\u00bb<\/em>, affirme le Pr\u00e9f\u00e9t des Vosges, Yves Seguy. <em>\u00ab\u00a0Nous sommes au rendez-vous qui nous \u00e9tait fix\u00e9 (\u2026) Nous avons re\u00e7u les vaccins il y a tr\u00e8s peu de temps\u00a0\u00bb<\/em>. C\u2019est \u00e0 dire mardi. Des doses qu\u2019il convient d\u2019<em>\u00ab\u00a0utiliser au mieux et au plus vite\u00a0\u00bb<\/em>. Il s\u2019agit de vaccins Pfizer, \u00e0 conserver \u00e0 une temp\u00e9rature de -80 degr\u00e9s. L\u2019objectif, en France, est de vacciner 15 millions de personnes d\u2019ici au printemps prochain. <em>\u00ab\u00a0C\u2019est un d\u00e9fi important\u00a0\u00bb<\/em>. Dans cette premi\u00e8re phase, qui s&rsquo;est ouverte aujourd&rsquo;hui, la vaccination concernera pour l\u2019instant les personnes li\u00e9es au secteur de la sant\u00e9 <em>\u00ab qui sont la cible imm\u00e9diate\u00a0\u00bb<\/em>, explique C\u00e9cile Aubr\u00e8ge-Guyot, d\u00e9l\u00e9gu\u00e9e d\u00e9partementale de l\u2019ARS Grand Est.<\/p>\n<p>La vaccination des professionnels de sant\u00e9 volontaires de plus de 50 ans et\/ou pr\u00e9sentant des pathologies et comorbidit\u00e9s commence \u00e9galement aujourd\u2019hui. Deux flux de livraison approvisionnent les \u00e9tablissements cibl\u00e9s par la premi\u00e8re phase de vaccination. Le Flux A (Officine et Pharmacies \u00e0 Usage Interne) concerne 62 \u00e9tablissements et sites dont 5 EHPAD pilotes qui d\u00e9buteront la vaccination d\u00e8s le 9 janvier. Les autres \u00e9tablissements seront livr\u00e9s les 20 ou 23 janvier. Le Flux B concerne le Centre Hospitalier \u00c9mile Durkheim d\u2019\u00c9pinal \u00e9quip\u00e9 d\u2019un cong\u00e9lateur homologu\u00e9 et qui a re\u00e7u le mardi 5 janvier, 4.875 doses vaccinales.<\/p>\n<p>Le Centre Hospitalier d\u2019\u00c9pinal a la responsabilit\u00e9 du Flux B qui concerne d\u2019une part les r\u00e9sidents des \u00e9tablissements rattach\u00e9s EHPAD, USLD et SSR de Golbey, Laufromont, et le C\u00e8dre Bleu \u00e0 Thaon-les Vosges, et d\u2019autre part l\u2019ensemble des professionnels de sant\u00e9 du d\u00e9partement des Vosges \u00e2g\u00e9s 50 ans et plus et\/ou pr\u00e9sentant un risque de d\u00e9velopper une forme grave de la COVID-19 compl\u00e9t\u00e9s des professionnels des SAAD et les sapeurs-pompiers, r\u00e9pondant aux m\u00eames crit\u00e8res d\u2019\u00e2ge et de risque.<\/p>\n<p>La Pr\u00e9fecture des Vosges, la D\u00e9l\u00e9gation Territoriale de l\u2019ARS et le Centre Hospitalier Emile Durkheim, \u00e9tablissement support du Groupement Hospitalier de Territoire Vosges, coordonnent la campagne de vaccination de ce flux B. Le planning de vaccination pour les patients et r\u00e9sidents rattach\u00e9s au CHED, sera le suivant : Jeudi 7 janvier, USLD de Golbey, Lundi 11 janvier, EHPAD de Golbey et le \u00ab Le village \u00bb, Mardi 12 janvier, pour les r\u00e9sidents du C\u00e8dre bleu \u00e0 Thaon et les r\u00e9sident de Laufromont \u00e0 \u00c9pinal.<\/p>\n<p>Pour les professionnels de sant\u00e9, les Centres Hospitaliers Vosgiens se sont organis\u00e9s afin d\u2019ouvrir des centres de vaccination d\u00e9di\u00e9s.Le Centre Hospitalier d\u2019\u00c9pinal ouvrira du lundi au samedi son centre de vaccination, sur le Plateau de la Justice dans les modulaires, \u00e0 c\u00f4t\u00e9 des urgences, \u00e0 partir du jeudi 7 janvier de 14 \u00e0 19h. Le Centre Hospitalier de Saint-Di\u00e9-des-Vosges ouvrira \u00e0 partir du vendredi 8 janvier, son centre de 8h30 \u00e0 17h. Il sera localis\u00e9 au PMA du centre hospitalier de Saint-Di\u00e9 (24 rue du Nouvel H\u00f4pital). Pour ce qui concerne le Centre Hospitalier de Remiremont, le centre ouvrira, de 14 \u00e0 19 h \u00e0 partir de ce vendredi 8 janvier dans le service de consultation. Le Centre Hospitalier de l\u2019Ouest Vosgien ouvrira le sien, le vendredi 8 janvier de 14 \u00e0 18h au niveau des consultations externes sur le site de Neufch\u00e2teau.<\/p>\n\n","protected":false},"excerpt":{"rendered":"<p>La campagne de vaccination contre la Covid-19 d\u00e9bute ce jeudi dans les Vosges. Une premi\u00e8re vague qui sera concentr\u00e9e sur [&hellip;]<\/p>\n","protected":false},"author":407,"featured_media":35840,"comment_status":"open","ping_status":"open","sticky":false,"template":"","format":"standard","meta":{"footnotes":""},"categories":[26,12,18],"tags":[],"class_list":["post-35839","post","type-post","status-publish","format-standard","has-post-thumbnail","hentry","category-a-la-une","category-sante","category-vosges"],"acf":[],"yoast_head":"<!-- This site is optimized with the Yoast SEO plugin v22.5 - https:\/\/yoast.com\/wordpress\/plugins\/seo\/ -->\n<title>Vosges\u00a0: la campagne de vaccination est lanc\u00e9e - Remiremont Info<\/title>\n<meta name=\"robots\" content=\"index, follow, max-snippet:-1, max-image-preview:large, max-video-preview:-1\" \/>\n<link rel=\"canonical\" href=\"https:\/\/vosgesinfo.fr\/remiremontinfo\/2021\/01\/vosges-campagne-de-vaccination-lancee\/\" \/>\n<meta name=\"twitter:card\" content=\"summary_large_image\" \/>\n<meta name=\"twitter:title\" content=\"Vosges\u00a0: la campagne de vaccination est lanc\u00e9e - Remiremont Info\" \/>\n<meta name=\"twitter:description\" content=\"La campagne de vaccination contre la Covid-19 d\u00e9bute ce jeudi dans les Vosges. Une premi\u00e8re vague qui sera concentr\u00e9e sur [&hellip;]\" \/>\n<meta name=\"twitter:image\" content=\"https:\/\/vosgesinfo.fr\/app\/uploads\/sites\/5\/2024\/09\/202101dsc-1009.jpg\" \/>\n<meta name=\"twitter:creator\" content=\"@VosgesInfo88\" \/>\n<meta name=\"twitter:site\" content=\"@VosgesInfo88\" \/>\n<meta name=\"twitter:label1\" content=\"\u00c9crit par\" \/>\n\t<meta name=\"twitter:data1\" content=\"C D\" \/>\n\t<meta name=\"twitter:label2\" content=\"Dur\u00e9e de lecture estim\u00e9e\" \/>\n\t<meta name=\"twitter:data2\" content=\"3 minutes\" \/>\n<script type=\"application\/ld+json\" class=\"yoast-schema-graph\">{\"@context\":\"https:\/\/schema.org\",\"@graph\":[{\"@type\":\"Article\",\"@id\":\"https:\/\/vosgesinfo.fr\/remiremontinfo\/2021\/01\/vosges-campagne-de-vaccination-lancee\/#article\",\"isPartOf\":{\"@id\":\"https:\/\/vosgesinfo.fr\/remiremontinfo\/2021\/01\/vosges-campagne-de-vaccination-lancee\/\"},\"author\":{\"name\":\"C D\",\"@id\":\"https:\/\/vosgesinfo.fr\/remiremontinfo\/#\/schema\/person\/3bfd164d5218a185b1db68655a265316\"},\"headline\":\"Vosges\u00a0: la campagne de vaccination est lanc\u00e9e\",\"datePublished\":\"2021-01-07T14:00:24+00:00\",\"dateModified\":\"2021-01-07T14:00:24+00:00\",\"mainEntityOfPage\":{\"@id\":\"https:\/\/vosgesinfo.fr\/remiremontinfo\/2021\/01\/vosges-campagne-de-vaccination-lancee\/\"},\"wordCount\":623,\"commentCount\":0,\"publisher\":{\"@id\":\"https:\/\/vosgesinfo.fr\/remiremontinfo\/#organization\"},\"image\":{\"@id\":\"https:\/\/vosgesinfo.fr\/remiremontinfo\/2021\/01\/vosges-campagne-de-vaccination-lancee\/#primaryimage\"},\"thumbnailUrl\":\"https:\/\/vosgesinfo.fr\/app\/uploads\/sites\/5\/2024\/09\/202101dsc-1009.jpg\",\"articleSection\":[\"A la Une\",\"Sant\u00e9\",\"Vosges\"],\"inLanguage\":\"fr-FR\",\"potentialAction\":[{\"@type\":\"CommentAction\",\"name\":\"Comment\",\"target\":[\"https:\/\/vosgesinfo.fr\/remiremontinfo\/2021\/01\/vosges-campagne-de-vaccination-lancee\/#respond\"]}]},{\"@type\":\"WebPage\",\"@id\":\"https:\/\/vosgesinfo.fr\/remiremontinfo\/2021\/01\/vosges-campagne-de-vaccination-lancee\/\",\"url\":\"https:\/\/vosgesinfo.fr\/remiremontinfo\/2021\/01\/vosges-campagne-de-vaccination-lancee\/\",\"name\":\"Vosges\u00a0: la campagne de vaccination est lanc\u00e9e - Remiremont Info\",\"isPartOf\":{\"@id\":\"https:\/\/vosgesinfo.fr\/remiremontinfo\/#website\"},\"primaryImageOfPage\":{\"@id\":\"https:\/\/vosgesinfo.fr\/remiremontinfo\/2021\/01\/vosges-campagne-de-vaccination-lancee\/#primaryimage\"},\"image\":{\"@id\":\"https:\/\/vosgesinfo.fr\/remiremontinfo\/2021\/01\/vosges-campagne-de-vaccination-lancee\/#primaryimage\"},\"thumbnailUrl\":\"https:\/\/vosgesinfo.fr\/app\/uploads\/sites\/5\/2024\/09\/202101dsc-1009.jpg\",\"datePublished\":\"2021-01-07T14:00:24+00:00\",\"dateModified\":\"2021-01-07T14:00:24+00:00\",\"breadcrumb\":{\"@id\":\"https:\/\/vosgesinfo.fr\/remiremontinfo\/2021\/01\/vosges-campagne-de-vaccination-lancee\/#breadcrumb\"},\"inLanguage\":\"fr-FR\",\"potentialAction\":[{\"@type\":\"ReadAction\",\"target\":[\"https:\/\/vosgesinfo.fr\/remiremontinfo\/2021\/01\/vosges-campagne-de-vaccination-lancee\/\"]}]},{\"@type\":\"ImageObject\",\"inLanguage\":\"fr-FR\",\"@id\":\"https:\/\/vosgesinfo.fr\/remiremontinfo\/2021\/01\/vosges-campagne-de-vaccination-lancee\/#primaryimage\",\"url\":\"https:\/\/vosgesinfo.fr\/app\/uploads\/sites\/5\/2024\/09\/202101dsc-1009.jpg\",\"contentUrl\":\"https:\/\/vosgesinfo.fr\/app\/uploads\/sites\/5\/2024\/09\/202101dsc-1009.jpg\",\"width\":800,\"height\":564},{\"@type\":\"BreadcrumbList\",\"@id\":\"https:\/\/vosgesinfo.fr\/remiremontinfo\/2021\/01\/vosges-campagne-de-vaccination-lancee\/#breadcrumb\",\"itemListElement\":[{\"@type\":\"ListItem\",\"position\":1,\"name\":\"Home\",\"item\":\"https:\/\/vosgesinfo.fr\/remiremontinfo\/\"},{\"@type\":\"ListItem\",\"position\":2,\"name\":\"Vosges\u00a0: la campagne de vaccination est lanc\u00e9e\"}]},{\"@type\":\"WebSite\",\"@id\":\"https:\/\/vosgesinfo.fr\/remiremontinfo\/#website\",\"url\":\"https:\/\/vosgesinfo.fr\/remiremontinfo\/\",\"name\":\"Remiremont Info\",\"description\":\"Toute l&#039;actualit\u00e9 de Remiremont\",\"publisher\":{\"@id\":\"https:\/\/vosgesinfo.fr\/remiremontinfo\/#organization\"},\"alternateName\":\"Toute l'actualit\u00e9 de Remiremont\",\"potentialAction\":[{\"@type\":\"SearchAction\",\"target\":{\"@type\":\"EntryPoint\",\"urlTemplate\":\"https:\/\/vosgesinfo.fr\/remiremontinfo\/?s={search_term_string}\"},\"query-input\":\"required name=search_term_string\"}],\"inLanguage\":\"fr-FR\"},{\"@type\":\"Organization\",\"@id\":\"https:\/\/vosgesinfo.fr\/remiremontinfo\/#organization\",\"name\":\"Remiremont Info\",\"url\":\"https:\/\/vosgesinfo.fr\/remiremontinfo\/\",\"logo\":{\"@type\":\"ImageObject\",\"inLanguage\":\"fr-FR\",\"@id\":\"https:\/\/vosgesinfo.fr\/remiremontinfo\/#\/schema\/logo\/image\/\",\"url\":\"https:\/\/vosgesinfo.fr\/app\/uploads\/sites\/5\/2023\/08\/favicon-remiremontinfo.png\",\"contentUrl\":\"https:\/\/vosgesinfo.fr\/app\/uploads\/sites\/5\/2023\/08\/favicon-remiremontinfo.png\",\"width\":512,\"height\":512,\"caption\":\"Remiremont Info\"},\"image\":{\"@id\":\"https:\/\/vosgesinfo.fr\/remiremontinfo\/#\/schema\/logo\/image\/\"},\"sameAs\":[\"https:\/\/www.facebook.com\/remiremontinfo\",\"https:\/\/x.com\/VosgesInfo88\",\"https:\/\/www.youtube.com\/@vosgesinfo\"]},{\"@type\":\"Person\",\"@id\":\"https:\/\/vosgesinfo.fr\/remiremontinfo\/#\/schema\/person\/3bfd164d5218a185b1db68655a265316\",\"name\":\"C D\",\"image\":{\"@type\":\"ImageObject\",\"inLanguage\":\"fr-FR\",\"@id\":\"https:\/\/vosgesinfo.fr\/remiremontinfo\/#\/schema\/person\/image\/\",\"url\":\"https:\/\/secure.gravatar.com\/avatar\/1f9a70007336511a47468b8f1c66f922b8b7cf617b02a31149ada43893a5d48f?s=96&d=mm&r=g\",\"contentUrl\":\"https:\/\/secure.gravatar.com\/avatar\/1f9a70007336511a47468b8f1c66f922b8b7cf617b02a31149ada43893a5d48f?s=96&d=mm&r=g\",\"caption\":\"C D\"},\"url\":\"https:\/\/vosgesinfo.fr\/remiremontinfo\/author\/cedric-drevet\/\"}]}<\/script>\n<!-- \/ Yoast SEO plugin. -->","yoast_head_json":{"title":"Vosges\u00a0: la campagne de vaccination est lanc\u00e9e - Remiremont Info","robots":{"index":"index","follow":"follow","max-snippet":"max-snippet:-1","max-image-preview":"max-image-preview:large","max-video-preview":"max-video-preview:-1"},"canonical":"https:\/\/vosgesinfo.fr\/remiremontinfo\/2021\/01\/vosges-campagne-de-vaccination-lancee\/","twitter_card":"summary_large_image","twitter_title":"Vosges\u00a0: la campagne de vaccination est lanc\u00e9e - Remiremont Info","twitter_description":"La campagne de vaccination contre la Covid-19 d\u00e9bute ce jeudi dans les Vosges. Une premi\u00e8re vague qui sera concentr\u00e9e sur [&hellip;]","twitter_image":"https:\/\/vosgesinfo.fr\/app\/uploads\/sites\/5\/2024\/09\/202101dsc-1009.jpg","twitter_creator":"@VosgesInfo88","twitter_site":"@VosgesInfo88","twitter_misc":{"\u00c9crit par":"C D","Dur\u00e9e de lecture estim\u00e9e":"3 minutes"},"schema":{"@context":"https:\/\/schema.org","@graph":[{"@type":"Article","@id":"https:\/\/vosgesinfo.fr\/remiremontinfo\/2021\/01\/vosges-campagne-de-vaccination-lancee\/#article","isPartOf":{"@id":"https:\/\/vosgesinfo.fr\/remiremontinfo\/2021\/01\/vosges-campagne-de-vaccination-lancee\/"},"author":{"name":"C D","@id":"https:\/\/vosgesinfo.fr\/remiremontinfo\/#\/schema\/person\/3bfd164d5218a185b1db68655a265316"},"headline":"Vosges\u00a0: la campagne de vaccination est lanc\u00e9e","datePublished":"2021-01-07T14:00:24+00:00","dateModified":"2021-01-07T14:00:24+00:00","mainEntityOfPage":{"@id":"https:\/\/vosgesinfo.fr\/remiremontinfo\/2021\/01\/vosges-campagne-de-vaccination-lancee\/"},"wordCount":623,"commentCount":0,"publisher":{"@id":"https:\/\/vosgesinfo.fr\/remiremontinfo\/#organization"},"image":{"@id":"https:\/\/vosgesinfo.fr\/remiremontinfo\/2021\/01\/vosges-campagne-de-vaccination-lancee\/#primaryimage"},"thumbnailUrl":"https:\/\/vosgesinfo.fr\/app\/uploads\/sites\/5\/2024\/09\/202101dsc-1009.jpg","articleSection":["A la Une","Sant\u00e9","Vosges"],"inLanguage":"fr-FR","potentialAction":[{"@type":"CommentAction","name":"Comment","target":["https:\/\/vosgesinfo.fr\/remiremontinfo\/2021\/01\/vosges-campagne-de-vaccination-lancee\/#respond"]}]},{"@type":"WebPage","@id":"https:\/\/vosgesinfo.fr\/remiremontinfo\/2021\/01\/vosges-campagne-de-vaccination-lancee\/","url":"https:\/\/vosgesinfo.fr\/remiremontinfo\/2021\/01\/vosges-campagne-de-vaccination-lancee\/","name":"Vosges\u00a0: la campagne de vaccination est lanc\u00e9e - Remiremont Info","isPartOf":{"@id":"https:\/\/vosgesinfo.fr\/remiremontinfo\/#website"},"primaryImageOfPage":{"@id":"https:\/\/vosgesinfo.fr\/remiremontinfo\/2021\/01\/vosges-campagne-de-vaccination-lancee\/#primaryimage"},"image":{"@id":"https:\/\/vosgesinfo.fr\/remiremontinfo\/2021\/01\/vosges-campagne-de-vaccination-lancee\/#primaryimage"},"thumbnailUrl":"https:\/\/vosgesinfo.fr\/app\/uploads\/sites\/5\/2024\/09\/202101dsc-1009.jpg","datePublished":"2021-01-07T14:00:24+00:00","dateModified":"2021-01-07T14:00:24+00:00","breadcrumb":{"@id":"https:\/\/vosgesinfo.fr\/remiremontinfo\/2021\/01\/vosges-campagne-de-vaccination-lancee\/#breadcrumb"},"inLanguage":"fr-FR","potentialAction":[{"@type":"ReadAction","target":["https:\/\/vosgesinfo.fr\/remiremontinfo\/2021\/01\/vosges-campagne-de-vaccination-lancee\/"]}]},{"@type":"ImageObject","inLanguage":"fr-FR","@id":"https:\/\/vosgesinfo.fr\/remiremontinfo\/2021\/01\/vosges-campagne-de-vaccination-lancee\/#primaryimage","url":"https:\/\/vosgesinfo.fr\/app\/uploads\/sites\/5\/2024\/09\/202101dsc-1009.jpg","contentUrl":"https:\/\/vosgesinfo.fr\/app\/uploads\/sites\/5\/2024\/09\/202101dsc-1009.jpg","width":800,"height":564},{"@type":"BreadcrumbList","@id":"https:\/\/vosgesinfo.fr\/remiremontinfo\/2021\/01\/vosges-campagne-de-vaccination-lancee\/#breadcrumb","itemListElement":[{"@type":"ListItem","position":1,"name":"Home","item":"https:\/\/vosgesinfo.fr\/remiremontinfo\/"},{"@type":"ListItem","position":2,"name":"Vosges\u00a0: la campagne de vaccination est lanc\u00e9e"}]},{"@type":"WebSite","@id":"https:\/\/vosgesinfo.fr\/remiremontinfo\/#website","url":"https:\/\/vosgesinfo.fr\/remiremontinfo\/","name":"Remiremont Info","description":"Toute l&#039;actualit\u00e9 de Remiremont","publisher":{"@id":"https:\/\/vosgesinfo.fr\/remiremontinfo\/#organization"},"alternateName":"Toute l'actualit\u00e9 de Remiremont","potentialAction":[{"@type":"SearchAction","target":{"@type":"EntryPoint","urlTemplate":"https:\/\/vosgesinfo.fr\/remiremontinfo\/?s={search_term_string}"},"query-input":"required name=search_term_string"}],"inLanguage":"fr-FR"},{"@type":"Organization","@id":"https:\/\/vosgesinfo.fr\/remiremontinfo\/#organization","name":"Remiremont Info","url":"https:\/\/vosgesinfo.fr\/remiremontinfo\/","logo":{"@type":"ImageObject","inLanguage":"fr-FR","@id":"https:\/\/vosgesinfo.fr\/remiremontinfo\/#\/schema\/logo\/image\/","url":"https:\/\/vosgesinfo.fr\/app\/uploads\/sites\/5\/2023\/08\/favicon-remiremontinfo.png","contentUrl":"https:\/\/vosgesinfo.fr\/app\/uploads\/sites\/5\/2023\/08\/favicon-remiremontinfo.png","width":512,"height":512,"caption":"Remiremont Info"},"image":{"@id":"https:\/\/vosgesinfo.fr\/remiremontinfo\/#\/schema\/logo\/image\/"},"sameAs":["https:\/\/www.facebook.com\/remiremontinfo","https:\/\/x.com\/VosgesInfo88","https:\/\/www.youtube.com\/@vosgesinfo"]},{"@type":"Person","@id":"https:\/\/vosgesinfo.fr\/remiremontinfo\/#\/schema\/person\/3bfd164d5218a185b1db68655a265316","name":"C D","image":{"@type":"ImageObject","inLanguage":"fr-FR","@id":"https:\/\/vosgesinfo.fr\/remiremontinfo\/#\/schema\/person\/image\/","url":"https:\/\/secure.gravatar.com\/avatar\/1f9a70007336511a47468b8f1c66f922b8b7cf617b02a31149ada43893a5d48f?s=96&d=mm&r=g","contentUrl":"https:\/\/secure.gravatar.com\/avatar\/1f9a70007336511a47468b8f1c66f922b8b7cf617b02a31149ada43893a5d48f?s=96&d=mm&r=g","caption":"C D"},"url":"https:\/\/vosgesinfo.fr\/remiremontinfo\/author\/cedric-drevet\/"}]}},"_links":{"self":[{"href":"https:\/\/vosgesinfo.fr\/remiremontinfo\/wp-json\/wp\/v2\/posts\/35839","targetHints":{"allow":["GET"]}}],"collection":[{"href":"https:\/\/vosgesinfo.fr\/remiremontinfo\/wp-json\/wp\/v2\/posts"}],"about":[{"href":"https:\/\/vosgesinfo.fr\/remiremontinfo\/wp-json\/wp\/v2\/types\/post"}],"author":[{"embeddable":true,"href":"https:\/\/vosgesinfo.fr\/remiremontinfo\/wp-json\/wp\/v2\/users\/407"}],"replies":[{"embeddable":true,"href":"https:\/\/vosgesinfo.fr\/remiremontinfo\/wp-json\/wp\/v2\/comments?post=35839"}],"version-history":[{"count":0,"href":"https:\/\/vosgesinfo.fr\/remiremontinfo\/wp-json\/wp\/v2\/posts\/35839\/revisions"}],"wp:featuredmedia":[{"embeddable":true,"href":"https:\/\/vosgesinfo.fr\/remiremontinfo\/wp-json\/wp\/v2\/media\/35840"}],"wp:attachment":[{"href":"https:\/\/vosgesinfo.fr\/remiremontinfo\/wp-json\/wp\/v2\/media?parent=35839"}],"wp:term":[{"taxonomy":"category","embeddable":true,"href":"https:\/\/vosgesinfo.fr\/remiremontinfo\/wp-json\/wp\/v2\/categories?post=35839"},{"taxonomy":"post_tag","embeddable":true,"href":"https:\/\/vosgesinfo.fr\/remiremontinfo\/wp-json\/wp\/v2\/tags?post=35839"}],"curies":[{"name":"wp","href":"https:\/\/api.w.org\/{rel}","templated":true}]}}