{"id":35920,"date":"2021-01-09T06:10:38","date_gmt":"2021-01-09T05:10:38","guid":{"rendered":"https:\/\/vosgesinfo.fr\/remiremontinfo\/2021\/01\/remiremont-travaux-de-deploiement-de-fibre-optique-27-janvier-boulevard-thiers\/"},"modified":"2021-01-09T06:10:38","modified_gmt":"2021-01-09T05:10:38","slug":"remiremont-travaux-de-deploiement-de-fibre-optique-27-janvier-boulevard-thiers","status":"publish","type":"post","link":"https:\/\/vosgesinfo.fr\/remiremontinfo\/2021\/01\/remiremont-travaux-de-deploiement-de-fibre-optique-27-janvier-boulevard-thiers\/","title":{"rendered":"Remiremont : travaux de d\u00e9ploiement de la fibre optique le 27 janvier sur le Boulevard Thiers"},"content":{"rendered":"<p style=\"text-align: center;\"><a href=\"\/2021\/01\/Capture-d\u2019\u00e9cran-2021-01-09-101619.png\"><img decoding=\"async\" class=\"alignnone size-full wp-image-306404\" src=\"\/2021\/01\/Capture-d\u2019\u00e9cran-2021-01-09-101619.png\" alt=\"Capture d\u2019\u00e9cran 2021-01-09 101619\" width=\"800\" height=\"571\" \/><\/a><\/p>\n<h2><span style=\"font-size: 12pt;\"><strong>Des travaux li\u00e9s au d\u00e9ploiement de la fibre optique auront lieu mercredi 27 janvier 2021, de 13 h \u00e0 18 h, au niveau du 25 Boulevard Thiers. La chauss\u00e9e pourra \u00eatre r\u00e9tr\u00e9cie dans l\u2019emprise du chantier, la circulation entre le carrefour de la rue des 5e et 15e B.C.P. et le rond-point des Travailleurs pourra \u00eatre d\u00e9vi\u00e9e par la rue de la Joncherie pour les poids lourds. <\/strong><\/span><\/h2>\n<p>Les d\u00e9bouch\u00e9s de la rue Janny et du Rang S\u00e9n\u00e9chal seront \u00e9galement r\u00e9glement\u00e9s. Le stationnement sera interdit sur les 3 emplacements mat\u00e9rialis\u00e9s sur l\u2019\u00eelot central, \u00e0 hauteur des travaux. Les v\u00e9hicules en stationnement irr\u00e9gulier et susceptibles de g\u00eaner le d\u00e9roulement des travaux pourront \u00eatre enlev\u00e9s par les soins d\u2019un garagiste et mis en fourri\u00e8re. La pr\u00e9signalisation, la signalisation et la protection n\u00e9cessaires seront mises en place, entretenues et surveill\u00e9es par les soins de l\u2019entreprise SADE COTTEL RESEAUX sous le contr\u00f4le des services de Police.<\/p>\n<p><span style=\"font-size: 10pt;\"><em>Commune de Remiremont<\/em><\/span><\/p>\n","protected":false},"excerpt":{"rendered":"<p>Des travaux li\u00e9s au d\u00e9ploiement de la fibre optique auront lieu mercredi 27 janvier 2021, de 13 h \u00e0 18 [&hellip;]<\/p>\n","protected":false},"author":407,"featured_media":35921,"comment_status":"open","ping_status":"open","sticky":false,"template":"","format":"standard","meta":{"footnotes":""},"categories":[26,1556,35],"tags":[],"class_list":["post-35920","post","type-post","status-publish","format-standard","has-post-thumbnail","hentry","category-a-la-une","category-remiremont-remiremont-son-canton-2","category-remiremont-son-canton"],"acf":[],"yoast_head":"<!-- This site is optimized with the Yoast SEO plugin v22.5 - https:\/\/yoast.com\/wordpress\/plugins\/seo\/ -->\n<title>Remiremont : travaux de d\u00e9ploiement de la fibre optique le 27 janvier sur le Boulevard Thiers - Remiremont Info<\/title>\n<meta name=\"robots\" content=\"index, follow, max-snippet:-1, max-image-preview:large, max-video-preview:-1\" \/>\n<link rel=\"canonical\" href=\"https:\/\/vosgesinfo.fr\/remiremontinfo\/2021\/01\/remiremont-travaux-de-deploiement-de-fibre-optique-27-janvier-boulevard-thiers\/\" \/>\n<meta name=\"twitter:card\" content=\"summary_large_image\" \/>\n<meta name=\"twitter:title\" content=\"Remiremont : travaux de d\u00e9ploiement de la fibre optique le 27 janvier sur le Boulevard Thiers - Remiremont Info\" \/>\n<meta name=\"twitter:description\" content=\"Des travaux li\u00e9s au d\u00e9ploiement de la fibre optique auront lieu mercredi 27 janvier 2021, de 13 h \u00e0 18 [&hellip;]\" \/>\n<meta name=\"twitter:image\" content=\"https:\/\/vosgesinfo.fr\/app\/uploads\/sites\/5\/2024\/09\/202101capture-decran-2021-01-09-101619.png\" \/>\n<meta name=\"twitter:creator\" content=\"@VosgesInfo88\" \/>\n<meta name=\"twitter:site\" content=\"@VosgesInfo88\" \/>\n<meta name=\"twitter:label1\" content=\"\u00c9crit par\" \/>\n\t<meta name=\"twitter:data1\" content=\"C D\" \/>\n\t<meta name=\"twitter:label2\" content=\"Dur\u00e9e de lecture estim\u00e9e\" \/>\n\t<meta name=\"twitter:data2\" content=\"1 minute\" \/>\n<script type=\"application\/ld+json\" class=\"yoast-schema-graph\">{\"@context\":\"https:\/\/schema.org\",\"@graph\":[{\"@type\":\"Article\",\"@id\":\"https:\/\/vosgesinfo.fr\/remiremontinfo\/2021\/01\/remiremont-travaux-de-deploiement-de-fibre-optique-27-janvier-boulevard-thiers\/#article\",\"isPartOf\":{\"@id\":\"https:\/\/vosgesinfo.fr\/remiremontinfo\/2021\/01\/remiremont-travaux-de-deploiement-de-fibre-optique-27-janvier-boulevard-thiers\/\"},\"author\":{\"name\":\"C D\",\"@id\":\"https:\/\/vosgesinfo.fr\/remiremontinfo\/#\/schema\/person\/3bfd164d5218a185b1db68655a265316\"},\"headline\":\"Remiremont : travaux de d\u00e9ploiement de la fibre optique le 27 janvier sur le Boulevard Thiers\",\"datePublished\":\"2021-01-09T05:10:38+00:00\",\"dateModified\":\"2021-01-09T05:10:38+00:00\",\"mainEntityOfPage\":{\"@id\":\"https:\/\/vosgesinfo.fr\/remiremontinfo\/2021\/01\/remiremont-travaux-de-deploiement-de-fibre-optique-27-janvier-boulevard-thiers\/\"},\"wordCount\":192,\"commentCount\":0,\"publisher\":{\"@id\":\"https:\/\/vosgesinfo.fr\/remiremontinfo\/#organization\"},\"image\":{\"@id\":\"https:\/\/vosgesinfo.fr\/remiremontinfo\/2021\/01\/remiremont-travaux-de-deploiement-de-fibre-optique-27-janvier-boulevard-thiers\/#primaryimage\"},\"thumbnailUrl\":\"https:\/\/vosgesinfo.fr\/app\/uploads\/sites\/5\/2024\/09\/202101capture-decran-2021-01-09-101619.png\",\"articleSection\":[\"A la Une\",\"Remiremont\",\"Remiremont &amp; son canton\"],\"inLanguage\":\"fr-FR\",\"potentialAction\":[{\"@type\":\"CommentAction\",\"name\":\"Comment\",\"target\":[\"https:\/\/vosgesinfo.fr\/remiremontinfo\/2021\/01\/remiremont-travaux-de-deploiement-de-fibre-optique-27-janvier-boulevard-thiers\/#respond\"]}]},{\"@type\":\"WebPage\",\"@id\":\"https:\/\/vosgesinfo.fr\/remiremontinfo\/2021\/01\/remiremont-travaux-de-deploiement-de-fibre-optique-27-janvier-boulevard-thiers\/\",\"url\":\"https:\/\/vosgesinfo.fr\/remiremontinfo\/2021\/01\/remiremont-travaux-de-deploiement-de-fibre-optique-27-janvier-boulevard-thiers\/\",\"name\":\"Remiremont : travaux de d\u00e9ploiement de la fibre optique le 27 janvier sur le Boulevard Thiers - Remiremont Info\",\"isPartOf\":{\"@id\":\"https:\/\/vosgesinfo.fr\/remiremontinfo\/#website\"},\"primaryImageOfPage\":{\"@id\":\"https:\/\/vosgesinfo.fr\/remiremontinfo\/2021\/01\/remiremont-travaux-de-deploiement-de-fibre-optique-27-janvier-boulevard-thiers\/#primaryimage\"},\"image\":{\"@id\":\"https:\/\/vosgesinfo.fr\/remiremontinfo\/2021\/01\/remiremont-travaux-de-deploiement-de-fibre-optique-27-janvier-boulevard-thiers\/#primaryimage\"},\"thumbnailUrl\":\"https:\/\/vosgesinfo.fr\/app\/uploads\/sites\/5\/2024\/09\/202101capture-decran-2021-01-09-101619.png\",\"datePublished\":\"2021-01-09T05:10:38+00:00\",\"dateModified\":\"2021-01-09T05:10:38+00:00\",\"breadcrumb\":{\"@id\":\"https:\/\/vosgesinfo.fr\/remiremontinfo\/2021\/01\/remiremont-travaux-de-deploiement-de-fibre-optique-27-janvier-boulevard-thiers\/#breadcrumb\"},\"inLanguage\":\"fr-FR\",\"potentialAction\":[{\"@type\":\"ReadAction\",\"target\":[\"https:\/\/vosgesinfo.fr\/remiremontinfo\/2021\/01\/remiremont-travaux-de-deploiement-de-fibre-optique-27-janvier-boulevard-thiers\/\"]}]},{\"@type\":\"ImageObject\",\"inLanguage\":\"fr-FR\",\"@id\":\"https:\/\/vosgesinfo.fr\/remiremontinfo\/2021\/01\/remiremont-travaux-de-deploiement-de-fibre-optique-27-janvier-boulevard-thiers\/#primaryimage\",\"url\":\"https:\/\/vosgesinfo.fr\/app\/uploads\/sites\/5\/2024\/09\/202101capture-decran-2021-01-09-101619.png\",\"contentUrl\":\"https:\/\/vosgesinfo.fr\/app\/uploads\/sites\/5\/2024\/09\/202101capture-decran-2021-01-09-101619.png\",\"width\":800,\"height\":571},{\"@type\":\"BreadcrumbList\",\"@id\":\"https:\/\/vosgesinfo.fr\/remiremontinfo\/2021\/01\/remiremont-travaux-de-deploiement-de-fibre-optique-27-janvier-boulevard-thiers\/#breadcrumb\",\"itemListElement\":[{\"@type\":\"ListItem\",\"position\":1,\"name\":\"Home\",\"item\":\"https:\/\/vosgesinfo.fr\/remiremontinfo\/\"},{\"@type\":\"ListItem\",\"position\":2,\"name\":\"Remiremont : travaux de d\u00e9ploiement de la fibre optique le 27 janvier sur le Boulevard Thiers\"}]},{\"@type\":\"WebSite\",\"@id\":\"https:\/\/vosgesinfo.fr\/remiremontinfo\/#website\",\"url\":\"https:\/\/vosgesinfo.fr\/remiremontinfo\/\",\"name\":\"Remiremont Info\",\"description\":\"Toute l&#039;actualit\u00e9 de Remiremont\",\"publisher\":{\"@id\":\"https:\/\/vosgesinfo.fr\/remiremontinfo\/#organization\"},\"alternateName\":\"Toute l'actualit\u00e9 de Remiremont\",\"potentialAction\":[{\"@type\":\"SearchAction\",\"target\":{\"@type\":\"EntryPoint\",\"urlTemplate\":\"https:\/\/vosgesinfo.fr\/remiremontinfo\/?s={search_term_string}\"},\"query-input\":\"required name=search_term_string\"}],\"inLanguage\":\"fr-FR\"},{\"@type\":\"Organization\",\"@id\":\"https:\/\/vosgesinfo.fr\/remiremontinfo\/#organization\",\"name\":\"Remiremont Info\",\"url\":\"https:\/\/vosgesinfo.fr\/remiremontinfo\/\",\"logo\":{\"@type\":\"ImageObject\",\"inLanguage\":\"fr-FR\",\"@id\":\"https:\/\/vosgesinfo.fr\/remiremontinfo\/#\/schema\/logo\/image\/\",\"url\":\"https:\/\/vosgesinfo.fr\/app\/uploads\/sites\/5\/2023\/08\/favicon-remiremontinfo.png\",\"contentUrl\":\"https:\/\/vosgesinfo.fr\/app\/uploads\/sites\/5\/2023\/08\/favicon-remiremontinfo.png\",\"width\":512,\"height\":512,\"caption\":\"Remiremont Info\"},\"image\":{\"@id\":\"https:\/\/vosgesinfo.fr\/remiremontinfo\/#\/schema\/logo\/image\/\"},\"sameAs\":[\"https:\/\/www.facebook.com\/remiremontinfo\",\"https:\/\/x.com\/VosgesInfo88\",\"https:\/\/www.youtube.com\/@vosgesinfo\"]},{\"@type\":\"Person\",\"@id\":\"https:\/\/vosgesinfo.fr\/remiremontinfo\/#\/schema\/person\/3bfd164d5218a185b1db68655a265316\",\"name\":\"C D\",\"image\":{\"@type\":\"ImageObject\",\"inLanguage\":\"fr-FR\",\"@id\":\"https:\/\/vosgesinfo.fr\/remiremontinfo\/#\/schema\/person\/image\/\",\"url\":\"https:\/\/secure.gravatar.com\/avatar\/1f9a70007336511a47468b8f1c66f922b8b7cf617b02a31149ada43893a5d48f?s=96&d=mm&r=g\",\"contentUrl\":\"https:\/\/secure.gravatar.com\/avatar\/1f9a70007336511a47468b8f1c66f922b8b7cf617b02a31149ada43893a5d48f?s=96&d=mm&r=g\",\"caption\":\"C D\"},\"url\":\"https:\/\/vosgesinfo.fr\/remiremontinfo\/author\/cedric-drevet\/\"}]}<\/script>\n<!-- \/ Yoast SEO plugin. -->","yoast_head_json":{"title":"Remiremont : travaux de d\u00e9ploiement de la fibre optique le 27 janvier sur le Boulevard Thiers - Remiremont Info","robots":{"index":"index","follow":"follow","max-snippet":"max-snippet:-1","max-image-preview":"max-image-preview:large","max-video-preview":"max-video-preview:-1"},"canonical":"https:\/\/vosgesinfo.fr\/remiremontinfo\/2021\/01\/remiremont-travaux-de-deploiement-de-fibre-optique-27-janvier-boulevard-thiers\/","twitter_card":"summary_large_image","twitter_title":"Remiremont : travaux de d\u00e9ploiement de la fibre optique le 27 janvier sur le Boulevard Thiers - Remiremont Info","twitter_description":"Des travaux li\u00e9s au d\u00e9ploiement de la fibre optique auront lieu mercredi 27 janvier 2021, de 13 h \u00e0 18 [&hellip;]","twitter_image":"https:\/\/vosgesinfo.fr\/app\/uploads\/sites\/5\/2024\/09\/202101capture-decran-2021-01-09-101619.png","twitter_creator":"@VosgesInfo88","twitter_site":"@VosgesInfo88","twitter_misc":{"\u00c9crit par":"C D","Dur\u00e9e de lecture estim\u00e9e":"1 minute"},"schema":{"@context":"https:\/\/schema.org","@graph":[{"@type":"Article","@id":"https:\/\/vosgesinfo.fr\/remiremontinfo\/2021\/01\/remiremont-travaux-de-deploiement-de-fibre-optique-27-janvier-boulevard-thiers\/#article","isPartOf":{"@id":"https:\/\/vosgesinfo.fr\/remiremontinfo\/2021\/01\/remiremont-travaux-de-deploiement-de-fibre-optique-27-janvier-boulevard-thiers\/"},"author":{"name":"C D","@id":"https:\/\/vosgesinfo.fr\/remiremontinfo\/#\/schema\/person\/3bfd164d5218a185b1db68655a265316"},"headline":"Remiremont : travaux de d\u00e9ploiement de la fibre optique le 27 janvier sur le Boulevard Thiers","datePublished":"2021-01-09T05:10:38+00:00","dateModified":"2021-01-09T05:10:38+00:00","mainEntityOfPage":{"@id":"https:\/\/vosgesinfo.fr\/remiremontinfo\/2021\/01\/remiremont-travaux-de-deploiement-de-fibre-optique-27-janvier-boulevard-thiers\/"},"wordCount":192,"commentCount":0,"publisher":{"@id":"https:\/\/vosgesinfo.fr\/remiremontinfo\/#organization"},"image":{"@id":"https:\/\/vosgesinfo.fr\/remiremontinfo\/2021\/01\/remiremont-travaux-de-deploiement-de-fibre-optique-27-janvier-boulevard-thiers\/#primaryimage"},"thumbnailUrl":"https:\/\/vosgesinfo.fr\/app\/uploads\/sites\/5\/2024\/09\/202101capture-decran-2021-01-09-101619.png","articleSection":["A la Une","Remiremont","Remiremont &amp; son canton"],"inLanguage":"fr-FR","potentialAction":[{"@type":"CommentAction","name":"Comment","target":["https:\/\/vosgesinfo.fr\/remiremontinfo\/2021\/01\/remiremont-travaux-de-deploiement-de-fibre-optique-27-janvier-boulevard-thiers\/#respond"]}]},{"@type":"WebPage","@id":"https:\/\/vosgesinfo.fr\/remiremontinfo\/2021\/01\/remiremont-travaux-de-deploiement-de-fibre-optique-27-janvier-boulevard-thiers\/","url":"https:\/\/vosgesinfo.fr\/remiremontinfo\/2021\/01\/remiremont-travaux-de-deploiement-de-fibre-optique-27-janvier-boulevard-thiers\/","name":"Remiremont : travaux de d\u00e9ploiement de la fibre optique le 27 janvier sur le Boulevard Thiers - Remiremont Info","isPartOf":{"@id":"https:\/\/vosgesinfo.fr\/remiremontinfo\/#website"},"primaryImageOfPage":{"@id":"https:\/\/vosgesinfo.fr\/remiremontinfo\/2021\/01\/remiremont-travaux-de-deploiement-de-fibre-optique-27-janvier-boulevard-thiers\/#primaryimage"},"image":{"@id":"https:\/\/vosgesinfo.fr\/remiremontinfo\/2021\/01\/remiremont-travaux-de-deploiement-de-fibre-optique-27-janvier-boulevard-thiers\/#primaryimage"},"thumbnailUrl":"https:\/\/vosgesinfo.fr\/app\/uploads\/sites\/5\/2024\/09\/202101capture-decran-2021-01-09-101619.png","datePublished":"2021-01-09T05:10:38+00:00","dateModified":"2021-01-09T05:10:38+00:00","breadcrumb":{"@id":"https:\/\/vosgesinfo.fr\/remiremontinfo\/2021\/01\/remiremont-travaux-de-deploiement-de-fibre-optique-27-janvier-boulevard-thiers\/#breadcrumb"},"inLanguage":"fr-FR","potentialAction":[{"@type":"ReadAction","target":["https:\/\/vosgesinfo.fr\/remiremontinfo\/2021\/01\/remiremont-travaux-de-deploiement-de-fibre-optique-27-janvier-boulevard-thiers\/"]}]},{"@type":"ImageObject","inLanguage":"fr-FR","@id":"https:\/\/vosgesinfo.fr\/remiremontinfo\/2021\/01\/remiremont-travaux-de-deploiement-de-fibre-optique-27-janvier-boulevard-thiers\/#primaryimage","url":"https:\/\/vosgesinfo.fr\/app\/uploads\/sites\/5\/2024\/09\/202101capture-decran-2021-01-09-101619.png","contentUrl":"https:\/\/vosgesinfo.fr\/app\/uploads\/sites\/5\/2024\/09\/202101capture-decran-2021-01-09-101619.png","width":800,"height":571},{"@type":"BreadcrumbList","@id":"https:\/\/vosgesinfo.fr\/remiremontinfo\/2021\/01\/remiremont-travaux-de-deploiement-de-fibre-optique-27-janvier-boulevard-thiers\/#breadcrumb","itemListElement":[{"@type":"ListItem","position":1,"name":"Home","item":"https:\/\/vosgesinfo.fr\/remiremontinfo\/"},{"@type":"ListItem","position":2,"name":"Remiremont : travaux de d\u00e9ploiement de la fibre optique le 27 janvier sur le Boulevard Thiers"}]},{"@type":"WebSite","@id":"https:\/\/vosgesinfo.fr\/remiremontinfo\/#website","url":"https:\/\/vosgesinfo.fr\/remiremontinfo\/","name":"Remiremont Info","description":"Toute l&#039;actualit\u00e9 de Remiremont","publisher":{"@id":"https:\/\/vosgesinfo.fr\/remiremontinfo\/#organization"},"alternateName":"Toute l'actualit\u00e9 de Remiremont","potentialAction":[{"@type":"SearchAction","target":{"@type":"EntryPoint","urlTemplate":"https:\/\/vosgesinfo.fr\/remiremontinfo\/?s={search_term_string}"},"query-input":"required name=search_term_string"}],"inLanguage":"fr-FR"},{"@type":"Organization","@id":"https:\/\/vosgesinfo.fr\/remiremontinfo\/#organization","name":"Remiremont Info","url":"https:\/\/vosgesinfo.fr\/remiremontinfo\/","logo":{"@type":"ImageObject","inLanguage":"fr-FR","@id":"https:\/\/vosgesinfo.fr\/remiremontinfo\/#\/schema\/logo\/image\/","url":"https:\/\/vosgesinfo.fr\/app\/uploads\/sites\/5\/2023\/08\/favicon-remiremontinfo.png","contentUrl":"https:\/\/vosgesinfo.fr\/app\/uploads\/sites\/5\/2023\/08\/favicon-remiremontinfo.png","width":512,"height":512,"caption":"Remiremont Info"},"image":{"@id":"https:\/\/vosgesinfo.fr\/remiremontinfo\/#\/schema\/logo\/image\/"},"sameAs":["https:\/\/www.facebook.com\/remiremontinfo","https:\/\/x.com\/VosgesInfo88","https:\/\/www.youtube.com\/@vosgesinfo"]},{"@type":"Person","@id":"https:\/\/vosgesinfo.fr\/remiremontinfo\/#\/schema\/person\/3bfd164d5218a185b1db68655a265316","name":"C D","image":{"@type":"ImageObject","inLanguage":"fr-FR","@id":"https:\/\/vosgesinfo.fr\/remiremontinfo\/#\/schema\/person\/image\/","url":"https:\/\/secure.gravatar.com\/avatar\/1f9a70007336511a47468b8f1c66f922b8b7cf617b02a31149ada43893a5d48f?s=96&d=mm&r=g","contentUrl":"https:\/\/secure.gravatar.com\/avatar\/1f9a70007336511a47468b8f1c66f922b8b7cf617b02a31149ada43893a5d48f?s=96&d=mm&r=g","caption":"C D"},"url":"https:\/\/vosgesinfo.fr\/remiremontinfo\/author\/cedric-drevet\/"}]}},"_links":{"self":[{"href":"https:\/\/vosgesinfo.fr\/remiremontinfo\/wp-json\/wp\/v2\/posts\/35920","targetHints":{"allow":["GET"]}}],"collection":[{"href":"https:\/\/vosgesinfo.fr\/remiremontinfo\/wp-json\/wp\/v2\/posts"}],"about":[{"href":"https:\/\/vosgesinfo.fr\/remiremontinfo\/wp-json\/wp\/v2\/types\/post"}],"author":[{"embeddable":true,"href":"https:\/\/vosgesinfo.fr\/remiremontinfo\/wp-json\/wp\/v2\/users\/407"}],"replies":[{"embeddable":true,"href":"https:\/\/vosgesinfo.fr\/remiremontinfo\/wp-json\/wp\/v2\/comments?post=35920"}],"version-history":[{"count":0,"href":"https:\/\/vosgesinfo.fr\/remiremontinfo\/wp-json\/wp\/v2\/posts\/35920\/revisions"}],"wp:featuredmedia":[{"embeddable":true,"href":"https:\/\/vosgesinfo.fr\/remiremontinfo\/wp-json\/wp\/v2\/media\/35921"}],"wp:attachment":[{"href":"https:\/\/vosgesinfo.fr\/remiremontinfo\/wp-json\/wp\/v2\/media?parent=35920"}],"wp:term":[{"taxonomy":"category","embeddable":true,"href":"https:\/\/vosgesinfo.fr\/remiremontinfo\/wp-json\/wp\/v2\/categories?post=35920"},{"taxonomy":"post_tag","embeddable":true,"href":"https:\/\/vosgesinfo.fr\/remiremontinfo\/wp-json\/wp\/v2\/tags?post=35920"}],"curies":[{"name":"wp","href":"https:\/\/api.w.org\/{rel}","templated":true}]}}