{"id":35960,"date":"2021-01-11T05:20:23","date_gmt":"2021-01-11T04:20:23","guid":{"rendered":"https:\/\/vosgesinfo.fr\/remiremontinfo\/2021\/01\/festival-mediatheques-chacun-court-commence-aujourdhui\/"},"modified":"2021-01-11T05:20:23","modified_gmt":"2021-01-11T04:20:23","slug":"festival-mediatheques-chacun-court-commence-aujourdhui","status":"publish","type":"post","link":"https:\/\/vosgesinfo.fr\/remiremontinfo\/2021\/01\/festival-mediatheques-chacun-court-commence-aujourdhui\/","title":{"rendered":"Le festival des m\u00e9diath\u00e8ques \u00ab Chacun son court \u00bb commence aujourd&rsquo;hui"},"content":{"rendered":"<h2 style=\"text-align: center;\"><a href=\"\/2021\/01\/Guide-Chacun-son-court-page-001.jpg\"><img decoding=\"async\" class=\"alignnone size-full wp-image-306520\" src=\"\/2021\/01\/Guide-Chacun-son-court-page-001.jpg\" alt=\"Guide - Chacun son court-page-001\" width=\"566\" height=\"800\" \/><\/a><\/h2>\n<h2><span style=\"font-size: 12pt;\"><strong>D<\/strong><\/span><span style=\"font-size: 12pt;\"><strong>ans le cadre du festival \u00ab Chacun son court \u00bb initi\u00e9 par CVS (plateforme de streaming et fournisseur de DVD), la M\u00e9diath\u00e8que de la Porte des Vosges M\u00e9ridionales s\u2019associe \u00e0 la M\u00e9diath\u00e8que D\u00e9partementale des Vosges et vous propose de participer \u00e0 un Festival de courts m\u00e9trages depuis chez vous (r\u00e9serv\u00e9 aux abonn\u00e9s de la M\u00e9diath\u00e8que de la Porte des Vosges M\u00e9ridionales).<\/strong><\/span><\/h2>\n<p>Le Festival de courts-m\u00e9trages, c&rsquo;est du 11 au 31 janvier. Votez depuis chez vous pour votre court-m\u00e9trage pr\u00e9f\u00e9r\u00e9 ! Il y a une s\u00e9lection enfants (\u00e0 partir de 8 ans) et une s\u00e9lection adultes. Cet \u00e9v\u00e9nement permet au public de partager \u00e0 travers tout le territoire des \u00e9motions cin\u00e9philes rares, que ce soit au moyen de s\u00e9ances de projections organis\u00e9es et anim\u00e9es dans les m\u00e9diath\u00e8ques, ou bien \u00ab\u00a0hors-les-murs\u00a0\u00bb par le biais d&rsquo;un service de VOD interactive unique. A l&rsquo;issue de ces s\u00e9ances les \u00e9changes passionn\u00e9s ne manqueront pas de prolonger les plaisirs en technicolor !<\/p>\n<p>Un vote du public est organis\u00e9 sur la dur\u00e9e du festival, via les m\u00e9di@th\u00e8ques num\u00e9riques locales ou les smartphones des usagers (SMS non surtax\u00e9s \/ QR Codes), pour d\u00e9cerner deux Prix du Public parmi le programme \u00ab Adultes \u00bb et le programme \u00ab Jeunesse \u00bb. Tous les genres et techniques sont repr\u00e9sent\u00e9s, fiction, documentaire, animation etc., \u00e0 travers plus de 10 nationalit\u00e9s\u2026 Autant d&rsquo;histoires dr\u00f4les ou \u00e9mouvantes \u00e0 d\u00e9couvrir, et d&rsquo;esth\u00e9tiques \u00e0 partager en famille, entre amis ou m\u00eame \u00e0 vivre en solitaire, parmi des films in\u00e9dits souvent pr\u00e9sent\u00e9s en avant-premi\u00e8re. Seul le dernier vote de l&rsquo;usager sera pris en compte, lui laissant ainsi le loisir de modifier son choix jusqu\u2019\u00e0 la derni\u00e8re minute.<\/p>\n<p>Trois pass VIP pour le prochain festival de Clermont-Ferrand ! Un tirage au sort \u00e0 la fin du festival aura lieu entre tous ceux qui auront pris part au vote par SMS ou sur le site. Les 3 gagnants pourront assister au Festival 2022 en VIP.<\/p>\n<p>Rendez-vous sur la mallette num\u00e9rique : https:\/\/mdvosges.mediatheques.fr\/<br \/>\nRappel : Identifiant : num\u00e9ro de votre carte de m\u00e9diath\u00e8que<br \/>\nMot de passe : votre ann\u00e9e de naissance<\/p>\n<p style=\"text-align: center;\"><a href=\"\/2021\/01\/Guide-Chacun-son-court-page-002.jpg\"><img decoding=\"async\" class=\"alignnone size-large wp-image-306521\" src=\"\/2021\/01\/Guide-Chacun-son-court-page-002.jpg\" alt=\"Guide - Chacun son court-page-002\" width=\"566\" height=\"800\" \/><\/a> <a href=\"\/2021\/01\/Guide-Chacun-son-court-page-003.jpg\"><img decoding=\"async\" class=\"alignnone size-full wp-image-306522\" src=\"\/2021\/01\/Guide-Chacun-son-court-page-003.jpg\" alt=\"Guide - Chacun son court-page-003\" width=\"566\" height=\"800\" \/><\/a><\/p>\n","protected":false},"excerpt":{"rendered":"<p>Dans le cadre du festival \u00ab Chacun son court \u00bb initi\u00e9 par CVS (plateforme de streaming et fournisseur de DVD), [&hellip;]<\/p>\n","protected":false},"author":407,"featured_media":35961,"comment_status":"open","ping_status":"open","sticky":false,"template":"","format":"standard","meta":{"footnotes":""},"categories":[26,4,18],"tags":[],"class_list":["post-35960","post","type-post","status-publish","format-standard","has-post-thumbnail","hentry","category-a-la-une","category-culture","category-vosges"],"acf":[],"yoast_head":"<!-- This site is optimized with the Yoast SEO plugin v22.5 - https:\/\/yoast.com\/wordpress\/plugins\/seo\/ -->\n<title>Le festival des m\u00e9diath\u00e8ques \u00ab Chacun son court \u00bb commence aujourd&#039;hui - Remiremont Info<\/title>\n<meta name=\"robots\" content=\"index, follow, max-snippet:-1, max-image-preview:large, max-video-preview:-1\" \/>\n<link rel=\"canonical\" href=\"https:\/\/vosgesinfo.fr\/remiremontinfo\/2021\/01\/festival-mediatheques-chacun-court-commence-aujourdhui\/\" \/>\n<meta name=\"twitter:card\" content=\"summary_large_image\" \/>\n<meta name=\"twitter:title\" content=\"Le festival des m\u00e9diath\u00e8ques \u00ab Chacun son court \u00bb commence aujourd&#039;hui - Remiremont Info\" \/>\n<meta name=\"twitter:description\" content=\"Dans le cadre du festival \u00ab Chacun son court \u00bb initi\u00e9 par CVS (plateforme de streaming et fournisseur de DVD), [&hellip;]\" \/>\n<meta name=\"twitter:image\" content=\"https:\/\/vosgesinfo.fr\/app\/uploads\/sites\/5\/2024\/09\/202101guide-chacun-son-court-page-0011.jpg\" \/>\n<meta name=\"twitter:creator\" content=\"@VosgesInfo88\" \/>\n<meta name=\"twitter:site\" content=\"@VosgesInfo88\" \/>\n<meta name=\"twitter:label1\" content=\"\u00c9crit par\" \/>\n\t<meta name=\"twitter:data1\" content=\"C D\" \/>\n\t<meta name=\"twitter:label2\" content=\"Dur\u00e9e de lecture estim\u00e9e\" \/>\n\t<meta name=\"twitter:data2\" content=\"2 minutes\" \/>\n<script type=\"application\/ld+json\" class=\"yoast-schema-graph\">{\"@context\":\"https:\/\/schema.org\",\"@graph\":[{\"@type\":\"Article\",\"@id\":\"https:\/\/vosgesinfo.fr\/remiremontinfo\/2021\/01\/festival-mediatheques-chacun-court-commence-aujourdhui\/#article\",\"isPartOf\":{\"@id\":\"https:\/\/vosgesinfo.fr\/remiremontinfo\/2021\/01\/festival-mediatheques-chacun-court-commence-aujourdhui\/\"},\"author\":{\"name\":\"C D\",\"@id\":\"https:\/\/vosgesinfo.fr\/remiremontinfo\/#\/schema\/person\/3bfd164d5218a185b1db68655a265316\"},\"headline\":\"Le festival des m\u00e9diath\u00e8ques \u00ab Chacun son court \u00bb commence aujourd&rsquo;hui\",\"datePublished\":\"2021-01-11T04:20:23+00:00\",\"dateModified\":\"2021-01-11T04:20:23+00:00\",\"mainEntityOfPage\":{\"@id\":\"https:\/\/vosgesinfo.fr\/remiremontinfo\/2021\/01\/festival-mediatheques-chacun-court-commence-aujourdhui\/\"},\"wordCount\":386,\"commentCount\":0,\"publisher\":{\"@id\":\"https:\/\/vosgesinfo.fr\/remiremontinfo\/#organization\"},\"image\":{\"@id\":\"https:\/\/vosgesinfo.fr\/remiremontinfo\/2021\/01\/festival-mediatheques-chacun-court-commence-aujourdhui\/#primaryimage\"},\"thumbnailUrl\":\"https:\/\/vosgesinfo.fr\/app\/uploads\/sites\/5\/2024\/09\/202101guide-chacun-son-court-page-0011.jpg\",\"articleSection\":[\"A la Une\",\"Culture\",\"Vosges\"],\"inLanguage\":\"fr-FR\",\"potentialAction\":[{\"@type\":\"CommentAction\",\"name\":\"Comment\",\"target\":[\"https:\/\/vosgesinfo.fr\/remiremontinfo\/2021\/01\/festival-mediatheques-chacun-court-commence-aujourdhui\/#respond\"]}]},{\"@type\":\"WebPage\",\"@id\":\"https:\/\/vosgesinfo.fr\/remiremontinfo\/2021\/01\/festival-mediatheques-chacun-court-commence-aujourdhui\/\",\"url\":\"https:\/\/vosgesinfo.fr\/remiremontinfo\/2021\/01\/festival-mediatheques-chacun-court-commence-aujourdhui\/\",\"name\":\"Le festival des m\u00e9diath\u00e8ques \u00ab Chacun son court \u00bb commence aujourd'hui - Remiremont Info\",\"isPartOf\":{\"@id\":\"https:\/\/vosgesinfo.fr\/remiremontinfo\/#website\"},\"primaryImageOfPage\":{\"@id\":\"https:\/\/vosgesinfo.fr\/remiremontinfo\/2021\/01\/festival-mediatheques-chacun-court-commence-aujourdhui\/#primaryimage\"},\"image\":{\"@id\":\"https:\/\/vosgesinfo.fr\/remiremontinfo\/2021\/01\/festival-mediatheques-chacun-court-commence-aujourdhui\/#primaryimage\"},\"thumbnailUrl\":\"https:\/\/vosgesinfo.fr\/app\/uploads\/sites\/5\/2024\/09\/202101guide-chacun-son-court-page-0011.jpg\",\"datePublished\":\"2021-01-11T04:20:23+00:00\",\"dateModified\":\"2021-01-11T04:20:23+00:00\",\"breadcrumb\":{\"@id\":\"https:\/\/vosgesinfo.fr\/remiremontinfo\/2021\/01\/festival-mediatheques-chacun-court-commence-aujourdhui\/#breadcrumb\"},\"inLanguage\":\"fr-FR\",\"potentialAction\":[{\"@type\":\"ReadAction\",\"target\":[\"https:\/\/vosgesinfo.fr\/remiremontinfo\/2021\/01\/festival-mediatheques-chacun-court-commence-aujourdhui\/\"]}]},{\"@type\":\"ImageObject\",\"inLanguage\":\"fr-FR\",\"@id\":\"https:\/\/vosgesinfo.fr\/remiremontinfo\/2021\/01\/festival-mediatheques-chacun-court-commence-aujourdhui\/#primaryimage\",\"url\":\"https:\/\/vosgesinfo.fr\/app\/uploads\/sites\/5\/2024\/09\/202101guide-chacun-son-court-page-0011.jpg\",\"contentUrl\":\"https:\/\/vosgesinfo.fr\/app\/uploads\/sites\/5\/2024\/09\/202101guide-chacun-son-court-page-0011.jpg\",\"width\":800,\"height\":642},{\"@type\":\"BreadcrumbList\",\"@id\":\"https:\/\/vosgesinfo.fr\/remiremontinfo\/2021\/01\/festival-mediatheques-chacun-court-commence-aujourdhui\/#breadcrumb\",\"itemListElement\":[{\"@type\":\"ListItem\",\"position\":1,\"name\":\"Home\",\"item\":\"https:\/\/vosgesinfo.fr\/remiremontinfo\/\"},{\"@type\":\"ListItem\",\"position\":2,\"name\":\"Le festival des m\u00e9diath\u00e8ques \u00ab Chacun son court \u00bb commence aujourd&rsquo;hui\"}]},{\"@type\":\"WebSite\",\"@id\":\"https:\/\/vosgesinfo.fr\/remiremontinfo\/#website\",\"url\":\"https:\/\/vosgesinfo.fr\/remiremontinfo\/\",\"name\":\"Remiremont Info\",\"description\":\"Toute l&#039;actualit\u00e9 de Remiremont\",\"publisher\":{\"@id\":\"https:\/\/vosgesinfo.fr\/remiremontinfo\/#organization\"},\"alternateName\":\"Toute l'actualit\u00e9 de Remiremont\",\"potentialAction\":[{\"@type\":\"SearchAction\",\"target\":{\"@type\":\"EntryPoint\",\"urlTemplate\":\"https:\/\/vosgesinfo.fr\/remiremontinfo\/?s={search_term_string}\"},\"query-input\":\"required name=search_term_string\"}],\"inLanguage\":\"fr-FR\"},{\"@type\":\"Organization\",\"@id\":\"https:\/\/vosgesinfo.fr\/remiremontinfo\/#organization\",\"name\":\"Remiremont Info\",\"url\":\"https:\/\/vosgesinfo.fr\/remiremontinfo\/\",\"logo\":{\"@type\":\"ImageObject\",\"inLanguage\":\"fr-FR\",\"@id\":\"https:\/\/vosgesinfo.fr\/remiremontinfo\/#\/schema\/logo\/image\/\",\"url\":\"https:\/\/vosgesinfo.fr\/app\/uploads\/sites\/5\/2023\/08\/favicon-remiremontinfo.png\",\"contentUrl\":\"https:\/\/vosgesinfo.fr\/app\/uploads\/sites\/5\/2023\/08\/favicon-remiremontinfo.png\",\"width\":512,\"height\":512,\"caption\":\"Remiremont Info\"},\"image\":{\"@id\":\"https:\/\/vosgesinfo.fr\/remiremontinfo\/#\/schema\/logo\/image\/\"},\"sameAs\":[\"https:\/\/www.facebook.com\/remiremontinfo\",\"https:\/\/x.com\/VosgesInfo88\",\"https:\/\/www.youtube.com\/@vosgesinfo\"]},{\"@type\":\"Person\",\"@id\":\"https:\/\/vosgesinfo.fr\/remiremontinfo\/#\/schema\/person\/3bfd164d5218a185b1db68655a265316\",\"name\":\"C D\",\"image\":{\"@type\":\"ImageObject\",\"inLanguage\":\"fr-FR\",\"@id\":\"https:\/\/vosgesinfo.fr\/remiremontinfo\/#\/schema\/person\/image\/\",\"url\":\"https:\/\/secure.gravatar.com\/avatar\/1f9a70007336511a47468b8f1c66f922b8b7cf617b02a31149ada43893a5d48f?s=96&d=mm&r=g\",\"contentUrl\":\"https:\/\/secure.gravatar.com\/avatar\/1f9a70007336511a47468b8f1c66f922b8b7cf617b02a31149ada43893a5d48f?s=96&d=mm&r=g\",\"caption\":\"C D\"},\"url\":\"https:\/\/vosgesinfo.fr\/remiremontinfo\/author\/cedric-drevet\/\"}]}<\/script>\n<!-- \/ Yoast SEO plugin. -->","yoast_head_json":{"title":"Le festival des m\u00e9diath\u00e8ques \u00ab Chacun son court \u00bb commence aujourd'hui - Remiremont Info","robots":{"index":"index","follow":"follow","max-snippet":"max-snippet:-1","max-image-preview":"max-image-preview:large","max-video-preview":"max-video-preview:-1"},"canonical":"https:\/\/vosgesinfo.fr\/remiremontinfo\/2021\/01\/festival-mediatheques-chacun-court-commence-aujourdhui\/","twitter_card":"summary_large_image","twitter_title":"Le festival des m\u00e9diath\u00e8ques \u00ab Chacun son court \u00bb commence aujourd'hui - Remiremont Info","twitter_description":"Dans le cadre du festival \u00ab Chacun son court \u00bb initi\u00e9 par CVS (plateforme de streaming et fournisseur de DVD), [&hellip;]","twitter_image":"https:\/\/vosgesinfo.fr\/app\/uploads\/sites\/5\/2024\/09\/202101guide-chacun-son-court-page-0011.jpg","twitter_creator":"@VosgesInfo88","twitter_site":"@VosgesInfo88","twitter_misc":{"\u00c9crit par":"C D","Dur\u00e9e de lecture estim\u00e9e":"2 minutes"},"schema":{"@context":"https:\/\/schema.org","@graph":[{"@type":"Article","@id":"https:\/\/vosgesinfo.fr\/remiremontinfo\/2021\/01\/festival-mediatheques-chacun-court-commence-aujourdhui\/#article","isPartOf":{"@id":"https:\/\/vosgesinfo.fr\/remiremontinfo\/2021\/01\/festival-mediatheques-chacun-court-commence-aujourdhui\/"},"author":{"name":"C D","@id":"https:\/\/vosgesinfo.fr\/remiremontinfo\/#\/schema\/person\/3bfd164d5218a185b1db68655a265316"},"headline":"Le festival des m\u00e9diath\u00e8ques \u00ab Chacun son court \u00bb commence aujourd&rsquo;hui","datePublished":"2021-01-11T04:20:23+00:00","dateModified":"2021-01-11T04:20:23+00:00","mainEntityOfPage":{"@id":"https:\/\/vosgesinfo.fr\/remiremontinfo\/2021\/01\/festival-mediatheques-chacun-court-commence-aujourdhui\/"},"wordCount":386,"commentCount":0,"publisher":{"@id":"https:\/\/vosgesinfo.fr\/remiremontinfo\/#organization"},"image":{"@id":"https:\/\/vosgesinfo.fr\/remiremontinfo\/2021\/01\/festival-mediatheques-chacun-court-commence-aujourdhui\/#primaryimage"},"thumbnailUrl":"https:\/\/vosgesinfo.fr\/app\/uploads\/sites\/5\/2024\/09\/202101guide-chacun-son-court-page-0011.jpg","articleSection":["A la Une","Culture","Vosges"],"inLanguage":"fr-FR","potentialAction":[{"@type":"CommentAction","name":"Comment","target":["https:\/\/vosgesinfo.fr\/remiremontinfo\/2021\/01\/festival-mediatheques-chacun-court-commence-aujourdhui\/#respond"]}]},{"@type":"WebPage","@id":"https:\/\/vosgesinfo.fr\/remiremontinfo\/2021\/01\/festival-mediatheques-chacun-court-commence-aujourdhui\/","url":"https:\/\/vosgesinfo.fr\/remiremontinfo\/2021\/01\/festival-mediatheques-chacun-court-commence-aujourdhui\/","name":"Le festival des m\u00e9diath\u00e8ques \u00ab Chacun son court \u00bb commence aujourd'hui - Remiremont Info","isPartOf":{"@id":"https:\/\/vosgesinfo.fr\/remiremontinfo\/#website"},"primaryImageOfPage":{"@id":"https:\/\/vosgesinfo.fr\/remiremontinfo\/2021\/01\/festival-mediatheques-chacun-court-commence-aujourdhui\/#primaryimage"},"image":{"@id":"https:\/\/vosgesinfo.fr\/remiremontinfo\/2021\/01\/festival-mediatheques-chacun-court-commence-aujourdhui\/#primaryimage"},"thumbnailUrl":"https:\/\/vosgesinfo.fr\/app\/uploads\/sites\/5\/2024\/09\/202101guide-chacun-son-court-page-0011.jpg","datePublished":"2021-01-11T04:20:23+00:00","dateModified":"2021-01-11T04:20:23+00:00","breadcrumb":{"@id":"https:\/\/vosgesinfo.fr\/remiremontinfo\/2021\/01\/festival-mediatheques-chacun-court-commence-aujourdhui\/#breadcrumb"},"inLanguage":"fr-FR","potentialAction":[{"@type":"ReadAction","target":["https:\/\/vosgesinfo.fr\/remiremontinfo\/2021\/01\/festival-mediatheques-chacun-court-commence-aujourdhui\/"]}]},{"@type":"ImageObject","inLanguage":"fr-FR","@id":"https:\/\/vosgesinfo.fr\/remiremontinfo\/2021\/01\/festival-mediatheques-chacun-court-commence-aujourdhui\/#primaryimage","url":"https:\/\/vosgesinfo.fr\/app\/uploads\/sites\/5\/2024\/09\/202101guide-chacun-son-court-page-0011.jpg","contentUrl":"https:\/\/vosgesinfo.fr\/app\/uploads\/sites\/5\/2024\/09\/202101guide-chacun-son-court-page-0011.jpg","width":800,"height":642},{"@type":"BreadcrumbList","@id":"https:\/\/vosgesinfo.fr\/remiremontinfo\/2021\/01\/festival-mediatheques-chacun-court-commence-aujourdhui\/#breadcrumb","itemListElement":[{"@type":"ListItem","position":1,"name":"Home","item":"https:\/\/vosgesinfo.fr\/remiremontinfo\/"},{"@type":"ListItem","position":2,"name":"Le festival des m\u00e9diath\u00e8ques \u00ab Chacun son court \u00bb commence aujourd&rsquo;hui"}]},{"@type":"WebSite","@id":"https:\/\/vosgesinfo.fr\/remiremontinfo\/#website","url":"https:\/\/vosgesinfo.fr\/remiremontinfo\/","name":"Remiremont Info","description":"Toute l&#039;actualit\u00e9 de Remiremont","publisher":{"@id":"https:\/\/vosgesinfo.fr\/remiremontinfo\/#organization"},"alternateName":"Toute l'actualit\u00e9 de Remiremont","potentialAction":[{"@type":"SearchAction","target":{"@type":"EntryPoint","urlTemplate":"https:\/\/vosgesinfo.fr\/remiremontinfo\/?s={search_term_string}"},"query-input":"required name=search_term_string"}],"inLanguage":"fr-FR"},{"@type":"Organization","@id":"https:\/\/vosgesinfo.fr\/remiremontinfo\/#organization","name":"Remiremont Info","url":"https:\/\/vosgesinfo.fr\/remiremontinfo\/","logo":{"@type":"ImageObject","inLanguage":"fr-FR","@id":"https:\/\/vosgesinfo.fr\/remiremontinfo\/#\/schema\/logo\/image\/","url":"https:\/\/vosgesinfo.fr\/app\/uploads\/sites\/5\/2023\/08\/favicon-remiremontinfo.png","contentUrl":"https:\/\/vosgesinfo.fr\/app\/uploads\/sites\/5\/2023\/08\/favicon-remiremontinfo.png","width":512,"height":512,"caption":"Remiremont Info"},"image":{"@id":"https:\/\/vosgesinfo.fr\/remiremontinfo\/#\/schema\/logo\/image\/"},"sameAs":["https:\/\/www.facebook.com\/remiremontinfo","https:\/\/x.com\/VosgesInfo88","https:\/\/www.youtube.com\/@vosgesinfo"]},{"@type":"Person","@id":"https:\/\/vosgesinfo.fr\/remiremontinfo\/#\/schema\/person\/3bfd164d5218a185b1db68655a265316","name":"C D","image":{"@type":"ImageObject","inLanguage":"fr-FR","@id":"https:\/\/vosgesinfo.fr\/remiremontinfo\/#\/schema\/person\/image\/","url":"https:\/\/secure.gravatar.com\/avatar\/1f9a70007336511a47468b8f1c66f922b8b7cf617b02a31149ada43893a5d48f?s=96&d=mm&r=g","contentUrl":"https:\/\/secure.gravatar.com\/avatar\/1f9a70007336511a47468b8f1c66f922b8b7cf617b02a31149ada43893a5d48f?s=96&d=mm&r=g","caption":"C D"},"url":"https:\/\/vosgesinfo.fr\/remiremontinfo\/author\/cedric-drevet\/"}]}},"_links":{"self":[{"href":"https:\/\/vosgesinfo.fr\/remiremontinfo\/wp-json\/wp\/v2\/posts\/35960","targetHints":{"allow":["GET"]}}],"collection":[{"href":"https:\/\/vosgesinfo.fr\/remiremontinfo\/wp-json\/wp\/v2\/posts"}],"about":[{"href":"https:\/\/vosgesinfo.fr\/remiremontinfo\/wp-json\/wp\/v2\/types\/post"}],"author":[{"embeddable":true,"href":"https:\/\/vosgesinfo.fr\/remiremontinfo\/wp-json\/wp\/v2\/users\/407"}],"replies":[{"embeddable":true,"href":"https:\/\/vosgesinfo.fr\/remiremontinfo\/wp-json\/wp\/v2\/comments?post=35960"}],"version-history":[{"count":0,"href":"https:\/\/vosgesinfo.fr\/remiremontinfo\/wp-json\/wp\/v2\/posts\/35960\/revisions"}],"wp:featuredmedia":[{"embeddable":true,"href":"https:\/\/vosgesinfo.fr\/remiremontinfo\/wp-json\/wp\/v2\/media\/35961"}],"wp:attachment":[{"href":"https:\/\/vosgesinfo.fr\/remiremontinfo\/wp-json\/wp\/v2\/media?parent=35960"}],"wp:term":[{"taxonomy":"category","embeddable":true,"href":"https:\/\/vosgesinfo.fr\/remiremontinfo\/wp-json\/wp\/v2\/categories?post=35960"},{"taxonomy":"post_tag","embeddable":true,"href":"https:\/\/vosgesinfo.fr\/remiremontinfo\/wp-json\/wp\/v2\/tags?post=35960"}],"curies":[{"name":"wp","href":"https:\/\/api.w.org\/{rel}","templated":true}]}}