{"id":36030,"date":"2021-01-13T09:41:18","date_gmt":"2021-01-13T08:41:18","guid":{"rendered":"https:\/\/vosgesinfo.fr\/remiremontinfo\/2021\/01\/vosges-sapeur-pompier-decede-grievement-blesse-quils-partaient-intervention\/"},"modified":"2021-01-13T09:41:18","modified_gmt":"2021-01-13T08:41:18","slug":"vosges-sapeur-pompier-decede-grievement-blesse-quils-partaient-intervention","status":"publish","type":"post","link":"https:\/\/vosgesinfo.fr\/remiremontinfo\/2021\/01\/vosges-sapeur-pompier-decede-grievement-blesse-quils-partaient-intervention\/","title":{"rendered":"Vosges : un sapeur-pompier d\u00e9c\u00e9d\u00e9 et un autre gri\u00e8vement bless\u00e9 alors qu\u2019ils partaient en intervention"},"content":{"rendered":"<p style=\"text-align: center;\"><a href=\"\/2019\/05\/pompiers2.jpg\"><img decoding=\"async\" class=\"alignnone size-full wp-image-259587\" src=\"\/2019\/05\/pompiers2.jpg\" alt=\"pompiers2\" width=\"446\" height=\"446\" \/><\/a><\/p>\n<p style=\"text-align: left;\"><em><span style=\"font-size: 10pt;\">Photo d&rsquo;illustration<\/span><\/em><\/p>\n<p style=\"text-align: center;\"><em>Communiqu\u00e9 de la Pr\u00e9fecture et du SDIS88<\/em><\/p>\n<p>Alors qu\u2019ils se rendaient sur une intervention pour un feu de chemin\u00e9e avec une \u00e9chelle a\u00e9rienne, deux sapeurs-pompiers volontaires du centre d&rsquo;incendie et de secours de Mirecourt, tous deux \u00e2g\u00e9s de 49 ans, ont \u00e9t\u00e9 victimes d\u2019un accident de la circulation sur la commune de Vroville.<\/p>\n<p>Pour une raison ind\u00e9termin\u00e9e, un choc frontal entre le v\u00e9hicule des sapeurs-pompiers et un poids-lourd s\u2019est produit sur une route d\u00e9partementale. Le chef d\u2019agr\u00e8s n\u2019a pas surv\u00e9cu au choc, le conducteur a quant \u00e0 lui \u00e9t\u00e9 pris en charge gri\u00e8vement bless\u00e9 et transport\u00e9 vers le Centre hospitalier de Nancy. Son pronostic vital est engag\u00e9. Les op\u00e9rations de d\u00e9sincarc\u00e9ration ont \u00e9t\u00e9 longues et compliqu\u00e9es et ont n\u00e9cessit\u00e9 des moyens sp\u00e9cialis\u00e9s.<\/p>\n<p>M. Yves SEGUY, Pr\u00e9fet des Vosges, M. Ga\u00ebl Rousseau, sous pr\u00e9fet de l\u2019arrondissement de Neufch\u00e2teau, M. Nicolas HEITZ, Procureur de la R\u00e9publique, le Colonel Sacha DEMIERRE, Directeur D\u00e9partemental et chef de corps d\u00e9partemental et le M\u00e9decin-Colonel Vincent BLIME, M\u00e9decin-Chef du SDIS des Vosges et le colonel Brice MANGOU, commandant le groupement de gendarmerie des Vosges, se sont rendus sur les lieux de l&rsquo;intervention; un soutien psychologique est actuellement organis\u00e9 au profit des intervenants et des sapeurs-pompiers locaux.<\/p>\n<p>Yves S\u00e9guy, pr\u00e9fet des Vosges, souhaite faire part de sa plus grande compassion aux familles et \u00e0 leurs camarades sapeurs-pompiers et leur adresse ses sinc\u00e8res condol\u00e9ances et les assure de son soutien dans cette douloureuse \u00e9preuve. Ce drame vient h\u00e9las rappeler une fois encore l\u2019engagement total et permanent de ces femmes et de ces hommes, volontaires pour la tr\u00e8s majorit\u00e9 d\u2019entre eux, (plus de 3 000 sapeurs-pompiers volontaires dans les Vosges) qui mettent chaque jour leur vie au service de nos concitoyens.<\/p>\n<p><em>Communiqu\u00e9 de la Pr\u00e9fecture et du SDIS88<\/em><\/p>\n","protected":false},"excerpt":{"rendered":"<p>Photo d&rsquo;illustration Communiqu\u00e9 de la Pr\u00e9fecture et du SDIS88 Alors qu\u2019ils se rendaient sur une intervention pour un feu de [&hellip;]<\/p>\n","protected":false},"author":407,"featured_media":36031,"comment_status":"open","ping_status":"open","sticky":false,"template":"","format":"standard","meta":{"footnotes":""},"categories":[26,8,18],"tags":[],"class_list":["post-36030","post","type-post","status-publish","format-standard","has-post-thumbnail","hentry","category-a-la-une","category-faits-divers","category-vosges"],"acf":[],"yoast_head":"<!-- This site is optimized with the Yoast SEO plugin v22.5 - https:\/\/yoast.com\/wordpress\/plugins\/seo\/ -->\n<title>Vosges : un sapeur-pompier d\u00e9c\u00e9d\u00e9 et un autre gri\u00e8vement bless\u00e9 alors qu\u2019ils partaient en intervention - Remiremont Info<\/title>\n<meta name=\"robots\" content=\"index, follow, max-snippet:-1, max-image-preview:large, max-video-preview:-1\" \/>\n<link rel=\"canonical\" href=\"https:\/\/vosgesinfo.fr\/remiremontinfo\/2021\/01\/vosges-sapeur-pompier-decede-grievement-blesse-quils-partaient-intervention\/\" \/>\n<meta name=\"twitter:card\" content=\"summary_large_image\" \/>\n<meta name=\"twitter:title\" content=\"Vosges : un sapeur-pompier d\u00e9c\u00e9d\u00e9 et un autre gri\u00e8vement bless\u00e9 alors qu\u2019ils partaient en intervention - Remiremont Info\" \/>\n<meta name=\"twitter:description\" content=\"Photo d&rsquo;illustration Communiqu\u00e9 de la Pr\u00e9fecture et du SDIS88 Alors qu\u2019ils se rendaient sur une intervention pour un feu de [&hellip;]\" \/>\n<meta name=\"twitter:image\" content=\"https:\/\/vosgesinfo.fr\/app\/uploads\/sites\/5\/2024\/09\/201902870x489-pompiers-56.jpg\" \/>\n<meta name=\"twitter:creator\" content=\"@VosgesInfo88\" \/>\n<meta name=\"twitter:site\" content=\"@VosgesInfo88\" \/>\n<meta name=\"twitter:label1\" content=\"\u00c9crit par\" \/>\n\t<meta name=\"twitter:data1\" content=\"C D\" \/>\n\t<meta name=\"twitter:label2\" content=\"Dur\u00e9e de lecture estim\u00e9e\" \/>\n\t<meta name=\"twitter:data2\" content=\"2 minutes\" \/>\n<script type=\"application\/ld+json\" class=\"yoast-schema-graph\">{\"@context\":\"https:\/\/schema.org\",\"@graph\":[{\"@type\":\"Article\",\"@id\":\"https:\/\/vosgesinfo.fr\/remiremontinfo\/2021\/01\/vosges-sapeur-pompier-decede-grievement-blesse-quils-partaient-intervention\/#article\",\"isPartOf\":{\"@id\":\"https:\/\/vosgesinfo.fr\/remiremontinfo\/2021\/01\/vosges-sapeur-pompier-decede-grievement-blesse-quils-partaient-intervention\/\"},\"author\":{\"name\":\"C D\",\"@id\":\"https:\/\/vosgesinfo.fr\/remiremontinfo\/#\/schema\/person\/3bfd164d5218a185b1db68655a265316\"},\"headline\":\"Vosges : un sapeur-pompier d\u00e9c\u00e9d\u00e9 et un autre gri\u00e8vement bless\u00e9 alors qu\u2019ils partaient en intervention\",\"datePublished\":\"2021-01-13T08:41:18+00:00\",\"dateModified\":\"2021-01-13T08:41:18+00:00\",\"mainEntityOfPage\":{\"@id\":\"https:\/\/vosgesinfo.fr\/remiremontinfo\/2021\/01\/vosges-sapeur-pompier-decede-grievement-blesse-quils-partaient-intervention\/\"},\"wordCount\":348,\"commentCount\":0,\"publisher\":{\"@id\":\"https:\/\/vosgesinfo.fr\/remiremontinfo\/#organization\"},\"image\":{\"@id\":\"https:\/\/vosgesinfo.fr\/remiremontinfo\/2021\/01\/vosges-sapeur-pompier-decede-grievement-blesse-quils-partaient-intervention\/#primaryimage\"},\"thumbnailUrl\":\"https:\/\/vosgesinfo.fr\/app\/uploads\/sites\/5\/2024\/09\/201902870x489-pompiers-56.jpg\",\"articleSection\":[\"A la Une\",\"Faits-divers\",\"Vosges\"],\"inLanguage\":\"fr-FR\",\"potentialAction\":[{\"@type\":\"CommentAction\",\"name\":\"Comment\",\"target\":[\"https:\/\/vosgesinfo.fr\/remiremontinfo\/2021\/01\/vosges-sapeur-pompier-decede-grievement-blesse-quils-partaient-intervention\/#respond\"]}]},{\"@type\":\"WebPage\",\"@id\":\"https:\/\/vosgesinfo.fr\/remiremontinfo\/2021\/01\/vosges-sapeur-pompier-decede-grievement-blesse-quils-partaient-intervention\/\",\"url\":\"https:\/\/vosgesinfo.fr\/remiremontinfo\/2021\/01\/vosges-sapeur-pompier-decede-grievement-blesse-quils-partaient-intervention\/\",\"name\":\"Vosges : un sapeur-pompier d\u00e9c\u00e9d\u00e9 et un autre gri\u00e8vement bless\u00e9 alors qu\u2019ils partaient en intervention - Remiremont Info\",\"isPartOf\":{\"@id\":\"https:\/\/vosgesinfo.fr\/remiremontinfo\/#website\"},\"primaryImageOfPage\":{\"@id\":\"https:\/\/vosgesinfo.fr\/remiremontinfo\/2021\/01\/vosges-sapeur-pompier-decede-grievement-blesse-quils-partaient-intervention\/#primaryimage\"},\"image\":{\"@id\":\"https:\/\/vosgesinfo.fr\/remiremontinfo\/2021\/01\/vosges-sapeur-pompier-decede-grievement-blesse-quils-partaient-intervention\/#primaryimage\"},\"thumbnailUrl\":\"https:\/\/vosgesinfo.fr\/app\/uploads\/sites\/5\/2024\/09\/201902870x489-pompiers-56.jpg\",\"datePublished\":\"2021-01-13T08:41:18+00:00\",\"dateModified\":\"2021-01-13T08:41:18+00:00\",\"breadcrumb\":{\"@id\":\"https:\/\/vosgesinfo.fr\/remiremontinfo\/2021\/01\/vosges-sapeur-pompier-decede-grievement-blesse-quils-partaient-intervention\/#breadcrumb\"},\"inLanguage\":\"fr-FR\",\"potentialAction\":[{\"@type\":\"ReadAction\",\"target\":[\"https:\/\/vosgesinfo.fr\/remiremontinfo\/2021\/01\/vosges-sapeur-pompier-decede-grievement-blesse-quils-partaient-intervention\/\"]}]},{\"@type\":\"ImageObject\",\"inLanguage\":\"fr-FR\",\"@id\":\"https:\/\/vosgesinfo.fr\/remiremontinfo\/2021\/01\/vosges-sapeur-pompier-decede-grievement-blesse-quils-partaient-intervention\/#primaryimage\",\"url\":\"https:\/\/vosgesinfo.fr\/app\/uploads\/sites\/5\/2024\/09\/201902870x489-pompiers-56.jpg\",\"contentUrl\":\"https:\/\/vosgesinfo.fr\/app\/uploads\/sites\/5\/2024\/09\/201902870x489-pompiers-56.jpg\",\"width\":622,\"height\":350},{\"@type\":\"BreadcrumbList\",\"@id\":\"https:\/\/vosgesinfo.fr\/remiremontinfo\/2021\/01\/vosges-sapeur-pompier-decede-grievement-blesse-quils-partaient-intervention\/#breadcrumb\",\"itemListElement\":[{\"@type\":\"ListItem\",\"position\":1,\"name\":\"Home\",\"item\":\"https:\/\/vosgesinfo.fr\/remiremontinfo\/\"},{\"@type\":\"ListItem\",\"position\":2,\"name\":\"Vosges : un sapeur-pompier d\u00e9c\u00e9d\u00e9 et un autre gri\u00e8vement bless\u00e9 alors qu\u2019ils partaient en intervention\"}]},{\"@type\":\"WebSite\",\"@id\":\"https:\/\/vosgesinfo.fr\/remiremontinfo\/#website\",\"url\":\"https:\/\/vosgesinfo.fr\/remiremontinfo\/\",\"name\":\"Remiremont Info\",\"description\":\"Toute l&#039;actualit\u00e9 de Remiremont\",\"publisher\":{\"@id\":\"https:\/\/vosgesinfo.fr\/remiremontinfo\/#organization\"},\"alternateName\":\"Toute l'actualit\u00e9 de Remiremont\",\"potentialAction\":[{\"@type\":\"SearchAction\",\"target\":{\"@type\":\"EntryPoint\",\"urlTemplate\":\"https:\/\/vosgesinfo.fr\/remiremontinfo\/?s={search_term_string}\"},\"query-input\":\"required name=search_term_string\"}],\"inLanguage\":\"fr-FR\"},{\"@type\":\"Organization\",\"@id\":\"https:\/\/vosgesinfo.fr\/remiremontinfo\/#organization\",\"name\":\"Remiremont Info\",\"url\":\"https:\/\/vosgesinfo.fr\/remiremontinfo\/\",\"logo\":{\"@type\":\"ImageObject\",\"inLanguage\":\"fr-FR\",\"@id\":\"https:\/\/vosgesinfo.fr\/remiremontinfo\/#\/schema\/logo\/image\/\",\"url\":\"https:\/\/vosgesinfo.fr\/app\/uploads\/sites\/5\/2023\/08\/favicon-remiremontinfo.png\",\"contentUrl\":\"https:\/\/vosgesinfo.fr\/app\/uploads\/sites\/5\/2023\/08\/favicon-remiremontinfo.png\",\"width\":512,\"height\":512,\"caption\":\"Remiremont Info\"},\"image\":{\"@id\":\"https:\/\/vosgesinfo.fr\/remiremontinfo\/#\/schema\/logo\/image\/\"},\"sameAs\":[\"https:\/\/www.facebook.com\/remiremontinfo\",\"https:\/\/x.com\/VosgesInfo88\",\"https:\/\/www.youtube.com\/@vosgesinfo\"]},{\"@type\":\"Person\",\"@id\":\"https:\/\/vosgesinfo.fr\/remiremontinfo\/#\/schema\/person\/3bfd164d5218a185b1db68655a265316\",\"name\":\"C D\",\"image\":{\"@type\":\"ImageObject\",\"inLanguage\":\"fr-FR\",\"@id\":\"https:\/\/vosgesinfo.fr\/remiremontinfo\/#\/schema\/person\/image\/\",\"url\":\"https:\/\/secure.gravatar.com\/avatar\/1f9a70007336511a47468b8f1c66f922b8b7cf617b02a31149ada43893a5d48f?s=96&d=mm&r=g\",\"contentUrl\":\"https:\/\/secure.gravatar.com\/avatar\/1f9a70007336511a47468b8f1c66f922b8b7cf617b02a31149ada43893a5d48f?s=96&d=mm&r=g\",\"caption\":\"C D\"},\"url\":\"https:\/\/vosgesinfo.fr\/remiremontinfo\/author\/cedric-drevet\/\"}]}<\/script>\n<!-- \/ Yoast SEO plugin. -->","yoast_head_json":{"title":"Vosges : un sapeur-pompier d\u00e9c\u00e9d\u00e9 et un autre gri\u00e8vement bless\u00e9 alors qu\u2019ils partaient en intervention - Remiremont Info","robots":{"index":"index","follow":"follow","max-snippet":"max-snippet:-1","max-image-preview":"max-image-preview:large","max-video-preview":"max-video-preview:-1"},"canonical":"https:\/\/vosgesinfo.fr\/remiremontinfo\/2021\/01\/vosges-sapeur-pompier-decede-grievement-blesse-quils-partaient-intervention\/","twitter_card":"summary_large_image","twitter_title":"Vosges : un sapeur-pompier d\u00e9c\u00e9d\u00e9 et un autre gri\u00e8vement bless\u00e9 alors qu\u2019ils partaient en intervention - Remiremont Info","twitter_description":"Photo d&rsquo;illustration Communiqu\u00e9 de la Pr\u00e9fecture et du SDIS88 Alors qu\u2019ils se rendaient sur une intervention pour un feu de [&hellip;]","twitter_image":"https:\/\/vosgesinfo.fr\/app\/uploads\/sites\/5\/2024\/09\/201902870x489-pompiers-56.jpg","twitter_creator":"@VosgesInfo88","twitter_site":"@VosgesInfo88","twitter_misc":{"\u00c9crit par":"C D","Dur\u00e9e de lecture estim\u00e9e":"2 minutes"},"schema":{"@context":"https:\/\/schema.org","@graph":[{"@type":"Article","@id":"https:\/\/vosgesinfo.fr\/remiremontinfo\/2021\/01\/vosges-sapeur-pompier-decede-grievement-blesse-quils-partaient-intervention\/#article","isPartOf":{"@id":"https:\/\/vosgesinfo.fr\/remiremontinfo\/2021\/01\/vosges-sapeur-pompier-decede-grievement-blesse-quils-partaient-intervention\/"},"author":{"name":"C D","@id":"https:\/\/vosgesinfo.fr\/remiremontinfo\/#\/schema\/person\/3bfd164d5218a185b1db68655a265316"},"headline":"Vosges : un sapeur-pompier d\u00e9c\u00e9d\u00e9 et un autre gri\u00e8vement bless\u00e9 alors qu\u2019ils partaient en intervention","datePublished":"2021-01-13T08:41:18+00:00","dateModified":"2021-01-13T08:41:18+00:00","mainEntityOfPage":{"@id":"https:\/\/vosgesinfo.fr\/remiremontinfo\/2021\/01\/vosges-sapeur-pompier-decede-grievement-blesse-quils-partaient-intervention\/"},"wordCount":348,"commentCount":0,"publisher":{"@id":"https:\/\/vosgesinfo.fr\/remiremontinfo\/#organization"},"image":{"@id":"https:\/\/vosgesinfo.fr\/remiremontinfo\/2021\/01\/vosges-sapeur-pompier-decede-grievement-blesse-quils-partaient-intervention\/#primaryimage"},"thumbnailUrl":"https:\/\/vosgesinfo.fr\/app\/uploads\/sites\/5\/2024\/09\/201902870x489-pompiers-56.jpg","articleSection":["A la Une","Faits-divers","Vosges"],"inLanguage":"fr-FR","potentialAction":[{"@type":"CommentAction","name":"Comment","target":["https:\/\/vosgesinfo.fr\/remiremontinfo\/2021\/01\/vosges-sapeur-pompier-decede-grievement-blesse-quils-partaient-intervention\/#respond"]}]},{"@type":"WebPage","@id":"https:\/\/vosgesinfo.fr\/remiremontinfo\/2021\/01\/vosges-sapeur-pompier-decede-grievement-blesse-quils-partaient-intervention\/","url":"https:\/\/vosgesinfo.fr\/remiremontinfo\/2021\/01\/vosges-sapeur-pompier-decede-grievement-blesse-quils-partaient-intervention\/","name":"Vosges : un sapeur-pompier d\u00e9c\u00e9d\u00e9 et un autre gri\u00e8vement bless\u00e9 alors qu\u2019ils partaient en intervention - Remiremont Info","isPartOf":{"@id":"https:\/\/vosgesinfo.fr\/remiremontinfo\/#website"},"primaryImageOfPage":{"@id":"https:\/\/vosgesinfo.fr\/remiremontinfo\/2021\/01\/vosges-sapeur-pompier-decede-grievement-blesse-quils-partaient-intervention\/#primaryimage"},"image":{"@id":"https:\/\/vosgesinfo.fr\/remiremontinfo\/2021\/01\/vosges-sapeur-pompier-decede-grievement-blesse-quils-partaient-intervention\/#primaryimage"},"thumbnailUrl":"https:\/\/vosgesinfo.fr\/app\/uploads\/sites\/5\/2024\/09\/201902870x489-pompiers-56.jpg","datePublished":"2021-01-13T08:41:18+00:00","dateModified":"2021-01-13T08:41:18+00:00","breadcrumb":{"@id":"https:\/\/vosgesinfo.fr\/remiremontinfo\/2021\/01\/vosges-sapeur-pompier-decede-grievement-blesse-quils-partaient-intervention\/#breadcrumb"},"inLanguage":"fr-FR","potentialAction":[{"@type":"ReadAction","target":["https:\/\/vosgesinfo.fr\/remiremontinfo\/2021\/01\/vosges-sapeur-pompier-decede-grievement-blesse-quils-partaient-intervention\/"]}]},{"@type":"ImageObject","inLanguage":"fr-FR","@id":"https:\/\/vosgesinfo.fr\/remiremontinfo\/2021\/01\/vosges-sapeur-pompier-decede-grievement-blesse-quils-partaient-intervention\/#primaryimage","url":"https:\/\/vosgesinfo.fr\/app\/uploads\/sites\/5\/2024\/09\/201902870x489-pompiers-56.jpg","contentUrl":"https:\/\/vosgesinfo.fr\/app\/uploads\/sites\/5\/2024\/09\/201902870x489-pompiers-56.jpg","width":622,"height":350},{"@type":"BreadcrumbList","@id":"https:\/\/vosgesinfo.fr\/remiremontinfo\/2021\/01\/vosges-sapeur-pompier-decede-grievement-blesse-quils-partaient-intervention\/#breadcrumb","itemListElement":[{"@type":"ListItem","position":1,"name":"Home","item":"https:\/\/vosgesinfo.fr\/remiremontinfo\/"},{"@type":"ListItem","position":2,"name":"Vosges : un sapeur-pompier d\u00e9c\u00e9d\u00e9 et un autre gri\u00e8vement bless\u00e9 alors qu\u2019ils partaient en intervention"}]},{"@type":"WebSite","@id":"https:\/\/vosgesinfo.fr\/remiremontinfo\/#website","url":"https:\/\/vosgesinfo.fr\/remiremontinfo\/","name":"Remiremont Info","description":"Toute l&#039;actualit\u00e9 de Remiremont","publisher":{"@id":"https:\/\/vosgesinfo.fr\/remiremontinfo\/#organization"},"alternateName":"Toute l'actualit\u00e9 de Remiremont","potentialAction":[{"@type":"SearchAction","target":{"@type":"EntryPoint","urlTemplate":"https:\/\/vosgesinfo.fr\/remiremontinfo\/?s={search_term_string}"},"query-input":"required name=search_term_string"}],"inLanguage":"fr-FR"},{"@type":"Organization","@id":"https:\/\/vosgesinfo.fr\/remiremontinfo\/#organization","name":"Remiremont Info","url":"https:\/\/vosgesinfo.fr\/remiremontinfo\/","logo":{"@type":"ImageObject","inLanguage":"fr-FR","@id":"https:\/\/vosgesinfo.fr\/remiremontinfo\/#\/schema\/logo\/image\/","url":"https:\/\/vosgesinfo.fr\/app\/uploads\/sites\/5\/2023\/08\/favicon-remiremontinfo.png","contentUrl":"https:\/\/vosgesinfo.fr\/app\/uploads\/sites\/5\/2023\/08\/favicon-remiremontinfo.png","width":512,"height":512,"caption":"Remiremont Info"},"image":{"@id":"https:\/\/vosgesinfo.fr\/remiremontinfo\/#\/schema\/logo\/image\/"},"sameAs":["https:\/\/www.facebook.com\/remiremontinfo","https:\/\/x.com\/VosgesInfo88","https:\/\/www.youtube.com\/@vosgesinfo"]},{"@type":"Person","@id":"https:\/\/vosgesinfo.fr\/remiremontinfo\/#\/schema\/person\/3bfd164d5218a185b1db68655a265316","name":"C D","image":{"@type":"ImageObject","inLanguage":"fr-FR","@id":"https:\/\/vosgesinfo.fr\/remiremontinfo\/#\/schema\/person\/image\/","url":"https:\/\/secure.gravatar.com\/avatar\/1f9a70007336511a47468b8f1c66f922b8b7cf617b02a31149ada43893a5d48f?s=96&d=mm&r=g","contentUrl":"https:\/\/secure.gravatar.com\/avatar\/1f9a70007336511a47468b8f1c66f922b8b7cf617b02a31149ada43893a5d48f?s=96&d=mm&r=g","caption":"C D"},"url":"https:\/\/vosgesinfo.fr\/remiremontinfo\/author\/cedric-drevet\/"}]}},"_links":{"self":[{"href":"https:\/\/vosgesinfo.fr\/remiremontinfo\/wp-json\/wp\/v2\/posts\/36030","targetHints":{"allow":["GET"]}}],"collection":[{"href":"https:\/\/vosgesinfo.fr\/remiremontinfo\/wp-json\/wp\/v2\/posts"}],"about":[{"href":"https:\/\/vosgesinfo.fr\/remiremontinfo\/wp-json\/wp\/v2\/types\/post"}],"author":[{"embeddable":true,"href":"https:\/\/vosgesinfo.fr\/remiremontinfo\/wp-json\/wp\/v2\/users\/407"}],"replies":[{"embeddable":true,"href":"https:\/\/vosgesinfo.fr\/remiremontinfo\/wp-json\/wp\/v2\/comments?post=36030"}],"version-history":[{"count":0,"href":"https:\/\/vosgesinfo.fr\/remiremontinfo\/wp-json\/wp\/v2\/posts\/36030\/revisions"}],"wp:featuredmedia":[{"embeddable":true,"href":"https:\/\/vosgesinfo.fr\/remiremontinfo\/wp-json\/wp\/v2\/media\/36031"}],"wp:attachment":[{"href":"https:\/\/vosgesinfo.fr\/remiremontinfo\/wp-json\/wp\/v2\/media?parent=36030"}],"wp:term":[{"taxonomy":"category","embeddable":true,"href":"https:\/\/vosgesinfo.fr\/remiremontinfo\/wp-json\/wp\/v2\/categories?post=36030"},{"taxonomy":"post_tag","embeddable":true,"href":"https:\/\/vosgesinfo.fr\/remiremontinfo\/wp-json\/wp\/v2\/tags?post=36030"}],"curies":[{"name":"wp","href":"https:\/\/api.w.org\/{rel}","templated":true}]}}