{"id":36280,"date":"2021-01-21T08:05:47","date_gmt":"2021-01-21T07:05:47","guid":{"rendered":"https:\/\/vosgesinfo.fr\/remiremontinfo\/2021\/01\/bresse-cagnotte-ligne-soutenir-marie-arnould-earl-champis-suite-a-lincident\/"},"modified":"2021-01-21T08:05:47","modified_gmt":"2021-01-21T07:05:47","slug":"bresse-cagnotte-ligne-soutenir-marie-arnould-earl-champis-suite-a-lincident","status":"publish","type":"post","link":"https:\/\/vosgesinfo.fr\/remiremontinfo\/2021\/01\/bresse-cagnotte-ligne-soutenir-marie-arnould-earl-champis-suite-a-lincident\/","title":{"rendered":"La Bresse\u00a0: une cagnotte en ligne pour soutenir Marie Arnould et son EARL des Champis suite \u00e0 l\u2019incident"},"content":{"rendered":"<p style=\"text-align: center;\"><a href=\"\/2021\/01\/Capture-d\u2019\u00e9cran-2021-01-21-085847.png\"><img decoding=\"async\" class=\"alignnone size-full wp-image-307382\" src=\"\/2021\/01\/Capture-d\u2019\u00e9cran-2021-01-21-085847.png\" alt=\"Capture d\u2019\u00e9cran 2021-01-21 085847\" width=\"800\" height=\"468\" \/><\/a><\/p>\n<p style=\"text-align: left;\"><span style=\"font-size: 10pt;\"><em>Capture d&rsquo;\u00e9cran de la page de la cagnotte en ligne<\/em><\/span><\/p>\n<h2><span style=\"font-size: 12pt;\"><strong><span style=\"color: #333333;\"><span style=\"font-family: 'Times New Roman', serif;\">Une cagnotte <\/span><\/span><span style=\"color: #333333;\"><span style=\"font-family: 'Times New Roman', serif;\">en ligne <\/span><\/span><span style=\"color: #333333;\"><span style=\"font-family: 'Times New Roman', serif;\">a \u00e9t\u00e9 ouverte pour <\/span><\/span><span style=\"color: #333333;\"><span style=\"font-family: 'Times New Roman', serif;\">soutenir <\/span><\/span><span style=\"color: #333333;\"><span style=\"font-family: 'Times New Roman', serif;\">Marie Arnould et son EARL des Champis, suite \u00e0 l&rsquo;incident survenu apr\u00e8s les fortes <\/span><\/span><span style=\"color: #333333;\"><span style=\"font-family: 'Times New Roman', serif;\">chutes<\/span><\/span><span style=\"color: #333333;\"><span style=\"font-family: 'Times New Roman', serif;\"> neiges. <\/span><\/span><span style=\"color: #333333;\"><span style=\"font-family: 'Times New Roman', serif;\"><a href=\"https:\/\/remiremontinfo.fr\/2021\/01\/bresse-toit-metallique-chute-quelque-40-vaches\/\">Un toit m\u00e9tallique avait chut\u00e9 sur quelque 40 vaches.<\/a> <\/span><\/span><\/strong><\/span><\/h2>\n<p><span style=\"color: #333333;\"><span style=\"font-family: 'Times New Roman', serif;\"><span style=\"font-size: medium;\"><em>\u00ab\u00a0Si la neige nous offre de splendides paysages, elle apporte avec elle son lot de de\u0301sagre\u0301ments et l&rsquo;EARL des Champis en a e\u0301te\u0301 victime ce lundi 18 Janvier avec l&rsquo;effondrement du toit d&rsquo;un ba\u0302timent agricole\u00a0\u00bb<\/em>, <\/span><\/span><\/span><span style=\"color: #333333;\"><span style=\"font-family: 'Times New Roman', serif;\"><span style=\"font-size: medium;\">explique le cr\u00e9ateur de la cagnotte en ligne. <em>\u00ab\u00a0<\/em><\/span><\/span><\/span><em><span style=\"color: #333333;\"><span style=\"font-family: 'Times New Roman', serif;\"><span style=\"font-size: medium;\">Apre\u0300s cet accident, cette catastrophe, peu importe comment on le nomme, la famille Arnould se trouve aujourd&rsquo;hui dans une situation de\u0301licate. Je ne vais pas m&rsquo;e\u0301tendre sur le sujet, je crois que tout le monde, proches, amis, famille, voisins, colle\u0300gues, bressauds&#8230; en a conscience et par cette cagnotte, faute de pouvoir donner un coup de pelle pour e\u0301vacuer cette neige, je souhaite leur donner un petit coup de pouce !\u00a0\u00bb.\u00a0<\/span><\/span><\/span><\/em><span style=\"color: #333333;\"><span style=\"font-family: 'Times New Roman', serif;\"><span style=\"font-size: medium;\">A l\u2019heure actuelle, 99 personnes ont apport\u00e9 une contribution. 3.851 Euros ont ainsi \u00e9t\u00e9 r\u00e9colt\u00e9s.<\/span><\/span><\/span><\/p>\n<p><span style=\"color: #333333;\"><span style=\"font-family: 'Times New Roman', serif;\"><span style=\"font-size: medium;\">Plus d\u2019informations ici\u00a0: <a href=\"https:\/\/www.leetchi.com\/c\/soutien-a-learl-des-champis\">https:\/\/www.leetchi.com\/c\/soutien-a-learl-des-champis<\/a><\/span><\/span><\/span><\/p>\n","protected":false},"excerpt":{"rendered":"<p>Capture d&rsquo;\u00e9cran de la page de la cagnotte en ligne Une cagnotte en ligne a \u00e9t\u00e9 ouverte pour soutenir Marie [&hellip;]<\/p>\n","protected":false},"author":407,"featured_media":36281,"comment_status":"open","ping_status":"open","sticky":false,"template":"","format":"standard","meta":{"footnotes":""},"categories":[26,104,25,13],"tags":[],"class_list":["post-36280","post","type-post","status-publish","format-standard","has-post-thumbnail","hentry","category-a-la-une","category-la-bresse-la-bresse-son-canton","category-la-bresse-son-canton","category-societe"],"acf":[],"yoast_head":"<!-- This site is optimized with the Yoast SEO plugin v22.5 - https:\/\/yoast.com\/wordpress\/plugins\/seo\/ -->\n<title>La Bresse\u00a0: une cagnotte en ligne pour soutenir Marie Arnould et son EARL des Champis suite \u00e0 l\u2019incident - Remiremont Info<\/title>\n<meta name=\"robots\" content=\"index, follow, max-snippet:-1, max-image-preview:large, max-video-preview:-1\" \/>\n<link rel=\"canonical\" href=\"https:\/\/vosgesinfo.fr\/remiremontinfo\/2021\/01\/bresse-cagnotte-ligne-soutenir-marie-arnould-earl-champis-suite-a-lincident\/\" \/>\n<meta name=\"twitter:card\" content=\"summary_large_image\" \/>\n<meta name=\"twitter:title\" content=\"La Bresse\u00a0: une cagnotte en ligne pour soutenir Marie Arnould et son EARL des Champis suite \u00e0 l\u2019incident - Remiremont Info\" \/>\n<meta name=\"twitter:description\" content=\"Capture d&rsquo;\u00e9cran de la page de la cagnotte en ligne Une cagnotte en ligne a \u00e9t\u00e9 ouverte pour soutenir Marie [&hellip;]\" \/>\n<meta name=\"twitter:image\" content=\"https:\/\/vosgesinfo.fr\/app\/uploads\/sites\/5\/2024\/09\/202101capture-decran-2021-01-21-0858471.png\" \/>\n<meta name=\"twitter:creator\" content=\"@VosgesInfo88\" \/>\n<meta name=\"twitter:site\" content=\"@VosgesInfo88\" \/>\n<meta name=\"twitter:label1\" content=\"\u00c9crit par\" \/>\n\t<meta name=\"twitter:data1\" content=\"C D\" \/>\n\t<meta name=\"twitter:label2\" content=\"Dur\u00e9e de lecture estim\u00e9e\" \/>\n\t<meta name=\"twitter:data2\" content=\"1 minute\" \/>\n<script type=\"application\/ld+json\" class=\"yoast-schema-graph\">{\"@context\":\"https:\/\/schema.org\",\"@graph\":[{\"@type\":\"Article\",\"@id\":\"https:\/\/vosgesinfo.fr\/remiremontinfo\/2021\/01\/bresse-cagnotte-ligne-soutenir-marie-arnould-earl-champis-suite-a-lincident\/#article\",\"isPartOf\":{\"@id\":\"https:\/\/vosgesinfo.fr\/remiremontinfo\/2021\/01\/bresse-cagnotte-ligne-soutenir-marie-arnould-earl-champis-suite-a-lincident\/\"},\"author\":{\"name\":\"C D\",\"@id\":\"https:\/\/vosgesinfo.fr\/remiremontinfo\/#\/schema\/person\/3bfd164d5218a185b1db68655a265316\"},\"headline\":\"La Bresse\u00a0: une cagnotte en ligne pour soutenir Marie Arnould et son EARL des Champis suite \u00e0 l\u2019incident\",\"datePublished\":\"2021-01-21T07:05:47+00:00\",\"dateModified\":\"2021-01-21T07:05:47+00:00\",\"mainEntityOfPage\":{\"@id\":\"https:\/\/vosgesinfo.fr\/remiremontinfo\/2021\/01\/bresse-cagnotte-ligne-soutenir-marie-arnould-earl-champis-suite-a-lincident\/\"},\"wordCount\":216,\"commentCount\":0,\"publisher\":{\"@id\":\"https:\/\/vosgesinfo.fr\/remiremontinfo\/#organization\"},\"image\":{\"@id\":\"https:\/\/vosgesinfo.fr\/remiremontinfo\/2021\/01\/bresse-cagnotte-ligne-soutenir-marie-arnould-earl-champis-suite-a-lincident\/#primaryimage\"},\"thumbnailUrl\":\"https:\/\/vosgesinfo.fr\/app\/uploads\/sites\/5\/2024\/09\/202101capture-decran-2021-01-21-0858471.png\",\"articleSection\":[\"A la Une\",\"La Bresse\",\"La Bresse &amp; son canton\",\"Soci\u00e9t\u00e9\"],\"inLanguage\":\"fr-FR\",\"potentialAction\":[{\"@type\":\"CommentAction\",\"name\":\"Comment\",\"target\":[\"https:\/\/vosgesinfo.fr\/remiremontinfo\/2021\/01\/bresse-cagnotte-ligne-soutenir-marie-arnould-earl-champis-suite-a-lincident\/#respond\"]}]},{\"@type\":\"WebPage\",\"@id\":\"https:\/\/vosgesinfo.fr\/remiremontinfo\/2021\/01\/bresse-cagnotte-ligne-soutenir-marie-arnould-earl-champis-suite-a-lincident\/\",\"url\":\"https:\/\/vosgesinfo.fr\/remiremontinfo\/2021\/01\/bresse-cagnotte-ligne-soutenir-marie-arnould-earl-champis-suite-a-lincident\/\",\"name\":\"La Bresse\u00a0: une cagnotte en ligne pour soutenir Marie Arnould et son EARL des Champis suite \u00e0 l\u2019incident - Remiremont Info\",\"isPartOf\":{\"@id\":\"https:\/\/vosgesinfo.fr\/remiremontinfo\/#website\"},\"primaryImageOfPage\":{\"@id\":\"https:\/\/vosgesinfo.fr\/remiremontinfo\/2021\/01\/bresse-cagnotte-ligne-soutenir-marie-arnould-earl-champis-suite-a-lincident\/#primaryimage\"},\"image\":{\"@id\":\"https:\/\/vosgesinfo.fr\/remiremontinfo\/2021\/01\/bresse-cagnotte-ligne-soutenir-marie-arnould-earl-champis-suite-a-lincident\/#primaryimage\"},\"thumbnailUrl\":\"https:\/\/vosgesinfo.fr\/app\/uploads\/sites\/5\/2024\/09\/202101capture-decran-2021-01-21-0858471.png\",\"datePublished\":\"2021-01-21T07:05:47+00:00\",\"dateModified\":\"2021-01-21T07:05:47+00:00\",\"breadcrumb\":{\"@id\":\"https:\/\/vosgesinfo.fr\/remiremontinfo\/2021\/01\/bresse-cagnotte-ligne-soutenir-marie-arnould-earl-champis-suite-a-lincident\/#breadcrumb\"},\"inLanguage\":\"fr-FR\",\"potentialAction\":[{\"@type\":\"ReadAction\",\"target\":[\"https:\/\/vosgesinfo.fr\/remiremontinfo\/2021\/01\/bresse-cagnotte-ligne-soutenir-marie-arnould-earl-champis-suite-a-lincident\/\"]}]},{\"@type\":\"ImageObject\",\"inLanguage\":\"fr-FR\",\"@id\":\"https:\/\/vosgesinfo.fr\/remiremontinfo\/2021\/01\/bresse-cagnotte-ligne-soutenir-marie-arnould-earl-champis-suite-a-lincident\/#primaryimage\",\"url\":\"https:\/\/vosgesinfo.fr\/app\/uploads\/sites\/5\/2024\/09\/202101capture-decran-2021-01-21-0858471.png\",\"contentUrl\":\"https:\/\/vosgesinfo.fr\/app\/uploads\/sites\/5\/2024\/09\/202101capture-decran-2021-01-21-0858471.png\",\"width\":800,\"height\":468},{\"@type\":\"BreadcrumbList\",\"@id\":\"https:\/\/vosgesinfo.fr\/remiremontinfo\/2021\/01\/bresse-cagnotte-ligne-soutenir-marie-arnould-earl-champis-suite-a-lincident\/#breadcrumb\",\"itemListElement\":[{\"@type\":\"ListItem\",\"position\":1,\"name\":\"Home\",\"item\":\"https:\/\/vosgesinfo.fr\/remiremontinfo\/\"},{\"@type\":\"ListItem\",\"position\":2,\"name\":\"La Bresse\u00a0: une cagnotte en ligne pour soutenir Marie Arnould et son EARL des Champis suite \u00e0 l\u2019incident\"}]},{\"@type\":\"WebSite\",\"@id\":\"https:\/\/vosgesinfo.fr\/remiremontinfo\/#website\",\"url\":\"https:\/\/vosgesinfo.fr\/remiremontinfo\/\",\"name\":\"Remiremont Info\",\"description\":\"Toute l&#039;actualit\u00e9 de Remiremont\",\"publisher\":{\"@id\":\"https:\/\/vosgesinfo.fr\/remiremontinfo\/#organization\"},\"alternateName\":\"Toute l'actualit\u00e9 de Remiremont\",\"potentialAction\":[{\"@type\":\"SearchAction\",\"target\":{\"@type\":\"EntryPoint\",\"urlTemplate\":\"https:\/\/vosgesinfo.fr\/remiremontinfo\/?s={search_term_string}\"},\"query-input\":\"required name=search_term_string\"}],\"inLanguage\":\"fr-FR\"},{\"@type\":\"Organization\",\"@id\":\"https:\/\/vosgesinfo.fr\/remiremontinfo\/#organization\",\"name\":\"Remiremont Info\",\"url\":\"https:\/\/vosgesinfo.fr\/remiremontinfo\/\",\"logo\":{\"@type\":\"ImageObject\",\"inLanguage\":\"fr-FR\",\"@id\":\"https:\/\/vosgesinfo.fr\/remiremontinfo\/#\/schema\/logo\/image\/\",\"url\":\"https:\/\/vosgesinfo.fr\/app\/uploads\/sites\/5\/2023\/08\/favicon-remiremontinfo.png\",\"contentUrl\":\"https:\/\/vosgesinfo.fr\/app\/uploads\/sites\/5\/2023\/08\/favicon-remiremontinfo.png\",\"width\":512,\"height\":512,\"caption\":\"Remiremont Info\"},\"image\":{\"@id\":\"https:\/\/vosgesinfo.fr\/remiremontinfo\/#\/schema\/logo\/image\/\"},\"sameAs\":[\"https:\/\/www.facebook.com\/remiremontinfo\",\"https:\/\/x.com\/VosgesInfo88\",\"https:\/\/www.youtube.com\/@vosgesinfo\"]},{\"@type\":\"Person\",\"@id\":\"https:\/\/vosgesinfo.fr\/remiremontinfo\/#\/schema\/person\/3bfd164d5218a185b1db68655a265316\",\"name\":\"C D\",\"image\":{\"@type\":\"ImageObject\",\"inLanguage\":\"fr-FR\",\"@id\":\"https:\/\/vosgesinfo.fr\/remiremontinfo\/#\/schema\/person\/image\/\",\"url\":\"https:\/\/secure.gravatar.com\/avatar\/1f9a70007336511a47468b8f1c66f922b8b7cf617b02a31149ada43893a5d48f?s=96&d=mm&r=g\",\"contentUrl\":\"https:\/\/secure.gravatar.com\/avatar\/1f9a70007336511a47468b8f1c66f922b8b7cf617b02a31149ada43893a5d48f?s=96&d=mm&r=g\",\"caption\":\"C D\"},\"url\":\"https:\/\/vosgesinfo.fr\/remiremontinfo\/author\/cedric-drevet\/\"}]}<\/script>\n<!-- \/ Yoast SEO plugin. -->","yoast_head_json":{"title":"La Bresse\u00a0: une cagnotte en ligne pour soutenir Marie Arnould et son EARL des Champis suite \u00e0 l\u2019incident - Remiremont Info","robots":{"index":"index","follow":"follow","max-snippet":"max-snippet:-1","max-image-preview":"max-image-preview:large","max-video-preview":"max-video-preview:-1"},"canonical":"https:\/\/vosgesinfo.fr\/remiremontinfo\/2021\/01\/bresse-cagnotte-ligne-soutenir-marie-arnould-earl-champis-suite-a-lincident\/","twitter_card":"summary_large_image","twitter_title":"La Bresse\u00a0: une cagnotte en ligne pour soutenir Marie Arnould et son EARL des Champis suite \u00e0 l\u2019incident - Remiremont Info","twitter_description":"Capture d&rsquo;\u00e9cran de la page de la cagnotte en ligne Une cagnotte en ligne a \u00e9t\u00e9 ouverte pour soutenir Marie [&hellip;]","twitter_image":"https:\/\/vosgesinfo.fr\/app\/uploads\/sites\/5\/2024\/09\/202101capture-decran-2021-01-21-0858471.png","twitter_creator":"@VosgesInfo88","twitter_site":"@VosgesInfo88","twitter_misc":{"\u00c9crit par":"C D","Dur\u00e9e de lecture estim\u00e9e":"1 minute"},"schema":{"@context":"https:\/\/schema.org","@graph":[{"@type":"Article","@id":"https:\/\/vosgesinfo.fr\/remiremontinfo\/2021\/01\/bresse-cagnotte-ligne-soutenir-marie-arnould-earl-champis-suite-a-lincident\/#article","isPartOf":{"@id":"https:\/\/vosgesinfo.fr\/remiremontinfo\/2021\/01\/bresse-cagnotte-ligne-soutenir-marie-arnould-earl-champis-suite-a-lincident\/"},"author":{"name":"C D","@id":"https:\/\/vosgesinfo.fr\/remiremontinfo\/#\/schema\/person\/3bfd164d5218a185b1db68655a265316"},"headline":"La Bresse\u00a0: une cagnotte en ligne pour soutenir Marie Arnould et son EARL des Champis suite \u00e0 l\u2019incident","datePublished":"2021-01-21T07:05:47+00:00","dateModified":"2021-01-21T07:05:47+00:00","mainEntityOfPage":{"@id":"https:\/\/vosgesinfo.fr\/remiremontinfo\/2021\/01\/bresse-cagnotte-ligne-soutenir-marie-arnould-earl-champis-suite-a-lincident\/"},"wordCount":216,"commentCount":0,"publisher":{"@id":"https:\/\/vosgesinfo.fr\/remiremontinfo\/#organization"},"image":{"@id":"https:\/\/vosgesinfo.fr\/remiremontinfo\/2021\/01\/bresse-cagnotte-ligne-soutenir-marie-arnould-earl-champis-suite-a-lincident\/#primaryimage"},"thumbnailUrl":"https:\/\/vosgesinfo.fr\/app\/uploads\/sites\/5\/2024\/09\/202101capture-decran-2021-01-21-0858471.png","articleSection":["A la Une","La Bresse","La Bresse &amp; son canton","Soci\u00e9t\u00e9"],"inLanguage":"fr-FR","potentialAction":[{"@type":"CommentAction","name":"Comment","target":["https:\/\/vosgesinfo.fr\/remiremontinfo\/2021\/01\/bresse-cagnotte-ligne-soutenir-marie-arnould-earl-champis-suite-a-lincident\/#respond"]}]},{"@type":"WebPage","@id":"https:\/\/vosgesinfo.fr\/remiremontinfo\/2021\/01\/bresse-cagnotte-ligne-soutenir-marie-arnould-earl-champis-suite-a-lincident\/","url":"https:\/\/vosgesinfo.fr\/remiremontinfo\/2021\/01\/bresse-cagnotte-ligne-soutenir-marie-arnould-earl-champis-suite-a-lincident\/","name":"La Bresse\u00a0: une cagnotte en ligne pour soutenir Marie Arnould et son EARL des Champis suite \u00e0 l\u2019incident - Remiremont Info","isPartOf":{"@id":"https:\/\/vosgesinfo.fr\/remiremontinfo\/#website"},"primaryImageOfPage":{"@id":"https:\/\/vosgesinfo.fr\/remiremontinfo\/2021\/01\/bresse-cagnotte-ligne-soutenir-marie-arnould-earl-champis-suite-a-lincident\/#primaryimage"},"image":{"@id":"https:\/\/vosgesinfo.fr\/remiremontinfo\/2021\/01\/bresse-cagnotte-ligne-soutenir-marie-arnould-earl-champis-suite-a-lincident\/#primaryimage"},"thumbnailUrl":"https:\/\/vosgesinfo.fr\/app\/uploads\/sites\/5\/2024\/09\/202101capture-decran-2021-01-21-0858471.png","datePublished":"2021-01-21T07:05:47+00:00","dateModified":"2021-01-21T07:05:47+00:00","breadcrumb":{"@id":"https:\/\/vosgesinfo.fr\/remiremontinfo\/2021\/01\/bresse-cagnotte-ligne-soutenir-marie-arnould-earl-champis-suite-a-lincident\/#breadcrumb"},"inLanguage":"fr-FR","potentialAction":[{"@type":"ReadAction","target":["https:\/\/vosgesinfo.fr\/remiremontinfo\/2021\/01\/bresse-cagnotte-ligne-soutenir-marie-arnould-earl-champis-suite-a-lincident\/"]}]},{"@type":"ImageObject","inLanguage":"fr-FR","@id":"https:\/\/vosgesinfo.fr\/remiremontinfo\/2021\/01\/bresse-cagnotte-ligne-soutenir-marie-arnould-earl-champis-suite-a-lincident\/#primaryimage","url":"https:\/\/vosgesinfo.fr\/app\/uploads\/sites\/5\/2024\/09\/202101capture-decran-2021-01-21-0858471.png","contentUrl":"https:\/\/vosgesinfo.fr\/app\/uploads\/sites\/5\/2024\/09\/202101capture-decran-2021-01-21-0858471.png","width":800,"height":468},{"@type":"BreadcrumbList","@id":"https:\/\/vosgesinfo.fr\/remiremontinfo\/2021\/01\/bresse-cagnotte-ligne-soutenir-marie-arnould-earl-champis-suite-a-lincident\/#breadcrumb","itemListElement":[{"@type":"ListItem","position":1,"name":"Home","item":"https:\/\/vosgesinfo.fr\/remiremontinfo\/"},{"@type":"ListItem","position":2,"name":"La Bresse\u00a0: une cagnotte en ligne pour soutenir Marie Arnould et son EARL des Champis suite \u00e0 l\u2019incident"}]},{"@type":"WebSite","@id":"https:\/\/vosgesinfo.fr\/remiremontinfo\/#website","url":"https:\/\/vosgesinfo.fr\/remiremontinfo\/","name":"Remiremont Info","description":"Toute l&#039;actualit\u00e9 de Remiremont","publisher":{"@id":"https:\/\/vosgesinfo.fr\/remiremontinfo\/#organization"},"alternateName":"Toute l'actualit\u00e9 de Remiremont","potentialAction":[{"@type":"SearchAction","target":{"@type":"EntryPoint","urlTemplate":"https:\/\/vosgesinfo.fr\/remiremontinfo\/?s={search_term_string}"},"query-input":"required name=search_term_string"}],"inLanguage":"fr-FR"},{"@type":"Organization","@id":"https:\/\/vosgesinfo.fr\/remiremontinfo\/#organization","name":"Remiremont Info","url":"https:\/\/vosgesinfo.fr\/remiremontinfo\/","logo":{"@type":"ImageObject","inLanguage":"fr-FR","@id":"https:\/\/vosgesinfo.fr\/remiremontinfo\/#\/schema\/logo\/image\/","url":"https:\/\/vosgesinfo.fr\/app\/uploads\/sites\/5\/2023\/08\/favicon-remiremontinfo.png","contentUrl":"https:\/\/vosgesinfo.fr\/app\/uploads\/sites\/5\/2023\/08\/favicon-remiremontinfo.png","width":512,"height":512,"caption":"Remiremont Info"},"image":{"@id":"https:\/\/vosgesinfo.fr\/remiremontinfo\/#\/schema\/logo\/image\/"},"sameAs":["https:\/\/www.facebook.com\/remiremontinfo","https:\/\/x.com\/VosgesInfo88","https:\/\/www.youtube.com\/@vosgesinfo"]},{"@type":"Person","@id":"https:\/\/vosgesinfo.fr\/remiremontinfo\/#\/schema\/person\/3bfd164d5218a185b1db68655a265316","name":"C D","image":{"@type":"ImageObject","inLanguage":"fr-FR","@id":"https:\/\/vosgesinfo.fr\/remiremontinfo\/#\/schema\/person\/image\/","url":"https:\/\/secure.gravatar.com\/avatar\/1f9a70007336511a47468b8f1c66f922b8b7cf617b02a31149ada43893a5d48f?s=96&d=mm&r=g","contentUrl":"https:\/\/secure.gravatar.com\/avatar\/1f9a70007336511a47468b8f1c66f922b8b7cf617b02a31149ada43893a5d48f?s=96&d=mm&r=g","caption":"C D"},"url":"https:\/\/vosgesinfo.fr\/remiremontinfo\/author\/cedric-drevet\/"}]}},"_links":{"self":[{"href":"https:\/\/vosgesinfo.fr\/remiremontinfo\/wp-json\/wp\/v2\/posts\/36280","targetHints":{"allow":["GET"]}}],"collection":[{"href":"https:\/\/vosgesinfo.fr\/remiremontinfo\/wp-json\/wp\/v2\/posts"}],"about":[{"href":"https:\/\/vosgesinfo.fr\/remiremontinfo\/wp-json\/wp\/v2\/types\/post"}],"author":[{"embeddable":true,"href":"https:\/\/vosgesinfo.fr\/remiremontinfo\/wp-json\/wp\/v2\/users\/407"}],"replies":[{"embeddable":true,"href":"https:\/\/vosgesinfo.fr\/remiremontinfo\/wp-json\/wp\/v2\/comments?post=36280"}],"version-history":[{"count":0,"href":"https:\/\/vosgesinfo.fr\/remiremontinfo\/wp-json\/wp\/v2\/posts\/36280\/revisions"}],"wp:featuredmedia":[{"embeddable":true,"href":"https:\/\/vosgesinfo.fr\/remiremontinfo\/wp-json\/wp\/v2\/media\/36281"}],"wp:attachment":[{"href":"https:\/\/vosgesinfo.fr\/remiremontinfo\/wp-json\/wp\/v2\/media?parent=36280"}],"wp:term":[{"taxonomy":"category","embeddable":true,"href":"https:\/\/vosgesinfo.fr\/remiremontinfo\/wp-json\/wp\/v2\/categories?post=36280"},{"taxonomy":"post_tag","embeddable":true,"href":"https:\/\/vosgesinfo.fr\/remiremontinfo\/wp-json\/wp\/v2\/tags?post=36280"}],"curies":[{"name":"wp","href":"https:\/\/api.w.org\/{rel}","templated":true}]}}