{"id":36301,"date":"2021-01-21T08:03:41","date_gmt":"2021-01-21T07:03:41","guid":{"rendered":"https:\/\/vosgesinfo.fr\/remiremontinfo\/2021\/01\/rupt-moselle-tissage-de-france-laureat-fonds-dacceleration-investissements-industriels\/"},"modified":"2021-01-21T08:03:41","modified_gmt":"2021-01-21T07:03:41","slug":"rupt-moselle-tissage-de-france-laureat-fonds-dacceleration-investissements-industriels","status":"publish","type":"post","link":"https:\/\/vosgesinfo.fr\/remiremontinfo\/2021\/01\/rupt-moselle-tissage-de-france-laureat-fonds-dacceleration-investissements-industriels\/","title":{"rendered":"Rupt-sur-Moselle\u00a0: Tissage de France est laur\u00e9at du fonds d\u2019acc\u00e9l\u00e9ration des investissements industriels"},"content":{"rendered":"<p style=\"text-align: center;\" align=\"left\"><a href=\"\/2021\/01\/99066326_894667564334720_3085138651542192128_o.jpg\"><img decoding=\"async\" class=\"alignnone size-full wp-image-307412\" src=\"\/2021\/01\/99066326_894667564334720_3085138651542192128_o.jpg\" alt=\"99066326_894667564334720_3085138651542192128_o\" width=\"800\" height=\"573\" \/><\/a><\/p>\n<p><span style=\"font-size: 10pt;\"><em><span style=\"color: #333333;\"><span style=\"font-family: 'Times New Roman', serif;\">Photo de <\/span><\/span><span style=\"color: #333333;\"><span style=\"font-family: 'Times New Roman', serif;\">@TissageDeFrance<\/span><\/span><\/em><\/span><\/p>\n<h2><span style=\"font-size: 12pt;\"><strong><span style=\"color: #333333;\"><span style=\"font-family: 'Times New Roman', serif;\">L<\/span><\/span><span style=\"color: #333333;\"><span style=\"font-family: 'Times New Roman', serif;\">e secteur industriel fran\u00e7ais, en difficult\u00e9 depuis de nombreuses ann\u00e9es, a \u00e9t\u00e9 durement impact\u00e9, comme d\u2019autres branches de l\u2019\u00e9conomie, par la crise li\u00e9e aux restrictions dans le cadre de l\u2019\u00e9pid\u00e9mie de Covid-19. Un \u00ab\u00a0fonds d\u2019acc\u00e9l\u00e9ration des investissement\u00a0\u00bb a \u00e9t\u00e9 lanc\u00e9 par le gouvernement. Tissage de France, \u00e0 Rupt-sur-Moselle, fait partie des laur\u00e9ats.<\/span><\/span><\/strong><\/span><\/h2>\n<p><span style=\"color: #333333;\"><span style=\"font-family: 'Times New Roman', serif;\"><span style=\"font-size: medium;\"><em>\u00ab\u00a0L\u2019industrie a \u00e9t\u00e9 particuli\u00e8rement touch\u00e9e par la crise\u00a0\u00bb<\/em>, <\/span><\/span><\/span><span style=\"color: #333333;\"><span style=\"font-family: 'Times New Roman', serif;\"><span style=\"font-size: medium;\">affirment <\/span><\/span><\/span><span style=\"color: #333333;\"><span style=\"font-family: 'Times New Roman', serif;\"><span style=\"font-size: medium;\">la Prefecture du Grand-Est, la R\u00e9gion Grand-Est et<\/span><\/span><\/span> <span style=\"color: #333333;\"><span style=\"font-family: 'Times New Roman', serif;\"><span style=\"font-size: medium;\">Territoires d\u2019industrie.<\/span><\/span><\/span> <em><span style=\"color: #333333;\"><span style=\"font-family: 'Times New Roman', serif;\"><span style=\"font-size: medium;\">\u00ab\u00a0Les pr\u00e9visions d\u2019investissement dans le secteur t\u00e9moignent de l\u2019importance d\u2019apporter un soutien public aux acteurs industriels afin de maintenir la comp\u00e9titivit\u00e9 des entreprises fran\u00e7aises \u00e0 l\u2019international, mais \u00e9galement pour r\u00e9pondre aux grands d\u00e9fis du secteur : modernisation du tissu productif, engagement dans la transition \u00e9cologique, r\u00e9silience des cha\u00eenes de valeur et de production et inclusion sociale\u00a0\u00bb.<\/span><\/span><\/span><\/em><\/p>\n<p><span style=\"color: #333333;\"><span style=\"font-family: 'Times New Roman', serif;\"><span style=\"font-size: medium;\">L<\/span><\/span><\/span><span style=\"color: #333333;\"><span style=\"font-family: 'Times New Roman', serif;\"><span style=\"font-size: medium;\">a ministre d\u00e9l\u00e9gu\u00e9e charg\u00e9e de l\u2019Industrie, Agn\u00e8s Pannier-Runacher a annonc\u00e9 le lancement d\u2019un fonds d\u2019acc\u00e9l\u00e9ration des investissements industriels dans les territoires. <em>\u00ab\u00a0Dot\u00e9 de 400 millions d\u2019euros d\u2019ici \u00e0 2022 \u00e0 l\u2019\u00e9chelle nationale, le fonds d\u2019acc\u00e9l\u00e9ration des investissements industriels dans les territoires vise \u00e0 financer les projets industriels (cr\u00e9ations et extensions de sites, modernisation, nouveaux \u00e9quipements, etc.) les plus structurants pour les territoires et pouvant d\u00e9marrer l\u2019investissement entre 6 mois et un an\u00a0\u00bb.<\/em><\/span><\/span><\/span><\/p>\n<h2><span style=\"font-size: 12pt;\"><strong><span style=\"color: #333333;\"><span style=\"font-family: 'Times New Roman', serif;\">19 nouveaux laur\u00e9ats en r\u00e9gion Grand Est<\/span><\/span><\/strong><\/span><\/h2>\n<p><span style=\"color: #333333;\"><span style=\"font-family: 'Times New Roman', serif;\"><span style=\"font-size: medium;\">C<\/span><\/span><\/span><span style=\"color: #333333;\"><span style=\"font-family: 'Times New Roman', serif;\"><span style=\"font-size: medium;\">e sont 19 projets laur\u00e9ats qui <\/span><\/span><\/span><span style=\"color: #333333;\"><span style=\"font-family: 'Times New Roman', serif;\"><span style=\"font-size: medium;\">devraient b\u00e9n\u00e9ficier<\/span><\/span><\/span><span style=\"color: #333333;\"><span style=\"font-family: 'Times New Roman', serif;\"><span style=\"font-size: medium;\"> d\u2019un soutien d\u2019un montant global de 8,5 millions d\u2019euros pour un volume d\u2019investissement pr\u00e9visionnel de 81 millions d\u2019euros. Ces projets devraient entra\u00eener <\/span><\/span><\/span><span style=\"color: #333333;\"><span style=\"font-family: 'Times New Roman', serif;\"><span style=\"font-size: medium;\">une<\/span><\/span><\/span><span style=\"color: #333333;\"><span style=\"font-family: 'Times New Roman', serif;\"><span style=\"font-size: medium;\"> cr\u00e9ation <\/span><\/span><\/span><span style=\"color: #333333;\"><span style=\"font-family: 'Times New Roman', serif;\"><span style=\"font-size: medium;\">estim\u00e9e<\/span><\/span><\/span><span style=\"color: #333333;\"><span style=\"font-family: 'Times New Roman', serif;\"><span style=\"font-size: medium;\"> d\u2019au moins 380 emplois directs et en conforter<\/span><\/span><\/span><span style=\"color: #333333;\"><span style=\"font-family: 'Times New Roman', serif;\"><span style=\"font-size: medium;\">ait<\/span><\/span><\/span><span style=\"color: #333333;\"><span style=\"font-family: 'Times New Roman', serif;\"><span style=\"font-size: medium;\"> pr\u00e8s de 1700. <\/span><\/span><\/span><span style=\"color: #333333;\"><span style=\"font-family: 'Times New Roman', serif;\"><span style=\"font-size: medium;\">Actuellement<\/span><\/span><\/span><span style=\"color: #333333;\"><span style=\"font-family: 'Times New Roman', serif;\"><span style=\"font-size: medium;\">, le nombre total de laur\u00e9ats de ce fonds s\u2019\u00e9l\u00e8ve ainsi \u00e0 49. <em>\u00ab\u00a0Les entreprises qui b\u00e9n\u00e9ficient de ces aides sont en majorit\u00e9 des PME et des ETI. Les projets men\u00e9s par ces entreprises abordent les grands enjeux actuels de l\u2019industrie : la modernisation des outils de production et le d\u00e9veloppement de l\u2019industrie 4.0, la pr\u00e9servation des savoir-faire, l\u2019am\u00e9lioration des conditions de travail et la transition \u00e9cologique\u00a0\u00bb.<\/em><\/span><\/span><\/span><\/p>\n<h2><span style=\"font-size: 12pt;\"><strong><span style=\"color: #333333;\"><span style=\"font-family: 'Times New Roman', serif;\">T<\/span><\/span><span style=\"color: #333333;\"><span style=\"font-family: 'Times New Roman', serif;\">issage de France est parmi les laur\u00e9ats\u00a0: \u00ab\u00a0L&rsquo;investissement permettra la cr\u00e9ation 30 emplois sur le site de Rupt-sur-Moselle\u00a0\u00bb<\/span><\/span><\/strong><\/span><\/h2>\n<p><span style=\"color: #333333;\"><span style=\"font-family: 'Times New Roman', serif;\"><span style=\"font-size: medium;\">Tissage de France a \u00e9t\u00e9 cr\u00e9\u00e9e en 2018 \u00e0 la suite de la reprise de l&rsquo;usine de Valrupt Industries par L&rsquo;Equipe 1083. Sp\u00e9cialis\u00e9e dans la filature et le tissage pour de multiples secteurs d&rsquo;activit\u00e9, l\u2019entreprise compte aujourd&rsquo;hui 31 collaborateurs. L\u2019objectif du projet (1,1 M\u20ac) est de transformer l\u2019entreprise en premi\u00e8re usine z\u00e9ro d\u00e9chet de jeans \u00e9co-con\u00e7us en compl\u00e9tant la filature de cotonbio\/recycl\u00e9 et le tissage par une unit\u00e9 de confection et de finition locale. L\u2019acquisition d&rsquo;\u00e9quipements innovants permettra de teindre et de d\u00e9laver les jeans de mani\u00e8re \u00e9cologique avec une r\u00e9duction de la consommation d&rsquo;eau, de produits chimiques et la r\u00e9alisation d&rsquo;\u00e9conomies d&rsquo;\u00e9nergie. L&rsquo;investissement permettra la cr\u00e9ation 30 emplois sur le site de Rupt-sur-Moselle.<\/span><\/span><\/span><\/p>\n","protected":false},"excerpt":{"rendered":"<p>Photo de @TissageDeFrance Le secteur industriel fran\u00e7ais, en difficult\u00e9 depuis de nombreuses ann\u00e9es, a \u00e9t\u00e9 durement impact\u00e9, comme d\u2019autres branches [&hellip;]<\/p>\n","protected":false},"author":407,"featured_media":36302,"comment_status":"open","ping_status":"open","sticky":false,"template":"","format":"standard","meta":{"footnotes":""},"categories":[26,5,37,250],"tags":[],"class_list":["post-36301","post","type-post","status-publish","format-standard","has-post-thumbnail","hentry","category-a-la-une","category-economie","category-le-thillot-son-canton","category-rupt-sur-moselle"],"acf":[],"yoast_head":"<!-- This site is optimized with the Yoast SEO plugin v22.5 - https:\/\/yoast.com\/wordpress\/plugins\/seo\/ -->\n<title>Rupt-sur-Moselle\u00a0: Tissage de France est laur\u00e9at du fonds d\u2019acc\u00e9l\u00e9ration des investissements industriels - Remiremont Info<\/title>\n<meta name=\"robots\" content=\"index, follow, max-snippet:-1, max-image-preview:large, max-video-preview:-1\" \/>\n<link rel=\"canonical\" href=\"https:\/\/vosgesinfo.fr\/remiremontinfo\/2021\/01\/rupt-moselle-tissage-de-france-laureat-fonds-dacceleration-investissements-industriels\/\" \/>\n<meta name=\"twitter:card\" content=\"summary_large_image\" \/>\n<meta name=\"twitter:title\" content=\"Rupt-sur-Moselle\u00a0: Tissage de France est laur\u00e9at du fonds d\u2019acc\u00e9l\u00e9ration des investissements industriels - Remiremont Info\" \/>\n<meta name=\"twitter:description\" content=\"Photo de @TissageDeFrance Le secteur industriel fran\u00e7ais, en difficult\u00e9 depuis de nombreuses ann\u00e9es, a \u00e9t\u00e9 durement impact\u00e9, comme d\u2019autres branches [&hellip;]\" \/>\n<meta name=\"twitter:image\" content=\"https:\/\/vosgesinfo.fr\/app\/uploads\/sites\/5\/2024\/09\/20210199066326-894667564334720-3085138651542192128-o.jpg\" \/>\n<meta name=\"twitter:creator\" content=\"@VosgesInfo88\" \/>\n<meta name=\"twitter:site\" content=\"@VosgesInfo88\" \/>\n<meta name=\"twitter:label1\" content=\"\u00c9crit par\" \/>\n\t<meta name=\"twitter:data1\" content=\"C D\" \/>\n\t<meta name=\"twitter:label2\" content=\"Dur\u00e9e de lecture estim\u00e9e\" \/>\n\t<meta name=\"twitter:data2\" content=\"3 minutes\" \/>\n<script type=\"application\/ld+json\" class=\"yoast-schema-graph\">{\"@context\":\"https:\/\/schema.org\",\"@graph\":[{\"@type\":\"Article\",\"@id\":\"https:\/\/vosgesinfo.fr\/remiremontinfo\/2021\/01\/rupt-moselle-tissage-de-france-laureat-fonds-dacceleration-investissements-industriels\/#article\",\"isPartOf\":{\"@id\":\"https:\/\/vosgesinfo.fr\/remiremontinfo\/2021\/01\/rupt-moselle-tissage-de-france-laureat-fonds-dacceleration-investissements-industriels\/\"},\"author\":{\"name\":\"C D\",\"@id\":\"https:\/\/vosgesinfo.fr\/remiremontinfo\/#\/schema\/person\/3bfd164d5218a185b1db68655a265316\"},\"headline\":\"Rupt-sur-Moselle\u00a0: Tissage de France est laur\u00e9at du fonds d\u2019acc\u00e9l\u00e9ration des investissements industriels\",\"datePublished\":\"2021-01-21T07:03:41+00:00\",\"dateModified\":\"2021-01-21T07:03:41+00:00\",\"mainEntityOfPage\":{\"@id\":\"https:\/\/vosgesinfo.fr\/remiremontinfo\/2021\/01\/rupt-moselle-tissage-de-france-laureat-fonds-dacceleration-investissements-industriels\/\"},\"wordCount\":552,\"commentCount\":0,\"publisher\":{\"@id\":\"https:\/\/vosgesinfo.fr\/remiremontinfo\/#organization\"},\"image\":{\"@id\":\"https:\/\/vosgesinfo.fr\/remiremontinfo\/2021\/01\/rupt-moselle-tissage-de-france-laureat-fonds-dacceleration-investissements-industriels\/#primaryimage\"},\"thumbnailUrl\":\"https:\/\/vosgesinfo.fr\/app\/uploads\/sites\/5\/2024\/09\/20210199066326-894667564334720-3085138651542192128-o.jpg\",\"articleSection\":[\"A la Une\",\"\u00c9conomie\",\"Le Thillot &amp; son canton\",\"Rupt-Sur-Moselle\"],\"inLanguage\":\"fr-FR\",\"potentialAction\":[{\"@type\":\"CommentAction\",\"name\":\"Comment\",\"target\":[\"https:\/\/vosgesinfo.fr\/remiremontinfo\/2021\/01\/rupt-moselle-tissage-de-france-laureat-fonds-dacceleration-investissements-industriels\/#respond\"]}]},{\"@type\":\"WebPage\",\"@id\":\"https:\/\/vosgesinfo.fr\/remiremontinfo\/2021\/01\/rupt-moselle-tissage-de-france-laureat-fonds-dacceleration-investissements-industriels\/\",\"url\":\"https:\/\/vosgesinfo.fr\/remiremontinfo\/2021\/01\/rupt-moselle-tissage-de-france-laureat-fonds-dacceleration-investissements-industriels\/\",\"name\":\"Rupt-sur-Moselle\u00a0: Tissage de France est laur\u00e9at du fonds d\u2019acc\u00e9l\u00e9ration des investissements industriels - Remiremont Info\",\"isPartOf\":{\"@id\":\"https:\/\/vosgesinfo.fr\/remiremontinfo\/#website\"},\"primaryImageOfPage\":{\"@id\":\"https:\/\/vosgesinfo.fr\/remiremontinfo\/2021\/01\/rupt-moselle-tissage-de-france-laureat-fonds-dacceleration-investissements-industriels\/#primaryimage\"},\"image\":{\"@id\":\"https:\/\/vosgesinfo.fr\/remiremontinfo\/2021\/01\/rupt-moselle-tissage-de-france-laureat-fonds-dacceleration-investissements-industriels\/#primaryimage\"},\"thumbnailUrl\":\"https:\/\/vosgesinfo.fr\/app\/uploads\/sites\/5\/2024\/09\/20210199066326-894667564334720-3085138651542192128-o.jpg\",\"datePublished\":\"2021-01-21T07:03:41+00:00\",\"dateModified\":\"2021-01-21T07:03:41+00:00\",\"breadcrumb\":{\"@id\":\"https:\/\/vosgesinfo.fr\/remiremontinfo\/2021\/01\/rupt-moselle-tissage-de-france-laureat-fonds-dacceleration-investissements-industriels\/#breadcrumb\"},\"inLanguage\":\"fr-FR\",\"potentialAction\":[{\"@type\":\"ReadAction\",\"target\":[\"https:\/\/vosgesinfo.fr\/remiremontinfo\/2021\/01\/rupt-moselle-tissage-de-france-laureat-fonds-dacceleration-investissements-industriels\/\"]}]},{\"@type\":\"ImageObject\",\"inLanguage\":\"fr-FR\",\"@id\":\"https:\/\/vosgesinfo.fr\/remiremontinfo\/2021\/01\/rupt-moselle-tissage-de-france-laureat-fonds-dacceleration-investissements-industriels\/#primaryimage\",\"url\":\"https:\/\/vosgesinfo.fr\/app\/uploads\/sites\/5\/2024\/09\/20210199066326-894667564334720-3085138651542192128-o.jpg\",\"contentUrl\":\"https:\/\/vosgesinfo.fr\/app\/uploads\/sites\/5\/2024\/09\/20210199066326-894667564334720-3085138651542192128-o.jpg\",\"width\":800,\"height\":573},{\"@type\":\"BreadcrumbList\",\"@id\":\"https:\/\/vosgesinfo.fr\/remiremontinfo\/2021\/01\/rupt-moselle-tissage-de-france-laureat-fonds-dacceleration-investissements-industriels\/#breadcrumb\",\"itemListElement\":[{\"@type\":\"ListItem\",\"position\":1,\"name\":\"Home\",\"item\":\"https:\/\/vosgesinfo.fr\/remiremontinfo\/\"},{\"@type\":\"ListItem\",\"position\":2,\"name\":\"Rupt-sur-Moselle\u00a0: Tissage de France est laur\u00e9at du fonds d\u2019acc\u00e9l\u00e9ration des investissements industriels\"}]},{\"@type\":\"WebSite\",\"@id\":\"https:\/\/vosgesinfo.fr\/remiremontinfo\/#website\",\"url\":\"https:\/\/vosgesinfo.fr\/remiremontinfo\/\",\"name\":\"Remiremont Info\",\"description\":\"Toute l&#039;actualit\u00e9 de Remiremont\",\"publisher\":{\"@id\":\"https:\/\/vosgesinfo.fr\/remiremontinfo\/#organization\"},\"alternateName\":\"Toute l'actualit\u00e9 de Remiremont\",\"potentialAction\":[{\"@type\":\"SearchAction\",\"target\":{\"@type\":\"EntryPoint\",\"urlTemplate\":\"https:\/\/vosgesinfo.fr\/remiremontinfo\/?s={search_term_string}\"},\"query-input\":\"required name=search_term_string\"}],\"inLanguage\":\"fr-FR\"},{\"@type\":\"Organization\",\"@id\":\"https:\/\/vosgesinfo.fr\/remiremontinfo\/#organization\",\"name\":\"Remiremont Info\",\"url\":\"https:\/\/vosgesinfo.fr\/remiremontinfo\/\",\"logo\":{\"@type\":\"ImageObject\",\"inLanguage\":\"fr-FR\",\"@id\":\"https:\/\/vosgesinfo.fr\/remiremontinfo\/#\/schema\/logo\/image\/\",\"url\":\"https:\/\/vosgesinfo.fr\/app\/uploads\/sites\/5\/2023\/08\/favicon-remiremontinfo.png\",\"contentUrl\":\"https:\/\/vosgesinfo.fr\/app\/uploads\/sites\/5\/2023\/08\/favicon-remiremontinfo.png\",\"width\":512,\"height\":512,\"caption\":\"Remiremont Info\"},\"image\":{\"@id\":\"https:\/\/vosgesinfo.fr\/remiremontinfo\/#\/schema\/logo\/image\/\"},\"sameAs\":[\"https:\/\/www.facebook.com\/remiremontinfo\",\"https:\/\/x.com\/VosgesInfo88\",\"https:\/\/www.youtube.com\/@vosgesinfo\"]},{\"@type\":\"Person\",\"@id\":\"https:\/\/vosgesinfo.fr\/remiremontinfo\/#\/schema\/person\/3bfd164d5218a185b1db68655a265316\",\"name\":\"C D\",\"image\":{\"@type\":\"ImageObject\",\"inLanguage\":\"fr-FR\",\"@id\":\"https:\/\/vosgesinfo.fr\/remiremontinfo\/#\/schema\/person\/image\/\",\"url\":\"https:\/\/secure.gravatar.com\/avatar\/1f9a70007336511a47468b8f1c66f922b8b7cf617b02a31149ada43893a5d48f?s=96&d=mm&r=g\",\"contentUrl\":\"https:\/\/secure.gravatar.com\/avatar\/1f9a70007336511a47468b8f1c66f922b8b7cf617b02a31149ada43893a5d48f?s=96&d=mm&r=g\",\"caption\":\"C D\"},\"url\":\"https:\/\/vosgesinfo.fr\/remiremontinfo\/author\/cedric-drevet\/\"}]}<\/script>\n<!-- \/ Yoast SEO plugin. -->","yoast_head_json":{"title":"Rupt-sur-Moselle\u00a0: Tissage de France est laur\u00e9at du fonds d\u2019acc\u00e9l\u00e9ration des investissements industriels - Remiremont Info","robots":{"index":"index","follow":"follow","max-snippet":"max-snippet:-1","max-image-preview":"max-image-preview:large","max-video-preview":"max-video-preview:-1"},"canonical":"https:\/\/vosgesinfo.fr\/remiremontinfo\/2021\/01\/rupt-moselle-tissage-de-france-laureat-fonds-dacceleration-investissements-industriels\/","twitter_card":"summary_large_image","twitter_title":"Rupt-sur-Moselle\u00a0: Tissage de France est laur\u00e9at du fonds d\u2019acc\u00e9l\u00e9ration des investissements industriels - Remiremont Info","twitter_description":"Photo de @TissageDeFrance Le secteur industriel fran\u00e7ais, en difficult\u00e9 depuis de nombreuses ann\u00e9es, a \u00e9t\u00e9 durement impact\u00e9, comme d\u2019autres branches [&hellip;]","twitter_image":"https:\/\/vosgesinfo.fr\/app\/uploads\/sites\/5\/2024\/09\/20210199066326-894667564334720-3085138651542192128-o.jpg","twitter_creator":"@VosgesInfo88","twitter_site":"@VosgesInfo88","twitter_misc":{"\u00c9crit par":"C D","Dur\u00e9e de lecture estim\u00e9e":"3 minutes"},"schema":{"@context":"https:\/\/schema.org","@graph":[{"@type":"Article","@id":"https:\/\/vosgesinfo.fr\/remiremontinfo\/2021\/01\/rupt-moselle-tissage-de-france-laureat-fonds-dacceleration-investissements-industriels\/#article","isPartOf":{"@id":"https:\/\/vosgesinfo.fr\/remiremontinfo\/2021\/01\/rupt-moselle-tissage-de-france-laureat-fonds-dacceleration-investissements-industriels\/"},"author":{"name":"C D","@id":"https:\/\/vosgesinfo.fr\/remiremontinfo\/#\/schema\/person\/3bfd164d5218a185b1db68655a265316"},"headline":"Rupt-sur-Moselle\u00a0: Tissage de France est laur\u00e9at du fonds d\u2019acc\u00e9l\u00e9ration des investissements industriels","datePublished":"2021-01-21T07:03:41+00:00","dateModified":"2021-01-21T07:03:41+00:00","mainEntityOfPage":{"@id":"https:\/\/vosgesinfo.fr\/remiremontinfo\/2021\/01\/rupt-moselle-tissage-de-france-laureat-fonds-dacceleration-investissements-industriels\/"},"wordCount":552,"commentCount":0,"publisher":{"@id":"https:\/\/vosgesinfo.fr\/remiremontinfo\/#organization"},"image":{"@id":"https:\/\/vosgesinfo.fr\/remiremontinfo\/2021\/01\/rupt-moselle-tissage-de-france-laureat-fonds-dacceleration-investissements-industriels\/#primaryimage"},"thumbnailUrl":"https:\/\/vosgesinfo.fr\/app\/uploads\/sites\/5\/2024\/09\/20210199066326-894667564334720-3085138651542192128-o.jpg","articleSection":["A la Une","\u00c9conomie","Le Thillot &amp; son canton","Rupt-Sur-Moselle"],"inLanguage":"fr-FR","potentialAction":[{"@type":"CommentAction","name":"Comment","target":["https:\/\/vosgesinfo.fr\/remiremontinfo\/2021\/01\/rupt-moselle-tissage-de-france-laureat-fonds-dacceleration-investissements-industriels\/#respond"]}]},{"@type":"WebPage","@id":"https:\/\/vosgesinfo.fr\/remiremontinfo\/2021\/01\/rupt-moselle-tissage-de-france-laureat-fonds-dacceleration-investissements-industriels\/","url":"https:\/\/vosgesinfo.fr\/remiremontinfo\/2021\/01\/rupt-moselle-tissage-de-france-laureat-fonds-dacceleration-investissements-industriels\/","name":"Rupt-sur-Moselle\u00a0: Tissage de France est laur\u00e9at du fonds d\u2019acc\u00e9l\u00e9ration des investissements industriels - Remiremont Info","isPartOf":{"@id":"https:\/\/vosgesinfo.fr\/remiremontinfo\/#website"},"primaryImageOfPage":{"@id":"https:\/\/vosgesinfo.fr\/remiremontinfo\/2021\/01\/rupt-moselle-tissage-de-france-laureat-fonds-dacceleration-investissements-industriels\/#primaryimage"},"image":{"@id":"https:\/\/vosgesinfo.fr\/remiremontinfo\/2021\/01\/rupt-moselle-tissage-de-france-laureat-fonds-dacceleration-investissements-industriels\/#primaryimage"},"thumbnailUrl":"https:\/\/vosgesinfo.fr\/app\/uploads\/sites\/5\/2024\/09\/20210199066326-894667564334720-3085138651542192128-o.jpg","datePublished":"2021-01-21T07:03:41+00:00","dateModified":"2021-01-21T07:03:41+00:00","breadcrumb":{"@id":"https:\/\/vosgesinfo.fr\/remiremontinfo\/2021\/01\/rupt-moselle-tissage-de-france-laureat-fonds-dacceleration-investissements-industriels\/#breadcrumb"},"inLanguage":"fr-FR","potentialAction":[{"@type":"ReadAction","target":["https:\/\/vosgesinfo.fr\/remiremontinfo\/2021\/01\/rupt-moselle-tissage-de-france-laureat-fonds-dacceleration-investissements-industriels\/"]}]},{"@type":"ImageObject","inLanguage":"fr-FR","@id":"https:\/\/vosgesinfo.fr\/remiremontinfo\/2021\/01\/rupt-moselle-tissage-de-france-laureat-fonds-dacceleration-investissements-industriels\/#primaryimage","url":"https:\/\/vosgesinfo.fr\/app\/uploads\/sites\/5\/2024\/09\/20210199066326-894667564334720-3085138651542192128-o.jpg","contentUrl":"https:\/\/vosgesinfo.fr\/app\/uploads\/sites\/5\/2024\/09\/20210199066326-894667564334720-3085138651542192128-o.jpg","width":800,"height":573},{"@type":"BreadcrumbList","@id":"https:\/\/vosgesinfo.fr\/remiremontinfo\/2021\/01\/rupt-moselle-tissage-de-france-laureat-fonds-dacceleration-investissements-industriels\/#breadcrumb","itemListElement":[{"@type":"ListItem","position":1,"name":"Home","item":"https:\/\/vosgesinfo.fr\/remiremontinfo\/"},{"@type":"ListItem","position":2,"name":"Rupt-sur-Moselle\u00a0: Tissage de France est laur\u00e9at du fonds d\u2019acc\u00e9l\u00e9ration des investissements industriels"}]},{"@type":"WebSite","@id":"https:\/\/vosgesinfo.fr\/remiremontinfo\/#website","url":"https:\/\/vosgesinfo.fr\/remiremontinfo\/","name":"Remiremont Info","description":"Toute l&#039;actualit\u00e9 de Remiremont","publisher":{"@id":"https:\/\/vosgesinfo.fr\/remiremontinfo\/#organization"},"alternateName":"Toute l'actualit\u00e9 de Remiremont","potentialAction":[{"@type":"SearchAction","target":{"@type":"EntryPoint","urlTemplate":"https:\/\/vosgesinfo.fr\/remiremontinfo\/?s={search_term_string}"},"query-input":"required name=search_term_string"}],"inLanguage":"fr-FR"},{"@type":"Organization","@id":"https:\/\/vosgesinfo.fr\/remiremontinfo\/#organization","name":"Remiremont Info","url":"https:\/\/vosgesinfo.fr\/remiremontinfo\/","logo":{"@type":"ImageObject","inLanguage":"fr-FR","@id":"https:\/\/vosgesinfo.fr\/remiremontinfo\/#\/schema\/logo\/image\/","url":"https:\/\/vosgesinfo.fr\/app\/uploads\/sites\/5\/2023\/08\/favicon-remiremontinfo.png","contentUrl":"https:\/\/vosgesinfo.fr\/app\/uploads\/sites\/5\/2023\/08\/favicon-remiremontinfo.png","width":512,"height":512,"caption":"Remiremont Info"},"image":{"@id":"https:\/\/vosgesinfo.fr\/remiremontinfo\/#\/schema\/logo\/image\/"},"sameAs":["https:\/\/www.facebook.com\/remiremontinfo","https:\/\/x.com\/VosgesInfo88","https:\/\/www.youtube.com\/@vosgesinfo"]},{"@type":"Person","@id":"https:\/\/vosgesinfo.fr\/remiremontinfo\/#\/schema\/person\/3bfd164d5218a185b1db68655a265316","name":"C D","image":{"@type":"ImageObject","inLanguage":"fr-FR","@id":"https:\/\/vosgesinfo.fr\/remiremontinfo\/#\/schema\/person\/image\/","url":"https:\/\/secure.gravatar.com\/avatar\/1f9a70007336511a47468b8f1c66f922b8b7cf617b02a31149ada43893a5d48f?s=96&d=mm&r=g","contentUrl":"https:\/\/secure.gravatar.com\/avatar\/1f9a70007336511a47468b8f1c66f922b8b7cf617b02a31149ada43893a5d48f?s=96&d=mm&r=g","caption":"C D"},"url":"https:\/\/vosgesinfo.fr\/remiremontinfo\/author\/cedric-drevet\/"}]}},"_links":{"self":[{"href":"https:\/\/vosgesinfo.fr\/remiremontinfo\/wp-json\/wp\/v2\/posts\/36301","targetHints":{"allow":["GET"]}}],"collection":[{"href":"https:\/\/vosgesinfo.fr\/remiremontinfo\/wp-json\/wp\/v2\/posts"}],"about":[{"href":"https:\/\/vosgesinfo.fr\/remiremontinfo\/wp-json\/wp\/v2\/types\/post"}],"author":[{"embeddable":true,"href":"https:\/\/vosgesinfo.fr\/remiremontinfo\/wp-json\/wp\/v2\/users\/407"}],"replies":[{"embeddable":true,"href":"https:\/\/vosgesinfo.fr\/remiremontinfo\/wp-json\/wp\/v2\/comments?post=36301"}],"version-history":[{"count":0,"href":"https:\/\/vosgesinfo.fr\/remiremontinfo\/wp-json\/wp\/v2\/posts\/36301\/revisions"}],"wp:featuredmedia":[{"embeddable":true,"href":"https:\/\/vosgesinfo.fr\/remiremontinfo\/wp-json\/wp\/v2\/media\/36302"}],"wp:attachment":[{"href":"https:\/\/vosgesinfo.fr\/remiremontinfo\/wp-json\/wp\/v2\/media?parent=36301"}],"wp:term":[{"taxonomy":"category","embeddable":true,"href":"https:\/\/vosgesinfo.fr\/remiremontinfo\/wp-json\/wp\/v2\/categories?post=36301"},{"taxonomy":"post_tag","embeddable":true,"href":"https:\/\/vosgesinfo.fr\/remiremontinfo\/wp-json\/wp\/v2\/tags?post=36301"}],"curies":[{"name":"wp","href":"https:\/\/api.w.org\/{rel}","templated":true}]}}