{"id":36791,"date":"2021-02-01T07:05:49","date_gmt":"2021-02-01T06:05:49","guid":{"rendered":"https:\/\/vosgesinfo.fr\/remiremontinfo\/2021\/02\/cornimont-200-kilos-de-dechets-evacues-dune-decharge-sauvage\/"},"modified":"2021-02-01T07:05:49","modified_gmt":"2021-02-01T06:05:49","slug":"cornimont-200-kilos-de-dechets-evacues-dune-decharge-sauvage","status":"publish","type":"post","link":"https:\/\/vosgesinfo.fr\/remiremontinfo\/2021\/02\/cornimont-200-kilos-de-dechets-evacues-dune-decharge-sauvage\/","title":{"rendered":"Cornimont\u00a0: 200 kilos de d\u00e9chets \u00e9vacu\u00e9s d\u2019une d\u00e9charge sauvage"},"content":{"rendered":"<p><a href=\"\/2021\/02\/Capture-d\u2019\u00e9cran-2021-02-01-095217.png\"><img decoding=\"async\" class=\"alignnone size-full wp-image-308325\" src=\"\/2021\/02\/Capture-d\u2019\u00e9cran-2021-02-01-095217.png\" alt=\"Capture d\u2019\u00e9cran 2021-02-01 095217\" width=\"800\" height=\"563\" \/><\/a><\/p>\n<h2 align=\"left\"><span style=\"font-size: 12pt;\"><strong>Courant du mois de d\u00e9cembre dernier, suite \u00e0 l\u2019appel de M. Daniel Simonin (un abonn\u00e9 Facebook), l\u2019association Rando\u2019nett est all\u00e9e nettoyer une d\u00e9charge \u00e0 ciel ouvert chemin des Gouttes de l\u2019Air \u00e0 Travexin.<\/strong><\/span><\/h2>\n<p align=\"left\">Avec l\u2019aide de M. Simonin, deux remorques de ferraille ont \u00e9t\u00e9 r\u00e9cup\u00e9r\u00e9es, ainsi que des bouteilles en verre et du plastique. Le \u00ab butin \u00bb a \u00e9t\u00e9 estim\u00e9 \u00e0 200 kg. Une constatation positive, le d\u00e9p\u00f4t n\u2019\u00e9tait pas r\u00e9cent. Mais quelle d\u00e9solation ! La municipalit\u00e9 remercie l\u2019association pour les nombreuses actions men\u00e9es et M. Simonin pour sa participation au nettoyage du site.<\/p>\n<p align=\"left\"><em>Cornimont Actu n\u00b0239<\/em><\/p>\n","protected":false},"excerpt":{"rendered":"<p>Courant du mois de d\u00e9cembre dernier, suite \u00e0 l\u2019appel de M. Daniel Simonin (un abonn\u00e9 Facebook), l\u2019association Rando\u2019nett est all\u00e9e [&hellip;]<\/p>\n","protected":false},"author":407,"featured_media":36792,"comment_status":"open","ping_status":"open","sticky":false,"template":"","format":"standard","meta":{"footnotes":""},"categories":[26,34,7,25],"tags":[],"class_list":["post-36791","post","type-post","status-publish","format-standard","has-post-thumbnail","hentry","category-a-la-une","category-cornimont","category-environnement","category-la-bresse-son-canton"],"acf":[],"yoast_head":"<!-- This site is optimized with the Yoast SEO plugin v22.5 - https:\/\/yoast.com\/wordpress\/plugins\/seo\/ -->\n<title>Cornimont\u00a0: 200 kilos de d\u00e9chets \u00e9vacu\u00e9s d\u2019une d\u00e9charge sauvage - Remiremont Info<\/title>\n<meta name=\"robots\" content=\"index, follow, max-snippet:-1, max-image-preview:large, max-video-preview:-1\" \/>\n<link rel=\"canonical\" href=\"https:\/\/vosgesinfo.fr\/remiremontinfo\/2021\/02\/cornimont-200-kilos-de-dechets-evacues-dune-decharge-sauvage\/\" \/>\n<meta name=\"twitter:card\" content=\"summary_large_image\" \/>\n<meta name=\"twitter:title\" content=\"Cornimont\u00a0: 200 kilos de d\u00e9chets \u00e9vacu\u00e9s d\u2019une d\u00e9charge sauvage - Remiremont Info\" \/>\n<meta name=\"twitter:description\" content=\"Courant du mois de d\u00e9cembre dernier, suite \u00e0 l\u2019appel de M. Daniel Simonin (un abonn\u00e9 Facebook), l\u2019association Rando\u2019nett est all\u00e9e [&hellip;]\" \/>\n<meta name=\"twitter:image\" content=\"https:\/\/vosgesinfo.fr\/app\/uploads\/sites\/5\/2024\/09\/202102capture-decran-2021-02-01-095217.png\" \/>\n<meta name=\"twitter:creator\" content=\"@VosgesInfo88\" \/>\n<meta name=\"twitter:site\" content=\"@VosgesInfo88\" \/>\n<meta name=\"twitter:label1\" content=\"\u00c9crit par\" \/>\n\t<meta name=\"twitter:data1\" content=\"C D\" \/>\n\t<meta name=\"twitter:label2\" content=\"Dur\u00e9e de lecture estim\u00e9e\" \/>\n\t<meta name=\"twitter:data2\" content=\"1 minute\" \/>\n<script type=\"application\/ld+json\" class=\"yoast-schema-graph\">{\"@context\":\"https:\/\/schema.org\",\"@graph\":[{\"@type\":\"Article\",\"@id\":\"https:\/\/vosgesinfo.fr\/remiremontinfo\/2021\/02\/cornimont-200-kilos-de-dechets-evacues-dune-decharge-sauvage\/#article\",\"isPartOf\":{\"@id\":\"https:\/\/vosgesinfo.fr\/remiremontinfo\/2021\/02\/cornimont-200-kilos-de-dechets-evacues-dune-decharge-sauvage\/\"},\"author\":{\"name\":\"C D\",\"@id\":\"https:\/\/vosgesinfo.fr\/remiremontinfo\/#\/schema\/person\/3bfd164d5218a185b1db68655a265316\"},\"headline\":\"Cornimont\u00a0: 200 kilos de d\u00e9chets \u00e9vacu\u00e9s d\u2019une d\u00e9charge sauvage\",\"datePublished\":\"2021-02-01T06:05:49+00:00\",\"dateModified\":\"2021-02-01T06:05:49+00:00\",\"mainEntityOfPage\":{\"@id\":\"https:\/\/vosgesinfo.fr\/remiremontinfo\/2021\/02\/cornimont-200-kilos-de-dechets-evacues-dune-decharge-sauvage\/\"},\"wordCount\":120,\"commentCount\":0,\"publisher\":{\"@id\":\"https:\/\/vosgesinfo.fr\/remiremontinfo\/#organization\"},\"image\":{\"@id\":\"https:\/\/vosgesinfo.fr\/remiremontinfo\/2021\/02\/cornimont-200-kilos-de-dechets-evacues-dune-decharge-sauvage\/#primaryimage\"},\"thumbnailUrl\":\"https:\/\/vosgesinfo.fr\/app\/uploads\/sites\/5\/2024\/09\/202102capture-decran-2021-02-01-095217.png\",\"articleSection\":[\"A la Une\",\"Cornimont\",\"Environnement\",\"La Bresse &amp; son canton\"],\"inLanguage\":\"fr-FR\",\"potentialAction\":[{\"@type\":\"CommentAction\",\"name\":\"Comment\",\"target\":[\"https:\/\/vosgesinfo.fr\/remiremontinfo\/2021\/02\/cornimont-200-kilos-de-dechets-evacues-dune-decharge-sauvage\/#respond\"]}]},{\"@type\":\"WebPage\",\"@id\":\"https:\/\/vosgesinfo.fr\/remiremontinfo\/2021\/02\/cornimont-200-kilos-de-dechets-evacues-dune-decharge-sauvage\/\",\"url\":\"https:\/\/vosgesinfo.fr\/remiremontinfo\/2021\/02\/cornimont-200-kilos-de-dechets-evacues-dune-decharge-sauvage\/\",\"name\":\"Cornimont\u00a0: 200 kilos de d\u00e9chets \u00e9vacu\u00e9s d\u2019une d\u00e9charge sauvage - Remiremont Info\",\"isPartOf\":{\"@id\":\"https:\/\/vosgesinfo.fr\/remiremontinfo\/#website\"},\"primaryImageOfPage\":{\"@id\":\"https:\/\/vosgesinfo.fr\/remiremontinfo\/2021\/02\/cornimont-200-kilos-de-dechets-evacues-dune-decharge-sauvage\/#primaryimage\"},\"image\":{\"@id\":\"https:\/\/vosgesinfo.fr\/remiremontinfo\/2021\/02\/cornimont-200-kilos-de-dechets-evacues-dune-decharge-sauvage\/#primaryimage\"},\"thumbnailUrl\":\"https:\/\/vosgesinfo.fr\/app\/uploads\/sites\/5\/2024\/09\/202102capture-decran-2021-02-01-095217.png\",\"datePublished\":\"2021-02-01T06:05:49+00:00\",\"dateModified\":\"2021-02-01T06:05:49+00:00\",\"breadcrumb\":{\"@id\":\"https:\/\/vosgesinfo.fr\/remiremontinfo\/2021\/02\/cornimont-200-kilos-de-dechets-evacues-dune-decharge-sauvage\/#breadcrumb\"},\"inLanguage\":\"fr-FR\",\"potentialAction\":[{\"@type\":\"ReadAction\",\"target\":[\"https:\/\/vosgesinfo.fr\/remiremontinfo\/2021\/02\/cornimont-200-kilos-de-dechets-evacues-dune-decharge-sauvage\/\"]}]},{\"@type\":\"ImageObject\",\"inLanguage\":\"fr-FR\",\"@id\":\"https:\/\/vosgesinfo.fr\/remiremontinfo\/2021\/02\/cornimont-200-kilos-de-dechets-evacues-dune-decharge-sauvage\/#primaryimage\",\"url\":\"https:\/\/vosgesinfo.fr\/app\/uploads\/sites\/5\/2024\/09\/202102capture-decran-2021-02-01-095217.png\",\"contentUrl\":\"https:\/\/vosgesinfo.fr\/app\/uploads\/sites\/5\/2024\/09\/202102capture-decran-2021-02-01-095217.png\",\"width\":800,\"height\":563},{\"@type\":\"BreadcrumbList\",\"@id\":\"https:\/\/vosgesinfo.fr\/remiremontinfo\/2021\/02\/cornimont-200-kilos-de-dechets-evacues-dune-decharge-sauvage\/#breadcrumb\",\"itemListElement\":[{\"@type\":\"ListItem\",\"position\":1,\"name\":\"Home\",\"item\":\"https:\/\/vosgesinfo.fr\/remiremontinfo\/\"},{\"@type\":\"ListItem\",\"position\":2,\"name\":\"Cornimont\u00a0: 200 kilos de d\u00e9chets \u00e9vacu\u00e9s d\u2019une d\u00e9charge sauvage\"}]},{\"@type\":\"WebSite\",\"@id\":\"https:\/\/vosgesinfo.fr\/remiremontinfo\/#website\",\"url\":\"https:\/\/vosgesinfo.fr\/remiremontinfo\/\",\"name\":\"Remiremont Info\",\"description\":\"Toute l&#039;actualit\u00e9 de Remiremont\",\"publisher\":{\"@id\":\"https:\/\/vosgesinfo.fr\/remiremontinfo\/#organization\"},\"alternateName\":\"Toute l'actualit\u00e9 de Remiremont\",\"potentialAction\":[{\"@type\":\"SearchAction\",\"target\":{\"@type\":\"EntryPoint\",\"urlTemplate\":\"https:\/\/vosgesinfo.fr\/remiremontinfo\/?s={search_term_string}\"},\"query-input\":\"required name=search_term_string\"}],\"inLanguage\":\"fr-FR\"},{\"@type\":\"Organization\",\"@id\":\"https:\/\/vosgesinfo.fr\/remiremontinfo\/#organization\",\"name\":\"Remiremont Info\",\"url\":\"https:\/\/vosgesinfo.fr\/remiremontinfo\/\",\"logo\":{\"@type\":\"ImageObject\",\"inLanguage\":\"fr-FR\",\"@id\":\"https:\/\/vosgesinfo.fr\/remiremontinfo\/#\/schema\/logo\/image\/\",\"url\":\"https:\/\/vosgesinfo.fr\/app\/uploads\/sites\/5\/2023\/08\/favicon-remiremontinfo.png\",\"contentUrl\":\"https:\/\/vosgesinfo.fr\/app\/uploads\/sites\/5\/2023\/08\/favicon-remiremontinfo.png\",\"width\":512,\"height\":512,\"caption\":\"Remiremont Info\"},\"image\":{\"@id\":\"https:\/\/vosgesinfo.fr\/remiremontinfo\/#\/schema\/logo\/image\/\"},\"sameAs\":[\"https:\/\/www.facebook.com\/remiremontinfo\",\"https:\/\/x.com\/VosgesInfo88\",\"https:\/\/www.youtube.com\/@vosgesinfo\"]},{\"@type\":\"Person\",\"@id\":\"https:\/\/vosgesinfo.fr\/remiremontinfo\/#\/schema\/person\/3bfd164d5218a185b1db68655a265316\",\"name\":\"C D\",\"image\":{\"@type\":\"ImageObject\",\"inLanguage\":\"fr-FR\",\"@id\":\"https:\/\/vosgesinfo.fr\/remiremontinfo\/#\/schema\/person\/image\/\",\"url\":\"https:\/\/secure.gravatar.com\/avatar\/1f9a70007336511a47468b8f1c66f922b8b7cf617b02a31149ada43893a5d48f?s=96&d=mm&r=g\",\"contentUrl\":\"https:\/\/secure.gravatar.com\/avatar\/1f9a70007336511a47468b8f1c66f922b8b7cf617b02a31149ada43893a5d48f?s=96&d=mm&r=g\",\"caption\":\"C D\"},\"url\":\"https:\/\/vosgesinfo.fr\/remiremontinfo\/author\/cedric-drevet\/\"}]}<\/script>\n<!-- \/ Yoast SEO plugin. -->","yoast_head_json":{"title":"Cornimont\u00a0: 200 kilos de d\u00e9chets \u00e9vacu\u00e9s d\u2019une d\u00e9charge sauvage - Remiremont Info","robots":{"index":"index","follow":"follow","max-snippet":"max-snippet:-1","max-image-preview":"max-image-preview:large","max-video-preview":"max-video-preview:-1"},"canonical":"https:\/\/vosgesinfo.fr\/remiremontinfo\/2021\/02\/cornimont-200-kilos-de-dechets-evacues-dune-decharge-sauvage\/","twitter_card":"summary_large_image","twitter_title":"Cornimont\u00a0: 200 kilos de d\u00e9chets \u00e9vacu\u00e9s d\u2019une d\u00e9charge sauvage - Remiremont Info","twitter_description":"Courant du mois de d\u00e9cembre dernier, suite \u00e0 l\u2019appel de M. Daniel Simonin (un abonn\u00e9 Facebook), l\u2019association Rando\u2019nett est all\u00e9e [&hellip;]","twitter_image":"https:\/\/vosgesinfo.fr\/app\/uploads\/sites\/5\/2024\/09\/202102capture-decran-2021-02-01-095217.png","twitter_creator":"@VosgesInfo88","twitter_site":"@VosgesInfo88","twitter_misc":{"\u00c9crit par":"C D","Dur\u00e9e de lecture estim\u00e9e":"1 minute"},"schema":{"@context":"https:\/\/schema.org","@graph":[{"@type":"Article","@id":"https:\/\/vosgesinfo.fr\/remiremontinfo\/2021\/02\/cornimont-200-kilos-de-dechets-evacues-dune-decharge-sauvage\/#article","isPartOf":{"@id":"https:\/\/vosgesinfo.fr\/remiremontinfo\/2021\/02\/cornimont-200-kilos-de-dechets-evacues-dune-decharge-sauvage\/"},"author":{"name":"C D","@id":"https:\/\/vosgesinfo.fr\/remiremontinfo\/#\/schema\/person\/3bfd164d5218a185b1db68655a265316"},"headline":"Cornimont\u00a0: 200 kilos de d\u00e9chets \u00e9vacu\u00e9s d\u2019une d\u00e9charge sauvage","datePublished":"2021-02-01T06:05:49+00:00","dateModified":"2021-02-01T06:05:49+00:00","mainEntityOfPage":{"@id":"https:\/\/vosgesinfo.fr\/remiremontinfo\/2021\/02\/cornimont-200-kilos-de-dechets-evacues-dune-decharge-sauvage\/"},"wordCount":120,"commentCount":0,"publisher":{"@id":"https:\/\/vosgesinfo.fr\/remiremontinfo\/#organization"},"image":{"@id":"https:\/\/vosgesinfo.fr\/remiremontinfo\/2021\/02\/cornimont-200-kilos-de-dechets-evacues-dune-decharge-sauvage\/#primaryimage"},"thumbnailUrl":"https:\/\/vosgesinfo.fr\/app\/uploads\/sites\/5\/2024\/09\/202102capture-decran-2021-02-01-095217.png","articleSection":["A la Une","Cornimont","Environnement","La Bresse &amp; son canton"],"inLanguage":"fr-FR","potentialAction":[{"@type":"CommentAction","name":"Comment","target":["https:\/\/vosgesinfo.fr\/remiremontinfo\/2021\/02\/cornimont-200-kilos-de-dechets-evacues-dune-decharge-sauvage\/#respond"]}]},{"@type":"WebPage","@id":"https:\/\/vosgesinfo.fr\/remiremontinfo\/2021\/02\/cornimont-200-kilos-de-dechets-evacues-dune-decharge-sauvage\/","url":"https:\/\/vosgesinfo.fr\/remiremontinfo\/2021\/02\/cornimont-200-kilos-de-dechets-evacues-dune-decharge-sauvage\/","name":"Cornimont\u00a0: 200 kilos de d\u00e9chets \u00e9vacu\u00e9s d\u2019une d\u00e9charge sauvage - Remiremont Info","isPartOf":{"@id":"https:\/\/vosgesinfo.fr\/remiremontinfo\/#website"},"primaryImageOfPage":{"@id":"https:\/\/vosgesinfo.fr\/remiremontinfo\/2021\/02\/cornimont-200-kilos-de-dechets-evacues-dune-decharge-sauvage\/#primaryimage"},"image":{"@id":"https:\/\/vosgesinfo.fr\/remiremontinfo\/2021\/02\/cornimont-200-kilos-de-dechets-evacues-dune-decharge-sauvage\/#primaryimage"},"thumbnailUrl":"https:\/\/vosgesinfo.fr\/app\/uploads\/sites\/5\/2024\/09\/202102capture-decran-2021-02-01-095217.png","datePublished":"2021-02-01T06:05:49+00:00","dateModified":"2021-02-01T06:05:49+00:00","breadcrumb":{"@id":"https:\/\/vosgesinfo.fr\/remiremontinfo\/2021\/02\/cornimont-200-kilos-de-dechets-evacues-dune-decharge-sauvage\/#breadcrumb"},"inLanguage":"fr-FR","potentialAction":[{"@type":"ReadAction","target":["https:\/\/vosgesinfo.fr\/remiremontinfo\/2021\/02\/cornimont-200-kilos-de-dechets-evacues-dune-decharge-sauvage\/"]}]},{"@type":"ImageObject","inLanguage":"fr-FR","@id":"https:\/\/vosgesinfo.fr\/remiremontinfo\/2021\/02\/cornimont-200-kilos-de-dechets-evacues-dune-decharge-sauvage\/#primaryimage","url":"https:\/\/vosgesinfo.fr\/app\/uploads\/sites\/5\/2024\/09\/202102capture-decran-2021-02-01-095217.png","contentUrl":"https:\/\/vosgesinfo.fr\/app\/uploads\/sites\/5\/2024\/09\/202102capture-decran-2021-02-01-095217.png","width":800,"height":563},{"@type":"BreadcrumbList","@id":"https:\/\/vosgesinfo.fr\/remiremontinfo\/2021\/02\/cornimont-200-kilos-de-dechets-evacues-dune-decharge-sauvage\/#breadcrumb","itemListElement":[{"@type":"ListItem","position":1,"name":"Home","item":"https:\/\/vosgesinfo.fr\/remiremontinfo\/"},{"@type":"ListItem","position":2,"name":"Cornimont\u00a0: 200 kilos de d\u00e9chets \u00e9vacu\u00e9s d\u2019une d\u00e9charge sauvage"}]},{"@type":"WebSite","@id":"https:\/\/vosgesinfo.fr\/remiremontinfo\/#website","url":"https:\/\/vosgesinfo.fr\/remiremontinfo\/","name":"Remiremont Info","description":"Toute l&#039;actualit\u00e9 de Remiremont","publisher":{"@id":"https:\/\/vosgesinfo.fr\/remiremontinfo\/#organization"},"alternateName":"Toute l'actualit\u00e9 de Remiremont","potentialAction":[{"@type":"SearchAction","target":{"@type":"EntryPoint","urlTemplate":"https:\/\/vosgesinfo.fr\/remiremontinfo\/?s={search_term_string}"},"query-input":"required name=search_term_string"}],"inLanguage":"fr-FR"},{"@type":"Organization","@id":"https:\/\/vosgesinfo.fr\/remiremontinfo\/#organization","name":"Remiremont Info","url":"https:\/\/vosgesinfo.fr\/remiremontinfo\/","logo":{"@type":"ImageObject","inLanguage":"fr-FR","@id":"https:\/\/vosgesinfo.fr\/remiremontinfo\/#\/schema\/logo\/image\/","url":"https:\/\/vosgesinfo.fr\/app\/uploads\/sites\/5\/2023\/08\/favicon-remiremontinfo.png","contentUrl":"https:\/\/vosgesinfo.fr\/app\/uploads\/sites\/5\/2023\/08\/favicon-remiremontinfo.png","width":512,"height":512,"caption":"Remiremont Info"},"image":{"@id":"https:\/\/vosgesinfo.fr\/remiremontinfo\/#\/schema\/logo\/image\/"},"sameAs":["https:\/\/www.facebook.com\/remiremontinfo","https:\/\/x.com\/VosgesInfo88","https:\/\/www.youtube.com\/@vosgesinfo"]},{"@type":"Person","@id":"https:\/\/vosgesinfo.fr\/remiremontinfo\/#\/schema\/person\/3bfd164d5218a185b1db68655a265316","name":"C D","image":{"@type":"ImageObject","inLanguage":"fr-FR","@id":"https:\/\/vosgesinfo.fr\/remiremontinfo\/#\/schema\/person\/image\/","url":"https:\/\/secure.gravatar.com\/avatar\/1f9a70007336511a47468b8f1c66f922b8b7cf617b02a31149ada43893a5d48f?s=96&d=mm&r=g","contentUrl":"https:\/\/secure.gravatar.com\/avatar\/1f9a70007336511a47468b8f1c66f922b8b7cf617b02a31149ada43893a5d48f?s=96&d=mm&r=g","caption":"C D"},"url":"https:\/\/vosgesinfo.fr\/remiremontinfo\/author\/cedric-drevet\/"}]}},"_links":{"self":[{"href":"https:\/\/vosgesinfo.fr\/remiremontinfo\/wp-json\/wp\/v2\/posts\/36791","targetHints":{"allow":["GET"]}}],"collection":[{"href":"https:\/\/vosgesinfo.fr\/remiremontinfo\/wp-json\/wp\/v2\/posts"}],"about":[{"href":"https:\/\/vosgesinfo.fr\/remiremontinfo\/wp-json\/wp\/v2\/types\/post"}],"author":[{"embeddable":true,"href":"https:\/\/vosgesinfo.fr\/remiremontinfo\/wp-json\/wp\/v2\/users\/407"}],"replies":[{"embeddable":true,"href":"https:\/\/vosgesinfo.fr\/remiremontinfo\/wp-json\/wp\/v2\/comments?post=36791"}],"version-history":[{"count":0,"href":"https:\/\/vosgesinfo.fr\/remiremontinfo\/wp-json\/wp\/v2\/posts\/36791\/revisions"}],"wp:featuredmedia":[{"embeddable":true,"href":"https:\/\/vosgesinfo.fr\/remiremontinfo\/wp-json\/wp\/v2\/media\/36792"}],"wp:attachment":[{"href":"https:\/\/vosgesinfo.fr\/remiremontinfo\/wp-json\/wp\/v2\/media?parent=36791"}],"wp:term":[{"taxonomy":"category","embeddable":true,"href":"https:\/\/vosgesinfo.fr\/remiremontinfo\/wp-json\/wp\/v2\/categories?post=36791"},{"taxonomy":"post_tag","embeddable":true,"href":"https:\/\/vosgesinfo.fr\/remiremontinfo\/wp-json\/wp\/v2\/tags?post=36791"}],"curies":[{"name":"wp","href":"https:\/\/api.w.org\/{rel}","templated":true}]}}