{"id":3703,"date":"2024-01-11T15:16:36","date_gmt":"2024-01-11T14:16:36","guid":{"rendered":"https:\/\/vosgesinfo.fr\/remiremontinfo\/2024\/01\/la-prochaine-production-francaise-de-netflix-devoilera-ses-premieres-images-a-gerardmer-avec-sous-la-seine-de-xavier-gens\/"},"modified":"2024-01-11T15:16:36","modified_gmt":"2024-01-11T14:16:36","slug":"la-prochaine-production-francaise-de-netflix-devoilera-ses-premieres-images-a-gerardmer-avec-sous-la-seine-de-xavier-gens","status":"publish","type":"post","link":"https:\/\/vosgesinfo.fr\/remiremontinfo\/2024\/01\/la-prochaine-production-francaise-de-netflix-devoilera-ses-premieres-images-a-gerardmer-avec-sous-la-seine-de-xavier-gens\/","title":{"rendered":"La prochaine production fran\u00e7aise de Netflix d\u00e9voilera ses premi\u00e8res images \u00e0 G\u00e9rardmer avec SOUS LA SEINE de Xavier Gens"},"content":{"rendered":"<p>La prochaine production fran\u00e7aise de Netflix d\u00e9voilera ses premi\u00e8res images \u00e0 G\u00e9rardmer !<br \/>\nXavier Gens, ami fid\u00e8le du festival, accompagn\u00e9 de la com\u00e9dienne B\u00e9r\u00e9nice Bejo, co-pr\u00e9sidente du festival l\u2019ann\u00e9e derni\u00e8re, pr\u00e9sentera des images exclusives de son nouveau long m\u00e9trage SOUS LA SEINE \u2013 disponible cette ann\u00e9e \u2013 et fera d\u00e9couvrir au public les secrets de fabrication du film \u00e0 travers le making of.<br \/>\nSamedi 27 janvier \u00e0 11h30 \u2013 Maison de la Culture et des Loisirs<\/p>\n","protected":false},"excerpt":{"rendered":"<p>La prochaine production fran\u00e7aise de Netflix d\u00e9voilera ses premi\u00e8res images \u00e0 G\u00e9rardmer ! Xavier Gens, ami fid\u00e8le du festival, accompagn\u00e9 [&hellip;]<\/p>\n","protected":false},"author":414,"featured_media":3704,"comment_status":"open","ping_status":"open","sticky":false,"template":"","format":"standard","meta":{"footnotes":""},"categories":[26,4,62,18],"tags":[],"class_list":["post-3703","post","type-post","status-publish","format-standard","has-post-thumbnail","hentry","category-a-la-une","category-culture","category-gerardmer","category-vosges"],"acf":[],"yoast_head":"<!-- This site is optimized with the Yoast SEO plugin v22.5 - https:\/\/yoast.com\/wordpress\/plugins\/seo\/ -->\n<title>La prochaine production fran\u00e7aise de Netflix d\u00e9voilera ses premi\u00e8res images \u00e0 G\u00e9rardmer avec SOUS LA SEINE de Xavier Gens - Remiremont Info<\/title>\n<meta name=\"robots\" content=\"index, follow, max-snippet:-1, max-image-preview:large, max-video-preview:-1\" \/>\n<link rel=\"canonical\" href=\"https:\/\/vosgesinfo.fr\/remiremontinfo\/2024\/01\/la-prochaine-production-francaise-de-netflix-devoilera-ses-premieres-images-a-gerardmer-avec-sous-la-seine-de-xavier-gens\/\" \/>\n<meta name=\"twitter:card\" content=\"summary_large_image\" \/>\n<meta name=\"twitter:title\" content=\"La prochaine production fran\u00e7aise de Netflix d\u00e9voilera ses premi\u00e8res images \u00e0 G\u00e9rardmer avec SOUS LA SEINE de Xavier Gens - Remiremont Info\" \/>\n<meta name=\"twitter:description\" content=\"La prochaine production fran\u00e7aise de Netflix d\u00e9voilera ses premi\u00e8res images \u00e0 G\u00e9rardmer ! Xavier Gens, ami fid\u00e8le du festival, accompagn\u00e9 [&hellip;]\" \/>\n<meta name=\"twitter:image\" content=\"https:\/\/vosgesinfo.fr\/app\/uploads\/sites\/5\/2024\/01\/film-sous-la-seine.jpg\" \/>\n<meta name=\"twitter:creator\" content=\"@VosgesInfo88\" \/>\n<meta name=\"twitter:site\" content=\"@VosgesInfo88\" \/>\n<meta name=\"twitter:label1\" content=\"\u00c9crit par\" \/>\n\t<meta name=\"twitter:data1\" content=\"Julien Chassard\" \/>\n<script type=\"application\/ld+json\" class=\"yoast-schema-graph\">{\"@context\":\"https:\/\/schema.org\",\"@graph\":[{\"@type\":\"Article\",\"@id\":\"https:\/\/vosgesinfo.fr\/remiremontinfo\/2024\/01\/la-prochaine-production-francaise-de-netflix-devoilera-ses-premieres-images-a-gerardmer-avec-sous-la-seine-de-xavier-gens\/#article\",\"isPartOf\":{\"@id\":\"https:\/\/vosgesinfo.fr\/remiremontinfo\/2024\/01\/la-prochaine-production-francaise-de-netflix-devoilera-ses-premieres-images-a-gerardmer-avec-sous-la-seine-de-xavier-gens\/\"},\"author\":{\"name\":\"Julien Chassard\",\"@id\":\"https:\/\/vosgesinfo.fr\/remiremontinfo\/#\/schema\/person\/9f7d5afbed21dfe30e21502db85507c8\"},\"headline\":\"La prochaine production fran\u00e7aise de Netflix d\u00e9voilera ses premi\u00e8res images \u00e0 G\u00e9rardmer avec SOUS LA SEINE de Xavier Gens\",\"datePublished\":\"2024-01-11T14:16:36+00:00\",\"dateModified\":\"2024-01-11T14:16:36+00:00\",\"mainEntityOfPage\":{\"@id\":\"https:\/\/vosgesinfo.fr\/remiremontinfo\/2024\/01\/la-prochaine-production-francaise-de-netflix-devoilera-ses-premieres-images-a-gerardmer-avec-sous-la-seine-de-xavier-gens\/\"},\"wordCount\":106,\"commentCount\":0,\"publisher\":{\"@id\":\"https:\/\/vosgesinfo.fr\/remiremontinfo\/#organization\"},\"image\":{\"@id\":\"https:\/\/vosgesinfo.fr\/remiremontinfo\/2024\/01\/la-prochaine-production-francaise-de-netflix-devoilera-ses-premieres-images-a-gerardmer-avec-sous-la-seine-de-xavier-gens\/#primaryimage\"},\"thumbnailUrl\":\"https:\/\/vosgesinfo.fr\/app\/uploads\/sites\/5\/2024\/01\/film-sous-la-seine.jpg\",\"articleSection\":[\"A la Une\",\"Culture\",\"G\u00e9rardmer\",\"Vosges\"],\"inLanguage\":\"fr-FR\",\"potentialAction\":[{\"@type\":\"CommentAction\",\"name\":\"Comment\",\"target\":[\"https:\/\/vosgesinfo.fr\/remiremontinfo\/2024\/01\/la-prochaine-production-francaise-de-netflix-devoilera-ses-premieres-images-a-gerardmer-avec-sous-la-seine-de-xavier-gens\/#respond\"]}]},{\"@type\":\"WebPage\",\"@id\":\"https:\/\/vosgesinfo.fr\/remiremontinfo\/2024\/01\/la-prochaine-production-francaise-de-netflix-devoilera-ses-premieres-images-a-gerardmer-avec-sous-la-seine-de-xavier-gens\/\",\"url\":\"https:\/\/vosgesinfo.fr\/remiremontinfo\/2024\/01\/la-prochaine-production-francaise-de-netflix-devoilera-ses-premieres-images-a-gerardmer-avec-sous-la-seine-de-xavier-gens\/\",\"name\":\"La prochaine production fran\u00e7aise de Netflix d\u00e9voilera ses premi\u00e8res images \u00e0 G\u00e9rardmer avec SOUS LA SEINE de Xavier Gens - Remiremont Info\",\"isPartOf\":{\"@id\":\"https:\/\/vosgesinfo.fr\/remiremontinfo\/#website\"},\"primaryImageOfPage\":{\"@id\":\"https:\/\/vosgesinfo.fr\/remiremontinfo\/2024\/01\/la-prochaine-production-francaise-de-netflix-devoilera-ses-premieres-images-a-gerardmer-avec-sous-la-seine-de-xavier-gens\/#primaryimage\"},\"image\":{\"@id\":\"https:\/\/vosgesinfo.fr\/remiremontinfo\/2024\/01\/la-prochaine-production-francaise-de-netflix-devoilera-ses-premieres-images-a-gerardmer-avec-sous-la-seine-de-xavier-gens\/#primaryimage\"},\"thumbnailUrl\":\"https:\/\/vosgesinfo.fr\/app\/uploads\/sites\/5\/2024\/01\/film-sous-la-seine.jpg\",\"datePublished\":\"2024-01-11T14:16:36+00:00\",\"dateModified\":\"2024-01-11T14:16:36+00:00\",\"breadcrumb\":{\"@id\":\"https:\/\/vosgesinfo.fr\/remiremontinfo\/2024\/01\/la-prochaine-production-francaise-de-netflix-devoilera-ses-premieres-images-a-gerardmer-avec-sous-la-seine-de-xavier-gens\/#breadcrumb\"},\"inLanguage\":\"fr-FR\",\"potentialAction\":[{\"@type\":\"ReadAction\",\"target\":[\"https:\/\/vosgesinfo.fr\/remiremontinfo\/2024\/01\/la-prochaine-production-francaise-de-netflix-devoilera-ses-premieres-images-a-gerardmer-avec-sous-la-seine-de-xavier-gens\/\"]}]},{\"@type\":\"ImageObject\",\"inLanguage\":\"fr-FR\",\"@id\":\"https:\/\/vosgesinfo.fr\/remiremontinfo\/2024\/01\/la-prochaine-production-francaise-de-netflix-devoilera-ses-premieres-images-a-gerardmer-avec-sous-la-seine-de-xavier-gens\/#primaryimage\",\"url\":\"https:\/\/vosgesinfo.fr\/app\/uploads\/sites\/5\/2024\/01\/film-sous-la-seine.jpg\",\"contentUrl\":\"https:\/\/vosgesinfo.fr\/app\/uploads\/sites\/5\/2024\/01\/film-sous-la-seine.jpg\",\"width\":1024,\"height\":685},{\"@type\":\"BreadcrumbList\",\"@id\":\"https:\/\/vosgesinfo.fr\/remiremontinfo\/2024\/01\/la-prochaine-production-francaise-de-netflix-devoilera-ses-premieres-images-a-gerardmer-avec-sous-la-seine-de-xavier-gens\/#breadcrumb\",\"itemListElement\":[{\"@type\":\"ListItem\",\"position\":1,\"name\":\"Home\",\"item\":\"https:\/\/vosgesinfo.fr\/remiremontinfo\/\"},{\"@type\":\"ListItem\",\"position\":2,\"name\":\"La prochaine production fran\u00e7aise de Netflix d\u00e9voilera ses premi\u00e8res images \u00e0 G\u00e9rardmer avec SOUS LA SEINE de Xavier Gens\"}]},{\"@type\":\"WebSite\",\"@id\":\"https:\/\/vosgesinfo.fr\/remiremontinfo\/#website\",\"url\":\"https:\/\/vosgesinfo.fr\/remiremontinfo\/\",\"name\":\"Remiremont Info\",\"description\":\"Toute l&#039;actualit\u00e9 de Remiremont\",\"publisher\":{\"@id\":\"https:\/\/vosgesinfo.fr\/remiremontinfo\/#organization\"},\"alternateName\":\"Toute l'actualit\u00e9 de Remiremont\",\"potentialAction\":[{\"@type\":\"SearchAction\",\"target\":{\"@type\":\"EntryPoint\",\"urlTemplate\":\"https:\/\/vosgesinfo.fr\/remiremontinfo\/?s={search_term_string}\"},\"query-input\":\"required name=search_term_string\"}],\"inLanguage\":\"fr-FR\"},{\"@type\":\"Organization\",\"@id\":\"https:\/\/vosgesinfo.fr\/remiremontinfo\/#organization\",\"name\":\"Remiremont Info\",\"url\":\"https:\/\/vosgesinfo.fr\/remiremontinfo\/\",\"logo\":{\"@type\":\"ImageObject\",\"inLanguage\":\"fr-FR\",\"@id\":\"https:\/\/vosgesinfo.fr\/remiremontinfo\/#\/schema\/logo\/image\/\",\"url\":\"https:\/\/vosgesinfo.fr\/app\/uploads\/sites\/5\/2023\/08\/favicon-remiremontinfo.png\",\"contentUrl\":\"https:\/\/vosgesinfo.fr\/app\/uploads\/sites\/5\/2023\/08\/favicon-remiremontinfo.png\",\"width\":512,\"height\":512,\"caption\":\"Remiremont Info\"},\"image\":{\"@id\":\"https:\/\/vosgesinfo.fr\/remiremontinfo\/#\/schema\/logo\/image\/\"},\"sameAs\":[\"https:\/\/www.facebook.com\/remiremontinfo\",\"https:\/\/x.com\/VosgesInfo88\",\"https:\/\/www.youtube.com\/@vosgesinfo\"]},{\"@type\":\"Person\",\"@id\":\"https:\/\/vosgesinfo.fr\/remiremontinfo\/#\/schema\/person\/9f7d5afbed21dfe30e21502db85507c8\",\"name\":\"Julien Chassard\",\"image\":{\"@type\":\"ImageObject\",\"inLanguage\":\"fr-FR\",\"@id\":\"https:\/\/vosgesinfo.fr\/remiremontinfo\/#\/schema\/person\/image\/\",\"url\":\"https:\/\/secure.gravatar.com\/avatar\/b1edc920568095a5269cc92a13830411052ebb396f029db539972c12276b9ba9?s=96&d=mm&r=g\",\"contentUrl\":\"https:\/\/secure.gravatar.com\/avatar\/b1edc920568095a5269cc92a13830411052ebb396f029db539972c12276b9ba9?s=96&d=mm&r=g\",\"caption\":\"Julien Chassard\"},\"url\":\"https:\/\/vosgesinfo.fr\/remiremontinfo\/author\/j-chassard882\/\"}]}<\/script>\n<!-- \/ Yoast SEO plugin. -->","yoast_head_json":{"title":"La prochaine production fran\u00e7aise de Netflix d\u00e9voilera ses premi\u00e8res images \u00e0 G\u00e9rardmer avec SOUS LA SEINE de Xavier Gens - Remiremont Info","robots":{"index":"index","follow":"follow","max-snippet":"max-snippet:-1","max-image-preview":"max-image-preview:large","max-video-preview":"max-video-preview:-1"},"canonical":"https:\/\/vosgesinfo.fr\/remiremontinfo\/2024\/01\/la-prochaine-production-francaise-de-netflix-devoilera-ses-premieres-images-a-gerardmer-avec-sous-la-seine-de-xavier-gens\/","twitter_card":"summary_large_image","twitter_title":"La prochaine production fran\u00e7aise de Netflix d\u00e9voilera ses premi\u00e8res images \u00e0 G\u00e9rardmer avec SOUS LA SEINE de Xavier Gens - Remiremont Info","twitter_description":"La prochaine production fran\u00e7aise de Netflix d\u00e9voilera ses premi\u00e8res images \u00e0 G\u00e9rardmer ! Xavier Gens, ami fid\u00e8le du festival, accompagn\u00e9 [&hellip;]","twitter_image":"https:\/\/vosgesinfo.fr\/app\/uploads\/sites\/5\/2024\/01\/film-sous-la-seine.jpg","twitter_creator":"@VosgesInfo88","twitter_site":"@VosgesInfo88","twitter_misc":{"\u00c9crit par":"Julien Chassard"},"schema":{"@context":"https:\/\/schema.org","@graph":[{"@type":"Article","@id":"https:\/\/vosgesinfo.fr\/remiremontinfo\/2024\/01\/la-prochaine-production-francaise-de-netflix-devoilera-ses-premieres-images-a-gerardmer-avec-sous-la-seine-de-xavier-gens\/#article","isPartOf":{"@id":"https:\/\/vosgesinfo.fr\/remiremontinfo\/2024\/01\/la-prochaine-production-francaise-de-netflix-devoilera-ses-premieres-images-a-gerardmer-avec-sous-la-seine-de-xavier-gens\/"},"author":{"name":"Julien Chassard","@id":"https:\/\/vosgesinfo.fr\/remiremontinfo\/#\/schema\/person\/9f7d5afbed21dfe30e21502db85507c8"},"headline":"La prochaine production fran\u00e7aise de Netflix d\u00e9voilera ses premi\u00e8res images \u00e0 G\u00e9rardmer avec SOUS LA SEINE de Xavier Gens","datePublished":"2024-01-11T14:16:36+00:00","dateModified":"2024-01-11T14:16:36+00:00","mainEntityOfPage":{"@id":"https:\/\/vosgesinfo.fr\/remiremontinfo\/2024\/01\/la-prochaine-production-francaise-de-netflix-devoilera-ses-premieres-images-a-gerardmer-avec-sous-la-seine-de-xavier-gens\/"},"wordCount":106,"commentCount":0,"publisher":{"@id":"https:\/\/vosgesinfo.fr\/remiremontinfo\/#organization"},"image":{"@id":"https:\/\/vosgesinfo.fr\/remiremontinfo\/2024\/01\/la-prochaine-production-francaise-de-netflix-devoilera-ses-premieres-images-a-gerardmer-avec-sous-la-seine-de-xavier-gens\/#primaryimage"},"thumbnailUrl":"https:\/\/vosgesinfo.fr\/app\/uploads\/sites\/5\/2024\/01\/film-sous-la-seine.jpg","articleSection":["A la Une","Culture","G\u00e9rardmer","Vosges"],"inLanguage":"fr-FR","potentialAction":[{"@type":"CommentAction","name":"Comment","target":["https:\/\/vosgesinfo.fr\/remiremontinfo\/2024\/01\/la-prochaine-production-francaise-de-netflix-devoilera-ses-premieres-images-a-gerardmer-avec-sous-la-seine-de-xavier-gens\/#respond"]}]},{"@type":"WebPage","@id":"https:\/\/vosgesinfo.fr\/remiremontinfo\/2024\/01\/la-prochaine-production-francaise-de-netflix-devoilera-ses-premieres-images-a-gerardmer-avec-sous-la-seine-de-xavier-gens\/","url":"https:\/\/vosgesinfo.fr\/remiremontinfo\/2024\/01\/la-prochaine-production-francaise-de-netflix-devoilera-ses-premieres-images-a-gerardmer-avec-sous-la-seine-de-xavier-gens\/","name":"La prochaine production fran\u00e7aise de Netflix d\u00e9voilera ses premi\u00e8res images \u00e0 G\u00e9rardmer avec SOUS LA SEINE de Xavier Gens - Remiremont Info","isPartOf":{"@id":"https:\/\/vosgesinfo.fr\/remiremontinfo\/#website"},"primaryImageOfPage":{"@id":"https:\/\/vosgesinfo.fr\/remiremontinfo\/2024\/01\/la-prochaine-production-francaise-de-netflix-devoilera-ses-premieres-images-a-gerardmer-avec-sous-la-seine-de-xavier-gens\/#primaryimage"},"image":{"@id":"https:\/\/vosgesinfo.fr\/remiremontinfo\/2024\/01\/la-prochaine-production-francaise-de-netflix-devoilera-ses-premieres-images-a-gerardmer-avec-sous-la-seine-de-xavier-gens\/#primaryimage"},"thumbnailUrl":"https:\/\/vosgesinfo.fr\/app\/uploads\/sites\/5\/2024\/01\/film-sous-la-seine.jpg","datePublished":"2024-01-11T14:16:36+00:00","dateModified":"2024-01-11T14:16:36+00:00","breadcrumb":{"@id":"https:\/\/vosgesinfo.fr\/remiremontinfo\/2024\/01\/la-prochaine-production-francaise-de-netflix-devoilera-ses-premieres-images-a-gerardmer-avec-sous-la-seine-de-xavier-gens\/#breadcrumb"},"inLanguage":"fr-FR","potentialAction":[{"@type":"ReadAction","target":["https:\/\/vosgesinfo.fr\/remiremontinfo\/2024\/01\/la-prochaine-production-francaise-de-netflix-devoilera-ses-premieres-images-a-gerardmer-avec-sous-la-seine-de-xavier-gens\/"]}]},{"@type":"ImageObject","inLanguage":"fr-FR","@id":"https:\/\/vosgesinfo.fr\/remiremontinfo\/2024\/01\/la-prochaine-production-francaise-de-netflix-devoilera-ses-premieres-images-a-gerardmer-avec-sous-la-seine-de-xavier-gens\/#primaryimage","url":"https:\/\/vosgesinfo.fr\/app\/uploads\/sites\/5\/2024\/01\/film-sous-la-seine.jpg","contentUrl":"https:\/\/vosgesinfo.fr\/app\/uploads\/sites\/5\/2024\/01\/film-sous-la-seine.jpg","width":1024,"height":685},{"@type":"BreadcrumbList","@id":"https:\/\/vosgesinfo.fr\/remiremontinfo\/2024\/01\/la-prochaine-production-francaise-de-netflix-devoilera-ses-premieres-images-a-gerardmer-avec-sous-la-seine-de-xavier-gens\/#breadcrumb","itemListElement":[{"@type":"ListItem","position":1,"name":"Home","item":"https:\/\/vosgesinfo.fr\/remiremontinfo\/"},{"@type":"ListItem","position":2,"name":"La prochaine production fran\u00e7aise de Netflix d\u00e9voilera ses premi\u00e8res images \u00e0 G\u00e9rardmer avec SOUS LA SEINE de Xavier Gens"}]},{"@type":"WebSite","@id":"https:\/\/vosgesinfo.fr\/remiremontinfo\/#website","url":"https:\/\/vosgesinfo.fr\/remiremontinfo\/","name":"Remiremont Info","description":"Toute l&#039;actualit\u00e9 de Remiremont","publisher":{"@id":"https:\/\/vosgesinfo.fr\/remiremontinfo\/#organization"},"alternateName":"Toute l'actualit\u00e9 de Remiremont","potentialAction":[{"@type":"SearchAction","target":{"@type":"EntryPoint","urlTemplate":"https:\/\/vosgesinfo.fr\/remiremontinfo\/?s={search_term_string}"},"query-input":"required name=search_term_string"}],"inLanguage":"fr-FR"},{"@type":"Organization","@id":"https:\/\/vosgesinfo.fr\/remiremontinfo\/#organization","name":"Remiremont Info","url":"https:\/\/vosgesinfo.fr\/remiremontinfo\/","logo":{"@type":"ImageObject","inLanguage":"fr-FR","@id":"https:\/\/vosgesinfo.fr\/remiremontinfo\/#\/schema\/logo\/image\/","url":"https:\/\/vosgesinfo.fr\/app\/uploads\/sites\/5\/2023\/08\/favicon-remiremontinfo.png","contentUrl":"https:\/\/vosgesinfo.fr\/app\/uploads\/sites\/5\/2023\/08\/favicon-remiremontinfo.png","width":512,"height":512,"caption":"Remiremont Info"},"image":{"@id":"https:\/\/vosgesinfo.fr\/remiremontinfo\/#\/schema\/logo\/image\/"},"sameAs":["https:\/\/www.facebook.com\/remiremontinfo","https:\/\/x.com\/VosgesInfo88","https:\/\/www.youtube.com\/@vosgesinfo"]},{"@type":"Person","@id":"https:\/\/vosgesinfo.fr\/remiremontinfo\/#\/schema\/person\/9f7d5afbed21dfe30e21502db85507c8","name":"Julien Chassard","image":{"@type":"ImageObject","inLanguage":"fr-FR","@id":"https:\/\/vosgesinfo.fr\/remiremontinfo\/#\/schema\/person\/image\/","url":"https:\/\/secure.gravatar.com\/avatar\/b1edc920568095a5269cc92a13830411052ebb396f029db539972c12276b9ba9?s=96&d=mm&r=g","contentUrl":"https:\/\/secure.gravatar.com\/avatar\/b1edc920568095a5269cc92a13830411052ebb396f029db539972c12276b9ba9?s=96&d=mm&r=g","caption":"Julien Chassard"},"url":"https:\/\/vosgesinfo.fr\/remiremontinfo\/author\/j-chassard882\/"}]}},"_links":{"self":[{"href":"https:\/\/vosgesinfo.fr\/remiremontinfo\/wp-json\/wp\/v2\/posts\/3703","targetHints":{"allow":["GET"]}}],"collection":[{"href":"https:\/\/vosgesinfo.fr\/remiremontinfo\/wp-json\/wp\/v2\/posts"}],"about":[{"href":"https:\/\/vosgesinfo.fr\/remiremontinfo\/wp-json\/wp\/v2\/types\/post"}],"author":[{"embeddable":true,"href":"https:\/\/vosgesinfo.fr\/remiremontinfo\/wp-json\/wp\/v2\/users\/414"}],"replies":[{"embeddable":true,"href":"https:\/\/vosgesinfo.fr\/remiremontinfo\/wp-json\/wp\/v2\/comments?post=3703"}],"version-history":[{"count":0,"href":"https:\/\/vosgesinfo.fr\/remiremontinfo\/wp-json\/wp\/v2\/posts\/3703\/revisions"}],"wp:featuredmedia":[{"embeddable":true,"href":"https:\/\/vosgesinfo.fr\/remiremontinfo\/wp-json\/wp\/v2\/media\/3704"}],"wp:attachment":[{"href":"https:\/\/vosgesinfo.fr\/remiremontinfo\/wp-json\/wp\/v2\/media?parent=3703"}],"wp:term":[{"taxonomy":"category","embeddable":true,"href":"https:\/\/vosgesinfo.fr\/remiremontinfo\/wp-json\/wp\/v2\/categories?post=3703"},{"taxonomy":"post_tag","embeddable":true,"href":"https:\/\/vosgesinfo.fr\/remiremontinfo\/wp-json\/wp\/v2\/tags?post=3703"}],"curies":[{"name":"wp","href":"https:\/\/api.w.org\/{rel}","templated":true}]}}