{"id":37638,"date":"2021-02-22T10:35:36","date_gmt":"2021-02-22T09:35:36","guid":{"rendered":"https:\/\/vosgesinfo.fr\/remiremontinfo\/2021\/02\/deux-infirmieres-ouvrent-cabinet-syndicat\/"},"modified":"2021-02-22T10:35:36","modified_gmt":"2021-02-22T09:35:36","slug":"deux-infirmieres-ouvrent-cabinet-syndicat","status":"publish","type":"post","link":"https:\/\/vosgesinfo.fr\/remiremontinfo\/2021\/02\/deux-infirmieres-ouvrent-cabinet-syndicat\/","title":{"rendered":"Deux infirmi\u00e8res ouvrent un cabinet au Syndicat"},"content":{"rendered":"\n<h2><span style=\"font-size: 12pt;\"><strong>Depuis lundi 15 f\u00e9vrier dernier, Pauline Bonnard et St\u00e9phanie Horvath sont install\u00e9es comme infirmi\u00e8res lib\u00e9rales au Syndicat. Leur cabinet est situ\u00e9 au 34, route de Nol.<\/strong><\/span><\/h2>\n<p><em>\u00ab\u00a0On travaille toute les deux \u00e0 l\u2019h\u00f4pital de Remiremont\u00a0\u00bb<\/em>, affirment les deux professionnelles de sant\u00e9. <em>\u00ab\u00a0Dans le m\u00eame service, en chirurgie\u00a0\u00bb<\/em>. Leur installation en tant qu\u2019infirmi\u00e8res lib\u00e9rales a \u00e9t\u00e9 motiv\u00e9e notamment par une envie de <em>\u00ab\u00a0reprendre contact avec les gens\u00a0\u00bb<\/em> dans ce cadre diff\u00e9rent du milieu hospitalier. Pour l\u2019instant, les deux jeunes femmes poursuivent leurs deux activit\u00e9s, au cabinet et au CH. <em>\u00ab\u00a0L\u2019objectif, c\u2019est d\u2019\u00eatre le plus t\u00f4t possible uniquement en lib\u00e9ral\u00a0\u00bb<\/em>. Le temps de constituer une patient\u00e8le cons\u00e9quente. Ce nouvel \u00e9tablissement se trouve dans une <em>\u00ab\u00a0Zone class\u00e9e sous dot\u00e9e\u00a0\u00bb<\/em> pour ce qui concerne la pr\u00e9sence de professionnels du milieu m\u00e9dical. Les deux infirmi\u00e8res assureront une permanence de prise de sang tous les matin au cabinet ainsi qu\u2019un servie \u00e0 domicile. Pour plus de renseignements, contactez le 06.46.57.24.15.<\/p>\n","protected":false},"excerpt":{"rendered":"<p>Depuis lundi 15 f\u00e9vrier dernier, Pauline Bonnard et St\u00e9phanie Horvath sont install\u00e9es comme infirmi\u00e8res lib\u00e9rales au Syndicat. Leur cabinet est [&hellip;]<\/p>\n","protected":false},"author":407,"featured_media":37639,"comment_status":"open","ping_status":"open","sticky":false,"template":"","format":"standard","meta":{"footnotes":""},"categories":[26,25,1579,12],"tags":[],"class_list":["post-37638","post","type-post","status-publish","format-standard","has-post-thumbnail","hentry","category-a-la-une","category-la-bresse-son-canton","category-le-syndicat-la-bresse-son-canton","category-sante"],"acf":[],"yoast_head":"<!-- This site is optimized with the Yoast SEO plugin v22.5 - https:\/\/yoast.com\/wordpress\/plugins\/seo\/ -->\n<title>Deux infirmi\u00e8res ouvrent un cabinet au Syndicat - Remiremont Info<\/title>\n<meta name=\"robots\" content=\"index, follow, max-snippet:-1, max-image-preview:large, max-video-preview:-1\" \/>\n<link rel=\"canonical\" href=\"https:\/\/vosgesinfo.fr\/remiremontinfo\/2021\/02\/deux-infirmieres-ouvrent-cabinet-syndicat\/\" \/>\n<meta name=\"twitter:card\" content=\"summary_large_image\" \/>\n<meta name=\"twitter:title\" content=\"Deux infirmi\u00e8res ouvrent un cabinet au Syndicat - Remiremont Info\" \/>\n<meta name=\"twitter:description\" content=\"Depuis lundi 15 f\u00e9vrier dernier, Pauline Bonnard et St\u00e9phanie Horvath sont install\u00e9es comme infirmi\u00e8res lib\u00e9rales au Syndicat. Leur cabinet est [&hellip;]\" \/>\n<meta name=\"twitter:image\" content=\"https:\/\/vosgesinfo.fr\/app\/uploads\/sites\/5\/2024\/09\/202102dsc-11071.jpg\" \/>\n<meta name=\"twitter:creator\" content=\"@VosgesInfo88\" \/>\n<meta name=\"twitter:site\" content=\"@VosgesInfo88\" \/>\n<meta name=\"twitter:label1\" content=\"\u00c9crit par\" \/>\n\t<meta name=\"twitter:data1\" content=\"C D\" \/>\n\t<meta name=\"twitter:label2\" content=\"Dur\u00e9e de lecture estim\u00e9e\" \/>\n\t<meta name=\"twitter:data2\" content=\"1 minute\" \/>\n<script type=\"application\/ld+json\" class=\"yoast-schema-graph\">{\"@context\":\"https:\/\/schema.org\",\"@graph\":[{\"@type\":\"Article\",\"@id\":\"https:\/\/vosgesinfo.fr\/remiremontinfo\/2021\/02\/deux-infirmieres-ouvrent-cabinet-syndicat\/#article\",\"isPartOf\":{\"@id\":\"https:\/\/vosgesinfo.fr\/remiremontinfo\/2021\/02\/deux-infirmieres-ouvrent-cabinet-syndicat\/\"},\"author\":{\"name\":\"C D\",\"@id\":\"https:\/\/vosgesinfo.fr\/remiremontinfo\/#\/schema\/person\/3bfd164d5218a185b1db68655a265316\"},\"headline\":\"Deux infirmi\u00e8res ouvrent un cabinet au Syndicat\",\"datePublished\":\"2021-02-22T09:35:36+00:00\",\"dateModified\":\"2021-02-22T09:35:36+00:00\",\"mainEntityOfPage\":{\"@id\":\"https:\/\/vosgesinfo.fr\/remiremontinfo\/2021\/02\/deux-infirmieres-ouvrent-cabinet-syndicat\/\"},\"wordCount\":193,\"commentCount\":0,\"publisher\":{\"@id\":\"https:\/\/vosgesinfo.fr\/remiremontinfo\/#organization\"},\"image\":{\"@id\":\"https:\/\/vosgesinfo.fr\/remiremontinfo\/2021\/02\/deux-infirmieres-ouvrent-cabinet-syndicat\/#primaryimage\"},\"thumbnailUrl\":\"https:\/\/vosgesinfo.fr\/app\/uploads\/sites\/5\/2024\/09\/202102dsc-11071.jpg\",\"articleSection\":[\"A la Une\",\"La Bresse &amp; son canton\",\"Le Syndicat\",\"Sant\u00e9\"],\"inLanguage\":\"fr-FR\",\"potentialAction\":[{\"@type\":\"CommentAction\",\"name\":\"Comment\",\"target\":[\"https:\/\/vosgesinfo.fr\/remiremontinfo\/2021\/02\/deux-infirmieres-ouvrent-cabinet-syndicat\/#respond\"]}]},{\"@type\":\"WebPage\",\"@id\":\"https:\/\/vosgesinfo.fr\/remiremontinfo\/2021\/02\/deux-infirmieres-ouvrent-cabinet-syndicat\/\",\"url\":\"https:\/\/vosgesinfo.fr\/remiremontinfo\/2021\/02\/deux-infirmieres-ouvrent-cabinet-syndicat\/\",\"name\":\"Deux infirmi\u00e8res ouvrent un cabinet au Syndicat - Remiremont Info\",\"isPartOf\":{\"@id\":\"https:\/\/vosgesinfo.fr\/remiremontinfo\/#website\"},\"primaryImageOfPage\":{\"@id\":\"https:\/\/vosgesinfo.fr\/remiremontinfo\/2021\/02\/deux-infirmieres-ouvrent-cabinet-syndicat\/#primaryimage\"},\"image\":{\"@id\":\"https:\/\/vosgesinfo.fr\/remiremontinfo\/2021\/02\/deux-infirmieres-ouvrent-cabinet-syndicat\/#primaryimage\"},\"thumbnailUrl\":\"https:\/\/vosgesinfo.fr\/app\/uploads\/sites\/5\/2024\/09\/202102dsc-11071.jpg\",\"datePublished\":\"2021-02-22T09:35:36+00:00\",\"dateModified\":\"2021-02-22T09:35:36+00:00\",\"breadcrumb\":{\"@id\":\"https:\/\/vosgesinfo.fr\/remiremontinfo\/2021\/02\/deux-infirmieres-ouvrent-cabinet-syndicat\/#breadcrumb\"},\"inLanguage\":\"fr-FR\",\"potentialAction\":[{\"@type\":\"ReadAction\",\"target\":[\"https:\/\/vosgesinfo.fr\/remiremontinfo\/2021\/02\/deux-infirmieres-ouvrent-cabinet-syndicat\/\"]}]},{\"@type\":\"ImageObject\",\"inLanguage\":\"fr-FR\",\"@id\":\"https:\/\/vosgesinfo.fr\/remiremontinfo\/2021\/02\/deux-infirmieres-ouvrent-cabinet-syndicat\/#primaryimage\",\"url\":\"https:\/\/vosgesinfo.fr\/app\/uploads\/sites\/5\/2024\/09\/202102dsc-11071.jpg\",\"contentUrl\":\"https:\/\/vosgesinfo.fr\/app\/uploads\/sites\/5\/2024\/09\/202102dsc-11071.jpg\",\"width\":800,\"height\":547},{\"@type\":\"BreadcrumbList\",\"@id\":\"https:\/\/vosgesinfo.fr\/remiremontinfo\/2021\/02\/deux-infirmieres-ouvrent-cabinet-syndicat\/#breadcrumb\",\"itemListElement\":[{\"@type\":\"ListItem\",\"position\":1,\"name\":\"Home\",\"item\":\"https:\/\/vosgesinfo.fr\/remiremontinfo\/\"},{\"@type\":\"ListItem\",\"position\":2,\"name\":\"Deux infirmi\u00e8res ouvrent un cabinet au Syndicat\"}]},{\"@type\":\"WebSite\",\"@id\":\"https:\/\/vosgesinfo.fr\/remiremontinfo\/#website\",\"url\":\"https:\/\/vosgesinfo.fr\/remiremontinfo\/\",\"name\":\"Remiremont Info\",\"description\":\"Toute l&#039;actualit\u00e9 de Remiremont\",\"publisher\":{\"@id\":\"https:\/\/vosgesinfo.fr\/remiremontinfo\/#organization\"},\"alternateName\":\"Toute l'actualit\u00e9 de Remiremont\",\"potentialAction\":[{\"@type\":\"SearchAction\",\"target\":{\"@type\":\"EntryPoint\",\"urlTemplate\":\"https:\/\/vosgesinfo.fr\/remiremontinfo\/?s={search_term_string}\"},\"query-input\":\"required name=search_term_string\"}],\"inLanguage\":\"fr-FR\"},{\"@type\":\"Organization\",\"@id\":\"https:\/\/vosgesinfo.fr\/remiremontinfo\/#organization\",\"name\":\"Remiremont Info\",\"url\":\"https:\/\/vosgesinfo.fr\/remiremontinfo\/\",\"logo\":{\"@type\":\"ImageObject\",\"inLanguage\":\"fr-FR\",\"@id\":\"https:\/\/vosgesinfo.fr\/remiremontinfo\/#\/schema\/logo\/image\/\",\"url\":\"https:\/\/vosgesinfo.fr\/app\/uploads\/sites\/5\/2023\/08\/favicon-remiremontinfo.png\",\"contentUrl\":\"https:\/\/vosgesinfo.fr\/app\/uploads\/sites\/5\/2023\/08\/favicon-remiremontinfo.png\",\"width\":512,\"height\":512,\"caption\":\"Remiremont Info\"},\"image\":{\"@id\":\"https:\/\/vosgesinfo.fr\/remiremontinfo\/#\/schema\/logo\/image\/\"},\"sameAs\":[\"https:\/\/www.facebook.com\/remiremontinfo\",\"https:\/\/x.com\/VosgesInfo88\",\"https:\/\/www.youtube.com\/@vosgesinfo\"]},{\"@type\":\"Person\",\"@id\":\"https:\/\/vosgesinfo.fr\/remiremontinfo\/#\/schema\/person\/3bfd164d5218a185b1db68655a265316\",\"name\":\"C D\",\"image\":{\"@type\":\"ImageObject\",\"inLanguage\":\"fr-FR\",\"@id\":\"https:\/\/vosgesinfo.fr\/remiremontinfo\/#\/schema\/person\/image\/\",\"url\":\"https:\/\/secure.gravatar.com\/avatar\/1f9a70007336511a47468b8f1c66f922b8b7cf617b02a31149ada43893a5d48f?s=96&d=mm&r=g\",\"contentUrl\":\"https:\/\/secure.gravatar.com\/avatar\/1f9a70007336511a47468b8f1c66f922b8b7cf617b02a31149ada43893a5d48f?s=96&d=mm&r=g\",\"caption\":\"C D\"},\"url\":\"https:\/\/vosgesinfo.fr\/remiremontinfo\/author\/cedric-drevet\/\"}]}<\/script>\n<!-- \/ Yoast SEO plugin. -->","yoast_head_json":{"title":"Deux infirmi\u00e8res ouvrent un cabinet au Syndicat - Remiremont Info","robots":{"index":"index","follow":"follow","max-snippet":"max-snippet:-1","max-image-preview":"max-image-preview:large","max-video-preview":"max-video-preview:-1"},"canonical":"https:\/\/vosgesinfo.fr\/remiremontinfo\/2021\/02\/deux-infirmieres-ouvrent-cabinet-syndicat\/","twitter_card":"summary_large_image","twitter_title":"Deux infirmi\u00e8res ouvrent un cabinet au Syndicat - Remiremont Info","twitter_description":"Depuis lundi 15 f\u00e9vrier dernier, Pauline Bonnard et St\u00e9phanie Horvath sont install\u00e9es comme infirmi\u00e8res lib\u00e9rales au Syndicat. Leur cabinet est [&hellip;]","twitter_image":"https:\/\/vosgesinfo.fr\/app\/uploads\/sites\/5\/2024\/09\/202102dsc-11071.jpg","twitter_creator":"@VosgesInfo88","twitter_site":"@VosgesInfo88","twitter_misc":{"\u00c9crit par":"C D","Dur\u00e9e de lecture estim\u00e9e":"1 minute"},"schema":{"@context":"https:\/\/schema.org","@graph":[{"@type":"Article","@id":"https:\/\/vosgesinfo.fr\/remiremontinfo\/2021\/02\/deux-infirmieres-ouvrent-cabinet-syndicat\/#article","isPartOf":{"@id":"https:\/\/vosgesinfo.fr\/remiremontinfo\/2021\/02\/deux-infirmieres-ouvrent-cabinet-syndicat\/"},"author":{"name":"C D","@id":"https:\/\/vosgesinfo.fr\/remiremontinfo\/#\/schema\/person\/3bfd164d5218a185b1db68655a265316"},"headline":"Deux infirmi\u00e8res ouvrent un cabinet au Syndicat","datePublished":"2021-02-22T09:35:36+00:00","dateModified":"2021-02-22T09:35:36+00:00","mainEntityOfPage":{"@id":"https:\/\/vosgesinfo.fr\/remiremontinfo\/2021\/02\/deux-infirmieres-ouvrent-cabinet-syndicat\/"},"wordCount":193,"commentCount":0,"publisher":{"@id":"https:\/\/vosgesinfo.fr\/remiremontinfo\/#organization"},"image":{"@id":"https:\/\/vosgesinfo.fr\/remiremontinfo\/2021\/02\/deux-infirmieres-ouvrent-cabinet-syndicat\/#primaryimage"},"thumbnailUrl":"https:\/\/vosgesinfo.fr\/app\/uploads\/sites\/5\/2024\/09\/202102dsc-11071.jpg","articleSection":["A la Une","La Bresse &amp; son canton","Le Syndicat","Sant\u00e9"],"inLanguage":"fr-FR","potentialAction":[{"@type":"CommentAction","name":"Comment","target":["https:\/\/vosgesinfo.fr\/remiremontinfo\/2021\/02\/deux-infirmieres-ouvrent-cabinet-syndicat\/#respond"]}]},{"@type":"WebPage","@id":"https:\/\/vosgesinfo.fr\/remiremontinfo\/2021\/02\/deux-infirmieres-ouvrent-cabinet-syndicat\/","url":"https:\/\/vosgesinfo.fr\/remiremontinfo\/2021\/02\/deux-infirmieres-ouvrent-cabinet-syndicat\/","name":"Deux infirmi\u00e8res ouvrent un cabinet au Syndicat - Remiremont Info","isPartOf":{"@id":"https:\/\/vosgesinfo.fr\/remiremontinfo\/#website"},"primaryImageOfPage":{"@id":"https:\/\/vosgesinfo.fr\/remiremontinfo\/2021\/02\/deux-infirmieres-ouvrent-cabinet-syndicat\/#primaryimage"},"image":{"@id":"https:\/\/vosgesinfo.fr\/remiremontinfo\/2021\/02\/deux-infirmieres-ouvrent-cabinet-syndicat\/#primaryimage"},"thumbnailUrl":"https:\/\/vosgesinfo.fr\/app\/uploads\/sites\/5\/2024\/09\/202102dsc-11071.jpg","datePublished":"2021-02-22T09:35:36+00:00","dateModified":"2021-02-22T09:35:36+00:00","breadcrumb":{"@id":"https:\/\/vosgesinfo.fr\/remiremontinfo\/2021\/02\/deux-infirmieres-ouvrent-cabinet-syndicat\/#breadcrumb"},"inLanguage":"fr-FR","potentialAction":[{"@type":"ReadAction","target":["https:\/\/vosgesinfo.fr\/remiremontinfo\/2021\/02\/deux-infirmieres-ouvrent-cabinet-syndicat\/"]}]},{"@type":"ImageObject","inLanguage":"fr-FR","@id":"https:\/\/vosgesinfo.fr\/remiremontinfo\/2021\/02\/deux-infirmieres-ouvrent-cabinet-syndicat\/#primaryimage","url":"https:\/\/vosgesinfo.fr\/app\/uploads\/sites\/5\/2024\/09\/202102dsc-11071.jpg","contentUrl":"https:\/\/vosgesinfo.fr\/app\/uploads\/sites\/5\/2024\/09\/202102dsc-11071.jpg","width":800,"height":547},{"@type":"BreadcrumbList","@id":"https:\/\/vosgesinfo.fr\/remiremontinfo\/2021\/02\/deux-infirmieres-ouvrent-cabinet-syndicat\/#breadcrumb","itemListElement":[{"@type":"ListItem","position":1,"name":"Home","item":"https:\/\/vosgesinfo.fr\/remiremontinfo\/"},{"@type":"ListItem","position":2,"name":"Deux infirmi\u00e8res ouvrent un cabinet au Syndicat"}]},{"@type":"WebSite","@id":"https:\/\/vosgesinfo.fr\/remiremontinfo\/#website","url":"https:\/\/vosgesinfo.fr\/remiremontinfo\/","name":"Remiremont Info","description":"Toute l&#039;actualit\u00e9 de Remiremont","publisher":{"@id":"https:\/\/vosgesinfo.fr\/remiremontinfo\/#organization"},"alternateName":"Toute l'actualit\u00e9 de Remiremont","potentialAction":[{"@type":"SearchAction","target":{"@type":"EntryPoint","urlTemplate":"https:\/\/vosgesinfo.fr\/remiremontinfo\/?s={search_term_string}"},"query-input":"required name=search_term_string"}],"inLanguage":"fr-FR"},{"@type":"Organization","@id":"https:\/\/vosgesinfo.fr\/remiremontinfo\/#organization","name":"Remiremont Info","url":"https:\/\/vosgesinfo.fr\/remiremontinfo\/","logo":{"@type":"ImageObject","inLanguage":"fr-FR","@id":"https:\/\/vosgesinfo.fr\/remiremontinfo\/#\/schema\/logo\/image\/","url":"https:\/\/vosgesinfo.fr\/app\/uploads\/sites\/5\/2023\/08\/favicon-remiremontinfo.png","contentUrl":"https:\/\/vosgesinfo.fr\/app\/uploads\/sites\/5\/2023\/08\/favicon-remiremontinfo.png","width":512,"height":512,"caption":"Remiremont Info"},"image":{"@id":"https:\/\/vosgesinfo.fr\/remiremontinfo\/#\/schema\/logo\/image\/"},"sameAs":["https:\/\/www.facebook.com\/remiremontinfo","https:\/\/x.com\/VosgesInfo88","https:\/\/www.youtube.com\/@vosgesinfo"]},{"@type":"Person","@id":"https:\/\/vosgesinfo.fr\/remiremontinfo\/#\/schema\/person\/3bfd164d5218a185b1db68655a265316","name":"C D","image":{"@type":"ImageObject","inLanguage":"fr-FR","@id":"https:\/\/vosgesinfo.fr\/remiremontinfo\/#\/schema\/person\/image\/","url":"https:\/\/secure.gravatar.com\/avatar\/1f9a70007336511a47468b8f1c66f922b8b7cf617b02a31149ada43893a5d48f?s=96&d=mm&r=g","contentUrl":"https:\/\/secure.gravatar.com\/avatar\/1f9a70007336511a47468b8f1c66f922b8b7cf617b02a31149ada43893a5d48f?s=96&d=mm&r=g","caption":"C D"},"url":"https:\/\/vosgesinfo.fr\/remiremontinfo\/author\/cedric-drevet\/"}]}},"_links":{"self":[{"href":"https:\/\/vosgesinfo.fr\/remiremontinfo\/wp-json\/wp\/v2\/posts\/37638","targetHints":{"allow":["GET"]}}],"collection":[{"href":"https:\/\/vosgesinfo.fr\/remiremontinfo\/wp-json\/wp\/v2\/posts"}],"about":[{"href":"https:\/\/vosgesinfo.fr\/remiremontinfo\/wp-json\/wp\/v2\/types\/post"}],"author":[{"embeddable":true,"href":"https:\/\/vosgesinfo.fr\/remiremontinfo\/wp-json\/wp\/v2\/users\/407"}],"replies":[{"embeddable":true,"href":"https:\/\/vosgesinfo.fr\/remiremontinfo\/wp-json\/wp\/v2\/comments?post=37638"}],"version-history":[{"count":0,"href":"https:\/\/vosgesinfo.fr\/remiremontinfo\/wp-json\/wp\/v2\/posts\/37638\/revisions"}],"wp:featuredmedia":[{"embeddable":true,"href":"https:\/\/vosgesinfo.fr\/remiremontinfo\/wp-json\/wp\/v2\/media\/37639"}],"wp:attachment":[{"href":"https:\/\/vosgesinfo.fr\/remiremontinfo\/wp-json\/wp\/v2\/media?parent=37638"}],"wp:term":[{"taxonomy":"category","embeddable":true,"href":"https:\/\/vosgesinfo.fr\/remiremontinfo\/wp-json\/wp\/v2\/categories?post=37638"},{"taxonomy":"post_tag","embeddable":true,"href":"https:\/\/vosgesinfo.fr\/remiremontinfo\/wp-json\/wp\/v2\/tags?post=37638"}],"curies":[{"name":"wp","href":"https:\/\/api.w.org\/{rel}","templated":true}]}}