{"id":3773,"date":"2024-02-06T18:00:04","date_gmt":"2024-02-06T17:00:04","guid":{"rendered":"https:\/\/vosgesinfo.fr\/remiremontinfo\/?p=3773"},"modified":"2024-02-13T18:24:52","modified_gmt":"2024-02-13T17:24:52","slug":"remiremont-les-ateliers-du-cyber-les-9-et-10-fevrier-prochains-a-la-mediatheque-le-cercle-2","status":"publish","type":"post","link":"https:\/\/vosgesinfo.fr\/remiremontinfo\/2024\/02\/remiremont-les-ateliers-du-cyber-les-9-et-10-fevrier-prochains-a-la-mediatheque-le-cercle-2\/","title":{"rendered":"Remiremont \u2013 Les ateliers du cyber les 9 et 10 f\u00e9vrier prochains \u00e0 la m\u00e9diath\u00e8que Le Cercle"},"content":{"rendered":"<h3>Atelier VR pour adultes<\/h3>\n<p>Vendredi 9 f\u00e9vrier de 10h \u00e0 12h, m\u00e9diath\u00e8que de Remiremont. Sur inscription.<br \/>\nPublic : adultes d\u00e9butants.<\/p>\n<p>Parce que la r\u00e9alit\u00e9 virtuelle n\u2019est pas limit\u00e9e aux jeux vid\u00e9o ni r\u00e9serv\u00e9e aux enfants, nous proposons aux adultes une s\u00e9lection d\u2019exp\u00e9riences culturelles et artistiques qui les immergeront dans les univers des grands peintres ou les emm\u00e8neront visiter les plus beaux monuments du monde\u2026<\/p>\n<h3>Atelier Cyberkids : Pixel Art<\/h3>\n<p>Samedi 10 f\u00e9vrier de 10h \u00e0 12h, m\u00e9diath\u00e8que de Remiremont. Sur inscription.<br \/>\nPublic : 7-12 ans.<\/p>\n<p>Avec l\u2019aide des autres participants, reconstitue pixel par pixel une sc\u00e8ne du jeu culte Super Mario bros en positionnant des petits aimants multicolores et carr\u00e9s sur un panneau m\u00e9tallique. Cette \u0153uvre collective restera expos\u00e9e au cyber-espace !<\/p>\n<p>M\u00e9diath\u00e8que de Remiremont, Place Jules M\u00e9line. Gratuit, sur inscription : 03.29.22.50.01<\/p>\n<p><img decoding=\"async\" class=\"aligncenter wp-image-4226 size-large\" src=\"https:\/\/vosgesinfo.fr\/app\/uploads\/sites\/5\/2024\/02\/affiche-ateliers-du-cyber-fevier-2024-scaled-1-724x1024.jpg\" alt=\"\" width=\"724\" height=\"1024\" srcset=\"https:\/\/vosgesinfo.fr\/app\/uploads\/sites\/5\/2024\/02\/affiche-ateliers-du-cyber-fevier-2024-scaled-1-724x1024.jpg 724w, https:\/\/vosgesinfo.fr\/app\/uploads\/sites\/5\/2024\/02\/affiche-ateliers-du-cyber-fevier-2024-scaled-1-212x300.jpg 212w, https:\/\/vosgesinfo.fr\/app\/uploads\/sites\/5\/2024\/02\/affiche-ateliers-du-cyber-fevier-2024-scaled-1-768x1086.jpg 768w, https:\/\/vosgesinfo.fr\/app\/uploads\/sites\/5\/2024\/02\/affiche-ateliers-du-cyber-fevier-2024-scaled-1-1087x1536.jpg 1087w, https:\/\/vosgesinfo.fr\/app\/uploads\/sites\/5\/2024\/02\/affiche-ateliers-du-cyber-fevier-2024-scaled-1-1449x2048.jpg 1449w, https:\/\/vosgesinfo.fr\/app\/uploads\/sites\/5\/2024\/02\/affiche-ateliers-du-cyber-fevier-2024-scaled-1.jpg 1811w\" sizes=\"(max-width: 724px) 100vw, 724px\" \/><\/p>\n","protected":false},"excerpt":{"rendered":"<p>Atelier VR pour adultes Vendredi 9 f\u00e9vrier de 10h \u00e0 12h, m\u00e9diath\u00e8que de Remiremont. Sur inscription. Public : adultes d\u00e9butants. [&hellip;]<\/p>\n","protected":false},"author":391,"featured_media":3774,"comment_status":"open","ping_status":"open","sticky":false,"template":"","format":"standard","meta":{"footnotes":""},"categories":[26,4,43],"tags":[],"class_list":["post-3773","post","type-post","status-publish","format-standard","has-post-thumbnail","hentry","category-a-la-une","category-culture","category-remiremont-remiremont-son-canton"],"acf":[],"yoast_head":"<!-- This site is optimized with the Yoast SEO plugin v22.5 - https:\/\/yoast.com\/wordpress\/plugins\/seo\/ -->\n<title>Remiremont \u2013 Les ateliers du cyber les 9 et 10 f\u00e9vrier prochains \u00e0 la m\u00e9diath\u00e8que Le Cercle - Remiremont Info<\/title>\n<meta name=\"robots\" content=\"index, follow, max-snippet:-1, max-image-preview:large, max-video-preview:-1\" \/>\n<link rel=\"canonical\" href=\"https:\/\/vosgesinfo.fr\/remiremontinfo\/2024\/02\/remiremont-les-ateliers-du-cyber-les-9-et-10-fevrier-prochains-a-la-mediatheque-le-cercle-2\/\" \/>\n<meta name=\"twitter:card\" content=\"summary_large_image\" \/>\n<meta name=\"twitter:title\" content=\"Remiremont \u2013 Les ateliers du cyber les 9 et 10 f\u00e9vrier prochains \u00e0 la m\u00e9diath\u00e8que Le Cercle - Remiremont Info\" \/>\n<meta name=\"twitter:description\" content=\"Atelier VR pour adultes Vendredi 9 f\u00e9vrier de 10h \u00e0 12h, m\u00e9diath\u00e8que de Remiremont. Sur inscription. Public : adultes d\u00e9butants. [&hellip;]\" \/>\n<meta name=\"twitter:image\" content=\"https:\/\/vosgesinfo.fr\/app\/uploads\/sites\/5\/2024\/01\/affiche-ateliers-du-cyber-fevier-20241-scaled.jpg\" \/>\n<meta name=\"twitter:creator\" content=\"@VosgesInfo88\" \/>\n<meta name=\"twitter:site\" content=\"@VosgesInfo88\" \/>\n<meta name=\"twitter:label1\" content=\"\u00c9crit par\" \/>\n\t<meta name=\"twitter:data1\" content=\"La redaction\" \/>\n\t<meta name=\"twitter:label2\" content=\"Dur\u00e9e de lecture estim\u00e9e\" \/>\n\t<meta name=\"twitter:data2\" content=\"1 minute\" \/>\n<script type=\"application\/ld+json\" class=\"yoast-schema-graph\">{\"@context\":\"https:\/\/schema.org\",\"@graph\":[{\"@type\":\"Article\",\"@id\":\"https:\/\/vosgesinfo.fr\/remiremontinfo\/2024\/02\/remiremont-les-ateliers-du-cyber-les-9-et-10-fevrier-prochains-a-la-mediatheque-le-cercle-2\/#article\",\"isPartOf\":{\"@id\":\"https:\/\/vosgesinfo.fr\/remiremontinfo\/2024\/02\/remiremont-les-ateliers-du-cyber-les-9-et-10-fevrier-prochains-a-la-mediatheque-le-cercle-2\/\"},\"author\":{\"name\":\"La redaction\",\"@id\":\"https:\/\/vosgesinfo.fr\/remiremontinfo\/#\/schema\/person\/27a3695b06db98895b354c0765cdfc31\"},\"headline\":\"Remiremont \u2013 Les ateliers du cyber les 9 et 10 f\u00e9vrier prochains \u00e0 la m\u00e9diath\u00e8que Le Cercle\",\"datePublished\":\"2024-02-06T17:00:04+00:00\",\"dateModified\":\"2024-02-13T17:24:52+00:00\",\"mainEntityOfPage\":{\"@id\":\"https:\/\/vosgesinfo.fr\/remiremontinfo\/2024\/02\/remiremont-les-ateliers-du-cyber-les-9-et-10-fevrier-prochains-a-la-mediatheque-le-cercle-2\/\"},\"wordCount\":164,\"commentCount\":0,\"publisher\":{\"@id\":\"https:\/\/vosgesinfo.fr\/remiremontinfo\/#organization\"},\"image\":{\"@id\":\"https:\/\/vosgesinfo.fr\/remiremontinfo\/2024\/02\/remiremont-les-ateliers-du-cyber-les-9-et-10-fevrier-prochains-a-la-mediatheque-le-cercle-2\/#primaryimage\"},\"thumbnailUrl\":\"https:\/\/vosgesinfo.fr\/app\/uploads\/sites\/5\/2024\/01\/affiche-ateliers-du-cyber-fevier-20241-scaled.jpg\",\"articleSection\":[\"A la Une\",\"Culture\",\"Remiremont\"],\"inLanguage\":\"fr-FR\",\"potentialAction\":[{\"@type\":\"CommentAction\",\"name\":\"Comment\",\"target\":[\"https:\/\/vosgesinfo.fr\/remiremontinfo\/2024\/02\/remiremont-les-ateliers-du-cyber-les-9-et-10-fevrier-prochains-a-la-mediatheque-le-cercle-2\/#respond\"]}]},{\"@type\":\"WebPage\",\"@id\":\"https:\/\/vosgesinfo.fr\/remiremontinfo\/2024\/02\/remiremont-les-ateliers-du-cyber-les-9-et-10-fevrier-prochains-a-la-mediatheque-le-cercle-2\/\",\"url\":\"https:\/\/vosgesinfo.fr\/remiremontinfo\/2024\/02\/remiremont-les-ateliers-du-cyber-les-9-et-10-fevrier-prochains-a-la-mediatheque-le-cercle-2\/\",\"name\":\"Remiremont \u2013 Les ateliers du cyber les 9 et 10 f\u00e9vrier prochains \u00e0 la m\u00e9diath\u00e8que Le Cercle - Remiremont Info\",\"isPartOf\":{\"@id\":\"https:\/\/vosgesinfo.fr\/remiremontinfo\/#website\"},\"primaryImageOfPage\":{\"@id\":\"https:\/\/vosgesinfo.fr\/remiremontinfo\/2024\/02\/remiremont-les-ateliers-du-cyber-les-9-et-10-fevrier-prochains-a-la-mediatheque-le-cercle-2\/#primaryimage\"},\"image\":{\"@id\":\"https:\/\/vosgesinfo.fr\/remiremontinfo\/2024\/02\/remiremont-les-ateliers-du-cyber-les-9-et-10-fevrier-prochains-a-la-mediatheque-le-cercle-2\/#primaryimage\"},\"thumbnailUrl\":\"https:\/\/vosgesinfo.fr\/app\/uploads\/sites\/5\/2024\/01\/affiche-ateliers-du-cyber-fevier-20241-scaled.jpg\",\"datePublished\":\"2024-02-06T17:00:04+00:00\",\"dateModified\":\"2024-02-13T17:24:52+00:00\",\"breadcrumb\":{\"@id\":\"https:\/\/vosgesinfo.fr\/remiremontinfo\/2024\/02\/remiremont-les-ateliers-du-cyber-les-9-et-10-fevrier-prochains-a-la-mediatheque-le-cercle-2\/#breadcrumb\"},\"inLanguage\":\"fr-FR\",\"potentialAction\":[{\"@type\":\"ReadAction\",\"target\":[\"https:\/\/vosgesinfo.fr\/remiremontinfo\/2024\/02\/remiremont-les-ateliers-du-cyber-les-9-et-10-fevrier-prochains-a-la-mediatheque-le-cercle-2\/\"]}]},{\"@type\":\"ImageObject\",\"inLanguage\":\"fr-FR\",\"@id\":\"https:\/\/vosgesinfo.fr\/remiremontinfo\/2024\/02\/remiremont-les-ateliers-du-cyber-les-9-et-10-fevrier-prochains-a-la-mediatheque-le-cercle-2\/#primaryimage\",\"url\":\"https:\/\/vosgesinfo.fr\/app\/uploads\/sites\/5\/2024\/01\/affiche-ateliers-du-cyber-fevier-20241-scaled.jpg\",\"contentUrl\":\"https:\/\/vosgesinfo.fr\/app\/uploads\/sites\/5\/2024\/01\/affiche-ateliers-du-cyber-fevier-20241-scaled.jpg\",\"width\":1811,\"height\":2560},{\"@type\":\"BreadcrumbList\",\"@id\":\"https:\/\/vosgesinfo.fr\/remiremontinfo\/2024\/02\/remiremont-les-ateliers-du-cyber-les-9-et-10-fevrier-prochains-a-la-mediatheque-le-cercle-2\/#breadcrumb\",\"itemListElement\":[{\"@type\":\"ListItem\",\"position\":1,\"name\":\"Home\",\"item\":\"https:\/\/vosgesinfo.fr\/remiremontinfo\/\"},{\"@type\":\"ListItem\",\"position\":2,\"name\":\"Remiremont \u2013 Les ateliers du cyber les 9 et 10 f\u00e9vrier prochains \u00e0 la m\u00e9diath\u00e8que Le Cercle\"}]},{\"@type\":\"WebSite\",\"@id\":\"https:\/\/vosgesinfo.fr\/remiremontinfo\/#website\",\"url\":\"https:\/\/vosgesinfo.fr\/remiremontinfo\/\",\"name\":\"Remiremont Info\",\"description\":\"Toute l&#039;actualit\u00e9 de Remiremont\",\"publisher\":{\"@id\":\"https:\/\/vosgesinfo.fr\/remiremontinfo\/#organization\"},\"alternateName\":\"Toute l'actualit\u00e9 de Remiremont\",\"potentialAction\":[{\"@type\":\"SearchAction\",\"target\":{\"@type\":\"EntryPoint\",\"urlTemplate\":\"https:\/\/vosgesinfo.fr\/remiremontinfo\/?s={search_term_string}\"},\"query-input\":\"required name=search_term_string\"}],\"inLanguage\":\"fr-FR\"},{\"@type\":\"Organization\",\"@id\":\"https:\/\/vosgesinfo.fr\/remiremontinfo\/#organization\",\"name\":\"Remiremont Info\",\"url\":\"https:\/\/vosgesinfo.fr\/remiremontinfo\/\",\"logo\":{\"@type\":\"ImageObject\",\"inLanguage\":\"fr-FR\",\"@id\":\"https:\/\/vosgesinfo.fr\/remiremontinfo\/#\/schema\/logo\/image\/\",\"url\":\"https:\/\/vosgesinfo.fr\/app\/uploads\/sites\/5\/2023\/08\/favicon-remiremontinfo.png\",\"contentUrl\":\"https:\/\/vosgesinfo.fr\/app\/uploads\/sites\/5\/2023\/08\/favicon-remiremontinfo.png\",\"width\":512,\"height\":512,\"caption\":\"Remiremont Info\"},\"image\":{\"@id\":\"https:\/\/vosgesinfo.fr\/remiremontinfo\/#\/schema\/logo\/image\/\"},\"sameAs\":[\"https:\/\/www.facebook.com\/remiremontinfo\",\"https:\/\/x.com\/VosgesInfo88\",\"https:\/\/www.youtube.com\/@vosgesinfo\"]},{\"@type\":\"Person\",\"@id\":\"https:\/\/vosgesinfo.fr\/remiremontinfo\/#\/schema\/person\/27a3695b06db98895b354c0765cdfc31\",\"name\":\"La redaction\",\"image\":{\"@type\":\"ImageObject\",\"inLanguage\":\"fr-FR\",\"@id\":\"https:\/\/vosgesinfo.fr\/remiremontinfo\/#\/schema\/person\/image\/\",\"url\":\"https:\/\/secure.gravatar.com\/avatar\/64c76a78e501cedee55736f43f332df901e1896ae9cd8fad269ae2236dd0e8b6?s=96&d=mm&r=g\",\"contentUrl\":\"https:\/\/secure.gravatar.com\/avatar\/64c76a78e501cedee55736f43f332df901e1896ae9cd8fad269ae2236dd0e8b6?s=96&d=mm&r=g\",\"caption\":\"La redaction\"},\"url\":\"https:\/\/vosgesinfo.fr\/remiremontinfo\/author\/la-redaction\/\"}]}<\/script>\n<!-- \/ Yoast SEO plugin. -->","yoast_head_json":{"title":"Remiremont \u2013 Les ateliers du cyber les 9 et 10 f\u00e9vrier prochains \u00e0 la m\u00e9diath\u00e8que Le Cercle - Remiremont Info","robots":{"index":"index","follow":"follow","max-snippet":"max-snippet:-1","max-image-preview":"max-image-preview:large","max-video-preview":"max-video-preview:-1"},"canonical":"https:\/\/vosgesinfo.fr\/remiremontinfo\/2024\/02\/remiremont-les-ateliers-du-cyber-les-9-et-10-fevrier-prochains-a-la-mediatheque-le-cercle-2\/","twitter_card":"summary_large_image","twitter_title":"Remiremont \u2013 Les ateliers du cyber les 9 et 10 f\u00e9vrier prochains \u00e0 la m\u00e9diath\u00e8que Le Cercle - Remiremont Info","twitter_description":"Atelier VR pour adultes Vendredi 9 f\u00e9vrier de 10h \u00e0 12h, m\u00e9diath\u00e8que de Remiremont. Sur inscription. Public : adultes d\u00e9butants. [&hellip;]","twitter_image":"https:\/\/vosgesinfo.fr\/app\/uploads\/sites\/5\/2024\/01\/affiche-ateliers-du-cyber-fevier-20241-scaled.jpg","twitter_creator":"@VosgesInfo88","twitter_site":"@VosgesInfo88","twitter_misc":{"\u00c9crit par":"La redaction","Dur\u00e9e de lecture estim\u00e9e":"1 minute"},"schema":{"@context":"https:\/\/schema.org","@graph":[{"@type":"Article","@id":"https:\/\/vosgesinfo.fr\/remiremontinfo\/2024\/02\/remiremont-les-ateliers-du-cyber-les-9-et-10-fevrier-prochains-a-la-mediatheque-le-cercle-2\/#article","isPartOf":{"@id":"https:\/\/vosgesinfo.fr\/remiremontinfo\/2024\/02\/remiremont-les-ateliers-du-cyber-les-9-et-10-fevrier-prochains-a-la-mediatheque-le-cercle-2\/"},"author":{"name":"La redaction","@id":"https:\/\/vosgesinfo.fr\/remiremontinfo\/#\/schema\/person\/27a3695b06db98895b354c0765cdfc31"},"headline":"Remiremont \u2013 Les ateliers du cyber les 9 et 10 f\u00e9vrier prochains \u00e0 la m\u00e9diath\u00e8que Le Cercle","datePublished":"2024-02-06T17:00:04+00:00","dateModified":"2024-02-13T17:24:52+00:00","mainEntityOfPage":{"@id":"https:\/\/vosgesinfo.fr\/remiremontinfo\/2024\/02\/remiremont-les-ateliers-du-cyber-les-9-et-10-fevrier-prochains-a-la-mediatheque-le-cercle-2\/"},"wordCount":164,"commentCount":0,"publisher":{"@id":"https:\/\/vosgesinfo.fr\/remiremontinfo\/#organization"},"image":{"@id":"https:\/\/vosgesinfo.fr\/remiremontinfo\/2024\/02\/remiremont-les-ateliers-du-cyber-les-9-et-10-fevrier-prochains-a-la-mediatheque-le-cercle-2\/#primaryimage"},"thumbnailUrl":"https:\/\/vosgesinfo.fr\/app\/uploads\/sites\/5\/2024\/01\/affiche-ateliers-du-cyber-fevier-20241-scaled.jpg","articleSection":["A la Une","Culture","Remiremont"],"inLanguage":"fr-FR","potentialAction":[{"@type":"CommentAction","name":"Comment","target":["https:\/\/vosgesinfo.fr\/remiremontinfo\/2024\/02\/remiremont-les-ateliers-du-cyber-les-9-et-10-fevrier-prochains-a-la-mediatheque-le-cercle-2\/#respond"]}]},{"@type":"WebPage","@id":"https:\/\/vosgesinfo.fr\/remiremontinfo\/2024\/02\/remiremont-les-ateliers-du-cyber-les-9-et-10-fevrier-prochains-a-la-mediatheque-le-cercle-2\/","url":"https:\/\/vosgesinfo.fr\/remiremontinfo\/2024\/02\/remiremont-les-ateliers-du-cyber-les-9-et-10-fevrier-prochains-a-la-mediatheque-le-cercle-2\/","name":"Remiremont \u2013 Les ateliers du cyber les 9 et 10 f\u00e9vrier prochains \u00e0 la m\u00e9diath\u00e8que Le Cercle - Remiremont Info","isPartOf":{"@id":"https:\/\/vosgesinfo.fr\/remiremontinfo\/#website"},"primaryImageOfPage":{"@id":"https:\/\/vosgesinfo.fr\/remiremontinfo\/2024\/02\/remiremont-les-ateliers-du-cyber-les-9-et-10-fevrier-prochains-a-la-mediatheque-le-cercle-2\/#primaryimage"},"image":{"@id":"https:\/\/vosgesinfo.fr\/remiremontinfo\/2024\/02\/remiremont-les-ateliers-du-cyber-les-9-et-10-fevrier-prochains-a-la-mediatheque-le-cercle-2\/#primaryimage"},"thumbnailUrl":"https:\/\/vosgesinfo.fr\/app\/uploads\/sites\/5\/2024\/01\/affiche-ateliers-du-cyber-fevier-20241-scaled.jpg","datePublished":"2024-02-06T17:00:04+00:00","dateModified":"2024-02-13T17:24:52+00:00","breadcrumb":{"@id":"https:\/\/vosgesinfo.fr\/remiremontinfo\/2024\/02\/remiremont-les-ateliers-du-cyber-les-9-et-10-fevrier-prochains-a-la-mediatheque-le-cercle-2\/#breadcrumb"},"inLanguage":"fr-FR","potentialAction":[{"@type":"ReadAction","target":["https:\/\/vosgesinfo.fr\/remiremontinfo\/2024\/02\/remiremont-les-ateliers-du-cyber-les-9-et-10-fevrier-prochains-a-la-mediatheque-le-cercle-2\/"]}]},{"@type":"ImageObject","inLanguage":"fr-FR","@id":"https:\/\/vosgesinfo.fr\/remiremontinfo\/2024\/02\/remiremont-les-ateliers-du-cyber-les-9-et-10-fevrier-prochains-a-la-mediatheque-le-cercle-2\/#primaryimage","url":"https:\/\/vosgesinfo.fr\/app\/uploads\/sites\/5\/2024\/01\/affiche-ateliers-du-cyber-fevier-20241-scaled.jpg","contentUrl":"https:\/\/vosgesinfo.fr\/app\/uploads\/sites\/5\/2024\/01\/affiche-ateliers-du-cyber-fevier-20241-scaled.jpg","width":1811,"height":2560},{"@type":"BreadcrumbList","@id":"https:\/\/vosgesinfo.fr\/remiremontinfo\/2024\/02\/remiremont-les-ateliers-du-cyber-les-9-et-10-fevrier-prochains-a-la-mediatheque-le-cercle-2\/#breadcrumb","itemListElement":[{"@type":"ListItem","position":1,"name":"Home","item":"https:\/\/vosgesinfo.fr\/remiremontinfo\/"},{"@type":"ListItem","position":2,"name":"Remiremont \u2013 Les ateliers du cyber les 9 et 10 f\u00e9vrier prochains \u00e0 la m\u00e9diath\u00e8que Le Cercle"}]},{"@type":"WebSite","@id":"https:\/\/vosgesinfo.fr\/remiremontinfo\/#website","url":"https:\/\/vosgesinfo.fr\/remiremontinfo\/","name":"Remiremont Info","description":"Toute l&#039;actualit\u00e9 de Remiremont","publisher":{"@id":"https:\/\/vosgesinfo.fr\/remiremontinfo\/#organization"},"alternateName":"Toute l'actualit\u00e9 de Remiremont","potentialAction":[{"@type":"SearchAction","target":{"@type":"EntryPoint","urlTemplate":"https:\/\/vosgesinfo.fr\/remiremontinfo\/?s={search_term_string}"},"query-input":"required name=search_term_string"}],"inLanguage":"fr-FR"},{"@type":"Organization","@id":"https:\/\/vosgesinfo.fr\/remiremontinfo\/#organization","name":"Remiremont Info","url":"https:\/\/vosgesinfo.fr\/remiremontinfo\/","logo":{"@type":"ImageObject","inLanguage":"fr-FR","@id":"https:\/\/vosgesinfo.fr\/remiremontinfo\/#\/schema\/logo\/image\/","url":"https:\/\/vosgesinfo.fr\/app\/uploads\/sites\/5\/2023\/08\/favicon-remiremontinfo.png","contentUrl":"https:\/\/vosgesinfo.fr\/app\/uploads\/sites\/5\/2023\/08\/favicon-remiremontinfo.png","width":512,"height":512,"caption":"Remiremont Info"},"image":{"@id":"https:\/\/vosgesinfo.fr\/remiremontinfo\/#\/schema\/logo\/image\/"},"sameAs":["https:\/\/www.facebook.com\/remiremontinfo","https:\/\/x.com\/VosgesInfo88","https:\/\/www.youtube.com\/@vosgesinfo"]},{"@type":"Person","@id":"https:\/\/vosgesinfo.fr\/remiremontinfo\/#\/schema\/person\/27a3695b06db98895b354c0765cdfc31","name":"La redaction","image":{"@type":"ImageObject","inLanguage":"fr-FR","@id":"https:\/\/vosgesinfo.fr\/remiremontinfo\/#\/schema\/person\/image\/","url":"https:\/\/secure.gravatar.com\/avatar\/64c76a78e501cedee55736f43f332df901e1896ae9cd8fad269ae2236dd0e8b6?s=96&d=mm&r=g","contentUrl":"https:\/\/secure.gravatar.com\/avatar\/64c76a78e501cedee55736f43f332df901e1896ae9cd8fad269ae2236dd0e8b6?s=96&d=mm&r=g","caption":"La redaction"},"url":"https:\/\/vosgesinfo.fr\/remiremontinfo\/author\/la-redaction\/"}]}},"_links":{"self":[{"href":"https:\/\/vosgesinfo.fr\/remiremontinfo\/wp-json\/wp\/v2\/posts\/3773","targetHints":{"allow":["GET"]}}],"collection":[{"href":"https:\/\/vosgesinfo.fr\/remiremontinfo\/wp-json\/wp\/v2\/posts"}],"about":[{"href":"https:\/\/vosgesinfo.fr\/remiremontinfo\/wp-json\/wp\/v2\/types\/post"}],"author":[{"embeddable":true,"href":"https:\/\/vosgesinfo.fr\/remiremontinfo\/wp-json\/wp\/v2\/users\/391"}],"replies":[{"embeddable":true,"href":"https:\/\/vosgesinfo.fr\/remiremontinfo\/wp-json\/wp\/v2\/comments?post=3773"}],"version-history":[{"count":1,"href":"https:\/\/vosgesinfo.fr\/remiremontinfo\/wp-json\/wp\/v2\/posts\/3773\/revisions"}],"predecessor-version":[{"id":4227,"href":"https:\/\/vosgesinfo.fr\/remiremontinfo\/wp-json\/wp\/v2\/posts\/3773\/revisions\/4227"}],"wp:featuredmedia":[{"embeddable":true,"href":"https:\/\/vosgesinfo.fr\/remiremontinfo\/wp-json\/wp\/v2\/media\/3774"}],"wp:attachment":[{"href":"https:\/\/vosgesinfo.fr\/remiremontinfo\/wp-json\/wp\/v2\/media?parent=3773"}],"wp:term":[{"taxonomy":"category","embeddable":true,"href":"https:\/\/vosgesinfo.fr\/remiremontinfo\/wp-json\/wp\/v2\/categories?post=3773"},{"taxonomy":"post_tag","embeddable":true,"href":"https:\/\/vosgesinfo.fr\/remiremontinfo\/wp-json\/wp\/v2\/tags?post=3773"}],"curies":[{"name":"wp","href":"https:\/\/api.w.org\/{rel}","templated":true}]}}