{"id":3795,"date":"2024-01-16T16:30:02","date_gmt":"2024-01-16T15:30:02","guid":{"rendered":"https:\/\/vosgesinfo.fr\/remiremontinfo\/2024\/01\/val-dajol-des-travaux-sur-le-reseaux-electrique-le-lundi-22-janvier\/"},"modified":"2024-01-16T16:30:02","modified_gmt":"2024-01-16T15:30:02","slug":"val-dajol-des-travaux-sur-le-reseaux-electrique-le-lundi-22-janvier","status":"publish","type":"post","link":"https:\/\/vosgesinfo.fr\/remiremontinfo\/2024\/01\/val-dajol-des-travaux-sur-le-reseaux-electrique-le-lundi-22-janvier\/","title":{"rendered":"Val d&rsquo;Ajol &#8211; Des travaux sur le r\u00e9seaux \u00e9lectrique le lundi 22 janvier"},"content":{"rendered":"<div id=\"attachment_139939\" style=\"width: 970px\" class=\"wp-caption aligncenter\"><a href=\"https:\/\/vosgesinfo.fr\/app\/uploads\/sites\/5\/2016\/02\/electricite-efd.jpg\"><img decoding=\"async\" aria-describedby=\"caption-attachment-139939\" class=\"wp-image-139939 size-full\" src=\"https:\/\/vosgesinfo.fr\/app\/uploads\/sites\/5\/2016\/02\/electricite-efd.jpg\" alt=\"electricite-efd\" width=\"960\" height=\"638\" \/><\/a><p id=\"caption-attachment-139939\" class=\"wp-caption-text\">Photo d&rsquo;illustration<\/p><\/div>\n<p>Le lundi 22 janvier 2024, de 13h30 \u00e0 15h30, la soci\u00e9t\u00e9 Enedis, gestionnaire du r\u00e9seau de distribution d&rsquo;\u00e9lectricit\u00e9, va r\u00e9aliser des travaux sur le r\u00e9seau \u00e9lectrique qui alimente un secteur du Val d&rsquo;Ajol, dans le d\u00e9partement des Vosges. Ces travaux ont pour but d&rsquo;am\u00e9liorer la qualit\u00e9 de la distribution \u00e9lectrique et de r\u00e9pondre aux besoins de la client\u00e8le. Le courant sera donc coup\u00e9 dans plusieurs quartiers de la commune.<\/p>\n<p>Les quartiers concern\u00e9s par ces travaux sont les suivants :<\/p>\n<p>&#8211; 1, 4 au 12 place de l&rsquo;H\u00f4tel de Ville<br \/>\n&#8211; 5, 9 au 15, 2 au 6 place des \u00c9coles<br \/>\n&#8211; 1 au 5, 2 au 6 rue de l&rsquo;Ancien Moulin<br \/>\n&#8211; 2 place des \u00c9coles<br \/>\n&#8211; 44, 50 au 52 Grande Rue<\/p>\n","protected":false},"excerpt":{"rendered":"<p>Le lundi 22 janvier 2024, de 13h30 \u00e0 15h30, la soci\u00e9t\u00e9 Enedis, gestionnaire du r\u00e9seau de distribution d&rsquo;\u00e9lectricit\u00e9, va r\u00e9aliser [&hellip;]<\/p>\n","protected":false},"author":414,"featured_media":3794,"comment_status":"open","ping_status":"open","sticky":false,"template":"","format":"standard","meta":{"footnotes":""},"categories":[26,121,82],"tags":[715,619,136,123],"class_list":["post-3795","post","type-post","status-publish","format-standard","has-post-thumbnail","hentry","category-a-la-une","category-le-val-dajol-le-val-dajol-son-canton","category-le-val-dajol-son-canton","tag-coupure-de-courant","tag-enedis","tag-travaux","tag-val-dajol"],"acf":[],"yoast_head":"<!-- This site is optimized with the Yoast SEO plugin v22.5 - https:\/\/yoast.com\/wordpress\/plugins\/seo\/ -->\n<title>Val d&#039;Ajol - Des travaux sur le r\u00e9seaux \u00e9lectrique le lundi 22 janvier - Remiremont Info<\/title>\n<meta name=\"robots\" content=\"index, follow, max-snippet:-1, max-image-preview:large, max-video-preview:-1\" \/>\n<link rel=\"canonical\" href=\"https:\/\/vosgesinfo.fr\/remiremontinfo\/2024\/01\/val-dajol-des-travaux-sur-le-reseaux-electrique-le-lundi-22-janvier\/\" \/>\n<meta name=\"twitter:card\" content=\"summary_large_image\" \/>\n<meta name=\"twitter:title\" content=\"Val d&#039;Ajol - Des travaux sur le r\u00e9seaux \u00e9lectrique le lundi 22 janvier - Remiremont Info\" \/>\n<meta name=\"twitter:description\" content=\"Le lundi 22 janvier 2024, de 13h30 \u00e0 15h30, la soci\u00e9t\u00e9 Enedis, gestionnaire du r\u00e9seau de distribution d&rsquo;\u00e9lectricit\u00e9, va r\u00e9aliser [&hellip;]\" \/>\n<meta name=\"twitter:image\" content=\"https:\/\/vosgesinfo.fr\/app\/uploads\/sites\/5\/2016\/02\/electricite-efd.jpg\" \/>\n<meta name=\"twitter:creator\" content=\"@VosgesInfo88\" \/>\n<meta name=\"twitter:site\" content=\"@VosgesInfo88\" \/>\n<meta name=\"twitter:label1\" content=\"\u00c9crit par\" \/>\n\t<meta name=\"twitter:data1\" content=\"Julien Chassard\" \/>\n\t<meta name=\"twitter:label2\" content=\"Dur\u00e9e de lecture estim\u00e9e\" \/>\n\t<meta name=\"twitter:data2\" content=\"1 minute\" \/>\n<script type=\"application\/ld+json\" class=\"yoast-schema-graph\">{\"@context\":\"https:\/\/schema.org\",\"@graph\":[{\"@type\":\"Article\",\"@id\":\"https:\/\/vosgesinfo.fr\/remiremontinfo\/2024\/01\/val-dajol-des-travaux-sur-le-reseaux-electrique-le-lundi-22-janvier\/#article\",\"isPartOf\":{\"@id\":\"https:\/\/vosgesinfo.fr\/remiremontinfo\/2024\/01\/val-dajol-des-travaux-sur-le-reseaux-electrique-le-lundi-22-janvier\/\"},\"author\":{\"name\":\"Julien Chassard\",\"@id\":\"https:\/\/vosgesinfo.fr\/remiremontinfo\/#\/schema\/person\/9f7d5afbed21dfe30e21502db85507c8\"},\"headline\":\"Val d&rsquo;Ajol &#8211; Des travaux sur le r\u00e9seaux \u00e9lectrique le lundi 22 janvier\",\"datePublished\":\"2024-01-16T15:30:02+00:00\",\"dateModified\":\"2024-01-16T15:30:02+00:00\",\"mainEntityOfPage\":{\"@id\":\"https:\/\/vosgesinfo.fr\/remiremontinfo\/2024\/01\/val-dajol-des-travaux-sur-le-reseaux-electrique-le-lundi-22-janvier\/\"},\"wordCount\":142,\"commentCount\":0,\"publisher\":{\"@id\":\"https:\/\/vosgesinfo.fr\/remiremontinfo\/#organization\"},\"image\":{\"@id\":\"https:\/\/vosgesinfo.fr\/remiremontinfo\/2024\/01\/val-dajol-des-travaux-sur-le-reseaux-electrique-le-lundi-22-janvier\/#primaryimage\"},\"thumbnailUrl\":\"https:\/\/vosgesinfo.fr\/app\/uploads\/sites\/5\/2016\/02\/electricite-efd.jpg\",\"keywords\":[\"Coupure de courant\",\"Enedis\",\"travaux\",\"val d'ajol\"],\"articleSection\":[\"A la Une\",\"Le Val d'Ajol\",\"Le Val-d'Ajol &amp; son canton\"],\"inLanguage\":\"fr-FR\",\"potentialAction\":[{\"@type\":\"CommentAction\",\"name\":\"Comment\",\"target\":[\"https:\/\/vosgesinfo.fr\/remiremontinfo\/2024\/01\/val-dajol-des-travaux-sur-le-reseaux-electrique-le-lundi-22-janvier\/#respond\"]}]},{\"@type\":\"WebPage\",\"@id\":\"https:\/\/vosgesinfo.fr\/remiremontinfo\/2024\/01\/val-dajol-des-travaux-sur-le-reseaux-electrique-le-lundi-22-janvier\/\",\"url\":\"https:\/\/vosgesinfo.fr\/remiremontinfo\/2024\/01\/val-dajol-des-travaux-sur-le-reseaux-electrique-le-lundi-22-janvier\/\",\"name\":\"Val d'Ajol - Des travaux sur le r\u00e9seaux \u00e9lectrique le lundi 22 janvier - Remiremont Info\",\"isPartOf\":{\"@id\":\"https:\/\/vosgesinfo.fr\/remiremontinfo\/#website\"},\"primaryImageOfPage\":{\"@id\":\"https:\/\/vosgesinfo.fr\/remiremontinfo\/2024\/01\/val-dajol-des-travaux-sur-le-reseaux-electrique-le-lundi-22-janvier\/#primaryimage\"},\"image\":{\"@id\":\"https:\/\/vosgesinfo.fr\/remiremontinfo\/2024\/01\/val-dajol-des-travaux-sur-le-reseaux-electrique-le-lundi-22-janvier\/#primaryimage\"},\"thumbnailUrl\":\"https:\/\/vosgesinfo.fr\/app\/uploads\/sites\/5\/2016\/02\/electricite-efd.jpg\",\"datePublished\":\"2024-01-16T15:30:02+00:00\",\"dateModified\":\"2024-01-16T15:30:02+00:00\",\"breadcrumb\":{\"@id\":\"https:\/\/vosgesinfo.fr\/remiremontinfo\/2024\/01\/val-dajol-des-travaux-sur-le-reseaux-electrique-le-lundi-22-janvier\/#breadcrumb\"},\"inLanguage\":\"fr-FR\",\"potentialAction\":[{\"@type\":\"ReadAction\",\"target\":[\"https:\/\/vosgesinfo.fr\/remiremontinfo\/2024\/01\/val-dajol-des-travaux-sur-le-reseaux-electrique-le-lundi-22-janvier\/\"]}]},{\"@type\":\"ImageObject\",\"inLanguage\":\"fr-FR\",\"@id\":\"https:\/\/vosgesinfo.fr\/remiremontinfo\/2024\/01\/val-dajol-des-travaux-sur-le-reseaux-electrique-le-lundi-22-janvier\/#primaryimage\",\"url\":\"https:\/\/vosgesinfo.fr\/app\/uploads\/sites\/5\/2016\/02\/electricite-efd.jpg\",\"contentUrl\":\"https:\/\/vosgesinfo.fr\/app\/uploads\/sites\/5\/2016\/02\/electricite-efd.jpg\",\"width\":960,\"height\":638},{\"@type\":\"BreadcrumbList\",\"@id\":\"https:\/\/vosgesinfo.fr\/remiremontinfo\/2024\/01\/val-dajol-des-travaux-sur-le-reseaux-electrique-le-lundi-22-janvier\/#breadcrumb\",\"itemListElement\":[{\"@type\":\"ListItem\",\"position\":1,\"name\":\"Home\",\"item\":\"https:\/\/vosgesinfo.fr\/remiremontinfo\/\"},{\"@type\":\"ListItem\",\"position\":2,\"name\":\"Val d&rsquo;Ajol &#8211; Des travaux sur le r\u00e9seaux \u00e9lectrique le lundi 22 janvier\"}]},{\"@type\":\"WebSite\",\"@id\":\"https:\/\/vosgesinfo.fr\/remiremontinfo\/#website\",\"url\":\"https:\/\/vosgesinfo.fr\/remiremontinfo\/\",\"name\":\"Remiremont Info\",\"description\":\"Toute l&#039;actualit\u00e9 de Remiremont\",\"publisher\":{\"@id\":\"https:\/\/vosgesinfo.fr\/remiremontinfo\/#organization\"},\"alternateName\":\"Toute l'actualit\u00e9 de Remiremont\",\"potentialAction\":[{\"@type\":\"SearchAction\",\"target\":{\"@type\":\"EntryPoint\",\"urlTemplate\":\"https:\/\/vosgesinfo.fr\/remiremontinfo\/?s={search_term_string}\"},\"query-input\":\"required name=search_term_string\"}],\"inLanguage\":\"fr-FR\"},{\"@type\":\"Organization\",\"@id\":\"https:\/\/vosgesinfo.fr\/remiremontinfo\/#organization\",\"name\":\"Remiremont Info\",\"url\":\"https:\/\/vosgesinfo.fr\/remiremontinfo\/\",\"logo\":{\"@type\":\"ImageObject\",\"inLanguage\":\"fr-FR\",\"@id\":\"https:\/\/vosgesinfo.fr\/remiremontinfo\/#\/schema\/logo\/image\/\",\"url\":\"https:\/\/vosgesinfo.fr\/app\/uploads\/sites\/5\/2023\/08\/favicon-remiremontinfo.png\",\"contentUrl\":\"https:\/\/vosgesinfo.fr\/app\/uploads\/sites\/5\/2023\/08\/favicon-remiremontinfo.png\",\"width\":512,\"height\":512,\"caption\":\"Remiremont Info\"},\"image\":{\"@id\":\"https:\/\/vosgesinfo.fr\/remiremontinfo\/#\/schema\/logo\/image\/\"},\"sameAs\":[\"https:\/\/www.facebook.com\/remiremontinfo\",\"https:\/\/x.com\/VosgesInfo88\",\"https:\/\/www.youtube.com\/@vosgesinfo\"]},{\"@type\":\"Person\",\"@id\":\"https:\/\/vosgesinfo.fr\/remiremontinfo\/#\/schema\/person\/9f7d5afbed21dfe30e21502db85507c8\",\"name\":\"Julien Chassard\",\"image\":{\"@type\":\"ImageObject\",\"inLanguage\":\"fr-FR\",\"@id\":\"https:\/\/vosgesinfo.fr\/remiremontinfo\/#\/schema\/person\/image\/\",\"url\":\"https:\/\/secure.gravatar.com\/avatar\/b1edc920568095a5269cc92a13830411052ebb396f029db539972c12276b9ba9?s=96&d=mm&r=g\",\"contentUrl\":\"https:\/\/secure.gravatar.com\/avatar\/b1edc920568095a5269cc92a13830411052ebb396f029db539972c12276b9ba9?s=96&d=mm&r=g\",\"caption\":\"Julien Chassard\"},\"url\":\"https:\/\/vosgesinfo.fr\/remiremontinfo\/author\/j-chassard882\/\"}]}<\/script>\n<!-- \/ Yoast SEO plugin. -->","yoast_head_json":{"title":"Val d'Ajol - Des travaux sur le r\u00e9seaux \u00e9lectrique le lundi 22 janvier - Remiremont Info","robots":{"index":"index","follow":"follow","max-snippet":"max-snippet:-1","max-image-preview":"max-image-preview:large","max-video-preview":"max-video-preview:-1"},"canonical":"https:\/\/vosgesinfo.fr\/remiremontinfo\/2024\/01\/val-dajol-des-travaux-sur-le-reseaux-electrique-le-lundi-22-janvier\/","twitter_card":"summary_large_image","twitter_title":"Val d'Ajol - Des travaux sur le r\u00e9seaux \u00e9lectrique le lundi 22 janvier - Remiremont Info","twitter_description":"Le lundi 22 janvier 2024, de 13h30 \u00e0 15h30, la soci\u00e9t\u00e9 Enedis, gestionnaire du r\u00e9seau de distribution d&rsquo;\u00e9lectricit\u00e9, va r\u00e9aliser [&hellip;]","twitter_image":"https:\/\/vosgesinfo.fr\/app\/uploads\/sites\/5\/2016\/02\/electricite-efd.jpg","twitter_creator":"@VosgesInfo88","twitter_site":"@VosgesInfo88","twitter_misc":{"\u00c9crit par":"Julien Chassard","Dur\u00e9e de lecture estim\u00e9e":"1 minute"},"schema":{"@context":"https:\/\/schema.org","@graph":[{"@type":"Article","@id":"https:\/\/vosgesinfo.fr\/remiremontinfo\/2024\/01\/val-dajol-des-travaux-sur-le-reseaux-electrique-le-lundi-22-janvier\/#article","isPartOf":{"@id":"https:\/\/vosgesinfo.fr\/remiremontinfo\/2024\/01\/val-dajol-des-travaux-sur-le-reseaux-electrique-le-lundi-22-janvier\/"},"author":{"name":"Julien Chassard","@id":"https:\/\/vosgesinfo.fr\/remiremontinfo\/#\/schema\/person\/9f7d5afbed21dfe30e21502db85507c8"},"headline":"Val d&rsquo;Ajol &#8211; Des travaux sur le r\u00e9seaux \u00e9lectrique le lundi 22 janvier","datePublished":"2024-01-16T15:30:02+00:00","dateModified":"2024-01-16T15:30:02+00:00","mainEntityOfPage":{"@id":"https:\/\/vosgesinfo.fr\/remiremontinfo\/2024\/01\/val-dajol-des-travaux-sur-le-reseaux-electrique-le-lundi-22-janvier\/"},"wordCount":142,"commentCount":0,"publisher":{"@id":"https:\/\/vosgesinfo.fr\/remiremontinfo\/#organization"},"image":{"@id":"https:\/\/vosgesinfo.fr\/remiremontinfo\/2024\/01\/val-dajol-des-travaux-sur-le-reseaux-electrique-le-lundi-22-janvier\/#primaryimage"},"thumbnailUrl":"https:\/\/vosgesinfo.fr\/app\/uploads\/sites\/5\/2016\/02\/electricite-efd.jpg","keywords":["Coupure de courant","Enedis","travaux","val d'ajol"],"articleSection":["A la Une","Le Val d'Ajol","Le Val-d'Ajol &amp; son canton"],"inLanguage":"fr-FR","potentialAction":[{"@type":"CommentAction","name":"Comment","target":["https:\/\/vosgesinfo.fr\/remiremontinfo\/2024\/01\/val-dajol-des-travaux-sur-le-reseaux-electrique-le-lundi-22-janvier\/#respond"]}]},{"@type":"WebPage","@id":"https:\/\/vosgesinfo.fr\/remiremontinfo\/2024\/01\/val-dajol-des-travaux-sur-le-reseaux-electrique-le-lundi-22-janvier\/","url":"https:\/\/vosgesinfo.fr\/remiremontinfo\/2024\/01\/val-dajol-des-travaux-sur-le-reseaux-electrique-le-lundi-22-janvier\/","name":"Val d'Ajol - Des travaux sur le r\u00e9seaux \u00e9lectrique le lundi 22 janvier - Remiremont Info","isPartOf":{"@id":"https:\/\/vosgesinfo.fr\/remiremontinfo\/#website"},"primaryImageOfPage":{"@id":"https:\/\/vosgesinfo.fr\/remiremontinfo\/2024\/01\/val-dajol-des-travaux-sur-le-reseaux-electrique-le-lundi-22-janvier\/#primaryimage"},"image":{"@id":"https:\/\/vosgesinfo.fr\/remiremontinfo\/2024\/01\/val-dajol-des-travaux-sur-le-reseaux-electrique-le-lundi-22-janvier\/#primaryimage"},"thumbnailUrl":"https:\/\/vosgesinfo.fr\/app\/uploads\/sites\/5\/2016\/02\/electricite-efd.jpg","datePublished":"2024-01-16T15:30:02+00:00","dateModified":"2024-01-16T15:30:02+00:00","breadcrumb":{"@id":"https:\/\/vosgesinfo.fr\/remiremontinfo\/2024\/01\/val-dajol-des-travaux-sur-le-reseaux-electrique-le-lundi-22-janvier\/#breadcrumb"},"inLanguage":"fr-FR","potentialAction":[{"@type":"ReadAction","target":["https:\/\/vosgesinfo.fr\/remiremontinfo\/2024\/01\/val-dajol-des-travaux-sur-le-reseaux-electrique-le-lundi-22-janvier\/"]}]},{"@type":"ImageObject","inLanguage":"fr-FR","@id":"https:\/\/vosgesinfo.fr\/remiremontinfo\/2024\/01\/val-dajol-des-travaux-sur-le-reseaux-electrique-le-lundi-22-janvier\/#primaryimage","url":"https:\/\/vosgesinfo.fr\/app\/uploads\/sites\/5\/2016\/02\/electricite-efd.jpg","contentUrl":"https:\/\/vosgesinfo.fr\/app\/uploads\/sites\/5\/2016\/02\/electricite-efd.jpg","width":960,"height":638},{"@type":"BreadcrumbList","@id":"https:\/\/vosgesinfo.fr\/remiremontinfo\/2024\/01\/val-dajol-des-travaux-sur-le-reseaux-electrique-le-lundi-22-janvier\/#breadcrumb","itemListElement":[{"@type":"ListItem","position":1,"name":"Home","item":"https:\/\/vosgesinfo.fr\/remiremontinfo\/"},{"@type":"ListItem","position":2,"name":"Val d&rsquo;Ajol &#8211; Des travaux sur le r\u00e9seaux \u00e9lectrique le lundi 22 janvier"}]},{"@type":"WebSite","@id":"https:\/\/vosgesinfo.fr\/remiremontinfo\/#website","url":"https:\/\/vosgesinfo.fr\/remiremontinfo\/","name":"Remiremont Info","description":"Toute l&#039;actualit\u00e9 de Remiremont","publisher":{"@id":"https:\/\/vosgesinfo.fr\/remiremontinfo\/#organization"},"alternateName":"Toute l'actualit\u00e9 de Remiremont","potentialAction":[{"@type":"SearchAction","target":{"@type":"EntryPoint","urlTemplate":"https:\/\/vosgesinfo.fr\/remiremontinfo\/?s={search_term_string}"},"query-input":"required name=search_term_string"}],"inLanguage":"fr-FR"},{"@type":"Organization","@id":"https:\/\/vosgesinfo.fr\/remiremontinfo\/#organization","name":"Remiremont Info","url":"https:\/\/vosgesinfo.fr\/remiremontinfo\/","logo":{"@type":"ImageObject","inLanguage":"fr-FR","@id":"https:\/\/vosgesinfo.fr\/remiremontinfo\/#\/schema\/logo\/image\/","url":"https:\/\/vosgesinfo.fr\/app\/uploads\/sites\/5\/2023\/08\/favicon-remiremontinfo.png","contentUrl":"https:\/\/vosgesinfo.fr\/app\/uploads\/sites\/5\/2023\/08\/favicon-remiremontinfo.png","width":512,"height":512,"caption":"Remiremont Info"},"image":{"@id":"https:\/\/vosgesinfo.fr\/remiremontinfo\/#\/schema\/logo\/image\/"},"sameAs":["https:\/\/www.facebook.com\/remiremontinfo","https:\/\/x.com\/VosgesInfo88","https:\/\/www.youtube.com\/@vosgesinfo"]},{"@type":"Person","@id":"https:\/\/vosgesinfo.fr\/remiremontinfo\/#\/schema\/person\/9f7d5afbed21dfe30e21502db85507c8","name":"Julien Chassard","image":{"@type":"ImageObject","inLanguage":"fr-FR","@id":"https:\/\/vosgesinfo.fr\/remiremontinfo\/#\/schema\/person\/image\/","url":"https:\/\/secure.gravatar.com\/avatar\/b1edc920568095a5269cc92a13830411052ebb396f029db539972c12276b9ba9?s=96&d=mm&r=g","contentUrl":"https:\/\/secure.gravatar.com\/avatar\/b1edc920568095a5269cc92a13830411052ebb396f029db539972c12276b9ba9?s=96&d=mm&r=g","caption":"Julien Chassard"},"url":"https:\/\/vosgesinfo.fr\/remiremontinfo\/author\/j-chassard882\/"}]}},"_links":{"self":[{"href":"https:\/\/vosgesinfo.fr\/remiremontinfo\/wp-json\/wp\/v2\/posts\/3795","targetHints":{"allow":["GET"]}}],"collection":[{"href":"https:\/\/vosgesinfo.fr\/remiremontinfo\/wp-json\/wp\/v2\/posts"}],"about":[{"href":"https:\/\/vosgesinfo.fr\/remiremontinfo\/wp-json\/wp\/v2\/types\/post"}],"author":[{"embeddable":true,"href":"https:\/\/vosgesinfo.fr\/remiremontinfo\/wp-json\/wp\/v2\/users\/414"}],"replies":[{"embeddable":true,"href":"https:\/\/vosgesinfo.fr\/remiremontinfo\/wp-json\/wp\/v2\/comments?post=3795"}],"version-history":[{"count":0,"href":"https:\/\/vosgesinfo.fr\/remiremontinfo\/wp-json\/wp\/v2\/posts\/3795\/revisions"}],"wp:featuredmedia":[{"embeddable":true,"href":"https:\/\/vosgesinfo.fr\/remiremontinfo\/wp-json\/wp\/v2\/media\/3794"}],"wp:attachment":[{"href":"https:\/\/vosgesinfo.fr\/remiremontinfo\/wp-json\/wp\/v2\/media?parent=3795"}],"wp:term":[{"taxonomy":"category","embeddable":true,"href":"https:\/\/vosgesinfo.fr\/remiremontinfo\/wp-json\/wp\/v2\/categories?post=3795"},{"taxonomy":"post_tag","embeddable":true,"href":"https:\/\/vosgesinfo.fr\/remiremontinfo\/wp-json\/wp\/v2\/tags?post=3795"}],"curies":[{"name":"wp","href":"https:\/\/api.w.org\/{rel}","templated":true}]}}