{"id":38025,"date":"2021-03-06T16:51:27","date_gmt":"2021-03-06T15:51:27","guid":{"rendered":"https:\/\/vosgesinfo.fr\/remiremontinfo\/2021\/03\/biathlon-nouvelle-victoire-emilien-claude-relais-a-obertilliach\/"},"modified":"2021-03-06T16:51:27","modified_gmt":"2021-03-06T15:51:27","slug":"biathlon-nouvelle-victoire-emilien-claude-relais-a-obertilliach","status":"publish","type":"post","link":"https:\/\/vosgesinfo.fr\/remiremontinfo\/2021\/03\/biathlon-nouvelle-victoire-emilien-claude-relais-a-obertilliach\/","title":{"rendered":"Biathlon\u00a0: une nouvelle victoire pour Emilien Claude en relais \u00e0 Obertilliach"},"content":{"rendered":"<p style=\"text-align: center;\"><a href=\"\/2021\/03\/156058365_3747622175319187_3296679330556295899_o.jpg\"><img decoding=\"async\" class=\"alignnone size-full wp-image-310791\" src=\"\/2021\/03\/156058365_3747622175319187_3296679330556295899_o.jpg\" alt=\"156058365_3747622175319187_3296679330556295899_o\" width=\"800\" height=\"533\" \/><\/a><\/p>\n<p><span style=\"font-size: 10pt;\"><em>Photo de la page Facebook de Emilien Claude<\/em><\/span><\/p>\n<h2><span style=\"font-size: 12pt;\"><strong>Belle r\u00e9colte de m\u00e9dailles ce samedi pour les \u00e9quipes fran\u00e7aises\u00a0de biathlon \u00e0 Obertilliach, en Autriche. Apr\u00e8s la bressaude Paula Botet ce matin, c\u2019est au tour du bassurois Emilien Claude de remporter le titre de champion du monde junior en relais.<\/strong><\/span><\/h2>\n<p>Une nouvelle victoire pour le biathl\u00e8te vosgien, remport\u00e9e avec ses co\u00e9quipiers Oscar Lombardot, S\u00e9bastien Mahon et Eric Perrot. <em>\u00ab\u00a0Apr\u00e8s un bon premier relais d&rsquo;Oscar Lombardot, cela a \u00e9t\u00e9 compliqu\u00e9 pour son copain de club de l&rsquo;ES Saugette, S\u00e9bastien Mahon, contraint \u00e0 un tour de p\u00e9nalit\u00e9 lors apr\u00e8s son tir debout\u00a0\u00bb<\/em>, nous apprend <a href=\"https:\/\/www.ledauphine.com\/skichrono\/2021\/03\/06\/mondiaux-juniors-les-francais-triomphent-aussi-lors-du-relais\">Ski Chrono<\/a>. <em>\u00ab\u00a0Mais les Bleus ont pu compter sur leurs fines gachettes, Eric Perrot (Peisey Vallandry) et Emilien Claude (Basse-sur-le-Rupt), qui avaient r\u00e9alis\u00e9 le doubl\u00e9 lors de la poursuite mercredi pour revenir devant et prendre les r\u00eanes de ce relais. A la lutte avec le Norv\u00e9gien Joergen Saeter, Emilien Claude a su se d\u00e9tacher dans le dernier tour, faisant la diff\u00e9rence sur les skis\u00a0\u00bb. <\/em>Il s&rsquo;agit du troisi\u00e8me titre de Champion du Monde juniors pour Emilien Claude en quelques jours \u00e0 l&rsquo;occasion de ces mondiaux.<\/p>\n","protected":false},"excerpt":{"rendered":"<p>Photo de la page Facebook de Emilien Claude Belle r\u00e9colte de m\u00e9dailles ce samedi pour les \u00e9quipes fran\u00e7aises\u00a0de biathlon \u00e0 [&hellip;]<\/p>\n","protected":false},"author":407,"featured_media":38026,"comment_status":"open","ping_status":"open","sticky":false,"template":"","format":"standard","meta":{"footnotes":""},"categories":[26,14,18],"tags":[],"class_list":["post-38025","post","type-post","status-publish","format-standard","has-post-thumbnail","hentry","category-a-la-une","category-sport","category-vosges"],"acf":[],"yoast_head":"<!-- This site is optimized with the Yoast SEO plugin v22.5 - https:\/\/yoast.com\/wordpress\/plugins\/seo\/ -->\n<title>Biathlon\u00a0: une nouvelle victoire pour Emilien Claude en relais \u00e0 Obertilliach - Remiremont Info<\/title>\n<meta name=\"robots\" content=\"index, follow, max-snippet:-1, max-image-preview:large, max-video-preview:-1\" \/>\n<link rel=\"canonical\" href=\"https:\/\/vosgesinfo.fr\/remiremontinfo\/2021\/03\/biathlon-nouvelle-victoire-emilien-claude-relais-a-obertilliach\/\" \/>\n<meta name=\"twitter:card\" content=\"summary_large_image\" \/>\n<meta name=\"twitter:title\" content=\"Biathlon\u00a0: une nouvelle victoire pour Emilien Claude en relais \u00e0 Obertilliach - Remiremont Info\" \/>\n<meta name=\"twitter:description\" content=\"Photo de la page Facebook de Emilien Claude Belle r\u00e9colte de m\u00e9dailles ce samedi pour les \u00e9quipes fran\u00e7aises\u00a0de biathlon \u00e0 [&hellip;]\" \/>\n<meta name=\"twitter:image\" content=\"https:\/\/vosgesinfo.fr\/app\/uploads\/sites\/5\/2024\/09\/202103156058365-3747622175319187-3296679330556295899-o-1.jpg\" \/>\n<meta name=\"twitter:creator\" content=\"@VosgesInfo88\" \/>\n<meta name=\"twitter:site\" content=\"@VosgesInfo88\" \/>\n<meta name=\"twitter:label1\" content=\"\u00c9crit par\" \/>\n\t<meta name=\"twitter:data1\" content=\"C D\" \/>\n\t<meta name=\"twitter:label2\" content=\"Dur\u00e9e de lecture estim\u00e9e\" \/>\n\t<meta name=\"twitter:data2\" content=\"1 minute\" \/>\n<script type=\"application\/ld+json\" class=\"yoast-schema-graph\">{\"@context\":\"https:\/\/schema.org\",\"@graph\":[{\"@type\":\"Article\",\"@id\":\"https:\/\/vosgesinfo.fr\/remiremontinfo\/2021\/03\/biathlon-nouvelle-victoire-emilien-claude-relais-a-obertilliach\/#article\",\"isPartOf\":{\"@id\":\"https:\/\/vosgesinfo.fr\/remiremontinfo\/2021\/03\/biathlon-nouvelle-victoire-emilien-claude-relais-a-obertilliach\/\"},\"author\":{\"name\":\"C D\",\"@id\":\"https:\/\/vosgesinfo.fr\/remiremontinfo\/#\/schema\/person\/3bfd164d5218a185b1db68655a265316\"},\"headline\":\"Biathlon\u00a0: une nouvelle victoire pour Emilien Claude en relais \u00e0 Obertilliach\",\"datePublished\":\"2021-03-06T15:51:27+00:00\",\"dateModified\":\"2021-03-06T15:51:27+00:00\",\"mainEntityOfPage\":{\"@id\":\"https:\/\/vosgesinfo.fr\/remiremontinfo\/2021\/03\/biathlon-nouvelle-victoire-emilien-claude-relais-a-obertilliach\/\"},\"wordCount\":216,\"commentCount\":0,\"publisher\":{\"@id\":\"https:\/\/vosgesinfo.fr\/remiremontinfo\/#organization\"},\"image\":{\"@id\":\"https:\/\/vosgesinfo.fr\/remiremontinfo\/2021\/03\/biathlon-nouvelle-victoire-emilien-claude-relais-a-obertilliach\/#primaryimage\"},\"thumbnailUrl\":\"https:\/\/vosgesinfo.fr\/app\/uploads\/sites\/5\/2024\/09\/202103156058365-3747622175319187-3296679330556295899-o-1.jpg\",\"articleSection\":[\"A la Une\",\"Sport\",\"Vosges\"],\"inLanguage\":\"fr-FR\",\"potentialAction\":[{\"@type\":\"CommentAction\",\"name\":\"Comment\",\"target\":[\"https:\/\/vosgesinfo.fr\/remiremontinfo\/2021\/03\/biathlon-nouvelle-victoire-emilien-claude-relais-a-obertilliach\/#respond\"]}]},{\"@type\":\"WebPage\",\"@id\":\"https:\/\/vosgesinfo.fr\/remiremontinfo\/2021\/03\/biathlon-nouvelle-victoire-emilien-claude-relais-a-obertilliach\/\",\"url\":\"https:\/\/vosgesinfo.fr\/remiremontinfo\/2021\/03\/biathlon-nouvelle-victoire-emilien-claude-relais-a-obertilliach\/\",\"name\":\"Biathlon\u00a0: une nouvelle victoire pour Emilien Claude en relais \u00e0 Obertilliach - Remiremont Info\",\"isPartOf\":{\"@id\":\"https:\/\/vosgesinfo.fr\/remiremontinfo\/#website\"},\"primaryImageOfPage\":{\"@id\":\"https:\/\/vosgesinfo.fr\/remiremontinfo\/2021\/03\/biathlon-nouvelle-victoire-emilien-claude-relais-a-obertilliach\/#primaryimage\"},\"image\":{\"@id\":\"https:\/\/vosgesinfo.fr\/remiremontinfo\/2021\/03\/biathlon-nouvelle-victoire-emilien-claude-relais-a-obertilliach\/#primaryimage\"},\"thumbnailUrl\":\"https:\/\/vosgesinfo.fr\/app\/uploads\/sites\/5\/2024\/09\/202103156058365-3747622175319187-3296679330556295899-o-1.jpg\",\"datePublished\":\"2021-03-06T15:51:27+00:00\",\"dateModified\":\"2021-03-06T15:51:27+00:00\",\"breadcrumb\":{\"@id\":\"https:\/\/vosgesinfo.fr\/remiremontinfo\/2021\/03\/biathlon-nouvelle-victoire-emilien-claude-relais-a-obertilliach\/#breadcrumb\"},\"inLanguage\":\"fr-FR\",\"potentialAction\":[{\"@type\":\"ReadAction\",\"target\":[\"https:\/\/vosgesinfo.fr\/remiremontinfo\/2021\/03\/biathlon-nouvelle-victoire-emilien-claude-relais-a-obertilliach\/\"]}]},{\"@type\":\"ImageObject\",\"inLanguage\":\"fr-FR\",\"@id\":\"https:\/\/vosgesinfo.fr\/remiremontinfo\/2021\/03\/biathlon-nouvelle-victoire-emilien-claude-relais-a-obertilliach\/#primaryimage\",\"url\":\"https:\/\/vosgesinfo.fr\/app\/uploads\/sites\/5\/2024\/09\/202103156058365-3747622175319187-3296679330556295899-o-1.jpg\",\"contentUrl\":\"https:\/\/vosgesinfo.fr\/app\/uploads\/sites\/5\/2024\/09\/202103156058365-3747622175319187-3296679330556295899-o-1.jpg\",\"width\":800,\"height\":533},{\"@type\":\"BreadcrumbList\",\"@id\":\"https:\/\/vosgesinfo.fr\/remiremontinfo\/2021\/03\/biathlon-nouvelle-victoire-emilien-claude-relais-a-obertilliach\/#breadcrumb\",\"itemListElement\":[{\"@type\":\"ListItem\",\"position\":1,\"name\":\"Home\",\"item\":\"https:\/\/vosgesinfo.fr\/remiremontinfo\/\"},{\"@type\":\"ListItem\",\"position\":2,\"name\":\"Biathlon\u00a0: une nouvelle victoire pour Emilien Claude en relais \u00e0 Obertilliach\"}]},{\"@type\":\"WebSite\",\"@id\":\"https:\/\/vosgesinfo.fr\/remiremontinfo\/#website\",\"url\":\"https:\/\/vosgesinfo.fr\/remiremontinfo\/\",\"name\":\"Remiremont Info\",\"description\":\"Toute l&#039;actualit\u00e9 de Remiremont\",\"publisher\":{\"@id\":\"https:\/\/vosgesinfo.fr\/remiremontinfo\/#organization\"},\"alternateName\":\"Toute l'actualit\u00e9 de Remiremont\",\"potentialAction\":[{\"@type\":\"SearchAction\",\"target\":{\"@type\":\"EntryPoint\",\"urlTemplate\":\"https:\/\/vosgesinfo.fr\/remiremontinfo\/?s={search_term_string}\"},\"query-input\":\"required name=search_term_string\"}],\"inLanguage\":\"fr-FR\"},{\"@type\":\"Organization\",\"@id\":\"https:\/\/vosgesinfo.fr\/remiremontinfo\/#organization\",\"name\":\"Remiremont Info\",\"url\":\"https:\/\/vosgesinfo.fr\/remiremontinfo\/\",\"logo\":{\"@type\":\"ImageObject\",\"inLanguage\":\"fr-FR\",\"@id\":\"https:\/\/vosgesinfo.fr\/remiremontinfo\/#\/schema\/logo\/image\/\",\"url\":\"https:\/\/vosgesinfo.fr\/app\/uploads\/sites\/5\/2023\/08\/favicon-remiremontinfo.png\",\"contentUrl\":\"https:\/\/vosgesinfo.fr\/app\/uploads\/sites\/5\/2023\/08\/favicon-remiremontinfo.png\",\"width\":512,\"height\":512,\"caption\":\"Remiremont Info\"},\"image\":{\"@id\":\"https:\/\/vosgesinfo.fr\/remiremontinfo\/#\/schema\/logo\/image\/\"},\"sameAs\":[\"https:\/\/www.facebook.com\/remiremontinfo\",\"https:\/\/x.com\/VosgesInfo88\",\"https:\/\/www.youtube.com\/@vosgesinfo\"]},{\"@type\":\"Person\",\"@id\":\"https:\/\/vosgesinfo.fr\/remiremontinfo\/#\/schema\/person\/3bfd164d5218a185b1db68655a265316\",\"name\":\"C D\",\"image\":{\"@type\":\"ImageObject\",\"inLanguage\":\"fr-FR\",\"@id\":\"https:\/\/vosgesinfo.fr\/remiremontinfo\/#\/schema\/person\/image\/\",\"url\":\"https:\/\/secure.gravatar.com\/avatar\/1f9a70007336511a47468b8f1c66f922b8b7cf617b02a31149ada43893a5d48f?s=96&d=mm&r=g\",\"contentUrl\":\"https:\/\/secure.gravatar.com\/avatar\/1f9a70007336511a47468b8f1c66f922b8b7cf617b02a31149ada43893a5d48f?s=96&d=mm&r=g\",\"caption\":\"C D\"},\"url\":\"https:\/\/vosgesinfo.fr\/remiremontinfo\/author\/cedric-drevet\/\"}]}<\/script>\n<!-- \/ Yoast SEO plugin. -->","yoast_head_json":{"title":"Biathlon\u00a0: une nouvelle victoire pour Emilien Claude en relais \u00e0 Obertilliach - Remiremont Info","robots":{"index":"index","follow":"follow","max-snippet":"max-snippet:-1","max-image-preview":"max-image-preview:large","max-video-preview":"max-video-preview:-1"},"canonical":"https:\/\/vosgesinfo.fr\/remiremontinfo\/2021\/03\/biathlon-nouvelle-victoire-emilien-claude-relais-a-obertilliach\/","twitter_card":"summary_large_image","twitter_title":"Biathlon\u00a0: une nouvelle victoire pour Emilien Claude en relais \u00e0 Obertilliach - Remiremont Info","twitter_description":"Photo de la page Facebook de Emilien Claude Belle r\u00e9colte de m\u00e9dailles ce samedi pour les \u00e9quipes fran\u00e7aises\u00a0de biathlon \u00e0 [&hellip;]","twitter_image":"https:\/\/vosgesinfo.fr\/app\/uploads\/sites\/5\/2024\/09\/202103156058365-3747622175319187-3296679330556295899-o-1.jpg","twitter_creator":"@VosgesInfo88","twitter_site":"@VosgesInfo88","twitter_misc":{"\u00c9crit par":"C D","Dur\u00e9e de lecture estim\u00e9e":"1 minute"},"schema":{"@context":"https:\/\/schema.org","@graph":[{"@type":"Article","@id":"https:\/\/vosgesinfo.fr\/remiremontinfo\/2021\/03\/biathlon-nouvelle-victoire-emilien-claude-relais-a-obertilliach\/#article","isPartOf":{"@id":"https:\/\/vosgesinfo.fr\/remiremontinfo\/2021\/03\/biathlon-nouvelle-victoire-emilien-claude-relais-a-obertilliach\/"},"author":{"name":"C D","@id":"https:\/\/vosgesinfo.fr\/remiremontinfo\/#\/schema\/person\/3bfd164d5218a185b1db68655a265316"},"headline":"Biathlon\u00a0: une nouvelle victoire pour Emilien Claude en relais \u00e0 Obertilliach","datePublished":"2021-03-06T15:51:27+00:00","dateModified":"2021-03-06T15:51:27+00:00","mainEntityOfPage":{"@id":"https:\/\/vosgesinfo.fr\/remiremontinfo\/2021\/03\/biathlon-nouvelle-victoire-emilien-claude-relais-a-obertilliach\/"},"wordCount":216,"commentCount":0,"publisher":{"@id":"https:\/\/vosgesinfo.fr\/remiremontinfo\/#organization"},"image":{"@id":"https:\/\/vosgesinfo.fr\/remiremontinfo\/2021\/03\/biathlon-nouvelle-victoire-emilien-claude-relais-a-obertilliach\/#primaryimage"},"thumbnailUrl":"https:\/\/vosgesinfo.fr\/app\/uploads\/sites\/5\/2024\/09\/202103156058365-3747622175319187-3296679330556295899-o-1.jpg","articleSection":["A la Une","Sport","Vosges"],"inLanguage":"fr-FR","potentialAction":[{"@type":"CommentAction","name":"Comment","target":["https:\/\/vosgesinfo.fr\/remiremontinfo\/2021\/03\/biathlon-nouvelle-victoire-emilien-claude-relais-a-obertilliach\/#respond"]}]},{"@type":"WebPage","@id":"https:\/\/vosgesinfo.fr\/remiremontinfo\/2021\/03\/biathlon-nouvelle-victoire-emilien-claude-relais-a-obertilliach\/","url":"https:\/\/vosgesinfo.fr\/remiremontinfo\/2021\/03\/biathlon-nouvelle-victoire-emilien-claude-relais-a-obertilliach\/","name":"Biathlon\u00a0: une nouvelle victoire pour Emilien Claude en relais \u00e0 Obertilliach - Remiremont Info","isPartOf":{"@id":"https:\/\/vosgesinfo.fr\/remiremontinfo\/#website"},"primaryImageOfPage":{"@id":"https:\/\/vosgesinfo.fr\/remiremontinfo\/2021\/03\/biathlon-nouvelle-victoire-emilien-claude-relais-a-obertilliach\/#primaryimage"},"image":{"@id":"https:\/\/vosgesinfo.fr\/remiremontinfo\/2021\/03\/biathlon-nouvelle-victoire-emilien-claude-relais-a-obertilliach\/#primaryimage"},"thumbnailUrl":"https:\/\/vosgesinfo.fr\/app\/uploads\/sites\/5\/2024\/09\/202103156058365-3747622175319187-3296679330556295899-o-1.jpg","datePublished":"2021-03-06T15:51:27+00:00","dateModified":"2021-03-06T15:51:27+00:00","breadcrumb":{"@id":"https:\/\/vosgesinfo.fr\/remiremontinfo\/2021\/03\/biathlon-nouvelle-victoire-emilien-claude-relais-a-obertilliach\/#breadcrumb"},"inLanguage":"fr-FR","potentialAction":[{"@type":"ReadAction","target":["https:\/\/vosgesinfo.fr\/remiremontinfo\/2021\/03\/biathlon-nouvelle-victoire-emilien-claude-relais-a-obertilliach\/"]}]},{"@type":"ImageObject","inLanguage":"fr-FR","@id":"https:\/\/vosgesinfo.fr\/remiremontinfo\/2021\/03\/biathlon-nouvelle-victoire-emilien-claude-relais-a-obertilliach\/#primaryimage","url":"https:\/\/vosgesinfo.fr\/app\/uploads\/sites\/5\/2024\/09\/202103156058365-3747622175319187-3296679330556295899-o-1.jpg","contentUrl":"https:\/\/vosgesinfo.fr\/app\/uploads\/sites\/5\/2024\/09\/202103156058365-3747622175319187-3296679330556295899-o-1.jpg","width":800,"height":533},{"@type":"BreadcrumbList","@id":"https:\/\/vosgesinfo.fr\/remiremontinfo\/2021\/03\/biathlon-nouvelle-victoire-emilien-claude-relais-a-obertilliach\/#breadcrumb","itemListElement":[{"@type":"ListItem","position":1,"name":"Home","item":"https:\/\/vosgesinfo.fr\/remiremontinfo\/"},{"@type":"ListItem","position":2,"name":"Biathlon\u00a0: une nouvelle victoire pour Emilien Claude en relais \u00e0 Obertilliach"}]},{"@type":"WebSite","@id":"https:\/\/vosgesinfo.fr\/remiremontinfo\/#website","url":"https:\/\/vosgesinfo.fr\/remiremontinfo\/","name":"Remiremont Info","description":"Toute l&#039;actualit\u00e9 de Remiremont","publisher":{"@id":"https:\/\/vosgesinfo.fr\/remiremontinfo\/#organization"},"alternateName":"Toute l'actualit\u00e9 de Remiremont","potentialAction":[{"@type":"SearchAction","target":{"@type":"EntryPoint","urlTemplate":"https:\/\/vosgesinfo.fr\/remiremontinfo\/?s={search_term_string}"},"query-input":"required name=search_term_string"}],"inLanguage":"fr-FR"},{"@type":"Organization","@id":"https:\/\/vosgesinfo.fr\/remiremontinfo\/#organization","name":"Remiremont Info","url":"https:\/\/vosgesinfo.fr\/remiremontinfo\/","logo":{"@type":"ImageObject","inLanguage":"fr-FR","@id":"https:\/\/vosgesinfo.fr\/remiremontinfo\/#\/schema\/logo\/image\/","url":"https:\/\/vosgesinfo.fr\/app\/uploads\/sites\/5\/2023\/08\/favicon-remiremontinfo.png","contentUrl":"https:\/\/vosgesinfo.fr\/app\/uploads\/sites\/5\/2023\/08\/favicon-remiremontinfo.png","width":512,"height":512,"caption":"Remiremont Info"},"image":{"@id":"https:\/\/vosgesinfo.fr\/remiremontinfo\/#\/schema\/logo\/image\/"},"sameAs":["https:\/\/www.facebook.com\/remiremontinfo","https:\/\/x.com\/VosgesInfo88","https:\/\/www.youtube.com\/@vosgesinfo"]},{"@type":"Person","@id":"https:\/\/vosgesinfo.fr\/remiremontinfo\/#\/schema\/person\/3bfd164d5218a185b1db68655a265316","name":"C D","image":{"@type":"ImageObject","inLanguage":"fr-FR","@id":"https:\/\/vosgesinfo.fr\/remiremontinfo\/#\/schema\/person\/image\/","url":"https:\/\/secure.gravatar.com\/avatar\/1f9a70007336511a47468b8f1c66f922b8b7cf617b02a31149ada43893a5d48f?s=96&d=mm&r=g","contentUrl":"https:\/\/secure.gravatar.com\/avatar\/1f9a70007336511a47468b8f1c66f922b8b7cf617b02a31149ada43893a5d48f?s=96&d=mm&r=g","caption":"C D"},"url":"https:\/\/vosgesinfo.fr\/remiremontinfo\/author\/cedric-drevet\/"}]}},"_links":{"self":[{"href":"https:\/\/vosgesinfo.fr\/remiremontinfo\/wp-json\/wp\/v2\/posts\/38025","targetHints":{"allow":["GET"]}}],"collection":[{"href":"https:\/\/vosgesinfo.fr\/remiremontinfo\/wp-json\/wp\/v2\/posts"}],"about":[{"href":"https:\/\/vosgesinfo.fr\/remiremontinfo\/wp-json\/wp\/v2\/types\/post"}],"author":[{"embeddable":true,"href":"https:\/\/vosgesinfo.fr\/remiremontinfo\/wp-json\/wp\/v2\/users\/407"}],"replies":[{"embeddable":true,"href":"https:\/\/vosgesinfo.fr\/remiremontinfo\/wp-json\/wp\/v2\/comments?post=38025"}],"version-history":[{"count":0,"href":"https:\/\/vosgesinfo.fr\/remiremontinfo\/wp-json\/wp\/v2\/posts\/38025\/revisions"}],"wp:featuredmedia":[{"embeddable":true,"href":"https:\/\/vosgesinfo.fr\/remiremontinfo\/wp-json\/wp\/v2\/media\/38026"}],"wp:attachment":[{"href":"https:\/\/vosgesinfo.fr\/remiremontinfo\/wp-json\/wp\/v2\/media?parent=38025"}],"wp:term":[{"taxonomy":"category","embeddable":true,"href":"https:\/\/vosgesinfo.fr\/remiremontinfo\/wp-json\/wp\/v2\/categories?post=38025"},{"taxonomy":"post_tag","embeddable":true,"href":"https:\/\/vosgesinfo.fr\/remiremontinfo\/wp-json\/wp\/v2\/tags?post=38025"}],"curies":[{"name":"wp","href":"https:\/\/api.w.org\/{rel}","templated":true}]}}