{"id":38031,"date":"2021-03-07T05:46:34","date_gmt":"2021-03-07T04:46:34","guid":{"rendered":"https:\/\/vosgesinfo.fr\/remiremontinfo\/2021\/03\/journee-famille-100-nature-animaux-25-avril-prochain\/"},"modified":"2021-03-07T05:46:34","modified_gmt":"2021-03-07T04:46:34","slug":"journee-famille-100-nature-animaux-25-avril-prochain","status":"publish","type":"post","link":"https:\/\/vosgesinfo.fr\/remiremontinfo\/2021\/03\/journee-famille-100-nature-animaux-25-avril-prochain\/","title":{"rendered":"\u00ab\u00a0Une journ\u00e9e famille 100% nature et animaux\u00a0\u00bb le 25 avril prochain"},"content":{"rendered":"<h2 style=\"text-align: center;\"><a href=\"\/2021\/03\/158361401_1042922102778085_584718684749773275_n.jpg\"><img decoding=\"async\" class=\"alignnone size-full wp-image-311045\" src=\"\/2021\/03\/158361401_1042922102778085_584718684749773275_n.jpg\" alt=\"158361401_1042922102778085_584718684749773275_n\" width=\"800\" height=\"533\" \/><\/a><\/h2>\n<h2><strong><span style=\"font-size: 12pt;\">L&rsquo;association \u00ab\u00a0D\u00e9fie ta nature\u00a0\u00bb de La Bresse et l&rsquo;association \u00ab\u00a0Des plumes aux pattes\u00a0\u00bb de Nol, sont partenaires pour proposer une \u00ab\u00a0Journ\u00e9e famille 100% nature et animaux\u00a0\u00bb. Celle ci aura lieu le 25 avril prochain. D\u00e9couvrez <a href=\"https:\/\/www.facebook.com\/events\/775575126419289\/\">l&rsquo;\u00e9v\u00e9nement Facebook ici.<\/a> Au programme\u00a0:<\/span><\/strong><\/h2>\n<p>&nbsp;<\/p>\n<p><i><b>De petit soigneur&#8230;<\/b><\/i><\/p>\n<p>Au coeur de la mini-ferme<\/p>\n<p>&#8211; D\u00e9couverte et soins des animaux domestiques de la mini-ferme,<\/p>\n<p>&#8211; Cocooning, pause c\u00e2line avec les animaux en fonction de vos envies et des leurs<\/p>\n<p>&#8211; Sensibilisation \u00e0 la communication du chien et \u00e0 ses \u00e9motions.<\/p>\n<p>Pr\u00e9paration d un mini-\u00e2ne ou mini-poney de b\u00e2t.<\/p>\n<p>&nbsp;<\/p>\n<p><i><b>A apprenti pisteur&#8230;<\/b><\/i><\/p>\n<p>Au c\u0153ur de la for\u00eat<\/p>\n<p>&#8211; Choix d&rsquo;un endroit agr\u00e9able pour pique-niquer<\/p>\n<p>&#8211; Orientation , lire une carte et utiliser une boussole<\/p>\n<p>&#8211; D\u00e9couverte des traces et des empreintes d\u2019animaux sauvages (qui peuvent ils \u00eatres ? Comment les rep\u00e9rer ? Leurs habitudes , devenir un Apprenti pisteur &#8230; )<\/p>\n<p>Retour \u00e0 la ferme et go\u00fbter offert<\/p>\n<p>&nbsp;<\/p>\n<p><i><b>Infos pratiques :<\/b><\/i><\/p>\n<p>Horaires : 10h \u00e0 16h<\/p>\n<p>Pr\u00e9voir le picnic dans un sac \u00e0 doc.<\/p>\n<p>Niveau de difficult\u00e9 de la balade nature adapt\u00e9 \u00e0 l&rsquo;\u00e2ge et \u00e0 la condition physique des participants.<\/p>\n<p>Pr\u00e9voir des chaussures ferm\u00e9es confortables et une tenue adapt\u00e9e \u00e0 la m\u00e9t\u00e9o.<\/p>\n<p>A partir de 4 ans.<\/p>\n<p>Pr\u00eat de porte-b\u00e9b\u00e9 possible pour les jeunes enfants.<\/p>\n<p>50\u20ac\/adulte<\/p>\n<p>30\u20ac\/enfant<\/p>\n<p>(famille nombreuse : Demi-tarif appliqu\u00e9 au 3\u00e8me enfant)<\/p>\n<p>Gratuit pour les moins de 4 ans<\/p>\n<p>&nbsp;<\/p>\n<p>Inscription par MP ou mail <a href=\"mailto:desplumesauxpattes@gmail.com\">desplumesauxpattes@gmail.com<\/a><\/p>\n","protected":false},"excerpt":{"rendered":"<p>L&rsquo;association \u00ab\u00a0D\u00e9fie ta nature\u00a0\u00bb de La Bresse et l&rsquo;association \u00ab\u00a0Des plumes aux pattes\u00a0\u00bb de Nol, sont partenaires pour proposer une [&hellip;]<\/p>\n","protected":false},"author":407,"featured_media":38032,"comment_status":"open","ping_status":"open","sticky":false,"template":"","format":"standard","meta":{"footnotes":""},"categories":[26,54,18],"tags":[],"class_list":["post-38031","post","type-post","status-publish","format-standard","has-post-thumbnail","hentry","category-a-la-une","category-loisirs","category-vosges"],"acf":[],"yoast_head":"<!-- This site is optimized with the Yoast SEO plugin v22.5 - https:\/\/yoast.com\/wordpress\/plugins\/seo\/ -->\n<title>\u00ab\u00a0Une journ\u00e9e famille 100% nature et animaux\u00a0\u00bb le 25 avril prochain - Remiremont Info<\/title>\n<meta name=\"robots\" content=\"index, follow, max-snippet:-1, max-image-preview:large, max-video-preview:-1\" \/>\n<link rel=\"canonical\" href=\"https:\/\/vosgesinfo.fr\/remiremontinfo\/2021\/03\/journee-famille-100-nature-animaux-25-avril-prochain\/\" \/>\n<meta name=\"twitter:card\" content=\"summary_large_image\" \/>\n<meta name=\"twitter:title\" content=\"\u00ab\u00a0Une journ\u00e9e famille 100% nature et animaux\u00a0\u00bb le 25 avril prochain - Remiremont Info\" \/>\n<meta name=\"twitter:description\" content=\"L&rsquo;association \u00ab\u00a0D\u00e9fie ta nature\u00a0\u00bb de La Bresse et l&rsquo;association \u00ab\u00a0Des plumes aux pattes\u00a0\u00bb de Nol, sont partenaires pour proposer une [&hellip;]\" \/>\n<meta name=\"twitter:image\" content=\"https:\/\/vosgesinfo.fr\/app\/uploads\/sites\/5\/2024\/09\/202103158361401-1042922102778085-584718684749773275-n1.jpg\" \/>\n<meta name=\"twitter:creator\" content=\"@VosgesInfo88\" \/>\n<meta name=\"twitter:site\" content=\"@VosgesInfo88\" \/>\n<meta name=\"twitter:label1\" content=\"\u00c9crit par\" \/>\n\t<meta name=\"twitter:data1\" content=\"C D\" \/>\n\t<meta name=\"twitter:label2\" content=\"Dur\u00e9e de lecture estim\u00e9e\" \/>\n\t<meta name=\"twitter:data2\" content=\"1 minute\" \/>\n<script type=\"application\/ld+json\" class=\"yoast-schema-graph\">{\"@context\":\"https:\/\/schema.org\",\"@graph\":[{\"@type\":\"Article\",\"@id\":\"https:\/\/vosgesinfo.fr\/remiremontinfo\/2021\/03\/journee-famille-100-nature-animaux-25-avril-prochain\/#article\",\"isPartOf\":{\"@id\":\"https:\/\/vosgesinfo.fr\/remiremontinfo\/2021\/03\/journee-famille-100-nature-animaux-25-avril-prochain\/\"},\"author\":{\"name\":\"C D\",\"@id\":\"https:\/\/vosgesinfo.fr\/remiremontinfo\/#\/schema\/person\/3bfd164d5218a185b1db68655a265316\"},\"headline\":\"\u00ab\u00a0Une journ\u00e9e famille 100% nature et animaux\u00a0\u00bb le 25 avril prochain\",\"datePublished\":\"2021-03-07T04:46:34+00:00\",\"dateModified\":\"2021-03-07T04:46:34+00:00\",\"mainEntityOfPage\":{\"@id\":\"https:\/\/vosgesinfo.fr\/remiremontinfo\/2021\/03\/journee-famille-100-nature-animaux-25-avril-prochain\/\"},\"wordCount\":256,\"commentCount\":0,\"publisher\":{\"@id\":\"https:\/\/vosgesinfo.fr\/remiremontinfo\/#organization\"},\"image\":{\"@id\":\"https:\/\/vosgesinfo.fr\/remiremontinfo\/2021\/03\/journee-famille-100-nature-animaux-25-avril-prochain\/#primaryimage\"},\"thumbnailUrl\":\"https:\/\/vosgesinfo.fr\/app\/uploads\/sites\/5\/2024\/09\/202103158361401-1042922102778085-584718684749773275-n1.jpg\",\"articleSection\":[\"A la Une\",\"Loisirs\",\"Vosges\"],\"inLanguage\":\"fr-FR\",\"potentialAction\":[{\"@type\":\"CommentAction\",\"name\":\"Comment\",\"target\":[\"https:\/\/vosgesinfo.fr\/remiremontinfo\/2021\/03\/journee-famille-100-nature-animaux-25-avril-prochain\/#respond\"]}]},{\"@type\":\"WebPage\",\"@id\":\"https:\/\/vosgesinfo.fr\/remiremontinfo\/2021\/03\/journee-famille-100-nature-animaux-25-avril-prochain\/\",\"url\":\"https:\/\/vosgesinfo.fr\/remiremontinfo\/2021\/03\/journee-famille-100-nature-animaux-25-avril-prochain\/\",\"name\":\"\u00ab\u00a0Une journ\u00e9e famille 100% nature et animaux\u00a0\u00bb le 25 avril prochain - Remiremont Info\",\"isPartOf\":{\"@id\":\"https:\/\/vosgesinfo.fr\/remiremontinfo\/#website\"},\"primaryImageOfPage\":{\"@id\":\"https:\/\/vosgesinfo.fr\/remiremontinfo\/2021\/03\/journee-famille-100-nature-animaux-25-avril-prochain\/#primaryimage\"},\"image\":{\"@id\":\"https:\/\/vosgesinfo.fr\/remiremontinfo\/2021\/03\/journee-famille-100-nature-animaux-25-avril-prochain\/#primaryimage\"},\"thumbnailUrl\":\"https:\/\/vosgesinfo.fr\/app\/uploads\/sites\/5\/2024\/09\/202103158361401-1042922102778085-584718684749773275-n1.jpg\",\"datePublished\":\"2021-03-07T04:46:34+00:00\",\"dateModified\":\"2021-03-07T04:46:34+00:00\",\"breadcrumb\":{\"@id\":\"https:\/\/vosgesinfo.fr\/remiremontinfo\/2021\/03\/journee-famille-100-nature-animaux-25-avril-prochain\/#breadcrumb\"},\"inLanguage\":\"fr-FR\",\"potentialAction\":[{\"@type\":\"ReadAction\",\"target\":[\"https:\/\/vosgesinfo.fr\/remiremontinfo\/2021\/03\/journee-famille-100-nature-animaux-25-avril-prochain\/\"]}]},{\"@type\":\"ImageObject\",\"inLanguage\":\"fr-FR\",\"@id\":\"https:\/\/vosgesinfo.fr\/remiremontinfo\/2021\/03\/journee-famille-100-nature-animaux-25-avril-prochain\/#primaryimage\",\"url\":\"https:\/\/vosgesinfo.fr\/app\/uploads\/sites\/5\/2024\/09\/202103158361401-1042922102778085-584718684749773275-n1.jpg\",\"contentUrl\":\"https:\/\/vosgesinfo.fr\/app\/uploads\/sites\/5\/2024\/09\/202103158361401-1042922102778085-584718684749773275-n1.jpg\",\"width\":800,\"height\":539},{\"@type\":\"BreadcrumbList\",\"@id\":\"https:\/\/vosgesinfo.fr\/remiremontinfo\/2021\/03\/journee-famille-100-nature-animaux-25-avril-prochain\/#breadcrumb\",\"itemListElement\":[{\"@type\":\"ListItem\",\"position\":1,\"name\":\"Home\",\"item\":\"https:\/\/vosgesinfo.fr\/remiremontinfo\/\"},{\"@type\":\"ListItem\",\"position\":2,\"name\":\"\u00ab\u00a0Une journ\u00e9e famille 100% nature et animaux\u00a0\u00bb le 25 avril prochain\"}]},{\"@type\":\"WebSite\",\"@id\":\"https:\/\/vosgesinfo.fr\/remiremontinfo\/#website\",\"url\":\"https:\/\/vosgesinfo.fr\/remiremontinfo\/\",\"name\":\"Remiremont Info\",\"description\":\"Toute l&#039;actualit\u00e9 de Remiremont\",\"publisher\":{\"@id\":\"https:\/\/vosgesinfo.fr\/remiremontinfo\/#organization\"},\"alternateName\":\"Toute l'actualit\u00e9 de Remiremont\",\"potentialAction\":[{\"@type\":\"SearchAction\",\"target\":{\"@type\":\"EntryPoint\",\"urlTemplate\":\"https:\/\/vosgesinfo.fr\/remiremontinfo\/?s={search_term_string}\"},\"query-input\":\"required name=search_term_string\"}],\"inLanguage\":\"fr-FR\"},{\"@type\":\"Organization\",\"@id\":\"https:\/\/vosgesinfo.fr\/remiremontinfo\/#organization\",\"name\":\"Remiremont Info\",\"url\":\"https:\/\/vosgesinfo.fr\/remiremontinfo\/\",\"logo\":{\"@type\":\"ImageObject\",\"inLanguage\":\"fr-FR\",\"@id\":\"https:\/\/vosgesinfo.fr\/remiremontinfo\/#\/schema\/logo\/image\/\",\"url\":\"https:\/\/vosgesinfo.fr\/app\/uploads\/sites\/5\/2023\/08\/favicon-remiremontinfo.png\",\"contentUrl\":\"https:\/\/vosgesinfo.fr\/app\/uploads\/sites\/5\/2023\/08\/favicon-remiremontinfo.png\",\"width\":512,\"height\":512,\"caption\":\"Remiremont Info\"},\"image\":{\"@id\":\"https:\/\/vosgesinfo.fr\/remiremontinfo\/#\/schema\/logo\/image\/\"},\"sameAs\":[\"https:\/\/www.facebook.com\/remiremontinfo\",\"https:\/\/x.com\/VosgesInfo88\",\"https:\/\/www.youtube.com\/@vosgesinfo\"]},{\"@type\":\"Person\",\"@id\":\"https:\/\/vosgesinfo.fr\/remiremontinfo\/#\/schema\/person\/3bfd164d5218a185b1db68655a265316\",\"name\":\"C D\",\"image\":{\"@type\":\"ImageObject\",\"inLanguage\":\"fr-FR\",\"@id\":\"https:\/\/vosgesinfo.fr\/remiremontinfo\/#\/schema\/person\/image\/\",\"url\":\"https:\/\/secure.gravatar.com\/avatar\/1f9a70007336511a47468b8f1c66f922b8b7cf617b02a31149ada43893a5d48f?s=96&d=mm&r=g\",\"contentUrl\":\"https:\/\/secure.gravatar.com\/avatar\/1f9a70007336511a47468b8f1c66f922b8b7cf617b02a31149ada43893a5d48f?s=96&d=mm&r=g\",\"caption\":\"C D\"},\"url\":\"https:\/\/vosgesinfo.fr\/remiremontinfo\/author\/cedric-drevet\/\"}]}<\/script>\n<!-- \/ Yoast SEO plugin. -->","yoast_head_json":{"title":"\u00ab\u00a0Une journ\u00e9e famille 100% nature et animaux\u00a0\u00bb le 25 avril prochain - Remiremont Info","robots":{"index":"index","follow":"follow","max-snippet":"max-snippet:-1","max-image-preview":"max-image-preview:large","max-video-preview":"max-video-preview:-1"},"canonical":"https:\/\/vosgesinfo.fr\/remiremontinfo\/2021\/03\/journee-famille-100-nature-animaux-25-avril-prochain\/","twitter_card":"summary_large_image","twitter_title":"\u00ab\u00a0Une journ\u00e9e famille 100% nature et animaux\u00a0\u00bb le 25 avril prochain - Remiremont Info","twitter_description":"L&rsquo;association \u00ab\u00a0D\u00e9fie ta nature\u00a0\u00bb de La Bresse et l&rsquo;association \u00ab\u00a0Des plumes aux pattes\u00a0\u00bb de Nol, sont partenaires pour proposer une [&hellip;]","twitter_image":"https:\/\/vosgesinfo.fr\/app\/uploads\/sites\/5\/2024\/09\/202103158361401-1042922102778085-584718684749773275-n1.jpg","twitter_creator":"@VosgesInfo88","twitter_site":"@VosgesInfo88","twitter_misc":{"\u00c9crit par":"C D","Dur\u00e9e de lecture estim\u00e9e":"1 minute"},"schema":{"@context":"https:\/\/schema.org","@graph":[{"@type":"Article","@id":"https:\/\/vosgesinfo.fr\/remiremontinfo\/2021\/03\/journee-famille-100-nature-animaux-25-avril-prochain\/#article","isPartOf":{"@id":"https:\/\/vosgesinfo.fr\/remiremontinfo\/2021\/03\/journee-famille-100-nature-animaux-25-avril-prochain\/"},"author":{"name":"C D","@id":"https:\/\/vosgesinfo.fr\/remiremontinfo\/#\/schema\/person\/3bfd164d5218a185b1db68655a265316"},"headline":"\u00ab\u00a0Une journ\u00e9e famille 100% nature et animaux\u00a0\u00bb le 25 avril prochain","datePublished":"2021-03-07T04:46:34+00:00","dateModified":"2021-03-07T04:46:34+00:00","mainEntityOfPage":{"@id":"https:\/\/vosgesinfo.fr\/remiremontinfo\/2021\/03\/journee-famille-100-nature-animaux-25-avril-prochain\/"},"wordCount":256,"commentCount":0,"publisher":{"@id":"https:\/\/vosgesinfo.fr\/remiremontinfo\/#organization"},"image":{"@id":"https:\/\/vosgesinfo.fr\/remiremontinfo\/2021\/03\/journee-famille-100-nature-animaux-25-avril-prochain\/#primaryimage"},"thumbnailUrl":"https:\/\/vosgesinfo.fr\/app\/uploads\/sites\/5\/2024\/09\/202103158361401-1042922102778085-584718684749773275-n1.jpg","articleSection":["A la Une","Loisirs","Vosges"],"inLanguage":"fr-FR","potentialAction":[{"@type":"CommentAction","name":"Comment","target":["https:\/\/vosgesinfo.fr\/remiremontinfo\/2021\/03\/journee-famille-100-nature-animaux-25-avril-prochain\/#respond"]}]},{"@type":"WebPage","@id":"https:\/\/vosgesinfo.fr\/remiremontinfo\/2021\/03\/journee-famille-100-nature-animaux-25-avril-prochain\/","url":"https:\/\/vosgesinfo.fr\/remiremontinfo\/2021\/03\/journee-famille-100-nature-animaux-25-avril-prochain\/","name":"\u00ab\u00a0Une journ\u00e9e famille 100% nature et animaux\u00a0\u00bb le 25 avril prochain - Remiremont Info","isPartOf":{"@id":"https:\/\/vosgesinfo.fr\/remiremontinfo\/#website"},"primaryImageOfPage":{"@id":"https:\/\/vosgesinfo.fr\/remiremontinfo\/2021\/03\/journee-famille-100-nature-animaux-25-avril-prochain\/#primaryimage"},"image":{"@id":"https:\/\/vosgesinfo.fr\/remiremontinfo\/2021\/03\/journee-famille-100-nature-animaux-25-avril-prochain\/#primaryimage"},"thumbnailUrl":"https:\/\/vosgesinfo.fr\/app\/uploads\/sites\/5\/2024\/09\/202103158361401-1042922102778085-584718684749773275-n1.jpg","datePublished":"2021-03-07T04:46:34+00:00","dateModified":"2021-03-07T04:46:34+00:00","breadcrumb":{"@id":"https:\/\/vosgesinfo.fr\/remiremontinfo\/2021\/03\/journee-famille-100-nature-animaux-25-avril-prochain\/#breadcrumb"},"inLanguage":"fr-FR","potentialAction":[{"@type":"ReadAction","target":["https:\/\/vosgesinfo.fr\/remiremontinfo\/2021\/03\/journee-famille-100-nature-animaux-25-avril-prochain\/"]}]},{"@type":"ImageObject","inLanguage":"fr-FR","@id":"https:\/\/vosgesinfo.fr\/remiremontinfo\/2021\/03\/journee-famille-100-nature-animaux-25-avril-prochain\/#primaryimage","url":"https:\/\/vosgesinfo.fr\/app\/uploads\/sites\/5\/2024\/09\/202103158361401-1042922102778085-584718684749773275-n1.jpg","contentUrl":"https:\/\/vosgesinfo.fr\/app\/uploads\/sites\/5\/2024\/09\/202103158361401-1042922102778085-584718684749773275-n1.jpg","width":800,"height":539},{"@type":"BreadcrumbList","@id":"https:\/\/vosgesinfo.fr\/remiremontinfo\/2021\/03\/journee-famille-100-nature-animaux-25-avril-prochain\/#breadcrumb","itemListElement":[{"@type":"ListItem","position":1,"name":"Home","item":"https:\/\/vosgesinfo.fr\/remiremontinfo\/"},{"@type":"ListItem","position":2,"name":"\u00ab\u00a0Une journ\u00e9e famille 100% nature et animaux\u00a0\u00bb le 25 avril prochain"}]},{"@type":"WebSite","@id":"https:\/\/vosgesinfo.fr\/remiremontinfo\/#website","url":"https:\/\/vosgesinfo.fr\/remiremontinfo\/","name":"Remiremont Info","description":"Toute l&#039;actualit\u00e9 de Remiremont","publisher":{"@id":"https:\/\/vosgesinfo.fr\/remiremontinfo\/#organization"},"alternateName":"Toute l'actualit\u00e9 de Remiremont","potentialAction":[{"@type":"SearchAction","target":{"@type":"EntryPoint","urlTemplate":"https:\/\/vosgesinfo.fr\/remiremontinfo\/?s={search_term_string}"},"query-input":"required name=search_term_string"}],"inLanguage":"fr-FR"},{"@type":"Organization","@id":"https:\/\/vosgesinfo.fr\/remiremontinfo\/#organization","name":"Remiremont Info","url":"https:\/\/vosgesinfo.fr\/remiremontinfo\/","logo":{"@type":"ImageObject","inLanguage":"fr-FR","@id":"https:\/\/vosgesinfo.fr\/remiremontinfo\/#\/schema\/logo\/image\/","url":"https:\/\/vosgesinfo.fr\/app\/uploads\/sites\/5\/2023\/08\/favicon-remiremontinfo.png","contentUrl":"https:\/\/vosgesinfo.fr\/app\/uploads\/sites\/5\/2023\/08\/favicon-remiremontinfo.png","width":512,"height":512,"caption":"Remiremont Info"},"image":{"@id":"https:\/\/vosgesinfo.fr\/remiremontinfo\/#\/schema\/logo\/image\/"},"sameAs":["https:\/\/www.facebook.com\/remiremontinfo","https:\/\/x.com\/VosgesInfo88","https:\/\/www.youtube.com\/@vosgesinfo"]},{"@type":"Person","@id":"https:\/\/vosgesinfo.fr\/remiremontinfo\/#\/schema\/person\/3bfd164d5218a185b1db68655a265316","name":"C D","image":{"@type":"ImageObject","inLanguage":"fr-FR","@id":"https:\/\/vosgesinfo.fr\/remiremontinfo\/#\/schema\/person\/image\/","url":"https:\/\/secure.gravatar.com\/avatar\/1f9a70007336511a47468b8f1c66f922b8b7cf617b02a31149ada43893a5d48f?s=96&d=mm&r=g","contentUrl":"https:\/\/secure.gravatar.com\/avatar\/1f9a70007336511a47468b8f1c66f922b8b7cf617b02a31149ada43893a5d48f?s=96&d=mm&r=g","caption":"C D"},"url":"https:\/\/vosgesinfo.fr\/remiremontinfo\/author\/cedric-drevet\/"}]}},"_links":{"self":[{"href":"https:\/\/vosgesinfo.fr\/remiremontinfo\/wp-json\/wp\/v2\/posts\/38031","targetHints":{"allow":["GET"]}}],"collection":[{"href":"https:\/\/vosgesinfo.fr\/remiremontinfo\/wp-json\/wp\/v2\/posts"}],"about":[{"href":"https:\/\/vosgesinfo.fr\/remiremontinfo\/wp-json\/wp\/v2\/types\/post"}],"author":[{"embeddable":true,"href":"https:\/\/vosgesinfo.fr\/remiremontinfo\/wp-json\/wp\/v2\/users\/407"}],"replies":[{"embeddable":true,"href":"https:\/\/vosgesinfo.fr\/remiremontinfo\/wp-json\/wp\/v2\/comments?post=38031"}],"version-history":[{"count":0,"href":"https:\/\/vosgesinfo.fr\/remiremontinfo\/wp-json\/wp\/v2\/posts\/38031\/revisions"}],"wp:featuredmedia":[{"embeddable":true,"href":"https:\/\/vosgesinfo.fr\/remiremontinfo\/wp-json\/wp\/v2\/media\/38032"}],"wp:attachment":[{"href":"https:\/\/vosgesinfo.fr\/remiremontinfo\/wp-json\/wp\/v2\/media?parent=38031"}],"wp:term":[{"taxonomy":"category","embeddable":true,"href":"https:\/\/vosgesinfo.fr\/remiremontinfo\/wp-json\/wp\/v2\/categories?post=38031"},{"taxonomy":"post_tag","embeddable":true,"href":"https:\/\/vosgesinfo.fr\/remiremontinfo\/wp-json\/wp\/v2\/tags?post=38031"}],"curies":[{"name":"wp","href":"https:\/\/api.w.org\/{rel}","templated":true}]}}