{"id":38551,"date":"2021-03-22T09:00:09","date_gmt":"2021-03-22T08:00:09","guid":{"rendered":"https:\/\/vosgesinfo.fr\/remiremontinfo\/2021\/03\/vosges-de-nombreux-figurants-recherches-nouvelle-serie-de-tf1-combattantes\/"},"modified":"2021-03-22T09:00:09","modified_gmt":"2021-03-22T08:00:09","slug":"vosges-de-nombreux-figurants-recherches-nouvelle-serie-de-tf1-combattantes","status":"publish","type":"post","link":"https:\/\/vosgesinfo.fr\/remiremontinfo\/2021\/03\/vosges-de-nombreux-figurants-recherches-nouvelle-serie-de-tf1-combattantes\/","title":{"rendered":"Vosges\u00a0: de nombreux figurants recherch\u00e9s pour la nouvelle s\u00e9rie de TF1 \u00ab Les Combattantes \u00bb"},"content":{"rendered":"<p style=\"text-align: center;\"><a href=\"\/2021\/03\/camera-973107_1280.jpg\"><img decoding=\"async\" class=\"alignnone size-full wp-image-312346\" src=\"\/2021\/03\/camera-973107_1280.jpg\" alt=\"camera-973107_1280\" width=\"800\" height=\"599\" \/><\/a><\/p>\n<p style=\"text-align: left;\"><span style=\"font-size: 10pt;\"><em>Photo d&rsquo;illustration<\/em><\/span><\/p>\n<h2><span style=\"font-size: 12pt;\"><strong>\u00ab Les Combattantes \u00bb, est une nouvelle s\u00e9rie \u00ab d\u2019\u00e9poque \u00bb, suite au fort succ\u00e8s du \u00ab Bazar de la Charit\u00e9 \u00bb. La guerre de 14-18 est le cadre temporel de cette nouvelle production. \u00ab La s\u00e9rie suivra le destin de quatre femmes (une prostitu\u00e9e, une nonne, une patronne d\u2019industrie et une infirmi\u00e8re) durant la Premi\u00e8re Guerre Mondiale, qui a \u00e9t\u00e9 une p\u00e9riode d\u2019\u00e9mancipation pour elles \u00bb, selon Allocin\u00e9.fr.<\/strong><\/span><\/h2>\n<p>Pour les besoins de la r\u00e9alisation de cette s\u00e9rie TF1, un casting a \u00e9t\u00e9 lanc\u00e9, relay\u00e9 par la municipalit\u00e9 de Plombi\u00e8res. Une partie du tournage va se d\u00e9rouler dans cette ville au patrimoine, notamment architectural, si particulier.<\/p>\n<p><em>\u00ab La production recherche un grand nombre d\u2019hommes et de femmes (entre 16 et 80 ans) pour de la figuration. Tournage aux alentours de Senones, Gerardmer et Plombi\u00e8res-les-Bains dans le d\u00e9partement des Vosges, un \u00e0 plusieurs jours entre le 12 mai et le 13 juillet 2021, essayage costume en amont.<\/em><\/p>\n<p><em>Pour postuler, merci d\u2019envoyer \u00e0 l\u2019adresse suivante :<\/em><\/p>\n<p><em>castinglescombattantes@gmail.com<\/em><\/p>\n<p><em>&#8211; Quelques photos r\u00e9centes de vous (portrait + en pied)<\/em><\/p>\n<p><em>&#8211; Vos coordonn\u00e9es + descriptif physique (Nom, Pr\u00e9nom, Adresse, T\u00e9l\u00e9phone, Date de naissance, Taille, Poids, Pointure, V\u00e9hicul\u00e9 ou non, Tatouages ou non)<\/em><\/p>\n<p><em>&#8211; Vos indisponibilit\u00e9s sur la p\u00e9riode du 12 mai au 13 juillet 2021\u00a0\u00bb<\/em><\/p>\n","protected":false},"excerpt":{"rendered":"<p>Photo d&rsquo;illustration \u00ab Les Combattantes \u00bb, est une nouvelle s\u00e9rie \u00ab d\u2019\u00e9poque \u00bb, suite au fort succ\u00e8s du \u00ab Bazar [&hellip;]<\/p>\n","protected":false},"author":407,"featured_media":38552,"comment_status":"open","ping_status":"open","sticky":false,"template":"","format":"standard","meta":{"footnotes":""},"categories":[26,4,18],"tags":[],"class_list":["post-38551","post","type-post","status-publish","format-standard","has-post-thumbnail","hentry","category-a-la-une","category-culture","category-vosges"],"acf":[],"yoast_head":"<!-- This site is optimized with the Yoast SEO plugin v22.5 - https:\/\/yoast.com\/wordpress\/plugins\/seo\/ -->\n<title>Vosges\u00a0: de nombreux figurants recherch\u00e9s pour la nouvelle s\u00e9rie de TF1 \u00ab Les Combattantes \u00bb - Remiremont Info<\/title>\n<meta name=\"robots\" content=\"index, follow, max-snippet:-1, max-image-preview:large, max-video-preview:-1\" \/>\n<link rel=\"canonical\" href=\"https:\/\/vosgesinfo.fr\/remiremontinfo\/2021\/03\/vosges-de-nombreux-figurants-recherches-nouvelle-serie-de-tf1-combattantes\/\" \/>\n<meta name=\"twitter:card\" content=\"summary_large_image\" \/>\n<meta name=\"twitter:title\" content=\"Vosges\u00a0: de nombreux figurants recherch\u00e9s pour la nouvelle s\u00e9rie de TF1 \u00ab Les Combattantes \u00bb - Remiremont Info\" \/>\n<meta name=\"twitter:description\" content=\"Photo d&rsquo;illustration \u00ab Les Combattantes \u00bb, est une nouvelle s\u00e9rie \u00ab d\u2019\u00e9poque \u00bb, suite au fort succ\u00e8s du \u00ab Bazar [&hellip;]\" \/>\n<meta name=\"twitter:image\" content=\"https:\/\/vosgesinfo.fr\/app\/uploads\/sites\/5\/2024\/09\/202103camera-973107-1280.jpg\" \/>\n<meta name=\"twitter:creator\" content=\"@VosgesInfo88\" \/>\n<meta name=\"twitter:site\" content=\"@VosgesInfo88\" \/>\n<meta name=\"twitter:label1\" content=\"\u00c9crit par\" \/>\n\t<meta name=\"twitter:data1\" content=\"C D\" \/>\n\t<meta name=\"twitter:label2\" content=\"Dur\u00e9e de lecture estim\u00e9e\" \/>\n\t<meta name=\"twitter:data2\" content=\"1 minute\" \/>\n<script type=\"application\/ld+json\" class=\"yoast-schema-graph\">{\"@context\":\"https:\/\/schema.org\",\"@graph\":[{\"@type\":\"Article\",\"@id\":\"https:\/\/vosgesinfo.fr\/remiremontinfo\/2021\/03\/vosges-de-nombreux-figurants-recherches-nouvelle-serie-de-tf1-combattantes\/#article\",\"isPartOf\":{\"@id\":\"https:\/\/vosgesinfo.fr\/remiremontinfo\/2021\/03\/vosges-de-nombreux-figurants-recherches-nouvelle-serie-de-tf1-combattantes\/\"},\"author\":{\"name\":\"C D\",\"@id\":\"https:\/\/vosgesinfo.fr\/remiremontinfo\/#\/schema\/person\/3bfd164d5218a185b1db68655a265316\"},\"headline\":\"Vosges\u00a0: de nombreux figurants recherch\u00e9s pour la nouvelle s\u00e9rie de TF1 \u00ab Les Combattantes \u00bb\",\"datePublished\":\"2021-03-22T08:00:09+00:00\",\"dateModified\":\"2021-03-22T08:00:09+00:00\",\"mainEntityOfPage\":{\"@id\":\"https:\/\/vosgesinfo.fr\/remiremontinfo\/2021\/03\/vosges-de-nombreux-figurants-recherches-nouvelle-serie-de-tf1-combattantes\/\"},\"wordCount\":236,\"commentCount\":0,\"publisher\":{\"@id\":\"https:\/\/vosgesinfo.fr\/remiremontinfo\/#organization\"},\"image\":{\"@id\":\"https:\/\/vosgesinfo.fr\/remiremontinfo\/2021\/03\/vosges-de-nombreux-figurants-recherches-nouvelle-serie-de-tf1-combattantes\/#primaryimage\"},\"thumbnailUrl\":\"https:\/\/vosgesinfo.fr\/app\/uploads\/sites\/5\/2024\/09\/202103camera-973107-1280.jpg\",\"articleSection\":[\"A la Une\",\"Culture\",\"Vosges\"],\"inLanguage\":\"fr-FR\",\"potentialAction\":[{\"@type\":\"CommentAction\",\"name\":\"Comment\",\"target\":[\"https:\/\/vosgesinfo.fr\/remiremontinfo\/2021\/03\/vosges-de-nombreux-figurants-recherches-nouvelle-serie-de-tf1-combattantes\/#respond\"]}]},{\"@type\":\"WebPage\",\"@id\":\"https:\/\/vosgesinfo.fr\/remiremontinfo\/2021\/03\/vosges-de-nombreux-figurants-recherches-nouvelle-serie-de-tf1-combattantes\/\",\"url\":\"https:\/\/vosgesinfo.fr\/remiremontinfo\/2021\/03\/vosges-de-nombreux-figurants-recherches-nouvelle-serie-de-tf1-combattantes\/\",\"name\":\"Vosges\u00a0: de nombreux figurants recherch\u00e9s pour la nouvelle s\u00e9rie de TF1 \u00ab Les Combattantes \u00bb - Remiremont Info\",\"isPartOf\":{\"@id\":\"https:\/\/vosgesinfo.fr\/remiremontinfo\/#website\"},\"primaryImageOfPage\":{\"@id\":\"https:\/\/vosgesinfo.fr\/remiremontinfo\/2021\/03\/vosges-de-nombreux-figurants-recherches-nouvelle-serie-de-tf1-combattantes\/#primaryimage\"},\"image\":{\"@id\":\"https:\/\/vosgesinfo.fr\/remiremontinfo\/2021\/03\/vosges-de-nombreux-figurants-recherches-nouvelle-serie-de-tf1-combattantes\/#primaryimage\"},\"thumbnailUrl\":\"https:\/\/vosgesinfo.fr\/app\/uploads\/sites\/5\/2024\/09\/202103camera-973107-1280.jpg\",\"datePublished\":\"2021-03-22T08:00:09+00:00\",\"dateModified\":\"2021-03-22T08:00:09+00:00\",\"breadcrumb\":{\"@id\":\"https:\/\/vosgesinfo.fr\/remiremontinfo\/2021\/03\/vosges-de-nombreux-figurants-recherches-nouvelle-serie-de-tf1-combattantes\/#breadcrumb\"},\"inLanguage\":\"fr-FR\",\"potentialAction\":[{\"@type\":\"ReadAction\",\"target\":[\"https:\/\/vosgesinfo.fr\/remiremontinfo\/2021\/03\/vosges-de-nombreux-figurants-recherches-nouvelle-serie-de-tf1-combattantes\/\"]}]},{\"@type\":\"ImageObject\",\"inLanguage\":\"fr-FR\",\"@id\":\"https:\/\/vosgesinfo.fr\/remiremontinfo\/2021\/03\/vosges-de-nombreux-figurants-recherches-nouvelle-serie-de-tf1-combattantes\/#primaryimage\",\"url\":\"https:\/\/vosgesinfo.fr\/app\/uploads\/sites\/5\/2024\/09\/202103camera-973107-1280.jpg\",\"contentUrl\":\"https:\/\/vosgesinfo.fr\/app\/uploads\/sites\/5\/2024\/09\/202103camera-973107-1280.jpg\",\"width\":800,\"height\":599},{\"@type\":\"BreadcrumbList\",\"@id\":\"https:\/\/vosgesinfo.fr\/remiremontinfo\/2021\/03\/vosges-de-nombreux-figurants-recherches-nouvelle-serie-de-tf1-combattantes\/#breadcrumb\",\"itemListElement\":[{\"@type\":\"ListItem\",\"position\":1,\"name\":\"Home\",\"item\":\"https:\/\/vosgesinfo.fr\/remiremontinfo\/\"},{\"@type\":\"ListItem\",\"position\":2,\"name\":\"Vosges\u00a0: de nombreux figurants recherch\u00e9s pour la nouvelle s\u00e9rie de TF1 \u00ab Les Combattantes \u00bb\"}]},{\"@type\":\"WebSite\",\"@id\":\"https:\/\/vosgesinfo.fr\/remiremontinfo\/#website\",\"url\":\"https:\/\/vosgesinfo.fr\/remiremontinfo\/\",\"name\":\"Remiremont Info\",\"description\":\"Toute l&#039;actualit\u00e9 de Remiremont\",\"publisher\":{\"@id\":\"https:\/\/vosgesinfo.fr\/remiremontinfo\/#organization\"},\"alternateName\":\"Toute l'actualit\u00e9 de Remiremont\",\"potentialAction\":[{\"@type\":\"SearchAction\",\"target\":{\"@type\":\"EntryPoint\",\"urlTemplate\":\"https:\/\/vosgesinfo.fr\/remiremontinfo\/?s={search_term_string}\"},\"query-input\":\"required name=search_term_string\"}],\"inLanguage\":\"fr-FR\"},{\"@type\":\"Organization\",\"@id\":\"https:\/\/vosgesinfo.fr\/remiremontinfo\/#organization\",\"name\":\"Remiremont Info\",\"url\":\"https:\/\/vosgesinfo.fr\/remiremontinfo\/\",\"logo\":{\"@type\":\"ImageObject\",\"inLanguage\":\"fr-FR\",\"@id\":\"https:\/\/vosgesinfo.fr\/remiremontinfo\/#\/schema\/logo\/image\/\",\"url\":\"https:\/\/vosgesinfo.fr\/app\/uploads\/sites\/5\/2023\/08\/favicon-remiremontinfo.png\",\"contentUrl\":\"https:\/\/vosgesinfo.fr\/app\/uploads\/sites\/5\/2023\/08\/favicon-remiremontinfo.png\",\"width\":512,\"height\":512,\"caption\":\"Remiremont Info\"},\"image\":{\"@id\":\"https:\/\/vosgesinfo.fr\/remiremontinfo\/#\/schema\/logo\/image\/\"},\"sameAs\":[\"https:\/\/www.facebook.com\/remiremontinfo\",\"https:\/\/x.com\/VosgesInfo88\",\"https:\/\/www.youtube.com\/@vosgesinfo\"]},{\"@type\":\"Person\",\"@id\":\"https:\/\/vosgesinfo.fr\/remiremontinfo\/#\/schema\/person\/3bfd164d5218a185b1db68655a265316\",\"name\":\"C D\",\"image\":{\"@type\":\"ImageObject\",\"inLanguage\":\"fr-FR\",\"@id\":\"https:\/\/vosgesinfo.fr\/remiremontinfo\/#\/schema\/person\/image\/\",\"url\":\"https:\/\/secure.gravatar.com\/avatar\/1f9a70007336511a47468b8f1c66f922b8b7cf617b02a31149ada43893a5d48f?s=96&d=mm&r=g\",\"contentUrl\":\"https:\/\/secure.gravatar.com\/avatar\/1f9a70007336511a47468b8f1c66f922b8b7cf617b02a31149ada43893a5d48f?s=96&d=mm&r=g\",\"caption\":\"C D\"},\"url\":\"https:\/\/vosgesinfo.fr\/remiremontinfo\/author\/cedric-drevet\/\"}]}<\/script>\n<!-- \/ Yoast SEO plugin. -->","yoast_head_json":{"title":"Vosges\u00a0: de nombreux figurants recherch\u00e9s pour la nouvelle s\u00e9rie de TF1 \u00ab Les Combattantes \u00bb - Remiremont Info","robots":{"index":"index","follow":"follow","max-snippet":"max-snippet:-1","max-image-preview":"max-image-preview:large","max-video-preview":"max-video-preview:-1"},"canonical":"https:\/\/vosgesinfo.fr\/remiremontinfo\/2021\/03\/vosges-de-nombreux-figurants-recherches-nouvelle-serie-de-tf1-combattantes\/","twitter_card":"summary_large_image","twitter_title":"Vosges\u00a0: de nombreux figurants recherch\u00e9s pour la nouvelle s\u00e9rie de TF1 \u00ab Les Combattantes \u00bb - Remiremont Info","twitter_description":"Photo d&rsquo;illustration \u00ab Les Combattantes \u00bb, est une nouvelle s\u00e9rie \u00ab d\u2019\u00e9poque \u00bb, suite au fort succ\u00e8s du \u00ab Bazar [&hellip;]","twitter_image":"https:\/\/vosgesinfo.fr\/app\/uploads\/sites\/5\/2024\/09\/202103camera-973107-1280.jpg","twitter_creator":"@VosgesInfo88","twitter_site":"@VosgesInfo88","twitter_misc":{"\u00c9crit par":"C D","Dur\u00e9e de lecture estim\u00e9e":"1 minute"},"schema":{"@context":"https:\/\/schema.org","@graph":[{"@type":"Article","@id":"https:\/\/vosgesinfo.fr\/remiremontinfo\/2021\/03\/vosges-de-nombreux-figurants-recherches-nouvelle-serie-de-tf1-combattantes\/#article","isPartOf":{"@id":"https:\/\/vosgesinfo.fr\/remiremontinfo\/2021\/03\/vosges-de-nombreux-figurants-recherches-nouvelle-serie-de-tf1-combattantes\/"},"author":{"name":"C D","@id":"https:\/\/vosgesinfo.fr\/remiremontinfo\/#\/schema\/person\/3bfd164d5218a185b1db68655a265316"},"headline":"Vosges\u00a0: de nombreux figurants recherch\u00e9s pour la nouvelle s\u00e9rie de TF1 \u00ab Les Combattantes \u00bb","datePublished":"2021-03-22T08:00:09+00:00","dateModified":"2021-03-22T08:00:09+00:00","mainEntityOfPage":{"@id":"https:\/\/vosgesinfo.fr\/remiremontinfo\/2021\/03\/vosges-de-nombreux-figurants-recherches-nouvelle-serie-de-tf1-combattantes\/"},"wordCount":236,"commentCount":0,"publisher":{"@id":"https:\/\/vosgesinfo.fr\/remiremontinfo\/#organization"},"image":{"@id":"https:\/\/vosgesinfo.fr\/remiremontinfo\/2021\/03\/vosges-de-nombreux-figurants-recherches-nouvelle-serie-de-tf1-combattantes\/#primaryimage"},"thumbnailUrl":"https:\/\/vosgesinfo.fr\/app\/uploads\/sites\/5\/2024\/09\/202103camera-973107-1280.jpg","articleSection":["A la Une","Culture","Vosges"],"inLanguage":"fr-FR","potentialAction":[{"@type":"CommentAction","name":"Comment","target":["https:\/\/vosgesinfo.fr\/remiremontinfo\/2021\/03\/vosges-de-nombreux-figurants-recherches-nouvelle-serie-de-tf1-combattantes\/#respond"]}]},{"@type":"WebPage","@id":"https:\/\/vosgesinfo.fr\/remiremontinfo\/2021\/03\/vosges-de-nombreux-figurants-recherches-nouvelle-serie-de-tf1-combattantes\/","url":"https:\/\/vosgesinfo.fr\/remiremontinfo\/2021\/03\/vosges-de-nombreux-figurants-recherches-nouvelle-serie-de-tf1-combattantes\/","name":"Vosges\u00a0: de nombreux figurants recherch\u00e9s pour la nouvelle s\u00e9rie de TF1 \u00ab Les Combattantes \u00bb - Remiremont Info","isPartOf":{"@id":"https:\/\/vosgesinfo.fr\/remiremontinfo\/#website"},"primaryImageOfPage":{"@id":"https:\/\/vosgesinfo.fr\/remiremontinfo\/2021\/03\/vosges-de-nombreux-figurants-recherches-nouvelle-serie-de-tf1-combattantes\/#primaryimage"},"image":{"@id":"https:\/\/vosgesinfo.fr\/remiremontinfo\/2021\/03\/vosges-de-nombreux-figurants-recherches-nouvelle-serie-de-tf1-combattantes\/#primaryimage"},"thumbnailUrl":"https:\/\/vosgesinfo.fr\/app\/uploads\/sites\/5\/2024\/09\/202103camera-973107-1280.jpg","datePublished":"2021-03-22T08:00:09+00:00","dateModified":"2021-03-22T08:00:09+00:00","breadcrumb":{"@id":"https:\/\/vosgesinfo.fr\/remiremontinfo\/2021\/03\/vosges-de-nombreux-figurants-recherches-nouvelle-serie-de-tf1-combattantes\/#breadcrumb"},"inLanguage":"fr-FR","potentialAction":[{"@type":"ReadAction","target":["https:\/\/vosgesinfo.fr\/remiremontinfo\/2021\/03\/vosges-de-nombreux-figurants-recherches-nouvelle-serie-de-tf1-combattantes\/"]}]},{"@type":"ImageObject","inLanguage":"fr-FR","@id":"https:\/\/vosgesinfo.fr\/remiremontinfo\/2021\/03\/vosges-de-nombreux-figurants-recherches-nouvelle-serie-de-tf1-combattantes\/#primaryimage","url":"https:\/\/vosgesinfo.fr\/app\/uploads\/sites\/5\/2024\/09\/202103camera-973107-1280.jpg","contentUrl":"https:\/\/vosgesinfo.fr\/app\/uploads\/sites\/5\/2024\/09\/202103camera-973107-1280.jpg","width":800,"height":599},{"@type":"BreadcrumbList","@id":"https:\/\/vosgesinfo.fr\/remiremontinfo\/2021\/03\/vosges-de-nombreux-figurants-recherches-nouvelle-serie-de-tf1-combattantes\/#breadcrumb","itemListElement":[{"@type":"ListItem","position":1,"name":"Home","item":"https:\/\/vosgesinfo.fr\/remiremontinfo\/"},{"@type":"ListItem","position":2,"name":"Vosges\u00a0: de nombreux figurants recherch\u00e9s pour la nouvelle s\u00e9rie de TF1 \u00ab Les Combattantes \u00bb"}]},{"@type":"WebSite","@id":"https:\/\/vosgesinfo.fr\/remiremontinfo\/#website","url":"https:\/\/vosgesinfo.fr\/remiremontinfo\/","name":"Remiremont Info","description":"Toute l&#039;actualit\u00e9 de Remiremont","publisher":{"@id":"https:\/\/vosgesinfo.fr\/remiremontinfo\/#organization"},"alternateName":"Toute l'actualit\u00e9 de Remiremont","potentialAction":[{"@type":"SearchAction","target":{"@type":"EntryPoint","urlTemplate":"https:\/\/vosgesinfo.fr\/remiremontinfo\/?s={search_term_string}"},"query-input":"required name=search_term_string"}],"inLanguage":"fr-FR"},{"@type":"Organization","@id":"https:\/\/vosgesinfo.fr\/remiremontinfo\/#organization","name":"Remiremont Info","url":"https:\/\/vosgesinfo.fr\/remiremontinfo\/","logo":{"@type":"ImageObject","inLanguage":"fr-FR","@id":"https:\/\/vosgesinfo.fr\/remiremontinfo\/#\/schema\/logo\/image\/","url":"https:\/\/vosgesinfo.fr\/app\/uploads\/sites\/5\/2023\/08\/favicon-remiremontinfo.png","contentUrl":"https:\/\/vosgesinfo.fr\/app\/uploads\/sites\/5\/2023\/08\/favicon-remiremontinfo.png","width":512,"height":512,"caption":"Remiremont Info"},"image":{"@id":"https:\/\/vosgesinfo.fr\/remiremontinfo\/#\/schema\/logo\/image\/"},"sameAs":["https:\/\/www.facebook.com\/remiremontinfo","https:\/\/x.com\/VosgesInfo88","https:\/\/www.youtube.com\/@vosgesinfo"]},{"@type":"Person","@id":"https:\/\/vosgesinfo.fr\/remiremontinfo\/#\/schema\/person\/3bfd164d5218a185b1db68655a265316","name":"C D","image":{"@type":"ImageObject","inLanguage":"fr-FR","@id":"https:\/\/vosgesinfo.fr\/remiremontinfo\/#\/schema\/person\/image\/","url":"https:\/\/secure.gravatar.com\/avatar\/1f9a70007336511a47468b8f1c66f922b8b7cf617b02a31149ada43893a5d48f?s=96&d=mm&r=g","contentUrl":"https:\/\/secure.gravatar.com\/avatar\/1f9a70007336511a47468b8f1c66f922b8b7cf617b02a31149ada43893a5d48f?s=96&d=mm&r=g","caption":"C D"},"url":"https:\/\/vosgesinfo.fr\/remiremontinfo\/author\/cedric-drevet\/"}]}},"_links":{"self":[{"href":"https:\/\/vosgesinfo.fr\/remiremontinfo\/wp-json\/wp\/v2\/posts\/38551","targetHints":{"allow":["GET"]}}],"collection":[{"href":"https:\/\/vosgesinfo.fr\/remiremontinfo\/wp-json\/wp\/v2\/posts"}],"about":[{"href":"https:\/\/vosgesinfo.fr\/remiremontinfo\/wp-json\/wp\/v2\/types\/post"}],"author":[{"embeddable":true,"href":"https:\/\/vosgesinfo.fr\/remiremontinfo\/wp-json\/wp\/v2\/users\/407"}],"replies":[{"embeddable":true,"href":"https:\/\/vosgesinfo.fr\/remiremontinfo\/wp-json\/wp\/v2\/comments?post=38551"}],"version-history":[{"count":0,"href":"https:\/\/vosgesinfo.fr\/remiremontinfo\/wp-json\/wp\/v2\/posts\/38551\/revisions"}],"wp:featuredmedia":[{"embeddable":true,"href":"https:\/\/vosgesinfo.fr\/remiremontinfo\/wp-json\/wp\/v2\/media\/38552"}],"wp:attachment":[{"href":"https:\/\/vosgesinfo.fr\/remiremontinfo\/wp-json\/wp\/v2\/media?parent=38551"}],"wp:term":[{"taxonomy":"category","embeddable":true,"href":"https:\/\/vosgesinfo.fr\/remiremontinfo\/wp-json\/wp\/v2\/categories?post=38551"},{"taxonomy":"post_tag","embeddable":true,"href":"https:\/\/vosgesinfo.fr\/remiremontinfo\/wp-json\/wp\/v2\/tags?post=38551"}],"curies":[{"name":"wp","href":"https:\/\/api.w.org\/{rel}","templated":true}]}}