{"id":3929,"date":"2024-01-24T14:26:32","date_gmt":"2024-01-24T13:26:32","guid":{"rendered":"https:\/\/vosgesinfo.fr\/remiremontinfo\/2024\/01\/le-val-dajol-27-dossiers-a-lordre-du-jour-lors-du-conseil-municipal-ce-jeudi\/"},"modified":"2024-02-13T18:35:56","modified_gmt":"2024-02-13T17:35:56","slug":"le-val-dajol-27-dossiers-a-lordre-du-jour-lors-du-conseil-municipal-ce-jeudi","status":"publish","type":"post","link":"https:\/\/vosgesinfo.fr\/remiremontinfo\/2024\/01\/le-val-dajol-27-dossiers-a-lordre-du-jour-lors-du-conseil-municipal-ce-jeudi\/","title":{"rendered":"Le Val d&rsquo;Ajol &#8211; 27 dossiers \u00e0 l&rsquo;ordre du jour lors du conseil municipal ce jeudi"},"content":{"rendered":"<h2><span style=\"font-size: 14pt\">27 dossiers \u00e0 l&rsquo;ordre du jour lors du conseil municipal\u00a0 du Val d&rsquo;Ajol ce jeudi 25 janvier :\u00a0<\/span><\/h2>\n<p>1 &#8211;\u00a0 Approbation proc\u00e8s-verbal du 16 novembre 2023<\/p>\n<p>2 &#8211; Compte rendu des d\u00e9cisions prises par le Maire suite aux d\u00e9l\u00e9gations de pouvoir qui lui ont \u00e9t\u00e9 confi\u00e9es<\/p>\n<p>3 &#8211; Octroi d\u2019une subvention \u2013 Comit\u00e9 de Foire et d\u2019Animation<\/p>\n<p>4 &#8211; Versement d\u2019un acompte sur la subvention qui sera allou\u00e9e au CCAS<\/p>\n<p>5 &#8211; Approbation du tableau des effectifs au 1er janvier<\/p>\n<p>6 &#8211; Commission Communale d\u2019Am\u00e9nagement Foncier<\/p>\n<p>7 &#8211; SPL XDEMAT : autorisation de renouveler la convention des prestations int\u00e9gr\u00e9es pour l\u2019utilisation des outils de d\u00e9mat\u00e9rialisation<\/p>\n<p>8 &#8211; CCPVM : Rapport d\u2019activit\u00e9 2022<\/p>\n<p>9 &#8211; Autorisation d\u2019engager les d\u00e9penses \u00e0 imputer \u00e0 l\u2019article 6232 \u00ab F\u00eates &amp; c\u00e9r\u00e9monies \u00bb<\/p>\n<p>10 &#8211; Prise en charge des frais de d\u00e9placement et de s\u00e9jour des \u00e9lus<\/p>\n<p>11\u00a0 &#8211; Adoption du r\u00e8glement int\u00e9rieur<\/p>\n<p>12 &#8211; D\u00e9cision budg\u00e9taire : mise en \u0153uvre de la M57 au 1er janvier 2024 : adoption du R\u00e8glement Budg\u00e9taire Financier (RBF)<\/p>\n<p>13 &#8211; Ressources humaines : Prime au Pouvoir d\u2019Achat<\/p>\n<p>14 &#8211; D\u00e9cision financi\u00e8re : Toilettage d\u00e9lib\u00e9ration du 27 juillet 1988 portant sur les bons d\u2019\u00e9pargne d\u00e9livr\u00e9s en faveur des nouveaux n\u00e9s<\/p>\n<p>15 &#8211; Constitution de la Commission Communale des Imp\u00f4ts Directs<\/p>\n<p>16 &#8211; Adoption du r\u00e8glement g\u00e9n\u00e9ral de location des salles (Foyer rural, Courupt et Salle culturelle et de spectacles\u2026.)<\/p>\n<p>17 &#8211; Ressources humaines : modification du tableau des effectifs<\/p>\n<p>18 &#8211; SRAV : autorisation de signer la convention avec la CCPVM<\/p>\n<p>19 &#8211; Camping \u00ab A L\u2019or\u00e9e du Bois \u00bb : avenant \u00e0 la convention d\u2019AOT sign\u00e9e<\/p>\n<p>20 &#8211; Parcelles bois\u00e9es : acquisitions de parcelles lieudit La C\u00f4te S\u00e8che, C\u00f4te d&rsquo;Agnal<\/p>\n<p>21 &#8211;\u00a0 SDEV \u2013 Valorisation des dossiers de CEE \u2013 autorisation de signer la convention de groupement<\/p>\n<p>22 &#8211; SDF \u2013 Demande de subventions fonds verts<\/p>\n<p>23 &#8211; Recensement INSEE 2024 -agents recenseurs<\/p>\n<p>24 &#8211; Autorisation d\u2019engager, liquider &amp; mandater les d\u00e9penses d\u2019investissement dans l\u2019attente du vote du BP 2024 pour le budget principal<\/p>\n<p>25 &#8211; Demande de subvention Fonds Vert &#8211; Renouv\u00e8lement de l\u2019\u00e9clairage urbain<\/p>\n<p>26 &#8211; D\u00e9l\u00e9gation de pouvoirs au Maire : modification de la d\u00e9lib\u00e9ration<\/p>\n<p>27 &#8211; Gratification communale exceptionnelle au profit des bacheliers ajolais avec mention Tr\u00e8s bien et Bien.<\/p>\n","protected":false},"excerpt":{"rendered":"<p>27 dossiers \u00e0 l&rsquo;ordre du jour lors du conseil municipal\u00a0 du Val d&rsquo;Ajol ce jeudi 25 janvier :\u00a0 1 &#8211;\u00a0 [&hellip;]<\/p>\n","protected":false},"author":391,"featured_media":3930,"comment_status":"open","ping_status":"open","sticky":false,"template":"","format":"standard","meta":{"footnotes":""},"categories":[26,121,82,10],"tags":[581,145],"class_list":["post-3929","post","type-post","status-publish","format-standard","has-post-thumbnail","hentry","category-a-la-une","category-le-val-dajol-le-val-dajol-son-canton","category-le-val-dajol-son-canton","category-politique","tag-conseil-municipal","tag-le-val-dajol"],"acf":[],"yoast_head":"<!-- This site is optimized with the Yoast SEO plugin v22.5 - https:\/\/yoast.com\/wordpress\/plugins\/seo\/ -->\n<title>Le Val d&#039;Ajol - 27 dossiers \u00e0 l&#039;ordre du jour lors du conseil municipal ce jeudi - Remiremont Info<\/title>\n<meta name=\"robots\" content=\"index, follow, max-snippet:-1, max-image-preview:large, max-video-preview:-1\" \/>\n<link rel=\"canonical\" href=\"https:\/\/vosgesinfo.fr\/remiremontinfo\/2024\/01\/le-val-dajol-27-dossiers-a-lordre-du-jour-lors-du-conseil-municipal-ce-jeudi\/\" \/>\n<meta name=\"twitter:card\" content=\"summary_large_image\" \/>\n<meta name=\"twitter:title\" content=\"Le Val d&#039;Ajol - 27 dossiers \u00e0 l&#039;ordre du jour lors du conseil municipal ce jeudi - Remiremont Info\" \/>\n<meta name=\"twitter:description\" content=\"27 dossiers \u00e0 l&rsquo;ordre du jour lors du conseil municipal\u00a0 du Val d&rsquo;Ajol ce jeudi 25 janvier :\u00a0 1 &#8211;\u00a0 [&hellip;]\" \/>\n<meta name=\"twitter:image\" content=\"https:\/\/vosgesinfo.fr\/app\/uploads\/sites\/5\/2016\/07\/3205193.jpg\" \/>\n<meta name=\"twitter:creator\" content=\"@VosgesInfo88\" \/>\n<meta name=\"twitter:site\" content=\"@VosgesInfo88\" \/>\n<meta name=\"twitter:label1\" content=\"\u00c9crit par\" \/>\n\t<meta name=\"twitter:data1\" content=\"La redaction\" \/>\n\t<meta name=\"twitter:label2\" content=\"Dur\u00e9e de lecture estim\u00e9e\" \/>\n\t<meta name=\"twitter:data2\" content=\"2 minutes\" \/>\n<script type=\"application\/ld+json\" class=\"yoast-schema-graph\">{\"@context\":\"https:\/\/schema.org\",\"@graph\":[{\"@type\":\"Article\",\"@id\":\"https:\/\/vosgesinfo.fr\/remiremontinfo\/2024\/01\/le-val-dajol-27-dossiers-a-lordre-du-jour-lors-du-conseil-municipal-ce-jeudi\/#article\",\"isPartOf\":{\"@id\":\"https:\/\/vosgesinfo.fr\/remiremontinfo\/2024\/01\/le-val-dajol-27-dossiers-a-lordre-du-jour-lors-du-conseil-municipal-ce-jeudi\/\"},\"author\":{\"name\":\"La redaction\",\"@id\":\"https:\/\/vosgesinfo.fr\/remiremontinfo\/#\/schema\/person\/27a3695b06db98895b354c0765cdfc31\"},\"headline\":\"Le Val d&rsquo;Ajol &#8211; 27 dossiers \u00e0 l&rsquo;ordre du jour lors du conseil municipal ce jeudi\",\"datePublished\":\"2024-01-24T13:26:32+00:00\",\"dateModified\":\"2024-02-13T17:35:56+00:00\",\"mainEntityOfPage\":{\"@id\":\"https:\/\/vosgesinfo.fr\/remiremontinfo\/2024\/01\/le-val-dajol-27-dossiers-a-lordre-du-jour-lors-du-conseil-municipal-ce-jeudi\/\"},\"wordCount\":396,\"commentCount\":0,\"publisher\":{\"@id\":\"https:\/\/vosgesinfo.fr\/remiremontinfo\/#organization\"},\"image\":{\"@id\":\"https:\/\/vosgesinfo.fr\/remiremontinfo\/2024\/01\/le-val-dajol-27-dossiers-a-lordre-du-jour-lors-du-conseil-municipal-ce-jeudi\/#primaryimage\"},\"thumbnailUrl\":\"https:\/\/vosgesinfo.fr\/app\/uploads\/sites\/5\/2016\/07\/3205193.jpg\",\"keywords\":[\"conseil municipal\",\"Le Val-d'Ajol\"],\"articleSection\":[\"A la Une\",\"Le Val d'Ajol\",\"Le Val-d'Ajol &amp; son canton\",\"Politique\"],\"inLanguage\":\"fr-FR\",\"potentialAction\":[{\"@type\":\"CommentAction\",\"name\":\"Comment\",\"target\":[\"https:\/\/vosgesinfo.fr\/remiremontinfo\/2024\/01\/le-val-dajol-27-dossiers-a-lordre-du-jour-lors-du-conseil-municipal-ce-jeudi\/#respond\"]}]},{\"@type\":\"WebPage\",\"@id\":\"https:\/\/vosgesinfo.fr\/remiremontinfo\/2024\/01\/le-val-dajol-27-dossiers-a-lordre-du-jour-lors-du-conseil-municipal-ce-jeudi\/\",\"url\":\"https:\/\/vosgesinfo.fr\/remiremontinfo\/2024\/01\/le-val-dajol-27-dossiers-a-lordre-du-jour-lors-du-conseil-municipal-ce-jeudi\/\",\"name\":\"Le Val d'Ajol - 27 dossiers \u00e0 l'ordre du jour lors du conseil municipal ce jeudi - Remiremont Info\",\"isPartOf\":{\"@id\":\"https:\/\/vosgesinfo.fr\/remiremontinfo\/#website\"},\"primaryImageOfPage\":{\"@id\":\"https:\/\/vosgesinfo.fr\/remiremontinfo\/2024\/01\/le-val-dajol-27-dossiers-a-lordre-du-jour-lors-du-conseil-municipal-ce-jeudi\/#primaryimage\"},\"image\":{\"@id\":\"https:\/\/vosgesinfo.fr\/remiremontinfo\/2024\/01\/le-val-dajol-27-dossiers-a-lordre-du-jour-lors-du-conseil-municipal-ce-jeudi\/#primaryimage\"},\"thumbnailUrl\":\"https:\/\/vosgesinfo.fr\/app\/uploads\/sites\/5\/2016\/07\/3205193.jpg\",\"datePublished\":\"2024-01-24T13:26:32+00:00\",\"dateModified\":\"2024-02-13T17:35:56+00:00\",\"breadcrumb\":{\"@id\":\"https:\/\/vosgesinfo.fr\/remiremontinfo\/2024\/01\/le-val-dajol-27-dossiers-a-lordre-du-jour-lors-du-conseil-municipal-ce-jeudi\/#breadcrumb\"},\"inLanguage\":\"fr-FR\",\"potentialAction\":[{\"@type\":\"ReadAction\",\"target\":[\"https:\/\/vosgesinfo.fr\/remiremontinfo\/2024\/01\/le-val-dajol-27-dossiers-a-lordre-du-jour-lors-du-conseil-municipal-ce-jeudi\/\"]}]},{\"@type\":\"ImageObject\",\"inLanguage\":\"fr-FR\",\"@id\":\"https:\/\/vosgesinfo.fr\/remiremontinfo\/2024\/01\/le-val-dajol-27-dossiers-a-lordre-du-jour-lors-du-conseil-municipal-ce-jeudi\/#primaryimage\",\"url\":\"https:\/\/vosgesinfo.fr\/app\/uploads\/sites\/5\/2016\/07\/3205193.jpg\",\"contentUrl\":\"https:\/\/vosgesinfo.fr\/app\/uploads\/sites\/5\/2016\/07\/3205193.jpg\",\"width\":840,\"height\":460},{\"@type\":\"BreadcrumbList\",\"@id\":\"https:\/\/vosgesinfo.fr\/remiremontinfo\/2024\/01\/le-val-dajol-27-dossiers-a-lordre-du-jour-lors-du-conseil-municipal-ce-jeudi\/#breadcrumb\",\"itemListElement\":[{\"@type\":\"ListItem\",\"position\":1,\"name\":\"Home\",\"item\":\"https:\/\/vosgesinfo.fr\/remiremontinfo\/\"},{\"@type\":\"ListItem\",\"position\":2,\"name\":\"Le Val d&rsquo;Ajol &#8211; 27 dossiers \u00e0 l&rsquo;ordre du jour lors du conseil municipal ce jeudi\"}]},{\"@type\":\"WebSite\",\"@id\":\"https:\/\/vosgesinfo.fr\/remiremontinfo\/#website\",\"url\":\"https:\/\/vosgesinfo.fr\/remiremontinfo\/\",\"name\":\"Remiremont Info\",\"description\":\"Toute l&#039;actualit\u00e9 de Remiremont\",\"publisher\":{\"@id\":\"https:\/\/vosgesinfo.fr\/remiremontinfo\/#organization\"},\"alternateName\":\"Toute l'actualit\u00e9 de Remiremont\",\"potentialAction\":[{\"@type\":\"SearchAction\",\"target\":{\"@type\":\"EntryPoint\",\"urlTemplate\":\"https:\/\/vosgesinfo.fr\/remiremontinfo\/?s={search_term_string}\"},\"query-input\":\"required name=search_term_string\"}],\"inLanguage\":\"fr-FR\"},{\"@type\":\"Organization\",\"@id\":\"https:\/\/vosgesinfo.fr\/remiremontinfo\/#organization\",\"name\":\"Remiremont Info\",\"url\":\"https:\/\/vosgesinfo.fr\/remiremontinfo\/\",\"logo\":{\"@type\":\"ImageObject\",\"inLanguage\":\"fr-FR\",\"@id\":\"https:\/\/vosgesinfo.fr\/remiremontinfo\/#\/schema\/logo\/image\/\",\"url\":\"https:\/\/vosgesinfo.fr\/app\/uploads\/sites\/5\/2023\/08\/favicon-remiremontinfo.png\",\"contentUrl\":\"https:\/\/vosgesinfo.fr\/app\/uploads\/sites\/5\/2023\/08\/favicon-remiremontinfo.png\",\"width\":512,\"height\":512,\"caption\":\"Remiremont Info\"},\"image\":{\"@id\":\"https:\/\/vosgesinfo.fr\/remiremontinfo\/#\/schema\/logo\/image\/\"},\"sameAs\":[\"https:\/\/www.facebook.com\/remiremontinfo\",\"https:\/\/x.com\/VosgesInfo88\",\"https:\/\/www.youtube.com\/@vosgesinfo\"]},{\"@type\":\"Person\",\"@id\":\"https:\/\/vosgesinfo.fr\/remiremontinfo\/#\/schema\/person\/27a3695b06db98895b354c0765cdfc31\",\"name\":\"La redaction\",\"image\":{\"@type\":\"ImageObject\",\"inLanguage\":\"fr-FR\",\"@id\":\"https:\/\/vosgesinfo.fr\/remiremontinfo\/#\/schema\/person\/image\/\",\"url\":\"https:\/\/secure.gravatar.com\/avatar\/64c76a78e501cedee55736f43f332df901e1896ae9cd8fad269ae2236dd0e8b6?s=96&d=mm&r=g\",\"contentUrl\":\"https:\/\/secure.gravatar.com\/avatar\/64c76a78e501cedee55736f43f332df901e1896ae9cd8fad269ae2236dd0e8b6?s=96&d=mm&r=g\",\"caption\":\"La redaction\"},\"url\":\"https:\/\/vosgesinfo.fr\/remiremontinfo\/author\/la-redaction\/\"}]}<\/script>\n<!-- \/ Yoast SEO plugin. -->","yoast_head_json":{"title":"Le Val d'Ajol - 27 dossiers \u00e0 l'ordre du jour lors du conseil municipal ce jeudi - Remiremont Info","robots":{"index":"index","follow":"follow","max-snippet":"max-snippet:-1","max-image-preview":"max-image-preview:large","max-video-preview":"max-video-preview:-1"},"canonical":"https:\/\/vosgesinfo.fr\/remiremontinfo\/2024\/01\/le-val-dajol-27-dossiers-a-lordre-du-jour-lors-du-conseil-municipal-ce-jeudi\/","twitter_card":"summary_large_image","twitter_title":"Le Val d'Ajol - 27 dossiers \u00e0 l'ordre du jour lors du conseil municipal ce jeudi - Remiremont Info","twitter_description":"27 dossiers \u00e0 l&rsquo;ordre du jour lors du conseil municipal\u00a0 du Val d&rsquo;Ajol ce jeudi 25 janvier :\u00a0 1 &#8211;\u00a0 [&hellip;]","twitter_image":"https:\/\/vosgesinfo.fr\/app\/uploads\/sites\/5\/2016\/07\/3205193.jpg","twitter_creator":"@VosgesInfo88","twitter_site":"@VosgesInfo88","twitter_misc":{"\u00c9crit par":"La redaction","Dur\u00e9e de lecture estim\u00e9e":"2 minutes"},"schema":{"@context":"https:\/\/schema.org","@graph":[{"@type":"Article","@id":"https:\/\/vosgesinfo.fr\/remiremontinfo\/2024\/01\/le-val-dajol-27-dossiers-a-lordre-du-jour-lors-du-conseil-municipal-ce-jeudi\/#article","isPartOf":{"@id":"https:\/\/vosgesinfo.fr\/remiremontinfo\/2024\/01\/le-val-dajol-27-dossiers-a-lordre-du-jour-lors-du-conseil-municipal-ce-jeudi\/"},"author":{"name":"La redaction","@id":"https:\/\/vosgesinfo.fr\/remiremontinfo\/#\/schema\/person\/27a3695b06db98895b354c0765cdfc31"},"headline":"Le Val d&rsquo;Ajol &#8211; 27 dossiers \u00e0 l&rsquo;ordre du jour lors du conseil municipal ce jeudi","datePublished":"2024-01-24T13:26:32+00:00","dateModified":"2024-02-13T17:35:56+00:00","mainEntityOfPage":{"@id":"https:\/\/vosgesinfo.fr\/remiremontinfo\/2024\/01\/le-val-dajol-27-dossiers-a-lordre-du-jour-lors-du-conseil-municipal-ce-jeudi\/"},"wordCount":396,"commentCount":0,"publisher":{"@id":"https:\/\/vosgesinfo.fr\/remiremontinfo\/#organization"},"image":{"@id":"https:\/\/vosgesinfo.fr\/remiremontinfo\/2024\/01\/le-val-dajol-27-dossiers-a-lordre-du-jour-lors-du-conseil-municipal-ce-jeudi\/#primaryimage"},"thumbnailUrl":"https:\/\/vosgesinfo.fr\/app\/uploads\/sites\/5\/2016\/07\/3205193.jpg","keywords":["conseil municipal","Le Val-d'Ajol"],"articleSection":["A la Une","Le Val d'Ajol","Le Val-d'Ajol &amp; son canton","Politique"],"inLanguage":"fr-FR","potentialAction":[{"@type":"CommentAction","name":"Comment","target":["https:\/\/vosgesinfo.fr\/remiremontinfo\/2024\/01\/le-val-dajol-27-dossiers-a-lordre-du-jour-lors-du-conseil-municipal-ce-jeudi\/#respond"]}]},{"@type":"WebPage","@id":"https:\/\/vosgesinfo.fr\/remiremontinfo\/2024\/01\/le-val-dajol-27-dossiers-a-lordre-du-jour-lors-du-conseil-municipal-ce-jeudi\/","url":"https:\/\/vosgesinfo.fr\/remiremontinfo\/2024\/01\/le-val-dajol-27-dossiers-a-lordre-du-jour-lors-du-conseil-municipal-ce-jeudi\/","name":"Le Val d'Ajol - 27 dossiers \u00e0 l'ordre du jour lors du conseil municipal ce jeudi - Remiremont Info","isPartOf":{"@id":"https:\/\/vosgesinfo.fr\/remiremontinfo\/#website"},"primaryImageOfPage":{"@id":"https:\/\/vosgesinfo.fr\/remiremontinfo\/2024\/01\/le-val-dajol-27-dossiers-a-lordre-du-jour-lors-du-conseil-municipal-ce-jeudi\/#primaryimage"},"image":{"@id":"https:\/\/vosgesinfo.fr\/remiremontinfo\/2024\/01\/le-val-dajol-27-dossiers-a-lordre-du-jour-lors-du-conseil-municipal-ce-jeudi\/#primaryimage"},"thumbnailUrl":"https:\/\/vosgesinfo.fr\/app\/uploads\/sites\/5\/2016\/07\/3205193.jpg","datePublished":"2024-01-24T13:26:32+00:00","dateModified":"2024-02-13T17:35:56+00:00","breadcrumb":{"@id":"https:\/\/vosgesinfo.fr\/remiremontinfo\/2024\/01\/le-val-dajol-27-dossiers-a-lordre-du-jour-lors-du-conseil-municipal-ce-jeudi\/#breadcrumb"},"inLanguage":"fr-FR","potentialAction":[{"@type":"ReadAction","target":["https:\/\/vosgesinfo.fr\/remiremontinfo\/2024\/01\/le-val-dajol-27-dossiers-a-lordre-du-jour-lors-du-conseil-municipal-ce-jeudi\/"]}]},{"@type":"ImageObject","inLanguage":"fr-FR","@id":"https:\/\/vosgesinfo.fr\/remiremontinfo\/2024\/01\/le-val-dajol-27-dossiers-a-lordre-du-jour-lors-du-conseil-municipal-ce-jeudi\/#primaryimage","url":"https:\/\/vosgesinfo.fr\/app\/uploads\/sites\/5\/2016\/07\/3205193.jpg","contentUrl":"https:\/\/vosgesinfo.fr\/app\/uploads\/sites\/5\/2016\/07\/3205193.jpg","width":840,"height":460},{"@type":"BreadcrumbList","@id":"https:\/\/vosgesinfo.fr\/remiremontinfo\/2024\/01\/le-val-dajol-27-dossiers-a-lordre-du-jour-lors-du-conseil-municipal-ce-jeudi\/#breadcrumb","itemListElement":[{"@type":"ListItem","position":1,"name":"Home","item":"https:\/\/vosgesinfo.fr\/remiremontinfo\/"},{"@type":"ListItem","position":2,"name":"Le Val d&rsquo;Ajol &#8211; 27 dossiers \u00e0 l&rsquo;ordre du jour lors du conseil municipal ce jeudi"}]},{"@type":"WebSite","@id":"https:\/\/vosgesinfo.fr\/remiremontinfo\/#website","url":"https:\/\/vosgesinfo.fr\/remiremontinfo\/","name":"Remiremont Info","description":"Toute l&#039;actualit\u00e9 de Remiremont","publisher":{"@id":"https:\/\/vosgesinfo.fr\/remiremontinfo\/#organization"},"alternateName":"Toute l'actualit\u00e9 de Remiremont","potentialAction":[{"@type":"SearchAction","target":{"@type":"EntryPoint","urlTemplate":"https:\/\/vosgesinfo.fr\/remiremontinfo\/?s={search_term_string}"},"query-input":"required name=search_term_string"}],"inLanguage":"fr-FR"},{"@type":"Organization","@id":"https:\/\/vosgesinfo.fr\/remiremontinfo\/#organization","name":"Remiremont Info","url":"https:\/\/vosgesinfo.fr\/remiremontinfo\/","logo":{"@type":"ImageObject","inLanguage":"fr-FR","@id":"https:\/\/vosgesinfo.fr\/remiremontinfo\/#\/schema\/logo\/image\/","url":"https:\/\/vosgesinfo.fr\/app\/uploads\/sites\/5\/2023\/08\/favicon-remiremontinfo.png","contentUrl":"https:\/\/vosgesinfo.fr\/app\/uploads\/sites\/5\/2023\/08\/favicon-remiremontinfo.png","width":512,"height":512,"caption":"Remiremont Info"},"image":{"@id":"https:\/\/vosgesinfo.fr\/remiremontinfo\/#\/schema\/logo\/image\/"},"sameAs":["https:\/\/www.facebook.com\/remiremontinfo","https:\/\/x.com\/VosgesInfo88","https:\/\/www.youtube.com\/@vosgesinfo"]},{"@type":"Person","@id":"https:\/\/vosgesinfo.fr\/remiremontinfo\/#\/schema\/person\/27a3695b06db98895b354c0765cdfc31","name":"La redaction","image":{"@type":"ImageObject","inLanguage":"fr-FR","@id":"https:\/\/vosgesinfo.fr\/remiremontinfo\/#\/schema\/person\/image\/","url":"https:\/\/secure.gravatar.com\/avatar\/64c76a78e501cedee55736f43f332df901e1896ae9cd8fad269ae2236dd0e8b6?s=96&d=mm&r=g","contentUrl":"https:\/\/secure.gravatar.com\/avatar\/64c76a78e501cedee55736f43f332df901e1896ae9cd8fad269ae2236dd0e8b6?s=96&d=mm&r=g","caption":"La redaction"},"url":"https:\/\/vosgesinfo.fr\/remiremontinfo\/author\/la-redaction\/"}]}},"_links":{"self":[{"href":"https:\/\/vosgesinfo.fr\/remiremontinfo\/wp-json\/wp\/v2\/posts\/3929","targetHints":{"allow":["GET"]}}],"collection":[{"href":"https:\/\/vosgesinfo.fr\/remiremontinfo\/wp-json\/wp\/v2\/posts"}],"about":[{"href":"https:\/\/vosgesinfo.fr\/remiremontinfo\/wp-json\/wp\/v2\/types\/post"}],"author":[{"embeddable":true,"href":"https:\/\/vosgesinfo.fr\/remiremontinfo\/wp-json\/wp\/v2\/users\/391"}],"replies":[{"embeddable":true,"href":"https:\/\/vosgesinfo.fr\/remiremontinfo\/wp-json\/wp\/v2\/comments?post=3929"}],"version-history":[{"count":1,"href":"https:\/\/vosgesinfo.fr\/remiremontinfo\/wp-json\/wp\/v2\/posts\/3929\/revisions"}],"predecessor-version":[{"id":4439,"href":"https:\/\/vosgesinfo.fr\/remiremontinfo\/wp-json\/wp\/v2\/posts\/3929\/revisions\/4439"}],"wp:featuredmedia":[{"embeddable":true,"href":"https:\/\/vosgesinfo.fr\/remiremontinfo\/wp-json\/wp\/v2\/media\/3930"}],"wp:attachment":[{"href":"https:\/\/vosgesinfo.fr\/remiremontinfo\/wp-json\/wp\/v2\/media?parent=3929"}],"wp:term":[{"taxonomy":"category","embeddable":true,"href":"https:\/\/vosgesinfo.fr\/remiremontinfo\/wp-json\/wp\/v2\/categories?post=3929"},{"taxonomy":"post_tag","embeddable":true,"href":"https:\/\/vosgesinfo.fr\/remiremontinfo\/wp-json\/wp\/v2\/tags?post=3929"}],"curies":[{"name":"wp","href":"https:\/\/api.w.org\/{rel}","templated":true}]}}