{"id":39293,"date":"2021-04-15T07:33:03","date_gmt":"2021-04-15T05:33:03","guid":{"rendered":"https:\/\/vosgesinfo.fr\/remiremontinfo\/2021\/04\/christophe-naegelen-interpelle-ministre-logement-retards-de-paiement-de-primerenov\/"},"modified":"2021-04-15T07:33:03","modified_gmt":"2021-04-15T05:33:03","slug":"christophe-naegelen-interpelle-ministre-logement-retards-de-paiement-de-primerenov","status":"publish","type":"post","link":"https:\/\/vosgesinfo.fr\/remiremontinfo\/2021\/04\/christophe-naegelen-interpelle-ministre-logement-retards-de-paiement-de-primerenov\/","title":{"rendered":"Christophe Naegelen interpelle la ministre du logement sur les retards de paiement de \u00ab Ma PrimeRenov\u2019 \u00bb"},"content":{"rendered":"<p style=\"text-align: center;\"><a href=\"\/2021\/04\/Capture-d\u2019\u00e9cran-2021-03-03-091556.png\"><img decoding=\"async\" class=\"alignnone size-full wp-image-313946\" src=\"\/2021\/04\/Capture-d\u2019\u00e9cran-2021-03-03-091556.png\" alt=\"naegelen\" width=\"800\" height=\"537\" \/><\/a><\/p>\n<p><span style=\"font-size: 10pt;\"><em>Photo d&rsquo;archives<\/em><\/span><\/p>\n<h2><span style=\"font-size: 12pt;\"><strong>En s\u00e9ance de nuit \u00e0 l\u2019Assembl\u00e9e Nationale sur le texte \u00ab\u00a0Climat et R\u00e9silience\u00a0\u00bb, le d\u00e9put\u00e9 Christophe Naegelen a interpell\u00e9 la ministre du logement Emmanuelle Wargon sur les probl\u00e9matiques de remboursement concernant le dispositif \u00ab\u00a0Ma PrimeRenov\u2019\u00a0\u00bb.<\/strong><\/span><\/h2>\n<p>\u00ab\u00a0Il y a \u00e9norm\u00e9ment de retards qui sont pris dans le paiement de ces aides\u00a0\u00bb, affirme le d\u00e9put\u00e9 de la troisi\u00e8me circonscription des Vosges. Une situation qui \u00ab\u00a0mets certains m\u00e9nage en forte difficult\u00e9\u00a0\u00bb. \u00ab\u00a0Tr\u00e8s r\u00e9guli\u00e8rement, \u00e0 ma permanence\u00a0\u00bb, affirme Christophe Naegelen, \u00ab\u00a0j\u2019ai des personnes qui viennent me voir, qui ont rempli des dossiers pour Ma Prime Revov\u2019. Il faut reconna\u00eetre que pour le coup c\u2019est relativement simple \u00e0 faire. Mais il y a ces retards de paiement qui sont probl\u00e9matiques\u00a0\u00bb.<\/p>\n<p>Selon Emmanuelle Wargon, \u00ab\u00a0200.000 dossiers ont \u00e9t\u00e9 d\u00e9pos\u00e9s l\u2019ann\u00e9e derni\u00e8re\u00a0\u00bb. Et 200.000 depuis le premier janvier de cette ann\u00e9e, soit en trois mois seulement. \u00ab\u00a0Ma Prim\u2019Renov est une aise qui trouve son public\u00a0\u00bb. Face \u00e0 cette afflux de demande, \u00ab\u00a0les d\u00e9lais, je le reconnais tout \u00e0 fait, ont beaucoup augment\u00e9 \u00e0 la rentr\u00e9e derni\u00e8re. Que ce soit les d\u00e9lais d\u2019instructions, avant de donner un accord et montant d\u2019aide clair aux m\u00e9nages pour qu\u2019il puissent r\u00e9nover, et les d\u00e9lais de paiement\u00a0\u00bb. Selon la ministre du logement, \u00ab\u00a0nous avons r\u00e9sorb\u00e9 ces d\u00e9lais (\u2026) la situation s\u2019est tr\u00e8s fortement am\u00e9lior\u00e9e\u00a0\u00bb.<\/p>\n<p>Lanc\u00e9e en janvier 2020, \u00ab\u00a0MaPrimeR\u00e9nov&rsquo;\u00a0\u00bb remplace le cr\u00e9dit d\u2019imp\u00f4t pour la transition \u00e9nerg\u00e9tique et les aides de l\u2019Agence nationale de l\u2019Habitat . Dans le cadre du Plan de relance de l&rsquo;\u00e9conomie, le dispositif a \u00e9t\u00e9 renforc\u00e9 depuis octobre 2020. \u00ab\u00a0MaPrimeR\u00e9nov&rsquo;\u00a0\u00bb est d\u00e9sormais accessible \u00e0 tous les propri\u00e9taires et \u00e0 toutes les copropri\u00e9t\u00e9s. L\u2019aide permet de financer les travaux d\u2019isolation, de chauffage, de ventilation ou d\u2019audit \u00e9nerg\u00e9tique d\u2019une maison individuelle ou d\u2019un appartement en habitat collectif. Les travaux doivent avoir \u00e9t\u00e9 effectu\u00e9s par des entreprises labellis\u00e9es RGE (reconnues garantes pour l\u2019environnement).<\/p>\n<p><iframe loading=\"lazy\" src=\"\/\/www.youtube.com\/embed\/mq8Xn4l8gGc\" width=\"425\" height=\"350\" allowfullscreen=\"allowfullscreen\"><\/iframe><\/p>\n<p>&nbsp;<\/p>\n","protected":false},"excerpt":{"rendered":"<p>Photo d&rsquo;archives En s\u00e9ance de nuit \u00e0 l\u2019Assembl\u00e9e Nationale sur le texte \u00ab\u00a0Climat et R\u00e9silience\u00a0\u00bb, le d\u00e9put\u00e9 Christophe Naegelen a [&hellip;]<\/p>\n","protected":false},"author":407,"featured_media":39294,"comment_status":"open","ping_status":"open","sticky":false,"template":"","format":"standard","meta":{"footnotes":""},"categories":[26,10,18],"tags":[],"class_list":["post-39293","post","type-post","status-publish","format-standard","has-post-thumbnail","hentry","category-a-la-une","category-politique","category-vosges"],"acf":[],"yoast_head":"<!-- This site is optimized with the Yoast SEO plugin v22.5 - https:\/\/yoast.com\/wordpress\/plugins\/seo\/ -->\n<title>Christophe Naegelen interpelle la ministre du logement sur les retards de paiement de \u00ab Ma PrimeRenov\u2019 \u00bb - Remiremont Info<\/title>\n<meta name=\"robots\" content=\"index, follow, max-snippet:-1, max-image-preview:large, max-video-preview:-1\" \/>\n<link rel=\"canonical\" href=\"https:\/\/vosgesinfo.fr\/remiremontinfo\/2021\/04\/christophe-naegelen-interpelle-ministre-logement-retards-de-paiement-de-primerenov\/\" \/>\n<meta name=\"twitter:card\" content=\"summary_large_image\" \/>\n<meta name=\"twitter:title\" content=\"Christophe Naegelen interpelle la ministre du logement sur les retards de paiement de \u00ab Ma PrimeRenov\u2019 \u00bb - Remiremont Info\" \/>\n<meta name=\"twitter:description\" content=\"Photo d&rsquo;archives En s\u00e9ance de nuit \u00e0 l\u2019Assembl\u00e9e Nationale sur le texte \u00ab\u00a0Climat et R\u00e9silience\u00a0\u00bb, le d\u00e9put\u00e9 Christophe Naegelen a [&hellip;]\" \/>\n<meta name=\"twitter:image\" content=\"https:\/\/vosgesinfo.fr\/app\/uploads\/sites\/5\/2024\/09\/202104capture-decran-2021-03-03-091556-1.png\" \/>\n<meta name=\"twitter:creator\" content=\"@VosgesInfo88\" \/>\n<meta name=\"twitter:site\" content=\"@VosgesInfo88\" \/>\n<meta name=\"twitter:label1\" content=\"\u00c9crit par\" \/>\n\t<meta name=\"twitter:data1\" content=\"C D\" \/>\n\t<meta name=\"twitter:label2\" content=\"Dur\u00e9e de lecture estim\u00e9e\" \/>\n\t<meta name=\"twitter:data2\" content=\"2 minutes\" \/>\n<script type=\"application\/ld+json\" class=\"yoast-schema-graph\">{\"@context\":\"https:\/\/schema.org\",\"@graph\":[{\"@type\":\"Article\",\"@id\":\"https:\/\/vosgesinfo.fr\/remiremontinfo\/2021\/04\/christophe-naegelen-interpelle-ministre-logement-retards-de-paiement-de-primerenov\/#article\",\"isPartOf\":{\"@id\":\"https:\/\/vosgesinfo.fr\/remiremontinfo\/2021\/04\/christophe-naegelen-interpelle-ministre-logement-retards-de-paiement-de-primerenov\/\"},\"author\":{\"name\":\"C D\",\"@id\":\"https:\/\/vosgesinfo.fr\/remiremontinfo\/#\/schema\/person\/3bfd164d5218a185b1db68655a265316\"},\"headline\":\"Christophe Naegelen interpelle la ministre du logement sur les retards de paiement de \u00ab Ma PrimeRenov\u2019 \u00bb\",\"datePublished\":\"2021-04-15T05:33:03+00:00\",\"dateModified\":\"2021-04-15T05:33:03+00:00\",\"mainEntityOfPage\":{\"@id\":\"https:\/\/vosgesinfo.fr\/remiremontinfo\/2021\/04\/christophe-naegelen-interpelle-ministre-logement-retards-de-paiement-de-primerenov\/\"},\"wordCount\":370,\"commentCount\":0,\"publisher\":{\"@id\":\"https:\/\/vosgesinfo.fr\/remiremontinfo\/#organization\"},\"image\":{\"@id\":\"https:\/\/vosgesinfo.fr\/remiremontinfo\/2021\/04\/christophe-naegelen-interpelle-ministre-logement-retards-de-paiement-de-primerenov\/#primaryimage\"},\"thumbnailUrl\":\"https:\/\/vosgesinfo.fr\/app\/uploads\/sites\/5\/2024\/09\/202104capture-decran-2021-03-03-091556-1.png\",\"articleSection\":[\"A la Une\",\"Politique\",\"Vosges\"],\"inLanguage\":\"fr-FR\",\"potentialAction\":[{\"@type\":\"CommentAction\",\"name\":\"Comment\",\"target\":[\"https:\/\/vosgesinfo.fr\/remiremontinfo\/2021\/04\/christophe-naegelen-interpelle-ministre-logement-retards-de-paiement-de-primerenov\/#respond\"]}]},{\"@type\":\"WebPage\",\"@id\":\"https:\/\/vosgesinfo.fr\/remiremontinfo\/2021\/04\/christophe-naegelen-interpelle-ministre-logement-retards-de-paiement-de-primerenov\/\",\"url\":\"https:\/\/vosgesinfo.fr\/remiremontinfo\/2021\/04\/christophe-naegelen-interpelle-ministre-logement-retards-de-paiement-de-primerenov\/\",\"name\":\"Christophe Naegelen interpelle la ministre du logement sur les retards de paiement de \u00ab Ma PrimeRenov\u2019 \u00bb - Remiremont Info\",\"isPartOf\":{\"@id\":\"https:\/\/vosgesinfo.fr\/remiremontinfo\/#website\"},\"primaryImageOfPage\":{\"@id\":\"https:\/\/vosgesinfo.fr\/remiremontinfo\/2021\/04\/christophe-naegelen-interpelle-ministre-logement-retards-de-paiement-de-primerenov\/#primaryimage\"},\"image\":{\"@id\":\"https:\/\/vosgesinfo.fr\/remiremontinfo\/2021\/04\/christophe-naegelen-interpelle-ministre-logement-retards-de-paiement-de-primerenov\/#primaryimage\"},\"thumbnailUrl\":\"https:\/\/vosgesinfo.fr\/app\/uploads\/sites\/5\/2024\/09\/202104capture-decran-2021-03-03-091556-1.png\",\"datePublished\":\"2021-04-15T05:33:03+00:00\",\"dateModified\":\"2021-04-15T05:33:03+00:00\",\"breadcrumb\":{\"@id\":\"https:\/\/vosgesinfo.fr\/remiremontinfo\/2021\/04\/christophe-naegelen-interpelle-ministre-logement-retards-de-paiement-de-primerenov\/#breadcrumb\"},\"inLanguage\":\"fr-FR\",\"potentialAction\":[{\"@type\":\"ReadAction\",\"target\":[\"https:\/\/vosgesinfo.fr\/remiremontinfo\/2021\/04\/christophe-naegelen-interpelle-ministre-logement-retards-de-paiement-de-primerenov\/\"]}]},{\"@type\":\"ImageObject\",\"inLanguage\":\"fr-FR\",\"@id\":\"https:\/\/vosgesinfo.fr\/remiremontinfo\/2021\/04\/christophe-naegelen-interpelle-ministre-logement-retards-de-paiement-de-primerenov\/#primaryimage\",\"url\":\"https:\/\/vosgesinfo.fr\/app\/uploads\/sites\/5\/2024\/09\/202104capture-decran-2021-03-03-091556-1.png\",\"contentUrl\":\"https:\/\/vosgesinfo.fr\/app\/uploads\/sites\/5\/2024\/09\/202104capture-decran-2021-03-03-091556-1.png\",\"width\":800,\"height\":537},{\"@type\":\"BreadcrumbList\",\"@id\":\"https:\/\/vosgesinfo.fr\/remiremontinfo\/2021\/04\/christophe-naegelen-interpelle-ministre-logement-retards-de-paiement-de-primerenov\/#breadcrumb\",\"itemListElement\":[{\"@type\":\"ListItem\",\"position\":1,\"name\":\"Home\",\"item\":\"https:\/\/vosgesinfo.fr\/remiremontinfo\/\"},{\"@type\":\"ListItem\",\"position\":2,\"name\":\"Christophe Naegelen interpelle la ministre du logement sur les retards de paiement de \u00ab Ma PrimeRenov\u2019 \u00bb\"}]},{\"@type\":\"WebSite\",\"@id\":\"https:\/\/vosgesinfo.fr\/remiremontinfo\/#website\",\"url\":\"https:\/\/vosgesinfo.fr\/remiremontinfo\/\",\"name\":\"Remiremont Info\",\"description\":\"Toute l&#039;actualit\u00e9 de Remiremont\",\"publisher\":{\"@id\":\"https:\/\/vosgesinfo.fr\/remiremontinfo\/#organization\"},\"alternateName\":\"Toute l'actualit\u00e9 de Remiremont\",\"potentialAction\":[{\"@type\":\"SearchAction\",\"target\":{\"@type\":\"EntryPoint\",\"urlTemplate\":\"https:\/\/vosgesinfo.fr\/remiremontinfo\/?s={search_term_string}\"},\"query-input\":\"required name=search_term_string\"}],\"inLanguage\":\"fr-FR\"},{\"@type\":\"Organization\",\"@id\":\"https:\/\/vosgesinfo.fr\/remiremontinfo\/#organization\",\"name\":\"Remiremont Info\",\"url\":\"https:\/\/vosgesinfo.fr\/remiremontinfo\/\",\"logo\":{\"@type\":\"ImageObject\",\"inLanguage\":\"fr-FR\",\"@id\":\"https:\/\/vosgesinfo.fr\/remiremontinfo\/#\/schema\/logo\/image\/\",\"url\":\"https:\/\/vosgesinfo.fr\/app\/uploads\/sites\/5\/2023\/08\/favicon-remiremontinfo.png\",\"contentUrl\":\"https:\/\/vosgesinfo.fr\/app\/uploads\/sites\/5\/2023\/08\/favicon-remiremontinfo.png\",\"width\":512,\"height\":512,\"caption\":\"Remiremont Info\"},\"image\":{\"@id\":\"https:\/\/vosgesinfo.fr\/remiremontinfo\/#\/schema\/logo\/image\/\"},\"sameAs\":[\"https:\/\/www.facebook.com\/remiremontinfo\",\"https:\/\/x.com\/VosgesInfo88\",\"https:\/\/www.youtube.com\/@vosgesinfo\"]},{\"@type\":\"Person\",\"@id\":\"https:\/\/vosgesinfo.fr\/remiremontinfo\/#\/schema\/person\/3bfd164d5218a185b1db68655a265316\",\"name\":\"C D\",\"image\":{\"@type\":\"ImageObject\",\"inLanguage\":\"fr-FR\",\"@id\":\"https:\/\/vosgesinfo.fr\/remiremontinfo\/#\/schema\/person\/image\/\",\"url\":\"https:\/\/secure.gravatar.com\/avatar\/1f9a70007336511a47468b8f1c66f922b8b7cf617b02a31149ada43893a5d48f?s=96&d=mm&r=g\",\"contentUrl\":\"https:\/\/secure.gravatar.com\/avatar\/1f9a70007336511a47468b8f1c66f922b8b7cf617b02a31149ada43893a5d48f?s=96&d=mm&r=g\",\"caption\":\"C D\"},\"url\":\"https:\/\/vosgesinfo.fr\/remiremontinfo\/author\/cedric-drevet\/\"}]}<\/script>\n<!-- \/ Yoast SEO plugin. -->","yoast_head_json":{"title":"Christophe Naegelen interpelle la ministre du logement sur les retards de paiement de \u00ab Ma PrimeRenov\u2019 \u00bb - Remiremont Info","robots":{"index":"index","follow":"follow","max-snippet":"max-snippet:-1","max-image-preview":"max-image-preview:large","max-video-preview":"max-video-preview:-1"},"canonical":"https:\/\/vosgesinfo.fr\/remiremontinfo\/2021\/04\/christophe-naegelen-interpelle-ministre-logement-retards-de-paiement-de-primerenov\/","twitter_card":"summary_large_image","twitter_title":"Christophe Naegelen interpelle la ministre du logement sur les retards de paiement de \u00ab Ma PrimeRenov\u2019 \u00bb - Remiremont Info","twitter_description":"Photo d&rsquo;archives En s\u00e9ance de nuit \u00e0 l\u2019Assembl\u00e9e Nationale sur le texte \u00ab\u00a0Climat et R\u00e9silience\u00a0\u00bb, le d\u00e9put\u00e9 Christophe Naegelen a [&hellip;]","twitter_image":"https:\/\/vosgesinfo.fr\/app\/uploads\/sites\/5\/2024\/09\/202104capture-decran-2021-03-03-091556-1.png","twitter_creator":"@VosgesInfo88","twitter_site":"@VosgesInfo88","twitter_misc":{"\u00c9crit par":"C D","Dur\u00e9e de lecture estim\u00e9e":"2 minutes"},"schema":{"@context":"https:\/\/schema.org","@graph":[{"@type":"Article","@id":"https:\/\/vosgesinfo.fr\/remiremontinfo\/2021\/04\/christophe-naegelen-interpelle-ministre-logement-retards-de-paiement-de-primerenov\/#article","isPartOf":{"@id":"https:\/\/vosgesinfo.fr\/remiremontinfo\/2021\/04\/christophe-naegelen-interpelle-ministre-logement-retards-de-paiement-de-primerenov\/"},"author":{"name":"C D","@id":"https:\/\/vosgesinfo.fr\/remiremontinfo\/#\/schema\/person\/3bfd164d5218a185b1db68655a265316"},"headline":"Christophe Naegelen interpelle la ministre du logement sur les retards de paiement de \u00ab Ma PrimeRenov\u2019 \u00bb","datePublished":"2021-04-15T05:33:03+00:00","dateModified":"2021-04-15T05:33:03+00:00","mainEntityOfPage":{"@id":"https:\/\/vosgesinfo.fr\/remiremontinfo\/2021\/04\/christophe-naegelen-interpelle-ministre-logement-retards-de-paiement-de-primerenov\/"},"wordCount":370,"commentCount":0,"publisher":{"@id":"https:\/\/vosgesinfo.fr\/remiremontinfo\/#organization"},"image":{"@id":"https:\/\/vosgesinfo.fr\/remiremontinfo\/2021\/04\/christophe-naegelen-interpelle-ministre-logement-retards-de-paiement-de-primerenov\/#primaryimage"},"thumbnailUrl":"https:\/\/vosgesinfo.fr\/app\/uploads\/sites\/5\/2024\/09\/202104capture-decran-2021-03-03-091556-1.png","articleSection":["A la Une","Politique","Vosges"],"inLanguage":"fr-FR","potentialAction":[{"@type":"CommentAction","name":"Comment","target":["https:\/\/vosgesinfo.fr\/remiremontinfo\/2021\/04\/christophe-naegelen-interpelle-ministre-logement-retards-de-paiement-de-primerenov\/#respond"]}]},{"@type":"WebPage","@id":"https:\/\/vosgesinfo.fr\/remiremontinfo\/2021\/04\/christophe-naegelen-interpelle-ministre-logement-retards-de-paiement-de-primerenov\/","url":"https:\/\/vosgesinfo.fr\/remiremontinfo\/2021\/04\/christophe-naegelen-interpelle-ministre-logement-retards-de-paiement-de-primerenov\/","name":"Christophe Naegelen interpelle la ministre du logement sur les retards de paiement de \u00ab Ma PrimeRenov\u2019 \u00bb - Remiremont Info","isPartOf":{"@id":"https:\/\/vosgesinfo.fr\/remiremontinfo\/#website"},"primaryImageOfPage":{"@id":"https:\/\/vosgesinfo.fr\/remiremontinfo\/2021\/04\/christophe-naegelen-interpelle-ministre-logement-retards-de-paiement-de-primerenov\/#primaryimage"},"image":{"@id":"https:\/\/vosgesinfo.fr\/remiremontinfo\/2021\/04\/christophe-naegelen-interpelle-ministre-logement-retards-de-paiement-de-primerenov\/#primaryimage"},"thumbnailUrl":"https:\/\/vosgesinfo.fr\/app\/uploads\/sites\/5\/2024\/09\/202104capture-decran-2021-03-03-091556-1.png","datePublished":"2021-04-15T05:33:03+00:00","dateModified":"2021-04-15T05:33:03+00:00","breadcrumb":{"@id":"https:\/\/vosgesinfo.fr\/remiremontinfo\/2021\/04\/christophe-naegelen-interpelle-ministre-logement-retards-de-paiement-de-primerenov\/#breadcrumb"},"inLanguage":"fr-FR","potentialAction":[{"@type":"ReadAction","target":["https:\/\/vosgesinfo.fr\/remiremontinfo\/2021\/04\/christophe-naegelen-interpelle-ministre-logement-retards-de-paiement-de-primerenov\/"]}]},{"@type":"ImageObject","inLanguage":"fr-FR","@id":"https:\/\/vosgesinfo.fr\/remiremontinfo\/2021\/04\/christophe-naegelen-interpelle-ministre-logement-retards-de-paiement-de-primerenov\/#primaryimage","url":"https:\/\/vosgesinfo.fr\/app\/uploads\/sites\/5\/2024\/09\/202104capture-decran-2021-03-03-091556-1.png","contentUrl":"https:\/\/vosgesinfo.fr\/app\/uploads\/sites\/5\/2024\/09\/202104capture-decran-2021-03-03-091556-1.png","width":800,"height":537},{"@type":"BreadcrumbList","@id":"https:\/\/vosgesinfo.fr\/remiremontinfo\/2021\/04\/christophe-naegelen-interpelle-ministre-logement-retards-de-paiement-de-primerenov\/#breadcrumb","itemListElement":[{"@type":"ListItem","position":1,"name":"Home","item":"https:\/\/vosgesinfo.fr\/remiremontinfo\/"},{"@type":"ListItem","position":2,"name":"Christophe Naegelen interpelle la ministre du logement sur les retards de paiement de \u00ab Ma PrimeRenov\u2019 \u00bb"}]},{"@type":"WebSite","@id":"https:\/\/vosgesinfo.fr\/remiremontinfo\/#website","url":"https:\/\/vosgesinfo.fr\/remiremontinfo\/","name":"Remiremont Info","description":"Toute l&#039;actualit\u00e9 de Remiremont","publisher":{"@id":"https:\/\/vosgesinfo.fr\/remiremontinfo\/#organization"},"alternateName":"Toute l'actualit\u00e9 de Remiremont","potentialAction":[{"@type":"SearchAction","target":{"@type":"EntryPoint","urlTemplate":"https:\/\/vosgesinfo.fr\/remiremontinfo\/?s={search_term_string}"},"query-input":"required name=search_term_string"}],"inLanguage":"fr-FR"},{"@type":"Organization","@id":"https:\/\/vosgesinfo.fr\/remiremontinfo\/#organization","name":"Remiremont Info","url":"https:\/\/vosgesinfo.fr\/remiremontinfo\/","logo":{"@type":"ImageObject","inLanguage":"fr-FR","@id":"https:\/\/vosgesinfo.fr\/remiremontinfo\/#\/schema\/logo\/image\/","url":"https:\/\/vosgesinfo.fr\/app\/uploads\/sites\/5\/2023\/08\/favicon-remiremontinfo.png","contentUrl":"https:\/\/vosgesinfo.fr\/app\/uploads\/sites\/5\/2023\/08\/favicon-remiremontinfo.png","width":512,"height":512,"caption":"Remiremont Info"},"image":{"@id":"https:\/\/vosgesinfo.fr\/remiremontinfo\/#\/schema\/logo\/image\/"},"sameAs":["https:\/\/www.facebook.com\/remiremontinfo","https:\/\/x.com\/VosgesInfo88","https:\/\/www.youtube.com\/@vosgesinfo"]},{"@type":"Person","@id":"https:\/\/vosgesinfo.fr\/remiremontinfo\/#\/schema\/person\/3bfd164d5218a185b1db68655a265316","name":"C D","image":{"@type":"ImageObject","inLanguage":"fr-FR","@id":"https:\/\/vosgesinfo.fr\/remiremontinfo\/#\/schema\/person\/image\/","url":"https:\/\/secure.gravatar.com\/avatar\/1f9a70007336511a47468b8f1c66f922b8b7cf617b02a31149ada43893a5d48f?s=96&d=mm&r=g","contentUrl":"https:\/\/secure.gravatar.com\/avatar\/1f9a70007336511a47468b8f1c66f922b8b7cf617b02a31149ada43893a5d48f?s=96&d=mm&r=g","caption":"C D"},"url":"https:\/\/vosgesinfo.fr\/remiremontinfo\/author\/cedric-drevet\/"}]}},"_links":{"self":[{"href":"https:\/\/vosgesinfo.fr\/remiremontinfo\/wp-json\/wp\/v2\/posts\/39293","targetHints":{"allow":["GET"]}}],"collection":[{"href":"https:\/\/vosgesinfo.fr\/remiremontinfo\/wp-json\/wp\/v2\/posts"}],"about":[{"href":"https:\/\/vosgesinfo.fr\/remiremontinfo\/wp-json\/wp\/v2\/types\/post"}],"author":[{"embeddable":true,"href":"https:\/\/vosgesinfo.fr\/remiremontinfo\/wp-json\/wp\/v2\/users\/407"}],"replies":[{"embeddable":true,"href":"https:\/\/vosgesinfo.fr\/remiremontinfo\/wp-json\/wp\/v2\/comments?post=39293"}],"version-history":[{"count":0,"href":"https:\/\/vosgesinfo.fr\/remiremontinfo\/wp-json\/wp\/v2\/posts\/39293\/revisions"}],"wp:featuredmedia":[{"embeddable":true,"href":"https:\/\/vosgesinfo.fr\/remiremontinfo\/wp-json\/wp\/v2\/media\/39294"}],"wp:attachment":[{"href":"https:\/\/vosgesinfo.fr\/remiremontinfo\/wp-json\/wp\/v2\/media?parent=39293"}],"wp:term":[{"taxonomy":"category","embeddable":true,"href":"https:\/\/vosgesinfo.fr\/remiremontinfo\/wp-json\/wp\/v2\/categories?post=39293"},{"taxonomy":"post_tag","embeddable":true,"href":"https:\/\/vosgesinfo.fr\/remiremontinfo\/wp-json\/wp\/v2\/tags?post=39293"}],"curies":[{"name":"wp","href":"https:\/\/api.w.org\/{rel}","templated":true}]}}