{"id":39301,"date":"2021-04-15T07:07:51","date_gmt":"2021-04-15T05:07:51","guid":{"rendered":"https:\/\/vosgesinfo.fr\/remiremontinfo\/2021\/04\/10-jeunes-vosgiens-laureats-de-loperation-prodiges-de-republique\/"},"modified":"2021-04-15T07:07:51","modified_gmt":"2021-04-15T05:07:51","slug":"10-jeunes-vosgiens-laureats-de-loperation-prodiges-de-republique","status":"publish","type":"post","link":"https:\/\/vosgesinfo.fr\/remiremontinfo\/2021\/04\/10-jeunes-vosgiens-laureats-de-loperation-prodiges-de-republique\/","title":{"rendered":"10 jeunes vosgiens laur\u00e9ats de l\u2019op\u00e9ration \u00ab\u00a0Prodiges de la R\u00e9publique\u00a0\u00bb"},"content":{"rendered":"<p style=\"text-align: center;\"><a href=\"\/2021\/04\/Capture-d\u2019\u00e9cran-2020-11-23-100215.png\"><img decoding=\"async\" class=\"alignnone size-full wp-image-314135\" src=\"\/2021\/04\/Capture-d\u2019\u00e9cran-2020-11-23-100215.png\" alt=\"Capture-d\u2019\u00e9cran-2020-11-23-100215\" width=\"725\" height=\"490\" \/><\/a><\/p>\n<p><span style=\"font-size: 10pt;\"><em>Photo Google Maps<\/em><\/span><\/p>\n<h2 align=\"left\"><span style=\"font-size: 12pt;\"><strong>R\u00e9uni le 23 mars dernier \u00e0 la Pr\u00e9fecture, le jury a d\u00e9sign\u00e9 les laur\u00e9ats de l\u2019op\u00e9ration \u00ab\u00a0Prodiges de la R\u00e9publique\u00a0\u00bb. Ils sont au total 10 jeunes, \u00e2g\u00e9s de 18 \u00e0 25 ans, r\u00e9compens\u00e9s pour leur engagement et leur investissement au service de la population au sein du d\u00e9partement des Vosges.<\/strong><\/span><\/h2>\n<p align=\"left\">Lanc\u00e9e par Marl\u00e8ne Schiappa, ministre d\u00e9l\u00e9gu\u00e9e aupr\u00e8s du ministre de l\u2019Int\u00e9rieur, en charge de la citoyennet\u00e9 en d\u00e9cembre dernier, l\u2019op\u00e9ration \u00ab\u00a0Prodiges de la R\u00e9publique\u00a0\u00bb vise \u00e0 r\u00e9compenser celles et ceux ayant d\u00e9montr\u00e9, \u00e0 l\u2019occasion de la crise sanitaire ou dans un autre contexte, \u00ab\u00a0un sens du d\u00e9vouement particulier pour la communaut\u00e9\u00a0\u00bb.<\/p>\n<p align=\"left\">\u00ab\u00a0Ces engagements forts, inscrits dans une logique altruiste et d\u00e9sint\u00e9ress\u00e9e, peut concerner des actions diverses\u00a0\u00bb, affirme la Pr\u00e9fceture dans un communiqu\u00e9. \u00ab\u00a0telles que confectionner des masques pour le voisinage, donner de son temps \u00e0 l\u2019h\u00f4pital, faire les courses pour une personne \u00e2g\u00e9e, tenir une \u00e9picerie solidaire ou bien s\u2019engager dans la lutte contre les violences faites aux femmes, par exemple\u00a0\u00bb. 23 candidatures ont \u00e9t\u00e9 propos\u00e9es dans le d\u00e9partement. 15 projets ont \u00e9t\u00e9 retenus et examin\u00e9s par les membres du jury, sous la pr\u00e9sidence du pr\u00e9fet Yves S\u00e9guy. Parmi ces 15 projets, 10 ont \u00e9t\u00e9 d\u00e9sign\u00e9s laur\u00e9ats de cette premi\u00e8re \u00e9dition.<\/p>\n<p align=\"left\">Le jury a invit\u00e9 Victoria Demange, figurant parmi les 10 laur\u00e9ats, \u00e0 repr\u00e9senter le d\u00e9partement des Vosges lors d\u2019une c\u00e9r\u00e9monie pr\u00e9vue cet \u00e9t\u00e9 au minist\u00e8re de l\u2019Int\u00e9rieur. \u00ab\u00a0Victoria Demange a effectu\u00e9 son service civique au sein de la coop\u00e9ration Monalisa Vosges\u00a0\u00bb, explique la Pr\u00e9fecture. La jeune vosgienne \u00ab\u00a0a \u00e9paul\u00e9 les \u00e9quipes pour mener l\u2019identification de personnes \u00e2g\u00e9es et la prise de contact t\u00e9l\u00e9phonique. Elle s\u2019est investie pour mener des actions b\u00e9n\u00e9voles et a souhait\u00e9 devenir b\u00e9n\u00e9vole \u00e9coutante en plus de sa mission de volontariat. Elle accompagne une personne \u00e2g\u00e9e qui vit \u00e0 son domicile \u00e0 Thaon-les-Vosges avec des enfants \u00e9loign\u00e9s qu\u2019elle ne peut voir qu\u2019en visio\u00a0\u00bb.<\/p>\n<p align=\"left\">Des dipl\u00f4mes seront transmis par la Pr\u00e9fecture \u00e0 tous les laur\u00e9ats. Lors de la c\u00e9r\u00e9monie au Minist\u00e8re de l\u2019Int\u00e9rieur, Victoria Demange recevra quant \u00e0 elle un ch\u00e8que de 500 euros \u00e0 remettre \u00e0 une association de son choix. Yves S\u00e9guy, pr\u00e9fet des Vosges, et l\u2019ensemble des membres du jury saluent et f\u00e9licitent les laur\u00e9ats pour leur engagement. Voici la liste des 10 candidats laur\u00e9ats :<\/p>\n<p align=\"left\">AIGUIER Marine (23 ans) &#8211; LE SYNDICAT<\/p>\n<p align=\"left\">DUFLAUT Thomas (18 ans) &#8211; RAMBERVILLERS<\/p>\n<p align=\"left\">BOUQUOT Anna\u00eblle (19 ans) \u2013 ELOYES<\/p>\n<p align=\"left\">ETIENNE Adam (25 ans) &#8211; GERBAMONT<\/p>\n<p align=\"left\">BOURI Im\u00e8ne (18 ans) &#8211; \u00c9PINAL<\/p>\n<p align=\"left\">SAUFFROY No\u00e9mie (21 ans) &#8211; CHANTRAINE<\/p>\n<p align=\"left\">DEMANGE Victoria (24 ans) &#8211; \u00c9PINAL<\/p>\n<p align=\"left\">SCHEYDER Elodie (21 ans) &#8211; PLAINFAING<\/p>\n<p align=\"left\">DOS REIS Jules (18 ans) \u2013 MONT-LES-NEUFCHATEAU<\/p>\n<p align=\"left\">VILLEMINEY Justine (21 ans) &#8211; UXEGNEY<\/p>\n","protected":false},"excerpt":{"rendered":"<p>Photo Google Maps R\u00e9uni le 23 mars dernier \u00e0 la Pr\u00e9fecture, le jury a d\u00e9sign\u00e9 les laur\u00e9ats de l\u2019op\u00e9ration \u00ab\u00a0Prodiges [&hellip;]<\/p>\n","protected":false},"author":407,"featured_media":39302,"comment_status":"open","ping_status":"open","sticky":false,"template":"","format":"standard","meta":{"footnotes":""},"categories":[26,18],"tags":[],"class_list":["post-39301","post","type-post","status-publish","format-standard","has-post-thumbnail","hentry","category-a-la-une","category-vosges"],"acf":[],"yoast_head":"<!-- This site is optimized with the Yoast SEO plugin v22.5 - https:\/\/yoast.com\/wordpress\/plugins\/seo\/ -->\n<title>10 jeunes vosgiens laur\u00e9ats de l\u2019op\u00e9ration \u00ab\u00a0Prodiges de la R\u00e9publique\u00a0\u00bb - Remiremont Info<\/title>\n<meta name=\"robots\" content=\"index, follow, max-snippet:-1, max-image-preview:large, max-video-preview:-1\" \/>\n<link rel=\"canonical\" href=\"https:\/\/vosgesinfo.fr\/remiremontinfo\/2021\/04\/10-jeunes-vosgiens-laureats-de-loperation-prodiges-de-republique\/\" \/>\n<meta name=\"twitter:card\" content=\"summary_large_image\" \/>\n<meta name=\"twitter:title\" content=\"10 jeunes vosgiens laur\u00e9ats de l\u2019op\u00e9ration \u00ab\u00a0Prodiges de la R\u00e9publique\u00a0\u00bb - Remiremont Info\" \/>\n<meta name=\"twitter:description\" content=\"Photo Google Maps R\u00e9uni le 23 mars dernier \u00e0 la Pr\u00e9fecture, le jury a d\u00e9sign\u00e9 les laur\u00e9ats de l\u2019op\u00e9ration \u00ab\u00a0Prodiges [&hellip;]\" \/>\n<meta name=\"twitter:image\" content=\"https:\/\/vosgesinfo.fr\/app\/uploads\/sites\/5\/2024\/09\/202104capture-decran-2020-11-23-100215.png\" \/>\n<meta name=\"twitter:creator\" content=\"@VosgesInfo88\" \/>\n<meta name=\"twitter:site\" content=\"@VosgesInfo88\" \/>\n<meta name=\"twitter:label1\" content=\"\u00c9crit par\" \/>\n\t<meta name=\"twitter:data1\" content=\"C D\" \/>\n\t<meta name=\"twitter:label2\" content=\"Dur\u00e9e de lecture estim\u00e9e\" \/>\n\t<meta name=\"twitter:data2\" content=\"2 minutes\" \/>\n<script type=\"application\/ld+json\" class=\"yoast-schema-graph\">{\"@context\":\"https:\/\/schema.org\",\"@graph\":[{\"@type\":\"Article\",\"@id\":\"https:\/\/vosgesinfo.fr\/remiremontinfo\/2021\/04\/10-jeunes-vosgiens-laureats-de-loperation-prodiges-de-republique\/#article\",\"isPartOf\":{\"@id\":\"https:\/\/vosgesinfo.fr\/remiremontinfo\/2021\/04\/10-jeunes-vosgiens-laureats-de-loperation-prodiges-de-republique\/\"},\"author\":{\"name\":\"C D\",\"@id\":\"https:\/\/vosgesinfo.fr\/remiremontinfo\/#\/schema\/person\/3bfd164d5218a185b1db68655a265316\"},\"headline\":\"10 jeunes vosgiens laur\u00e9ats de l\u2019op\u00e9ration \u00ab\u00a0Prodiges de la R\u00e9publique\u00a0\u00bb\",\"datePublished\":\"2021-04-15T05:07:51+00:00\",\"dateModified\":\"2021-04-15T05:07:51+00:00\",\"mainEntityOfPage\":{\"@id\":\"https:\/\/vosgesinfo.fr\/remiremontinfo\/2021\/04\/10-jeunes-vosgiens-laureats-de-loperation-prodiges-de-republique\/\"},\"wordCount\":502,\"commentCount\":0,\"publisher\":{\"@id\":\"https:\/\/vosgesinfo.fr\/remiremontinfo\/#organization\"},\"image\":{\"@id\":\"https:\/\/vosgesinfo.fr\/remiremontinfo\/2021\/04\/10-jeunes-vosgiens-laureats-de-loperation-prodiges-de-republique\/#primaryimage\"},\"thumbnailUrl\":\"https:\/\/vosgesinfo.fr\/app\/uploads\/sites\/5\/2024\/09\/202104capture-decran-2020-11-23-100215.png\",\"articleSection\":[\"A la Une\",\"Vosges\"],\"inLanguage\":\"fr-FR\",\"potentialAction\":[{\"@type\":\"CommentAction\",\"name\":\"Comment\",\"target\":[\"https:\/\/vosgesinfo.fr\/remiremontinfo\/2021\/04\/10-jeunes-vosgiens-laureats-de-loperation-prodiges-de-republique\/#respond\"]}]},{\"@type\":\"WebPage\",\"@id\":\"https:\/\/vosgesinfo.fr\/remiremontinfo\/2021\/04\/10-jeunes-vosgiens-laureats-de-loperation-prodiges-de-republique\/\",\"url\":\"https:\/\/vosgesinfo.fr\/remiremontinfo\/2021\/04\/10-jeunes-vosgiens-laureats-de-loperation-prodiges-de-republique\/\",\"name\":\"10 jeunes vosgiens laur\u00e9ats de l\u2019op\u00e9ration \u00ab\u00a0Prodiges de la R\u00e9publique\u00a0\u00bb - Remiremont Info\",\"isPartOf\":{\"@id\":\"https:\/\/vosgesinfo.fr\/remiremontinfo\/#website\"},\"primaryImageOfPage\":{\"@id\":\"https:\/\/vosgesinfo.fr\/remiremontinfo\/2021\/04\/10-jeunes-vosgiens-laureats-de-loperation-prodiges-de-republique\/#primaryimage\"},\"image\":{\"@id\":\"https:\/\/vosgesinfo.fr\/remiremontinfo\/2021\/04\/10-jeunes-vosgiens-laureats-de-loperation-prodiges-de-republique\/#primaryimage\"},\"thumbnailUrl\":\"https:\/\/vosgesinfo.fr\/app\/uploads\/sites\/5\/2024\/09\/202104capture-decran-2020-11-23-100215.png\",\"datePublished\":\"2021-04-15T05:07:51+00:00\",\"dateModified\":\"2021-04-15T05:07:51+00:00\",\"breadcrumb\":{\"@id\":\"https:\/\/vosgesinfo.fr\/remiremontinfo\/2021\/04\/10-jeunes-vosgiens-laureats-de-loperation-prodiges-de-republique\/#breadcrumb\"},\"inLanguage\":\"fr-FR\",\"potentialAction\":[{\"@type\":\"ReadAction\",\"target\":[\"https:\/\/vosgesinfo.fr\/remiremontinfo\/2021\/04\/10-jeunes-vosgiens-laureats-de-loperation-prodiges-de-republique\/\"]}]},{\"@type\":\"ImageObject\",\"inLanguage\":\"fr-FR\",\"@id\":\"https:\/\/vosgesinfo.fr\/remiremontinfo\/2021\/04\/10-jeunes-vosgiens-laureats-de-loperation-prodiges-de-republique\/#primaryimage\",\"url\":\"https:\/\/vosgesinfo.fr\/app\/uploads\/sites\/5\/2024\/09\/202104capture-decran-2020-11-23-100215.png\",\"contentUrl\":\"https:\/\/vosgesinfo.fr\/app\/uploads\/sites\/5\/2024\/09\/202104capture-decran-2020-11-23-100215.png\",\"width\":725,\"height\":490},{\"@type\":\"BreadcrumbList\",\"@id\":\"https:\/\/vosgesinfo.fr\/remiremontinfo\/2021\/04\/10-jeunes-vosgiens-laureats-de-loperation-prodiges-de-republique\/#breadcrumb\",\"itemListElement\":[{\"@type\":\"ListItem\",\"position\":1,\"name\":\"Home\",\"item\":\"https:\/\/vosgesinfo.fr\/remiremontinfo\/\"},{\"@type\":\"ListItem\",\"position\":2,\"name\":\"10 jeunes vosgiens laur\u00e9ats de l\u2019op\u00e9ration \u00ab\u00a0Prodiges de la R\u00e9publique\u00a0\u00bb\"}]},{\"@type\":\"WebSite\",\"@id\":\"https:\/\/vosgesinfo.fr\/remiremontinfo\/#website\",\"url\":\"https:\/\/vosgesinfo.fr\/remiremontinfo\/\",\"name\":\"Remiremont Info\",\"description\":\"Toute l&#039;actualit\u00e9 de Remiremont\",\"publisher\":{\"@id\":\"https:\/\/vosgesinfo.fr\/remiremontinfo\/#organization\"},\"alternateName\":\"Toute l'actualit\u00e9 de Remiremont\",\"potentialAction\":[{\"@type\":\"SearchAction\",\"target\":{\"@type\":\"EntryPoint\",\"urlTemplate\":\"https:\/\/vosgesinfo.fr\/remiremontinfo\/?s={search_term_string}\"},\"query-input\":\"required name=search_term_string\"}],\"inLanguage\":\"fr-FR\"},{\"@type\":\"Organization\",\"@id\":\"https:\/\/vosgesinfo.fr\/remiremontinfo\/#organization\",\"name\":\"Remiremont Info\",\"url\":\"https:\/\/vosgesinfo.fr\/remiremontinfo\/\",\"logo\":{\"@type\":\"ImageObject\",\"inLanguage\":\"fr-FR\",\"@id\":\"https:\/\/vosgesinfo.fr\/remiremontinfo\/#\/schema\/logo\/image\/\",\"url\":\"https:\/\/vosgesinfo.fr\/app\/uploads\/sites\/5\/2023\/08\/favicon-remiremontinfo.png\",\"contentUrl\":\"https:\/\/vosgesinfo.fr\/app\/uploads\/sites\/5\/2023\/08\/favicon-remiremontinfo.png\",\"width\":512,\"height\":512,\"caption\":\"Remiremont Info\"},\"image\":{\"@id\":\"https:\/\/vosgesinfo.fr\/remiremontinfo\/#\/schema\/logo\/image\/\"},\"sameAs\":[\"https:\/\/www.facebook.com\/remiremontinfo\",\"https:\/\/x.com\/VosgesInfo88\",\"https:\/\/www.youtube.com\/@vosgesinfo\"]},{\"@type\":\"Person\",\"@id\":\"https:\/\/vosgesinfo.fr\/remiremontinfo\/#\/schema\/person\/3bfd164d5218a185b1db68655a265316\",\"name\":\"C D\",\"image\":{\"@type\":\"ImageObject\",\"inLanguage\":\"fr-FR\",\"@id\":\"https:\/\/vosgesinfo.fr\/remiremontinfo\/#\/schema\/person\/image\/\",\"url\":\"https:\/\/secure.gravatar.com\/avatar\/1f9a70007336511a47468b8f1c66f922b8b7cf617b02a31149ada43893a5d48f?s=96&d=mm&r=g\",\"contentUrl\":\"https:\/\/secure.gravatar.com\/avatar\/1f9a70007336511a47468b8f1c66f922b8b7cf617b02a31149ada43893a5d48f?s=96&d=mm&r=g\",\"caption\":\"C D\"},\"url\":\"https:\/\/vosgesinfo.fr\/remiremontinfo\/author\/cedric-drevet\/\"}]}<\/script>\n<!-- \/ Yoast SEO plugin. -->","yoast_head_json":{"title":"10 jeunes vosgiens laur\u00e9ats de l\u2019op\u00e9ration \u00ab\u00a0Prodiges de la R\u00e9publique\u00a0\u00bb - Remiremont Info","robots":{"index":"index","follow":"follow","max-snippet":"max-snippet:-1","max-image-preview":"max-image-preview:large","max-video-preview":"max-video-preview:-1"},"canonical":"https:\/\/vosgesinfo.fr\/remiremontinfo\/2021\/04\/10-jeunes-vosgiens-laureats-de-loperation-prodiges-de-republique\/","twitter_card":"summary_large_image","twitter_title":"10 jeunes vosgiens laur\u00e9ats de l\u2019op\u00e9ration \u00ab\u00a0Prodiges de la R\u00e9publique\u00a0\u00bb - Remiremont Info","twitter_description":"Photo Google Maps R\u00e9uni le 23 mars dernier \u00e0 la Pr\u00e9fecture, le jury a d\u00e9sign\u00e9 les laur\u00e9ats de l\u2019op\u00e9ration \u00ab\u00a0Prodiges [&hellip;]","twitter_image":"https:\/\/vosgesinfo.fr\/app\/uploads\/sites\/5\/2024\/09\/202104capture-decran-2020-11-23-100215.png","twitter_creator":"@VosgesInfo88","twitter_site":"@VosgesInfo88","twitter_misc":{"\u00c9crit par":"C D","Dur\u00e9e de lecture estim\u00e9e":"2 minutes"},"schema":{"@context":"https:\/\/schema.org","@graph":[{"@type":"Article","@id":"https:\/\/vosgesinfo.fr\/remiremontinfo\/2021\/04\/10-jeunes-vosgiens-laureats-de-loperation-prodiges-de-republique\/#article","isPartOf":{"@id":"https:\/\/vosgesinfo.fr\/remiremontinfo\/2021\/04\/10-jeunes-vosgiens-laureats-de-loperation-prodiges-de-republique\/"},"author":{"name":"C D","@id":"https:\/\/vosgesinfo.fr\/remiremontinfo\/#\/schema\/person\/3bfd164d5218a185b1db68655a265316"},"headline":"10 jeunes vosgiens laur\u00e9ats de l\u2019op\u00e9ration \u00ab\u00a0Prodiges de la R\u00e9publique\u00a0\u00bb","datePublished":"2021-04-15T05:07:51+00:00","dateModified":"2021-04-15T05:07:51+00:00","mainEntityOfPage":{"@id":"https:\/\/vosgesinfo.fr\/remiremontinfo\/2021\/04\/10-jeunes-vosgiens-laureats-de-loperation-prodiges-de-republique\/"},"wordCount":502,"commentCount":0,"publisher":{"@id":"https:\/\/vosgesinfo.fr\/remiremontinfo\/#organization"},"image":{"@id":"https:\/\/vosgesinfo.fr\/remiremontinfo\/2021\/04\/10-jeunes-vosgiens-laureats-de-loperation-prodiges-de-republique\/#primaryimage"},"thumbnailUrl":"https:\/\/vosgesinfo.fr\/app\/uploads\/sites\/5\/2024\/09\/202104capture-decran-2020-11-23-100215.png","articleSection":["A la Une","Vosges"],"inLanguage":"fr-FR","potentialAction":[{"@type":"CommentAction","name":"Comment","target":["https:\/\/vosgesinfo.fr\/remiremontinfo\/2021\/04\/10-jeunes-vosgiens-laureats-de-loperation-prodiges-de-republique\/#respond"]}]},{"@type":"WebPage","@id":"https:\/\/vosgesinfo.fr\/remiremontinfo\/2021\/04\/10-jeunes-vosgiens-laureats-de-loperation-prodiges-de-republique\/","url":"https:\/\/vosgesinfo.fr\/remiremontinfo\/2021\/04\/10-jeunes-vosgiens-laureats-de-loperation-prodiges-de-republique\/","name":"10 jeunes vosgiens laur\u00e9ats de l\u2019op\u00e9ration \u00ab\u00a0Prodiges de la R\u00e9publique\u00a0\u00bb - Remiremont Info","isPartOf":{"@id":"https:\/\/vosgesinfo.fr\/remiremontinfo\/#website"},"primaryImageOfPage":{"@id":"https:\/\/vosgesinfo.fr\/remiremontinfo\/2021\/04\/10-jeunes-vosgiens-laureats-de-loperation-prodiges-de-republique\/#primaryimage"},"image":{"@id":"https:\/\/vosgesinfo.fr\/remiremontinfo\/2021\/04\/10-jeunes-vosgiens-laureats-de-loperation-prodiges-de-republique\/#primaryimage"},"thumbnailUrl":"https:\/\/vosgesinfo.fr\/app\/uploads\/sites\/5\/2024\/09\/202104capture-decran-2020-11-23-100215.png","datePublished":"2021-04-15T05:07:51+00:00","dateModified":"2021-04-15T05:07:51+00:00","breadcrumb":{"@id":"https:\/\/vosgesinfo.fr\/remiremontinfo\/2021\/04\/10-jeunes-vosgiens-laureats-de-loperation-prodiges-de-republique\/#breadcrumb"},"inLanguage":"fr-FR","potentialAction":[{"@type":"ReadAction","target":["https:\/\/vosgesinfo.fr\/remiremontinfo\/2021\/04\/10-jeunes-vosgiens-laureats-de-loperation-prodiges-de-republique\/"]}]},{"@type":"ImageObject","inLanguage":"fr-FR","@id":"https:\/\/vosgesinfo.fr\/remiremontinfo\/2021\/04\/10-jeunes-vosgiens-laureats-de-loperation-prodiges-de-republique\/#primaryimage","url":"https:\/\/vosgesinfo.fr\/app\/uploads\/sites\/5\/2024\/09\/202104capture-decran-2020-11-23-100215.png","contentUrl":"https:\/\/vosgesinfo.fr\/app\/uploads\/sites\/5\/2024\/09\/202104capture-decran-2020-11-23-100215.png","width":725,"height":490},{"@type":"BreadcrumbList","@id":"https:\/\/vosgesinfo.fr\/remiremontinfo\/2021\/04\/10-jeunes-vosgiens-laureats-de-loperation-prodiges-de-republique\/#breadcrumb","itemListElement":[{"@type":"ListItem","position":1,"name":"Home","item":"https:\/\/vosgesinfo.fr\/remiremontinfo\/"},{"@type":"ListItem","position":2,"name":"10 jeunes vosgiens laur\u00e9ats de l\u2019op\u00e9ration \u00ab\u00a0Prodiges de la R\u00e9publique\u00a0\u00bb"}]},{"@type":"WebSite","@id":"https:\/\/vosgesinfo.fr\/remiremontinfo\/#website","url":"https:\/\/vosgesinfo.fr\/remiremontinfo\/","name":"Remiremont Info","description":"Toute l&#039;actualit\u00e9 de Remiremont","publisher":{"@id":"https:\/\/vosgesinfo.fr\/remiremontinfo\/#organization"},"alternateName":"Toute l'actualit\u00e9 de Remiremont","potentialAction":[{"@type":"SearchAction","target":{"@type":"EntryPoint","urlTemplate":"https:\/\/vosgesinfo.fr\/remiremontinfo\/?s={search_term_string}"},"query-input":"required name=search_term_string"}],"inLanguage":"fr-FR"},{"@type":"Organization","@id":"https:\/\/vosgesinfo.fr\/remiremontinfo\/#organization","name":"Remiremont Info","url":"https:\/\/vosgesinfo.fr\/remiremontinfo\/","logo":{"@type":"ImageObject","inLanguage":"fr-FR","@id":"https:\/\/vosgesinfo.fr\/remiremontinfo\/#\/schema\/logo\/image\/","url":"https:\/\/vosgesinfo.fr\/app\/uploads\/sites\/5\/2023\/08\/favicon-remiremontinfo.png","contentUrl":"https:\/\/vosgesinfo.fr\/app\/uploads\/sites\/5\/2023\/08\/favicon-remiremontinfo.png","width":512,"height":512,"caption":"Remiremont Info"},"image":{"@id":"https:\/\/vosgesinfo.fr\/remiremontinfo\/#\/schema\/logo\/image\/"},"sameAs":["https:\/\/www.facebook.com\/remiremontinfo","https:\/\/x.com\/VosgesInfo88","https:\/\/www.youtube.com\/@vosgesinfo"]},{"@type":"Person","@id":"https:\/\/vosgesinfo.fr\/remiremontinfo\/#\/schema\/person\/3bfd164d5218a185b1db68655a265316","name":"C D","image":{"@type":"ImageObject","inLanguage":"fr-FR","@id":"https:\/\/vosgesinfo.fr\/remiremontinfo\/#\/schema\/person\/image\/","url":"https:\/\/secure.gravatar.com\/avatar\/1f9a70007336511a47468b8f1c66f922b8b7cf617b02a31149ada43893a5d48f?s=96&d=mm&r=g","contentUrl":"https:\/\/secure.gravatar.com\/avatar\/1f9a70007336511a47468b8f1c66f922b8b7cf617b02a31149ada43893a5d48f?s=96&d=mm&r=g","caption":"C D"},"url":"https:\/\/vosgesinfo.fr\/remiremontinfo\/author\/cedric-drevet\/"}]}},"_links":{"self":[{"href":"https:\/\/vosgesinfo.fr\/remiremontinfo\/wp-json\/wp\/v2\/posts\/39301","targetHints":{"allow":["GET"]}}],"collection":[{"href":"https:\/\/vosgesinfo.fr\/remiremontinfo\/wp-json\/wp\/v2\/posts"}],"about":[{"href":"https:\/\/vosgesinfo.fr\/remiremontinfo\/wp-json\/wp\/v2\/types\/post"}],"author":[{"embeddable":true,"href":"https:\/\/vosgesinfo.fr\/remiremontinfo\/wp-json\/wp\/v2\/users\/407"}],"replies":[{"embeddable":true,"href":"https:\/\/vosgesinfo.fr\/remiremontinfo\/wp-json\/wp\/v2\/comments?post=39301"}],"version-history":[{"count":0,"href":"https:\/\/vosgesinfo.fr\/remiremontinfo\/wp-json\/wp\/v2\/posts\/39301\/revisions"}],"wp:featuredmedia":[{"embeddable":true,"href":"https:\/\/vosgesinfo.fr\/remiremontinfo\/wp-json\/wp\/v2\/media\/39302"}],"wp:attachment":[{"href":"https:\/\/vosgesinfo.fr\/remiremontinfo\/wp-json\/wp\/v2\/media?parent=39301"}],"wp:term":[{"taxonomy":"category","embeddable":true,"href":"https:\/\/vosgesinfo.fr\/remiremontinfo\/wp-json\/wp\/v2\/categories?post=39301"},{"taxonomy":"post_tag","embeddable":true,"href":"https:\/\/vosgesinfo.fr\/remiremontinfo\/wp-json\/wp\/v2\/tags?post=39301"}],"curies":[{"name":"wp","href":"https:\/\/api.w.org\/{rel}","templated":true}]}}