{"id":39330,"date":"2021-04-16T06:49:19","date_gmt":"2021-04-16T04:49:19","guid":{"rendered":"https:\/\/vosgesinfo.fr\/remiremontinfo\/2021\/04\/priorite-personnels-enseignants-eligibles-a-vaccination\/"},"modified":"2021-04-16T06:49:19","modified_gmt":"2021-04-16T04:49:19","slug":"priorite-personnels-enseignants-eligibles-a-vaccination","status":"publish","type":"post","link":"https:\/\/vosgesinfo.fr\/remiremontinfo\/2021\/04\/priorite-personnels-enseignants-eligibles-a-vaccination\/","title":{"rendered":"Priorit\u00e9 pour tous les personnels enseignants \u00e9ligibles \u00e0 la vaccination"},"content":{"rendered":"<p style=\"text-align: center;\"><em>Communiqu\u00e9 du Minist\u00e8re de l\u2019\u00c9ducation nationale, de la Jeunesse et des Sports<\/em><\/p>\n<p>PRIORIT\u00c9 POUR TOUS LES PERSONNELS ENSEIGNANTS \u00c9LIGIBLES \u00c0 LA VACCINATION<\/p>\n<p>Jeudi 15 avril 2021<\/p>\n<p>La vaccination est une priorit\u00e9 nationale pour la bataille contre le Covid-19. C\u2019est pourquoi le gouvernement a pr\u00e9sent\u00e9 des mesures permettant d\u2019intensifier la campagne de vaccination dans les jours et les semaines \u00e0 venir. A ce jour, pr\u00e8s de 12 millions de Fran\u00e7ais ont pu \u00eatre vaccin\u00e9s. Depuis le d\u00e9but de cette semaine, les personnes \u00e2g\u00e9es de plus de 55 ans, m\u00eame sans comorbidit\u00e9s, sont \u00e9ligibles \u00e0 la vaccination.<\/p>\n<p>Des campagnes cibl\u00e9es sont en cours d\u2019organisation pour faciliter la vaccination des professions les plus expos\u00e9es au virus, en particulier les personnels de l\u2019\u00c9tat et des collectivit\u00e9s territoriales exer\u00e7ant dans les \u00e9coles, coll\u00e8ges et lyc\u00e9es, publics ou priv\u00e9s, au contact des \u00e9l\u00e8ves.<\/p>\n<p>C\u2019est pourquoi, d\u00e8s le samedi 17 avril, tous les personnels de plus de 55 ans exer\u00e7ant au contact des \u00e9l\u00e8ves en \u00e9cole, coll\u00e8ge et lyc\u00e9e (enseignants, AESH, ATSEM) b\u00e9n\u00e9ficieront de cr\u00e9neaux d\u00e9di\u00e9s de vaccination, dans les centres de vaccination concern\u00e9s par ce circuit rapide. Cette solution sera propos\u00e9e a minima pour les deux prochaines semaines, y compris les week-ends.<\/p>\n<p>Les agents concern\u00e9s devront, pour b\u00e9n\u00e9ficier de cette priorit\u00e9, se munir d\u2019une pi\u00e8ce justifiant de l\u2019exercice du m\u00e9tier enseignant (carte professionnelle, bulletin de salaire accessible sur l\u2019ENSAP\u2026) ainsi que d\u2019une pi\u00e8ce d\u2019identit\u00e9 et d\u2019une carte vitale ou d\u2019une attestation de droits.<\/p>\n<p>La liste des centres de vaccination ouverts ce week-end est \u00e9tablie par les ARS et sera disponible d\u00e8s demain sur les sites des acad\u00e9mies.<\/p>\n<p><em>Communiqu\u00e9 du Minist\u00e8re de l\u2019\u00c9ducation nationale, de la Jeunesse et des Sports<\/em><\/p>\n","protected":false},"excerpt":{"rendered":"<p>Communiqu\u00e9 du Minist\u00e8re de l\u2019\u00c9ducation nationale, de la Jeunesse et des Sports PRIORIT\u00c9 POUR TOUS LES PERSONNELS ENSEIGNANTS \u00c9LIGIBLES \u00c0 [&hellip;]<\/p>\n","protected":false},"author":407,"featured_media":39331,"comment_status":"open","ping_status":"open","sticky":false,"template":"","format":"standard","meta":{"footnotes":""},"categories":[26,12,18],"tags":[],"class_list":["post-39330","post","type-post","status-publish","format-standard","has-post-thumbnail","hentry","category-a-la-une","category-sante","category-vosges"],"acf":[],"yoast_head":"<!-- This site is optimized with the Yoast SEO plugin v22.5 - https:\/\/yoast.com\/wordpress\/plugins\/seo\/ -->\n<title>Priorit\u00e9 pour tous les personnels enseignants \u00e9ligibles \u00e0 la vaccination - Remiremont Info<\/title>\n<meta name=\"robots\" content=\"index, follow, max-snippet:-1, max-image-preview:large, max-video-preview:-1\" \/>\n<link rel=\"canonical\" href=\"https:\/\/vosgesinfo.fr\/remiremontinfo\/2021\/04\/priorite-personnels-enseignants-eligibles-a-vaccination\/\" \/>\n<meta name=\"twitter:card\" content=\"summary_large_image\" \/>\n<meta name=\"twitter:title\" content=\"Priorit\u00e9 pour tous les personnels enseignants \u00e9ligibles \u00e0 la vaccination - Remiremont Info\" \/>\n<meta name=\"twitter:description\" content=\"Communiqu\u00e9 du Minist\u00e8re de l\u2019\u00c9ducation nationale, de la Jeunesse et des Sports PRIORIT\u00c9 POUR TOUS LES PERSONNELS ENSEIGNANTS \u00c9LIGIBLES \u00c0 [&hellip;]\" \/>\n<meta name=\"twitter:image\" content=\"https:\/\/vosgesinfo.fr\/app\/uploads\/sites\/5\/2024\/09\/202104capture-decran-2021-04-16-084759.png\" \/>\n<meta name=\"twitter:creator\" content=\"@VosgesInfo88\" \/>\n<meta name=\"twitter:site\" content=\"@VosgesInfo88\" \/>\n<meta name=\"twitter:label1\" content=\"\u00c9crit par\" \/>\n\t<meta name=\"twitter:data1\" content=\"C D\" \/>\n\t<meta name=\"twitter:label2\" content=\"Dur\u00e9e de lecture estim\u00e9e\" \/>\n\t<meta name=\"twitter:data2\" content=\"2 minutes\" \/>\n<script type=\"application\/ld+json\" class=\"yoast-schema-graph\">{\"@context\":\"https:\/\/schema.org\",\"@graph\":[{\"@type\":\"Article\",\"@id\":\"https:\/\/vosgesinfo.fr\/remiremontinfo\/2021\/04\/priorite-personnels-enseignants-eligibles-a-vaccination\/#article\",\"isPartOf\":{\"@id\":\"https:\/\/vosgesinfo.fr\/remiremontinfo\/2021\/04\/priorite-personnels-enseignants-eligibles-a-vaccination\/\"},\"author\":{\"name\":\"C D\",\"@id\":\"https:\/\/vosgesinfo.fr\/remiremontinfo\/#\/schema\/person\/3bfd164d5218a185b1db68655a265316\"},\"headline\":\"Priorit\u00e9 pour tous les personnels enseignants \u00e9ligibles \u00e0 la vaccination\",\"datePublished\":\"2021-04-16T04:49:19+00:00\",\"dateModified\":\"2021-04-16T04:49:19+00:00\",\"mainEntityOfPage\":{\"@id\":\"https:\/\/vosgesinfo.fr\/remiremontinfo\/2021\/04\/priorite-personnels-enseignants-eligibles-a-vaccination\/\"},\"wordCount\":325,\"commentCount\":0,\"publisher\":{\"@id\":\"https:\/\/vosgesinfo.fr\/remiremontinfo\/#organization\"},\"image\":{\"@id\":\"https:\/\/vosgesinfo.fr\/remiremontinfo\/2021\/04\/priorite-personnels-enseignants-eligibles-a-vaccination\/#primaryimage\"},\"thumbnailUrl\":\"https:\/\/vosgesinfo.fr\/app\/uploads\/sites\/5\/2024\/09\/202104capture-decran-2021-04-16-084759.png\",\"articleSection\":[\"A la Une\",\"Sant\u00e9\",\"Vosges\"],\"inLanguage\":\"fr-FR\",\"potentialAction\":[{\"@type\":\"CommentAction\",\"name\":\"Comment\",\"target\":[\"https:\/\/vosgesinfo.fr\/remiremontinfo\/2021\/04\/priorite-personnels-enseignants-eligibles-a-vaccination\/#respond\"]}]},{\"@type\":\"WebPage\",\"@id\":\"https:\/\/vosgesinfo.fr\/remiremontinfo\/2021\/04\/priorite-personnels-enseignants-eligibles-a-vaccination\/\",\"url\":\"https:\/\/vosgesinfo.fr\/remiremontinfo\/2021\/04\/priorite-personnels-enseignants-eligibles-a-vaccination\/\",\"name\":\"Priorit\u00e9 pour tous les personnels enseignants \u00e9ligibles \u00e0 la vaccination - Remiremont Info\",\"isPartOf\":{\"@id\":\"https:\/\/vosgesinfo.fr\/remiremontinfo\/#website\"},\"primaryImageOfPage\":{\"@id\":\"https:\/\/vosgesinfo.fr\/remiremontinfo\/2021\/04\/priorite-personnels-enseignants-eligibles-a-vaccination\/#primaryimage\"},\"image\":{\"@id\":\"https:\/\/vosgesinfo.fr\/remiremontinfo\/2021\/04\/priorite-personnels-enseignants-eligibles-a-vaccination\/#primaryimage\"},\"thumbnailUrl\":\"https:\/\/vosgesinfo.fr\/app\/uploads\/sites\/5\/2024\/09\/202104capture-decran-2021-04-16-084759.png\",\"datePublished\":\"2021-04-16T04:49:19+00:00\",\"dateModified\":\"2021-04-16T04:49:19+00:00\",\"breadcrumb\":{\"@id\":\"https:\/\/vosgesinfo.fr\/remiremontinfo\/2021\/04\/priorite-personnels-enseignants-eligibles-a-vaccination\/#breadcrumb\"},\"inLanguage\":\"fr-FR\",\"potentialAction\":[{\"@type\":\"ReadAction\",\"target\":[\"https:\/\/vosgesinfo.fr\/remiremontinfo\/2021\/04\/priorite-personnels-enseignants-eligibles-a-vaccination\/\"]}]},{\"@type\":\"ImageObject\",\"inLanguage\":\"fr-FR\",\"@id\":\"https:\/\/vosgesinfo.fr\/remiremontinfo\/2021\/04\/priorite-personnels-enseignants-eligibles-a-vaccination\/#primaryimage\",\"url\":\"https:\/\/vosgesinfo.fr\/app\/uploads\/sites\/5\/2024\/09\/202104capture-decran-2021-04-16-084759.png\",\"contentUrl\":\"https:\/\/vosgesinfo.fr\/app\/uploads\/sites\/5\/2024\/09\/202104capture-decran-2021-04-16-084759.png\",\"width\":800,\"height\":525},{\"@type\":\"BreadcrumbList\",\"@id\":\"https:\/\/vosgesinfo.fr\/remiremontinfo\/2021\/04\/priorite-personnels-enseignants-eligibles-a-vaccination\/#breadcrumb\",\"itemListElement\":[{\"@type\":\"ListItem\",\"position\":1,\"name\":\"Home\",\"item\":\"https:\/\/vosgesinfo.fr\/remiremontinfo\/\"},{\"@type\":\"ListItem\",\"position\":2,\"name\":\"Priorit\u00e9 pour tous les personnels enseignants \u00e9ligibles \u00e0 la vaccination\"}]},{\"@type\":\"WebSite\",\"@id\":\"https:\/\/vosgesinfo.fr\/remiremontinfo\/#website\",\"url\":\"https:\/\/vosgesinfo.fr\/remiremontinfo\/\",\"name\":\"Remiremont Info\",\"description\":\"Toute l&#039;actualit\u00e9 de Remiremont\",\"publisher\":{\"@id\":\"https:\/\/vosgesinfo.fr\/remiremontinfo\/#organization\"},\"alternateName\":\"Toute l'actualit\u00e9 de Remiremont\",\"potentialAction\":[{\"@type\":\"SearchAction\",\"target\":{\"@type\":\"EntryPoint\",\"urlTemplate\":\"https:\/\/vosgesinfo.fr\/remiremontinfo\/?s={search_term_string}\"},\"query-input\":\"required name=search_term_string\"}],\"inLanguage\":\"fr-FR\"},{\"@type\":\"Organization\",\"@id\":\"https:\/\/vosgesinfo.fr\/remiremontinfo\/#organization\",\"name\":\"Remiremont Info\",\"url\":\"https:\/\/vosgesinfo.fr\/remiremontinfo\/\",\"logo\":{\"@type\":\"ImageObject\",\"inLanguage\":\"fr-FR\",\"@id\":\"https:\/\/vosgesinfo.fr\/remiremontinfo\/#\/schema\/logo\/image\/\",\"url\":\"https:\/\/vosgesinfo.fr\/app\/uploads\/sites\/5\/2023\/08\/favicon-remiremontinfo.png\",\"contentUrl\":\"https:\/\/vosgesinfo.fr\/app\/uploads\/sites\/5\/2023\/08\/favicon-remiremontinfo.png\",\"width\":512,\"height\":512,\"caption\":\"Remiremont Info\"},\"image\":{\"@id\":\"https:\/\/vosgesinfo.fr\/remiremontinfo\/#\/schema\/logo\/image\/\"},\"sameAs\":[\"https:\/\/www.facebook.com\/remiremontinfo\",\"https:\/\/x.com\/VosgesInfo88\",\"https:\/\/www.youtube.com\/@vosgesinfo\"]},{\"@type\":\"Person\",\"@id\":\"https:\/\/vosgesinfo.fr\/remiremontinfo\/#\/schema\/person\/3bfd164d5218a185b1db68655a265316\",\"name\":\"C D\",\"image\":{\"@type\":\"ImageObject\",\"inLanguage\":\"fr-FR\",\"@id\":\"https:\/\/vosgesinfo.fr\/remiremontinfo\/#\/schema\/person\/image\/\",\"url\":\"https:\/\/secure.gravatar.com\/avatar\/1f9a70007336511a47468b8f1c66f922b8b7cf617b02a31149ada43893a5d48f?s=96&d=mm&r=g\",\"contentUrl\":\"https:\/\/secure.gravatar.com\/avatar\/1f9a70007336511a47468b8f1c66f922b8b7cf617b02a31149ada43893a5d48f?s=96&d=mm&r=g\",\"caption\":\"C D\"},\"url\":\"https:\/\/vosgesinfo.fr\/remiremontinfo\/author\/cedric-drevet\/\"}]}<\/script>\n<!-- \/ Yoast SEO plugin. -->","yoast_head_json":{"title":"Priorit\u00e9 pour tous les personnels enseignants \u00e9ligibles \u00e0 la vaccination - Remiremont Info","robots":{"index":"index","follow":"follow","max-snippet":"max-snippet:-1","max-image-preview":"max-image-preview:large","max-video-preview":"max-video-preview:-1"},"canonical":"https:\/\/vosgesinfo.fr\/remiremontinfo\/2021\/04\/priorite-personnels-enseignants-eligibles-a-vaccination\/","twitter_card":"summary_large_image","twitter_title":"Priorit\u00e9 pour tous les personnels enseignants \u00e9ligibles \u00e0 la vaccination - Remiremont Info","twitter_description":"Communiqu\u00e9 du Minist\u00e8re de l\u2019\u00c9ducation nationale, de la Jeunesse et des Sports PRIORIT\u00c9 POUR TOUS LES PERSONNELS ENSEIGNANTS \u00c9LIGIBLES \u00c0 [&hellip;]","twitter_image":"https:\/\/vosgesinfo.fr\/app\/uploads\/sites\/5\/2024\/09\/202104capture-decran-2021-04-16-084759.png","twitter_creator":"@VosgesInfo88","twitter_site":"@VosgesInfo88","twitter_misc":{"\u00c9crit par":"C D","Dur\u00e9e de lecture estim\u00e9e":"2 minutes"},"schema":{"@context":"https:\/\/schema.org","@graph":[{"@type":"Article","@id":"https:\/\/vosgesinfo.fr\/remiremontinfo\/2021\/04\/priorite-personnels-enseignants-eligibles-a-vaccination\/#article","isPartOf":{"@id":"https:\/\/vosgesinfo.fr\/remiremontinfo\/2021\/04\/priorite-personnels-enseignants-eligibles-a-vaccination\/"},"author":{"name":"C D","@id":"https:\/\/vosgesinfo.fr\/remiremontinfo\/#\/schema\/person\/3bfd164d5218a185b1db68655a265316"},"headline":"Priorit\u00e9 pour tous les personnels enseignants \u00e9ligibles \u00e0 la vaccination","datePublished":"2021-04-16T04:49:19+00:00","dateModified":"2021-04-16T04:49:19+00:00","mainEntityOfPage":{"@id":"https:\/\/vosgesinfo.fr\/remiremontinfo\/2021\/04\/priorite-personnels-enseignants-eligibles-a-vaccination\/"},"wordCount":325,"commentCount":0,"publisher":{"@id":"https:\/\/vosgesinfo.fr\/remiremontinfo\/#organization"},"image":{"@id":"https:\/\/vosgesinfo.fr\/remiremontinfo\/2021\/04\/priorite-personnels-enseignants-eligibles-a-vaccination\/#primaryimage"},"thumbnailUrl":"https:\/\/vosgesinfo.fr\/app\/uploads\/sites\/5\/2024\/09\/202104capture-decran-2021-04-16-084759.png","articleSection":["A la Une","Sant\u00e9","Vosges"],"inLanguage":"fr-FR","potentialAction":[{"@type":"CommentAction","name":"Comment","target":["https:\/\/vosgesinfo.fr\/remiremontinfo\/2021\/04\/priorite-personnels-enseignants-eligibles-a-vaccination\/#respond"]}]},{"@type":"WebPage","@id":"https:\/\/vosgesinfo.fr\/remiremontinfo\/2021\/04\/priorite-personnels-enseignants-eligibles-a-vaccination\/","url":"https:\/\/vosgesinfo.fr\/remiremontinfo\/2021\/04\/priorite-personnels-enseignants-eligibles-a-vaccination\/","name":"Priorit\u00e9 pour tous les personnels enseignants \u00e9ligibles \u00e0 la vaccination - Remiremont Info","isPartOf":{"@id":"https:\/\/vosgesinfo.fr\/remiremontinfo\/#website"},"primaryImageOfPage":{"@id":"https:\/\/vosgesinfo.fr\/remiremontinfo\/2021\/04\/priorite-personnels-enseignants-eligibles-a-vaccination\/#primaryimage"},"image":{"@id":"https:\/\/vosgesinfo.fr\/remiremontinfo\/2021\/04\/priorite-personnels-enseignants-eligibles-a-vaccination\/#primaryimage"},"thumbnailUrl":"https:\/\/vosgesinfo.fr\/app\/uploads\/sites\/5\/2024\/09\/202104capture-decran-2021-04-16-084759.png","datePublished":"2021-04-16T04:49:19+00:00","dateModified":"2021-04-16T04:49:19+00:00","breadcrumb":{"@id":"https:\/\/vosgesinfo.fr\/remiremontinfo\/2021\/04\/priorite-personnels-enseignants-eligibles-a-vaccination\/#breadcrumb"},"inLanguage":"fr-FR","potentialAction":[{"@type":"ReadAction","target":["https:\/\/vosgesinfo.fr\/remiremontinfo\/2021\/04\/priorite-personnels-enseignants-eligibles-a-vaccination\/"]}]},{"@type":"ImageObject","inLanguage":"fr-FR","@id":"https:\/\/vosgesinfo.fr\/remiremontinfo\/2021\/04\/priorite-personnels-enseignants-eligibles-a-vaccination\/#primaryimage","url":"https:\/\/vosgesinfo.fr\/app\/uploads\/sites\/5\/2024\/09\/202104capture-decran-2021-04-16-084759.png","contentUrl":"https:\/\/vosgesinfo.fr\/app\/uploads\/sites\/5\/2024\/09\/202104capture-decran-2021-04-16-084759.png","width":800,"height":525},{"@type":"BreadcrumbList","@id":"https:\/\/vosgesinfo.fr\/remiremontinfo\/2021\/04\/priorite-personnels-enseignants-eligibles-a-vaccination\/#breadcrumb","itemListElement":[{"@type":"ListItem","position":1,"name":"Home","item":"https:\/\/vosgesinfo.fr\/remiremontinfo\/"},{"@type":"ListItem","position":2,"name":"Priorit\u00e9 pour tous les personnels enseignants \u00e9ligibles \u00e0 la vaccination"}]},{"@type":"WebSite","@id":"https:\/\/vosgesinfo.fr\/remiremontinfo\/#website","url":"https:\/\/vosgesinfo.fr\/remiremontinfo\/","name":"Remiremont Info","description":"Toute l&#039;actualit\u00e9 de Remiremont","publisher":{"@id":"https:\/\/vosgesinfo.fr\/remiremontinfo\/#organization"},"alternateName":"Toute l'actualit\u00e9 de Remiremont","potentialAction":[{"@type":"SearchAction","target":{"@type":"EntryPoint","urlTemplate":"https:\/\/vosgesinfo.fr\/remiremontinfo\/?s={search_term_string}"},"query-input":"required name=search_term_string"}],"inLanguage":"fr-FR"},{"@type":"Organization","@id":"https:\/\/vosgesinfo.fr\/remiremontinfo\/#organization","name":"Remiremont Info","url":"https:\/\/vosgesinfo.fr\/remiremontinfo\/","logo":{"@type":"ImageObject","inLanguage":"fr-FR","@id":"https:\/\/vosgesinfo.fr\/remiremontinfo\/#\/schema\/logo\/image\/","url":"https:\/\/vosgesinfo.fr\/app\/uploads\/sites\/5\/2023\/08\/favicon-remiremontinfo.png","contentUrl":"https:\/\/vosgesinfo.fr\/app\/uploads\/sites\/5\/2023\/08\/favicon-remiremontinfo.png","width":512,"height":512,"caption":"Remiremont Info"},"image":{"@id":"https:\/\/vosgesinfo.fr\/remiremontinfo\/#\/schema\/logo\/image\/"},"sameAs":["https:\/\/www.facebook.com\/remiremontinfo","https:\/\/x.com\/VosgesInfo88","https:\/\/www.youtube.com\/@vosgesinfo"]},{"@type":"Person","@id":"https:\/\/vosgesinfo.fr\/remiremontinfo\/#\/schema\/person\/3bfd164d5218a185b1db68655a265316","name":"C D","image":{"@type":"ImageObject","inLanguage":"fr-FR","@id":"https:\/\/vosgesinfo.fr\/remiremontinfo\/#\/schema\/person\/image\/","url":"https:\/\/secure.gravatar.com\/avatar\/1f9a70007336511a47468b8f1c66f922b8b7cf617b02a31149ada43893a5d48f?s=96&d=mm&r=g","contentUrl":"https:\/\/secure.gravatar.com\/avatar\/1f9a70007336511a47468b8f1c66f922b8b7cf617b02a31149ada43893a5d48f?s=96&d=mm&r=g","caption":"C D"},"url":"https:\/\/vosgesinfo.fr\/remiremontinfo\/author\/cedric-drevet\/"}]}},"_links":{"self":[{"href":"https:\/\/vosgesinfo.fr\/remiremontinfo\/wp-json\/wp\/v2\/posts\/39330","targetHints":{"allow":["GET"]}}],"collection":[{"href":"https:\/\/vosgesinfo.fr\/remiremontinfo\/wp-json\/wp\/v2\/posts"}],"about":[{"href":"https:\/\/vosgesinfo.fr\/remiremontinfo\/wp-json\/wp\/v2\/types\/post"}],"author":[{"embeddable":true,"href":"https:\/\/vosgesinfo.fr\/remiremontinfo\/wp-json\/wp\/v2\/users\/407"}],"replies":[{"embeddable":true,"href":"https:\/\/vosgesinfo.fr\/remiremontinfo\/wp-json\/wp\/v2\/comments?post=39330"}],"version-history":[{"count":0,"href":"https:\/\/vosgesinfo.fr\/remiremontinfo\/wp-json\/wp\/v2\/posts\/39330\/revisions"}],"wp:featuredmedia":[{"embeddable":true,"href":"https:\/\/vosgesinfo.fr\/remiremontinfo\/wp-json\/wp\/v2\/media\/39331"}],"wp:attachment":[{"href":"https:\/\/vosgesinfo.fr\/remiremontinfo\/wp-json\/wp\/v2\/media?parent=39330"}],"wp:term":[{"taxonomy":"category","embeddable":true,"href":"https:\/\/vosgesinfo.fr\/remiremontinfo\/wp-json\/wp\/v2\/categories?post=39330"},{"taxonomy":"post_tag","embeddable":true,"href":"https:\/\/vosgesinfo.fr\/remiremontinfo\/wp-json\/wp\/v2\/tags?post=39330"}],"curies":[{"name":"wp","href":"https:\/\/api.w.org\/{rel}","templated":true}]}}