{"id":39332,"date":"2021-04-16T07:04:59","date_gmt":"2021-04-16T05:04:59","guid":{"rendered":"https:\/\/vosgesinfo.fr\/remiremontinfo\/2021\/04\/saint-nabord-premiere-semaine-de-centre-aere-enfants-personnel-prioritaire\/"},"modified":"2021-04-16T07:04:59","modified_gmt":"2021-04-16T05:04:59","slug":"saint-nabord-premiere-semaine-de-centre-aere-enfants-personnel-prioritaire","status":"publish","type":"post","link":"https:\/\/vosgesinfo.fr\/remiremontinfo\/2021\/04\/saint-nabord-premiere-semaine-de-centre-aere-enfants-personnel-prioritaire\/","title":{"rendered":"Saint-Nabord\u00a0: premi\u00e8re semaine de centre a\u00e9r\u00e9 pour les enfants du personnel prioritaire"},"content":{"rendered":"<p style=\"text-align: center;\" align=\"left\"><a href=\"\/2021\/04\/175041201_314606556855068_8387217117597254040_n.jpg\"><img decoding=\"async\" class=\"alignnone size-full wp-image-314209\" src=\"\/2021\/04\/175041201_314606556855068_8387217117597254040_n.jpg\" alt=\"175041201_314606556855068_8387217117597254040_n\" width=\"800\" height=\"600\" \/><\/a><\/p>\n<p align=\"left\"><span style=\"font-size: 10pt;\"><em>Photos de\u00a0@SAINT.NABORD<\/em><\/span><\/p>\n<h2 align=\"left\"><span style=\"font-size: 12pt;\"><strong>Install\u00e9 dans les locaux de la garderie de l\u2019\u00e9cole des Breuchottes, le centre a\u00e9r\u00e9 de Saint-Nabord accueille cette semaine jusqu\u2019\u00e0 13 enfants \u00e0 partir de 7h30 le matin et jusqu\u2019\u00e0 19h15, le soir.<\/strong><\/span><\/h2>\n<p align=\"left\"><em>\u00ab\u00a0Nous rappelons que cet accueil est gratuit et qu\u2019il est r\u00e9serv\u00e9 aux familles Navoiriaudes dont les parents sont mobilis\u00e9s dans la gestion de la crise sanitaire\u00a0\u00bb<\/em>, affirme la municipalit\u00e9. De nombreuses activit\u00e9s manuelles, ludiques et jeux en ext\u00e9rieur sont au programme de ces vacances : cr\u00e9ations en perles \u00e0 repasser ou en sable color\u00e9, atelier couture avec la confection d\u2019une trousse, r\u00e9alisation de fleurs pour la f\u00eate des mamans accompagn\u00e9es d\u2019une belle carte, bracelets, jeux de soci\u00e9t\u00e9, &#8230; sans oublier les activit\u00e9s sportives pour canaliser l\u2019\u00e9nergie de tout ce petit monde.<\/p>\n\n<p align=\"left\">\n","protected":false},"excerpt":{"rendered":"<p>Photos de\u00a0@SAINT.NABORD Install\u00e9 dans les locaux de la garderie de l\u2019\u00e9cole des Breuchottes, le centre a\u00e9r\u00e9 de Saint-Nabord accueille cette [&hellip;]<\/p>\n","protected":false},"author":407,"featured_media":39333,"comment_status":"open","ping_status":"open","sticky":false,"template":"","format":"standard","meta":{"footnotes":""},"categories":[26,35,100],"tags":[],"class_list":["post-39332","post","type-post","status-publish","format-standard","has-post-thumbnail","hentry","category-a-la-une","category-remiremont-son-canton","category-saint-nabord"],"acf":[],"yoast_head":"<!-- This site is optimized with the Yoast SEO plugin v22.5 - https:\/\/yoast.com\/wordpress\/plugins\/seo\/ -->\n<title>Saint-Nabord\u00a0: premi\u00e8re semaine de centre a\u00e9r\u00e9 pour les enfants du personnel prioritaire - Remiremont Info<\/title>\n<meta name=\"robots\" content=\"index, follow, max-snippet:-1, max-image-preview:large, max-video-preview:-1\" \/>\n<link rel=\"canonical\" href=\"https:\/\/vosgesinfo.fr\/remiremontinfo\/2021\/04\/saint-nabord-premiere-semaine-de-centre-aere-enfants-personnel-prioritaire\/\" \/>\n<meta name=\"twitter:card\" content=\"summary_large_image\" \/>\n<meta name=\"twitter:title\" content=\"Saint-Nabord\u00a0: premi\u00e8re semaine de centre a\u00e9r\u00e9 pour les enfants du personnel prioritaire - Remiremont Info\" \/>\n<meta name=\"twitter:description\" content=\"Photos de\u00a0@SAINT.NABORD Install\u00e9 dans les locaux de la garderie de l\u2019\u00e9cole des Breuchottes, le centre a\u00e9r\u00e9 de Saint-Nabord accueille cette [&hellip;]\" \/>\n<meta name=\"twitter:image\" content=\"https:\/\/vosgesinfo.fr\/app\/uploads\/sites\/5\/2024\/09\/202104174268880-314606563521734-3191582862933042033-n1.jpg\" \/>\n<meta name=\"twitter:creator\" content=\"@VosgesInfo88\" \/>\n<meta name=\"twitter:site\" content=\"@VosgesInfo88\" \/>\n<meta name=\"twitter:label1\" content=\"\u00c9crit par\" \/>\n\t<meta name=\"twitter:data1\" content=\"C D\" \/>\n\t<meta name=\"twitter:label2\" content=\"Dur\u00e9e de lecture estim\u00e9e\" \/>\n\t<meta name=\"twitter:data2\" content=\"1 minute\" \/>\n<script type=\"application\/ld+json\" class=\"yoast-schema-graph\">{\"@context\":\"https:\/\/schema.org\",\"@graph\":[{\"@type\":\"Article\",\"@id\":\"https:\/\/vosgesinfo.fr\/remiremontinfo\/2021\/04\/saint-nabord-premiere-semaine-de-centre-aere-enfants-personnel-prioritaire\/#article\",\"isPartOf\":{\"@id\":\"https:\/\/vosgesinfo.fr\/remiremontinfo\/2021\/04\/saint-nabord-premiere-semaine-de-centre-aere-enfants-personnel-prioritaire\/\"},\"author\":{\"name\":\"C D\",\"@id\":\"https:\/\/vosgesinfo.fr\/remiremontinfo\/#\/schema\/person\/3bfd164d5218a185b1db68655a265316\"},\"headline\":\"Saint-Nabord\u00a0: premi\u00e8re semaine de centre a\u00e9r\u00e9 pour les enfants du personnel prioritaire\",\"datePublished\":\"2021-04-16T05:04:59+00:00\",\"dateModified\":\"2021-04-16T05:04:59+00:00\",\"mainEntityOfPage\":{\"@id\":\"https:\/\/vosgesinfo.fr\/remiremontinfo\/2021\/04\/saint-nabord-premiere-semaine-de-centre-aere-enfants-personnel-prioritaire\/\"},\"wordCount\":161,\"commentCount\":0,\"publisher\":{\"@id\":\"https:\/\/vosgesinfo.fr\/remiremontinfo\/#organization\"},\"image\":{\"@id\":\"https:\/\/vosgesinfo.fr\/remiremontinfo\/2021\/04\/saint-nabord-premiere-semaine-de-centre-aere-enfants-personnel-prioritaire\/#primaryimage\"},\"thumbnailUrl\":\"https:\/\/vosgesinfo.fr\/app\/uploads\/sites\/5\/2024\/09\/202104174268880-314606563521734-3191582862933042033-n1.jpg\",\"articleSection\":[\"A la Une\",\"Remiremont &amp; son canton\",\"Saint-Nabord\"],\"inLanguage\":\"fr-FR\",\"potentialAction\":[{\"@type\":\"CommentAction\",\"name\":\"Comment\",\"target\":[\"https:\/\/vosgesinfo.fr\/remiremontinfo\/2021\/04\/saint-nabord-premiere-semaine-de-centre-aere-enfants-personnel-prioritaire\/#respond\"]}]},{\"@type\":\"WebPage\",\"@id\":\"https:\/\/vosgesinfo.fr\/remiremontinfo\/2021\/04\/saint-nabord-premiere-semaine-de-centre-aere-enfants-personnel-prioritaire\/\",\"url\":\"https:\/\/vosgesinfo.fr\/remiremontinfo\/2021\/04\/saint-nabord-premiere-semaine-de-centre-aere-enfants-personnel-prioritaire\/\",\"name\":\"Saint-Nabord\u00a0: premi\u00e8re semaine de centre a\u00e9r\u00e9 pour les enfants du personnel prioritaire - Remiremont Info\",\"isPartOf\":{\"@id\":\"https:\/\/vosgesinfo.fr\/remiremontinfo\/#website\"},\"primaryImageOfPage\":{\"@id\":\"https:\/\/vosgesinfo.fr\/remiremontinfo\/2021\/04\/saint-nabord-premiere-semaine-de-centre-aere-enfants-personnel-prioritaire\/#primaryimage\"},\"image\":{\"@id\":\"https:\/\/vosgesinfo.fr\/remiremontinfo\/2021\/04\/saint-nabord-premiere-semaine-de-centre-aere-enfants-personnel-prioritaire\/#primaryimage\"},\"thumbnailUrl\":\"https:\/\/vosgesinfo.fr\/app\/uploads\/sites\/5\/2024\/09\/202104174268880-314606563521734-3191582862933042033-n1.jpg\",\"datePublished\":\"2021-04-16T05:04:59+00:00\",\"dateModified\":\"2021-04-16T05:04:59+00:00\",\"breadcrumb\":{\"@id\":\"https:\/\/vosgesinfo.fr\/remiremontinfo\/2021\/04\/saint-nabord-premiere-semaine-de-centre-aere-enfants-personnel-prioritaire\/#breadcrumb\"},\"inLanguage\":\"fr-FR\",\"potentialAction\":[{\"@type\":\"ReadAction\",\"target\":[\"https:\/\/vosgesinfo.fr\/remiremontinfo\/2021\/04\/saint-nabord-premiere-semaine-de-centre-aere-enfants-personnel-prioritaire\/\"]}]},{\"@type\":\"ImageObject\",\"inLanguage\":\"fr-FR\",\"@id\":\"https:\/\/vosgesinfo.fr\/remiremontinfo\/2021\/04\/saint-nabord-premiere-semaine-de-centre-aere-enfants-personnel-prioritaire\/#primaryimage\",\"url\":\"https:\/\/vosgesinfo.fr\/app\/uploads\/sites\/5\/2024\/09\/202104174268880-314606563521734-3191582862933042033-n1.jpg\",\"contentUrl\":\"https:\/\/vosgesinfo.fr\/app\/uploads\/sites\/5\/2024\/09\/202104174268880-314606563521734-3191582862933042033-n1.jpg\",\"width\":800,\"height\":599},{\"@type\":\"BreadcrumbList\",\"@id\":\"https:\/\/vosgesinfo.fr\/remiremontinfo\/2021\/04\/saint-nabord-premiere-semaine-de-centre-aere-enfants-personnel-prioritaire\/#breadcrumb\",\"itemListElement\":[{\"@type\":\"ListItem\",\"position\":1,\"name\":\"Home\",\"item\":\"https:\/\/vosgesinfo.fr\/remiremontinfo\/\"},{\"@type\":\"ListItem\",\"position\":2,\"name\":\"Saint-Nabord\u00a0: premi\u00e8re semaine de centre a\u00e9r\u00e9 pour les enfants du personnel prioritaire\"}]},{\"@type\":\"WebSite\",\"@id\":\"https:\/\/vosgesinfo.fr\/remiremontinfo\/#website\",\"url\":\"https:\/\/vosgesinfo.fr\/remiremontinfo\/\",\"name\":\"Remiremont Info\",\"description\":\"Toute l&#039;actualit\u00e9 de Remiremont\",\"publisher\":{\"@id\":\"https:\/\/vosgesinfo.fr\/remiremontinfo\/#organization\"},\"alternateName\":\"Toute l'actualit\u00e9 de Remiremont\",\"potentialAction\":[{\"@type\":\"SearchAction\",\"target\":{\"@type\":\"EntryPoint\",\"urlTemplate\":\"https:\/\/vosgesinfo.fr\/remiremontinfo\/?s={search_term_string}\"},\"query-input\":\"required name=search_term_string\"}],\"inLanguage\":\"fr-FR\"},{\"@type\":\"Organization\",\"@id\":\"https:\/\/vosgesinfo.fr\/remiremontinfo\/#organization\",\"name\":\"Remiremont Info\",\"url\":\"https:\/\/vosgesinfo.fr\/remiremontinfo\/\",\"logo\":{\"@type\":\"ImageObject\",\"inLanguage\":\"fr-FR\",\"@id\":\"https:\/\/vosgesinfo.fr\/remiremontinfo\/#\/schema\/logo\/image\/\",\"url\":\"https:\/\/vosgesinfo.fr\/app\/uploads\/sites\/5\/2023\/08\/favicon-remiremontinfo.png\",\"contentUrl\":\"https:\/\/vosgesinfo.fr\/app\/uploads\/sites\/5\/2023\/08\/favicon-remiremontinfo.png\",\"width\":512,\"height\":512,\"caption\":\"Remiremont Info\"},\"image\":{\"@id\":\"https:\/\/vosgesinfo.fr\/remiremontinfo\/#\/schema\/logo\/image\/\"},\"sameAs\":[\"https:\/\/www.facebook.com\/remiremontinfo\",\"https:\/\/x.com\/VosgesInfo88\",\"https:\/\/www.youtube.com\/@vosgesinfo\"]},{\"@type\":\"Person\",\"@id\":\"https:\/\/vosgesinfo.fr\/remiremontinfo\/#\/schema\/person\/3bfd164d5218a185b1db68655a265316\",\"name\":\"C D\",\"image\":{\"@type\":\"ImageObject\",\"inLanguage\":\"fr-FR\",\"@id\":\"https:\/\/vosgesinfo.fr\/remiremontinfo\/#\/schema\/person\/image\/\",\"url\":\"https:\/\/secure.gravatar.com\/avatar\/1f9a70007336511a47468b8f1c66f922b8b7cf617b02a31149ada43893a5d48f?s=96&d=mm&r=g\",\"contentUrl\":\"https:\/\/secure.gravatar.com\/avatar\/1f9a70007336511a47468b8f1c66f922b8b7cf617b02a31149ada43893a5d48f?s=96&d=mm&r=g\",\"caption\":\"C D\"},\"url\":\"https:\/\/vosgesinfo.fr\/remiremontinfo\/author\/cedric-drevet\/\"}]}<\/script>\n<!-- \/ Yoast SEO plugin. -->","yoast_head_json":{"title":"Saint-Nabord\u00a0: premi\u00e8re semaine de centre a\u00e9r\u00e9 pour les enfants du personnel prioritaire - Remiremont Info","robots":{"index":"index","follow":"follow","max-snippet":"max-snippet:-1","max-image-preview":"max-image-preview:large","max-video-preview":"max-video-preview:-1"},"canonical":"https:\/\/vosgesinfo.fr\/remiremontinfo\/2021\/04\/saint-nabord-premiere-semaine-de-centre-aere-enfants-personnel-prioritaire\/","twitter_card":"summary_large_image","twitter_title":"Saint-Nabord\u00a0: premi\u00e8re semaine de centre a\u00e9r\u00e9 pour les enfants du personnel prioritaire - Remiremont Info","twitter_description":"Photos de\u00a0@SAINT.NABORD Install\u00e9 dans les locaux de la garderie de l\u2019\u00e9cole des Breuchottes, le centre a\u00e9r\u00e9 de Saint-Nabord accueille cette [&hellip;]","twitter_image":"https:\/\/vosgesinfo.fr\/app\/uploads\/sites\/5\/2024\/09\/202104174268880-314606563521734-3191582862933042033-n1.jpg","twitter_creator":"@VosgesInfo88","twitter_site":"@VosgesInfo88","twitter_misc":{"\u00c9crit par":"C D","Dur\u00e9e de lecture estim\u00e9e":"1 minute"},"schema":{"@context":"https:\/\/schema.org","@graph":[{"@type":"Article","@id":"https:\/\/vosgesinfo.fr\/remiremontinfo\/2021\/04\/saint-nabord-premiere-semaine-de-centre-aere-enfants-personnel-prioritaire\/#article","isPartOf":{"@id":"https:\/\/vosgesinfo.fr\/remiremontinfo\/2021\/04\/saint-nabord-premiere-semaine-de-centre-aere-enfants-personnel-prioritaire\/"},"author":{"name":"C D","@id":"https:\/\/vosgesinfo.fr\/remiremontinfo\/#\/schema\/person\/3bfd164d5218a185b1db68655a265316"},"headline":"Saint-Nabord\u00a0: premi\u00e8re semaine de centre a\u00e9r\u00e9 pour les enfants du personnel prioritaire","datePublished":"2021-04-16T05:04:59+00:00","dateModified":"2021-04-16T05:04:59+00:00","mainEntityOfPage":{"@id":"https:\/\/vosgesinfo.fr\/remiremontinfo\/2021\/04\/saint-nabord-premiere-semaine-de-centre-aere-enfants-personnel-prioritaire\/"},"wordCount":161,"commentCount":0,"publisher":{"@id":"https:\/\/vosgesinfo.fr\/remiremontinfo\/#organization"},"image":{"@id":"https:\/\/vosgesinfo.fr\/remiremontinfo\/2021\/04\/saint-nabord-premiere-semaine-de-centre-aere-enfants-personnel-prioritaire\/#primaryimage"},"thumbnailUrl":"https:\/\/vosgesinfo.fr\/app\/uploads\/sites\/5\/2024\/09\/202104174268880-314606563521734-3191582862933042033-n1.jpg","articleSection":["A la Une","Remiremont &amp; son canton","Saint-Nabord"],"inLanguage":"fr-FR","potentialAction":[{"@type":"CommentAction","name":"Comment","target":["https:\/\/vosgesinfo.fr\/remiremontinfo\/2021\/04\/saint-nabord-premiere-semaine-de-centre-aere-enfants-personnel-prioritaire\/#respond"]}]},{"@type":"WebPage","@id":"https:\/\/vosgesinfo.fr\/remiremontinfo\/2021\/04\/saint-nabord-premiere-semaine-de-centre-aere-enfants-personnel-prioritaire\/","url":"https:\/\/vosgesinfo.fr\/remiremontinfo\/2021\/04\/saint-nabord-premiere-semaine-de-centre-aere-enfants-personnel-prioritaire\/","name":"Saint-Nabord\u00a0: premi\u00e8re semaine de centre a\u00e9r\u00e9 pour les enfants du personnel prioritaire - Remiremont Info","isPartOf":{"@id":"https:\/\/vosgesinfo.fr\/remiremontinfo\/#website"},"primaryImageOfPage":{"@id":"https:\/\/vosgesinfo.fr\/remiremontinfo\/2021\/04\/saint-nabord-premiere-semaine-de-centre-aere-enfants-personnel-prioritaire\/#primaryimage"},"image":{"@id":"https:\/\/vosgesinfo.fr\/remiremontinfo\/2021\/04\/saint-nabord-premiere-semaine-de-centre-aere-enfants-personnel-prioritaire\/#primaryimage"},"thumbnailUrl":"https:\/\/vosgesinfo.fr\/app\/uploads\/sites\/5\/2024\/09\/202104174268880-314606563521734-3191582862933042033-n1.jpg","datePublished":"2021-04-16T05:04:59+00:00","dateModified":"2021-04-16T05:04:59+00:00","breadcrumb":{"@id":"https:\/\/vosgesinfo.fr\/remiremontinfo\/2021\/04\/saint-nabord-premiere-semaine-de-centre-aere-enfants-personnel-prioritaire\/#breadcrumb"},"inLanguage":"fr-FR","potentialAction":[{"@type":"ReadAction","target":["https:\/\/vosgesinfo.fr\/remiremontinfo\/2021\/04\/saint-nabord-premiere-semaine-de-centre-aere-enfants-personnel-prioritaire\/"]}]},{"@type":"ImageObject","inLanguage":"fr-FR","@id":"https:\/\/vosgesinfo.fr\/remiremontinfo\/2021\/04\/saint-nabord-premiere-semaine-de-centre-aere-enfants-personnel-prioritaire\/#primaryimage","url":"https:\/\/vosgesinfo.fr\/app\/uploads\/sites\/5\/2024\/09\/202104174268880-314606563521734-3191582862933042033-n1.jpg","contentUrl":"https:\/\/vosgesinfo.fr\/app\/uploads\/sites\/5\/2024\/09\/202104174268880-314606563521734-3191582862933042033-n1.jpg","width":800,"height":599},{"@type":"BreadcrumbList","@id":"https:\/\/vosgesinfo.fr\/remiremontinfo\/2021\/04\/saint-nabord-premiere-semaine-de-centre-aere-enfants-personnel-prioritaire\/#breadcrumb","itemListElement":[{"@type":"ListItem","position":1,"name":"Home","item":"https:\/\/vosgesinfo.fr\/remiremontinfo\/"},{"@type":"ListItem","position":2,"name":"Saint-Nabord\u00a0: premi\u00e8re semaine de centre a\u00e9r\u00e9 pour les enfants du personnel prioritaire"}]},{"@type":"WebSite","@id":"https:\/\/vosgesinfo.fr\/remiremontinfo\/#website","url":"https:\/\/vosgesinfo.fr\/remiremontinfo\/","name":"Remiremont Info","description":"Toute l&#039;actualit\u00e9 de Remiremont","publisher":{"@id":"https:\/\/vosgesinfo.fr\/remiremontinfo\/#organization"},"alternateName":"Toute l'actualit\u00e9 de Remiremont","potentialAction":[{"@type":"SearchAction","target":{"@type":"EntryPoint","urlTemplate":"https:\/\/vosgesinfo.fr\/remiremontinfo\/?s={search_term_string}"},"query-input":"required name=search_term_string"}],"inLanguage":"fr-FR"},{"@type":"Organization","@id":"https:\/\/vosgesinfo.fr\/remiremontinfo\/#organization","name":"Remiremont Info","url":"https:\/\/vosgesinfo.fr\/remiremontinfo\/","logo":{"@type":"ImageObject","inLanguage":"fr-FR","@id":"https:\/\/vosgesinfo.fr\/remiremontinfo\/#\/schema\/logo\/image\/","url":"https:\/\/vosgesinfo.fr\/app\/uploads\/sites\/5\/2023\/08\/favicon-remiremontinfo.png","contentUrl":"https:\/\/vosgesinfo.fr\/app\/uploads\/sites\/5\/2023\/08\/favicon-remiremontinfo.png","width":512,"height":512,"caption":"Remiremont Info"},"image":{"@id":"https:\/\/vosgesinfo.fr\/remiremontinfo\/#\/schema\/logo\/image\/"},"sameAs":["https:\/\/www.facebook.com\/remiremontinfo","https:\/\/x.com\/VosgesInfo88","https:\/\/www.youtube.com\/@vosgesinfo"]},{"@type":"Person","@id":"https:\/\/vosgesinfo.fr\/remiremontinfo\/#\/schema\/person\/3bfd164d5218a185b1db68655a265316","name":"C D","image":{"@type":"ImageObject","inLanguage":"fr-FR","@id":"https:\/\/vosgesinfo.fr\/remiremontinfo\/#\/schema\/person\/image\/","url":"https:\/\/secure.gravatar.com\/avatar\/1f9a70007336511a47468b8f1c66f922b8b7cf617b02a31149ada43893a5d48f?s=96&d=mm&r=g","contentUrl":"https:\/\/secure.gravatar.com\/avatar\/1f9a70007336511a47468b8f1c66f922b8b7cf617b02a31149ada43893a5d48f?s=96&d=mm&r=g","caption":"C D"},"url":"https:\/\/vosgesinfo.fr\/remiremontinfo\/author\/cedric-drevet\/"}]}},"_links":{"self":[{"href":"https:\/\/vosgesinfo.fr\/remiremontinfo\/wp-json\/wp\/v2\/posts\/39332","targetHints":{"allow":["GET"]}}],"collection":[{"href":"https:\/\/vosgesinfo.fr\/remiremontinfo\/wp-json\/wp\/v2\/posts"}],"about":[{"href":"https:\/\/vosgesinfo.fr\/remiremontinfo\/wp-json\/wp\/v2\/types\/post"}],"author":[{"embeddable":true,"href":"https:\/\/vosgesinfo.fr\/remiremontinfo\/wp-json\/wp\/v2\/users\/407"}],"replies":[{"embeddable":true,"href":"https:\/\/vosgesinfo.fr\/remiremontinfo\/wp-json\/wp\/v2\/comments?post=39332"}],"version-history":[{"count":0,"href":"https:\/\/vosgesinfo.fr\/remiremontinfo\/wp-json\/wp\/v2\/posts\/39332\/revisions"}],"wp:featuredmedia":[{"embeddable":true,"href":"https:\/\/vosgesinfo.fr\/remiremontinfo\/wp-json\/wp\/v2\/media\/39333"}],"wp:attachment":[{"href":"https:\/\/vosgesinfo.fr\/remiremontinfo\/wp-json\/wp\/v2\/media?parent=39332"}],"wp:term":[{"taxonomy":"category","embeddable":true,"href":"https:\/\/vosgesinfo.fr\/remiremontinfo\/wp-json\/wp\/v2\/categories?post=39332"},{"taxonomy":"post_tag","embeddable":true,"href":"https:\/\/vosgesinfo.fr\/remiremontinfo\/wp-json\/wp\/v2\/tags?post=39332"}],"curies":[{"name":"wp","href":"https:\/\/api.w.org\/{rel}","templated":true}]}}