{"id":3935,"date":"2024-01-24T18:00:45","date_gmt":"2024-01-24T17:00:45","guid":{"rendered":"https:\/\/vosgesinfo.fr\/remiremontinfo\/2024\/01\/remiremont-la-27eme-semaine-de-la-photographie-du-1er-au-11-fevrier\/"},"modified":"2024-01-24T18:00:45","modified_gmt":"2024-01-24T17:00:45","slug":"remiremont-la-27eme-semaine-de-la-photographie-du-1er-au-11-fevrier","status":"publish","type":"post","link":"https:\/\/vosgesinfo.fr\/remiremontinfo\/2024\/01\/remiremont-la-27eme-semaine-de-la-photographie-du-1er-au-11-fevrier\/","title":{"rendered":"Remiremont &#8211; La 27\u00e8me semaine de la Photographie du 1er au 11 f\u00e9vrier"},"content":{"rendered":"<p><a href=\"https:\/\/remiremontinfo.fr\/wp-content\/uploads\/2022\/02\/semaine-de-la-photo-5-1024x780.jpg\"><img decoding=\"async\" class=\"size-large wp-image-336759 aligncenter\" src=\"https:\/\/vosgesinfo.fr\/app\/uploads\/sites\/5\/2022\/02\/semaine-de-la-photo-5-1024x780-1024x780-1.jpg\" alt=\"semaine-de-la-photo-5-1024x780\" width=\"960\" height=\"731\" \/><\/a><\/p>\n<h2><span style=\"font-size: 14pt;\">Le rendez-vous artistique du d\u00e9but d\u2019ann\u00e9e revient dans la cit\u00e9 des Chanoinesses pour sa 27e \u00e9dition, du jeudi 1er au dimanche 11 f\u00e9vrier 2024.<\/span><\/h2>\n<p>Expositions int\u00e9rieures et ext\u00e9rieures, conf\u00e9rences, diaporamas, animations, films&#8230; rythmeront ces 11 jours d\u00e9di\u00e9s \u00e0 l\u2019art de l\u2019instantan\u00e9 que vous propose la Ville de Remiremont et ses partenaires.<\/p>\n<p>Lors de cet \u00e9v\u00e8nement culturel majeur, c\u2019est plus d\u2019une trentaine de photographes qui proposeront leurs \u0153uvres dans diff\u00e9rents lieux de la Ville : \u00e0 l\u2019H\u00f4tel de Ville, au Centre Culturel Gilbert Zaug, aux mus\u00e9es Charles Friry et Charles de Bruy\u00e8res, \u00e0 la M\u00e9diath\u00e8que Intercommunale Le Cercle ou encore dans la rue Charles de Gaulle.<\/p>\n<p>Retrouvez le programme complet sur <a href=\"http:\/\/www.remiremont.fr\">www.remiremont.fr<\/a><\/p>\n<p><a href=\"https:\/\/remiremontinfo.fr\/wp-content\/uploads\/2024\/01\/Semaine-de-la-photographie.jpg\"><img decoding=\"async\" class=\"size-large wp-image-382013 aligncenter\" src=\"https:\/\/vosgesinfo.fr\/app\/uploads\/sites\/5\/2024\/01\/semaine-de-la-photographie.jpg\" alt=\"Semaine de la photographie\" width=\"724\" height=\"1024\" \/><\/a><\/p>\n<p>&nbsp;<\/p>\n","protected":false},"excerpt":{"rendered":"<p>Le rendez-vous artistique du d\u00e9but d\u2019ann\u00e9e revient dans la cit\u00e9 des Chanoinesses pour sa 27e \u00e9dition, du jeudi 1er au [&hellip;]<\/p>\n","protected":false},"author":392,"featured_media":3936,"comment_status":"open","ping_status":"open","sticky":false,"template":"","format":"standard","meta":{"footnotes":""},"categories":[26,4,43,35],"tags":[759,111,44,760],"class_list":["post-3935","post","type-post","status-publish","format-standard","has-post-thumbnail","hentry","category-a-la-une","category-culture","category-remiremont-remiremont-son-canton","category-remiremont-son-canton","tag-27e-edition","tag-communique","tag-remiremont","tag-semaine-de-la-photographie"],"acf":[],"yoast_head":"<!-- This site is optimized with the Yoast SEO plugin v22.5 - https:\/\/yoast.com\/wordpress\/plugins\/seo\/ -->\n<title>Remiremont - La 27\u00e8me semaine de la Photographie du 1er au 11 f\u00e9vrier - Remiremont Info<\/title>\n<meta name=\"robots\" content=\"index, follow, max-snippet:-1, max-image-preview:large, max-video-preview:-1\" \/>\n<link rel=\"canonical\" href=\"https:\/\/vosgesinfo.fr\/remiremontinfo\/2024\/01\/remiremont-la-27eme-semaine-de-la-photographie-du-1er-au-11-fevrier\/\" \/>\n<meta name=\"twitter:card\" content=\"summary_large_image\" \/>\n<meta name=\"twitter:title\" content=\"Remiremont - La 27\u00e8me semaine de la Photographie du 1er au 11 f\u00e9vrier - Remiremont Info\" \/>\n<meta name=\"twitter:description\" content=\"Le rendez-vous artistique du d\u00e9but d\u2019ann\u00e9e revient dans la cit\u00e9 des Chanoinesses pour sa 27e \u00e9dition, du jeudi 1er au [&hellip;]\" \/>\n<meta name=\"twitter:image\" content=\"https:\/\/vosgesinfo.fr\/app\/uploads\/sites\/5\/2022\/01\/semaine-de-la-photo-5.jpg\" \/>\n<meta name=\"twitter:creator\" content=\"@VosgesInfo88\" \/>\n<meta name=\"twitter:site\" content=\"@VosgesInfo88\" \/>\n<meta name=\"twitter:label1\" content=\"\u00c9crit par\" \/>\n\t<meta name=\"twitter:data1\" content=\"La redaction\" \/>\n\t<meta name=\"twitter:label2\" content=\"Dur\u00e9e de lecture estim\u00e9e\" \/>\n\t<meta name=\"twitter:data2\" content=\"1 minute\" \/>\n<script type=\"application\/ld+json\" class=\"yoast-schema-graph\">{\"@context\":\"https:\/\/schema.org\",\"@graph\":[{\"@type\":\"Article\",\"@id\":\"https:\/\/vosgesinfo.fr\/remiremontinfo\/2024\/01\/remiremont-la-27eme-semaine-de-la-photographie-du-1er-au-11-fevrier\/#article\",\"isPartOf\":{\"@id\":\"https:\/\/vosgesinfo.fr\/remiremontinfo\/2024\/01\/remiremont-la-27eme-semaine-de-la-photographie-du-1er-au-11-fevrier\/\"},\"author\":{\"name\":\"La redaction\",\"@id\":\"https:\/\/vosgesinfo.fr\/remiremontinfo\/#\/schema\/person\/80c6ea85ff4afefe81dceaf949954c76\"},\"headline\":\"Remiremont &#8211; La 27\u00e8me semaine de la Photographie du 1er au 11 f\u00e9vrier\",\"datePublished\":\"2024-01-24T17:00:45+00:00\",\"dateModified\":\"2024-01-24T17:00:45+00:00\",\"mainEntityOfPage\":{\"@id\":\"https:\/\/vosgesinfo.fr\/remiremontinfo\/2024\/01\/remiremont-la-27eme-semaine-de-la-photographie-du-1er-au-11-fevrier\/\"},\"wordCount\":141,\"commentCount\":0,\"publisher\":{\"@id\":\"https:\/\/vosgesinfo.fr\/remiremontinfo\/#organization\"},\"image\":{\"@id\":\"https:\/\/vosgesinfo.fr\/remiremontinfo\/2024\/01\/remiremont-la-27eme-semaine-de-la-photographie-du-1er-au-11-fevrier\/#primaryimage\"},\"thumbnailUrl\":\"https:\/\/vosgesinfo.fr\/app\/uploads\/sites\/5\/2022\/01\/semaine-de-la-photo-5.jpg\",\"keywords\":[\"27e \u00e9dition\",\"communiqu\u00e9\",\"remiremont\",\"Semaine de la photographie\"],\"articleSection\":[\"A la Une\",\"Culture\",\"Remiremont\",\"Remiremont &amp; son canton\"],\"inLanguage\":\"fr-FR\",\"potentialAction\":[{\"@type\":\"CommentAction\",\"name\":\"Comment\",\"target\":[\"https:\/\/vosgesinfo.fr\/remiremontinfo\/2024\/01\/remiremont-la-27eme-semaine-de-la-photographie-du-1er-au-11-fevrier\/#respond\"]}]},{\"@type\":\"WebPage\",\"@id\":\"https:\/\/vosgesinfo.fr\/remiremontinfo\/2024\/01\/remiremont-la-27eme-semaine-de-la-photographie-du-1er-au-11-fevrier\/\",\"url\":\"https:\/\/vosgesinfo.fr\/remiremontinfo\/2024\/01\/remiremont-la-27eme-semaine-de-la-photographie-du-1er-au-11-fevrier\/\",\"name\":\"Remiremont - La 27\u00e8me semaine de la Photographie du 1er au 11 f\u00e9vrier - Remiremont Info\",\"isPartOf\":{\"@id\":\"https:\/\/vosgesinfo.fr\/remiremontinfo\/#website\"},\"primaryImageOfPage\":{\"@id\":\"https:\/\/vosgesinfo.fr\/remiremontinfo\/2024\/01\/remiremont-la-27eme-semaine-de-la-photographie-du-1er-au-11-fevrier\/#primaryimage\"},\"image\":{\"@id\":\"https:\/\/vosgesinfo.fr\/remiremontinfo\/2024\/01\/remiremont-la-27eme-semaine-de-la-photographie-du-1er-au-11-fevrier\/#primaryimage\"},\"thumbnailUrl\":\"https:\/\/vosgesinfo.fr\/app\/uploads\/sites\/5\/2022\/01\/semaine-de-la-photo-5.jpg\",\"datePublished\":\"2024-01-24T17:00:45+00:00\",\"dateModified\":\"2024-01-24T17:00:45+00:00\",\"breadcrumb\":{\"@id\":\"https:\/\/vosgesinfo.fr\/remiremontinfo\/2024\/01\/remiremont-la-27eme-semaine-de-la-photographie-du-1er-au-11-fevrier\/#breadcrumb\"},\"inLanguage\":\"fr-FR\",\"potentialAction\":[{\"@type\":\"ReadAction\",\"target\":[\"https:\/\/vosgesinfo.fr\/remiremontinfo\/2024\/01\/remiremont-la-27eme-semaine-de-la-photographie-du-1er-au-11-fevrier\/\"]}]},{\"@type\":\"ImageObject\",\"inLanguage\":\"fr-FR\",\"@id\":\"https:\/\/vosgesinfo.fr\/remiremontinfo\/2024\/01\/remiremont-la-27eme-semaine-de-la-photographie-du-1er-au-11-fevrier\/#primaryimage\",\"url\":\"https:\/\/vosgesinfo.fr\/app\/uploads\/sites\/5\/2022\/01\/semaine-de-la-photo-5.jpg\",\"contentUrl\":\"https:\/\/vosgesinfo.fr\/app\/uploads\/sites\/5\/2022\/01\/semaine-de-la-photo-5.jpg\",\"width\":1840,\"height\":1402},{\"@type\":\"BreadcrumbList\",\"@id\":\"https:\/\/vosgesinfo.fr\/remiremontinfo\/2024\/01\/remiremont-la-27eme-semaine-de-la-photographie-du-1er-au-11-fevrier\/#breadcrumb\",\"itemListElement\":[{\"@type\":\"ListItem\",\"position\":1,\"name\":\"Home\",\"item\":\"https:\/\/vosgesinfo.fr\/remiremontinfo\/\"},{\"@type\":\"ListItem\",\"position\":2,\"name\":\"Remiremont &#8211; La 27\u00e8me semaine de la Photographie du 1er au 11 f\u00e9vrier\"}]},{\"@type\":\"WebSite\",\"@id\":\"https:\/\/vosgesinfo.fr\/remiremontinfo\/#website\",\"url\":\"https:\/\/vosgesinfo.fr\/remiremontinfo\/\",\"name\":\"Remiremont Info\",\"description\":\"Toute l&#039;actualit\u00e9 de Remiremont\",\"publisher\":{\"@id\":\"https:\/\/vosgesinfo.fr\/remiremontinfo\/#organization\"},\"alternateName\":\"Toute l'actualit\u00e9 de Remiremont\",\"potentialAction\":[{\"@type\":\"SearchAction\",\"target\":{\"@type\":\"EntryPoint\",\"urlTemplate\":\"https:\/\/vosgesinfo.fr\/remiremontinfo\/?s={search_term_string}\"},\"query-input\":\"required name=search_term_string\"}],\"inLanguage\":\"fr-FR\"},{\"@type\":\"Organization\",\"@id\":\"https:\/\/vosgesinfo.fr\/remiremontinfo\/#organization\",\"name\":\"Remiremont Info\",\"url\":\"https:\/\/vosgesinfo.fr\/remiremontinfo\/\",\"logo\":{\"@type\":\"ImageObject\",\"inLanguage\":\"fr-FR\",\"@id\":\"https:\/\/vosgesinfo.fr\/remiremontinfo\/#\/schema\/logo\/image\/\",\"url\":\"https:\/\/vosgesinfo.fr\/app\/uploads\/sites\/5\/2023\/08\/favicon-remiremontinfo.png\",\"contentUrl\":\"https:\/\/vosgesinfo.fr\/app\/uploads\/sites\/5\/2023\/08\/favicon-remiremontinfo.png\",\"width\":512,\"height\":512,\"caption\":\"Remiremont Info\"},\"image\":{\"@id\":\"https:\/\/vosgesinfo.fr\/remiremontinfo\/#\/schema\/logo\/image\/\"},\"sameAs\":[\"https:\/\/www.facebook.com\/remiremontinfo\",\"https:\/\/x.com\/VosgesInfo88\",\"https:\/\/www.youtube.com\/@vosgesinfo\"]},{\"@type\":\"Person\",\"@id\":\"https:\/\/vosgesinfo.fr\/remiremontinfo\/#\/schema\/person\/80c6ea85ff4afefe81dceaf949954c76\",\"name\":\"La redaction\",\"image\":{\"@type\":\"ImageObject\",\"inLanguage\":\"fr-FR\",\"@id\":\"https:\/\/vosgesinfo.fr\/remiremontinfo\/#\/schema\/person\/image\/\",\"url\":\"https:\/\/secure.gravatar.com\/avatar\/fa684fed8c27e631d40f39d17520286009f89cf7526728ea4e58b5a8c426c16a?s=96&d=mm&r=g\",\"contentUrl\":\"https:\/\/secure.gravatar.com\/avatar\/fa684fed8c27e631d40f39d17520286009f89cf7526728ea4e58b5a8c426c16a?s=96&d=mm&r=g\",\"caption\":\"La redaction\"},\"url\":\"https:\/\/vosgesinfo.fr\/remiremontinfo\/author\/d-p\/\"}]}<\/script>\n<!-- \/ Yoast SEO plugin. -->","yoast_head_json":{"title":"Remiremont - La 27\u00e8me semaine de la Photographie du 1er au 11 f\u00e9vrier - Remiremont Info","robots":{"index":"index","follow":"follow","max-snippet":"max-snippet:-1","max-image-preview":"max-image-preview:large","max-video-preview":"max-video-preview:-1"},"canonical":"https:\/\/vosgesinfo.fr\/remiremontinfo\/2024\/01\/remiremont-la-27eme-semaine-de-la-photographie-du-1er-au-11-fevrier\/","twitter_card":"summary_large_image","twitter_title":"Remiremont - La 27\u00e8me semaine de la Photographie du 1er au 11 f\u00e9vrier - Remiremont Info","twitter_description":"Le rendez-vous artistique du d\u00e9but d\u2019ann\u00e9e revient dans la cit\u00e9 des Chanoinesses pour sa 27e \u00e9dition, du jeudi 1er au [&hellip;]","twitter_image":"https:\/\/vosgesinfo.fr\/app\/uploads\/sites\/5\/2022\/01\/semaine-de-la-photo-5.jpg","twitter_creator":"@VosgesInfo88","twitter_site":"@VosgesInfo88","twitter_misc":{"\u00c9crit par":"La redaction","Dur\u00e9e de lecture estim\u00e9e":"1 minute"},"schema":{"@context":"https:\/\/schema.org","@graph":[{"@type":"Article","@id":"https:\/\/vosgesinfo.fr\/remiremontinfo\/2024\/01\/remiremont-la-27eme-semaine-de-la-photographie-du-1er-au-11-fevrier\/#article","isPartOf":{"@id":"https:\/\/vosgesinfo.fr\/remiremontinfo\/2024\/01\/remiremont-la-27eme-semaine-de-la-photographie-du-1er-au-11-fevrier\/"},"author":{"name":"La redaction","@id":"https:\/\/vosgesinfo.fr\/remiremontinfo\/#\/schema\/person\/80c6ea85ff4afefe81dceaf949954c76"},"headline":"Remiremont &#8211; La 27\u00e8me semaine de la Photographie du 1er au 11 f\u00e9vrier","datePublished":"2024-01-24T17:00:45+00:00","dateModified":"2024-01-24T17:00:45+00:00","mainEntityOfPage":{"@id":"https:\/\/vosgesinfo.fr\/remiremontinfo\/2024\/01\/remiremont-la-27eme-semaine-de-la-photographie-du-1er-au-11-fevrier\/"},"wordCount":141,"commentCount":0,"publisher":{"@id":"https:\/\/vosgesinfo.fr\/remiremontinfo\/#organization"},"image":{"@id":"https:\/\/vosgesinfo.fr\/remiremontinfo\/2024\/01\/remiremont-la-27eme-semaine-de-la-photographie-du-1er-au-11-fevrier\/#primaryimage"},"thumbnailUrl":"https:\/\/vosgesinfo.fr\/app\/uploads\/sites\/5\/2022\/01\/semaine-de-la-photo-5.jpg","keywords":["27e \u00e9dition","communiqu\u00e9","remiremont","Semaine de la photographie"],"articleSection":["A la Une","Culture","Remiremont","Remiremont &amp; son canton"],"inLanguage":"fr-FR","potentialAction":[{"@type":"CommentAction","name":"Comment","target":["https:\/\/vosgesinfo.fr\/remiremontinfo\/2024\/01\/remiremont-la-27eme-semaine-de-la-photographie-du-1er-au-11-fevrier\/#respond"]}]},{"@type":"WebPage","@id":"https:\/\/vosgesinfo.fr\/remiremontinfo\/2024\/01\/remiremont-la-27eme-semaine-de-la-photographie-du-1er-au-11-fevrier\/","url":"https:\/\/vosgesinfo.fr\/remiremontinfo\/2024\/01\/remiremont-la-27eme-semaine-de-la-photographie-du-1er-au-11-fevrier\/","name":"Remiremont - La 27\u00e8me semaine de la Photographie du 1er au 11 f\u00e9vrier - Remiremont Info","isPartOf":{"@id":"https:\/\/vosgesinfo.fr\/remiremontinfo\/#website"},"primaryImageOfPage":{"@id":"https:\/\/vosgesinfo.fr\/remiremontinfo\/2024\/01\/remiremont-la-27eme-semaine-de-la-photographie-du-1er-au-11-fevrier\/#primaryimage"},"image":{"@id":"https:\/\/vosgesinfo.fr\/remiremontinfo\/2024\/01\/remiremont-la-27eme-semaine-de-la-photographie-du-1er-au-11-fevrier\/#primaryimage"},"thumbnailUrl":"https:\/\/vosgesinfo.fr\/app\/uploads\/sites\/5\/2022\/01\/semaine-de-la-photo-5.jpg","datePublished":"2024-01-24T17:00:45+00:00","dateModified":"2024-01-24T17:00:45+00:00","breadcrumb":{"@id":"https:\/\/vosgesinfo.fr\/remiremontinfo\/2024\/01\/remiremont-la-27eme-semaine-de-la-photographie-du-1er-au-11-fevrier\/#breadcrumb"},"inLanguage":"fr-FR","potentialAction":[{"@type":"ReadAction","target":["https:\/\/vosgesinfo.fr\/remiremontinfo\/2024\/01\/remiremont-la-27eme-semaine-de-la-photographie-du-1er-au-11-fevrier\/"]}]},{"@type":"ImageObject","inLanguage":"fr-FR","@id":"https:\/\/vosgesinfo.fr\/remiremontinfo\/2024\/01\/remiremont-la-27eme-semaine-de-la-photographie-du-1er-au-11-fevrier\/#primaryimage","url":"https:\/\/vosgesinfo.fr\/app\/uploads\/sites\/5\/2022\/01\/semaine-de-la-photo-5.jpg","contentUrl":"https:\/\/vosgesinfo.fr\/app\/uploads\/sites\/5\/2022\/01\/semaine-de-la-photo-5.jpg","width":1840,"height":1402},{"@type":"BreadcrumbList","@id":"https:\/\/vosgesinfo.fr\/remiremontinfo\/2024\/01\/remiremont-la-27eme-semaine-de-la-photographie-du-1er-au-11-fevrier\/#breadcrumb","itemListElement":[{"@type":"ListItem","position":1,"name":"Home","item":"https:\/\/vosgesinfo.fr\/remiremontinfo\/"},{"@type":"ListItem","position":2,"name":"Remiremont &#8211; La 27\u00e8me semaine de la Photographie du 1er au 11 f\u00e9vrier"}]},{"@type":"WebSite","@id":"https:\/\/vosgesinfo.fr\/remiremontinfo\/#website","url":"https:\/\/vosgesinfo.fr\/remiremontinfo\/","name":"Remiremont Info","description":"Toute l&#039;actualit\u00e9 de Remiremont","publisher":{"@id":"https:\/\/vosgesinfo.fr\/remiremontinfo\/#organization"},"alternateName":"Toute l'actualit\u00e9 de Remiremont","potentialAction":[{"@type":"SearchAction","target":{"@type":"EntryPoint","urlTemplate":"https:\/\/vosgesinfo.fr\/remiremontinfo\/?s={search_term_string}"},"query-input":"required name=search_term_string"}],"inLanguage":"fr-FR"},{"@type":"Organization","@id":"https:\/\/vosgesinfo.fr\/remiremontinfo\/#organization","name":"Remiremont Info","url":"https:\/\/vosgesinfo.fr\/remiremontinfo\/","logo":{"@type":"ImageObject","inLanguage":"fr-FR","@id":"https:\/\/vosgesinfo.fr\/remiremontinfo\/#\/schema\/logo\/image\/","url":"https:\/\/vosgesinfo.fr\/app\/uploads\/sites\/5\/2023\/08\/favicon-remiremontinfo.png","contentUrl":"https:\/\/vosgesinfo.fr\/app\/uploads\/sites\/5\/2023\/08\/favicon-remiremontinfo.png","width":512,"height":512,"caption":"Remiremont Info"},"image":{"@id":"https:\/\/vosgesinfo.fr\/remiremontinfo\/#\/schema\/logo\/image\/"},"sameAs":["https:\/\/www.facebook.com\/remiremontinfo","https:\/\/x.com\/VosgesInfo88","https:\/\/www.youtube.com\/@vosgesinfo"]},{"@type":"Person","@id":"https:\/\/vosgesinfo.fr\/remiremontinfo\/#\/schema\/person\/80c6ea85ff4afefe81dceaf949954c76","name":"La redaction","image":{"@type":"ImageObject","inLanguage":"fr-FR","@id":"https:\/\/vosgesinfo.fr\/remiremontinfo\/#\/schema\/person\/image\/","url":"https:\/\/secure.gravatar.com\/avatar\/fa684fed8c27e631d40f39d17520286009f89cf7526728ea4e58b5a8c426c16a?s=96&d=mm&r=g","contentUrl":"https:\/\/secure.gravatar.com\/avatar\/fa684fed8c27e631d40f39d17520286009f89cf7526728ea4e58b5a8c426c16a?s=96&d=mm&r=g","caption":"La redaction"},"url":"https:\/\/vosgesinfo.fr\/remiremontinfo\/author\/d-p\/"}]}},"_links":{"self":[{"href":"https:\/\/vosgesinfo.fr\/remiremontinfo\/wp-json\/wp\/v2\/posts\/3935","targetHints":{"allow":["GET"]}}],"collection":[{"href":"https:\/\/vosgesinfo.fr\/remiremontinfo\/wp-json\/wp\/v2\/posts"}],"about":[{"href":"https:\/\/vosgesinfo.fr\/remiremontinfo\/wp-json\/wp\/v2\/types\/post"}],"author":[{"embeddable":true,"href":"https:\/\/vosgesinfo.fr\/remiremontinfo\/wp-json\/wp\/v2\/users\/392"}],"replies":[{"embeddable":true,"href":"https:\/\/vosgesinfo.fr\/remiremontinfo\/wp-json\/wp\/v2\/comments?post=3935"}],"version-history":[{"count":0,"href":"https:\/\/vosgesinfo.fr\/remiremontinfo\/wp-json\/wp\/v2\/posts\/3935\/revisions"}],"wp:featuredmedia":[{"embeddable":true,"href":"https:\/\/vosgesinfo.fr\/remiremontinfo\/wp-json\/wp\/v2\/media\/3936"}],"wp:attachment":[{"href":"https:\/\/vosgesinfo.fr\/remiremontinfo\/wp-json\/wp\/v2\/media?parent=3935"}],"wp:term":[{"taxonomy":"category","embeddable":true,"href":"https:\/\/vosgesinfo.fr\/remiremontinfo\/wp-json\/wp\/v2\/categories?post=3935"},{"taxonomy":"post_tag","embeddable":true,"href":"https:\/\/vosgesinfo.fr\/remiremontinfo\/wp-json\/wp\/v2\/tags?post=3935"}],"curies":[{"name":"wp","href":"https:\/\/api.w.org\/{rel}","templated":true}]}}