{"id":39369,"date":"2021-04-17T07:47:30","date_gmt":"2021-04-17T05:47:30","guid":{"rendered":"https:\/\/vosgesinfo.fr\/remiremontinfo\/2021\/04\/covid-long-lemouvant-temoignage-dolivia\/"},"modified":"2021-04-17T07:47:30","modified_gmt":"2021-04-17T05:47:30","slug":"covid-long-lemouvant-temoignage-dolivia","status":"publish","type":"post","link":"https:\/\/vosgesinfo.fr\/remiremontinfo\/2021\/04\/covid-long-lemouvant-temoignage-dolivia\/","title":{"rendered":"Covid long \u2013 l\u2019\u00e9mouvant t\u00e9moignage d\u2019Olivia"},"content":{"rendered":"<p><a href=\"https:\/\/remiremontinfo.fr\/2021\/04\/covid-long-lemouvant-temoignage-dolivia\/olivia1\/\" rel=\"attachment wp-att-314275\"><img decoding=\"async\" class=\"aligncenter size-full wp-image-314275\" src=\"\/2021\/04\/olivia1.jpg\" alt=\"olivia1\" width=\"800\" height=\"600\" \/><\/a>Si tout le monde se pose la question sur la date d\u2019une vraie sortie de crise sanitaire, certains malades s\u2019interrogent sur la fin des troubles li\u00e9s au Covid-19. C\u2019est le cas de la g\u00e9r\u00f4moise Olivia Relange, infirmi\u00e8re au centre hospitalier de Remiremont qui souffre physiquement et moralement d\u2019un Covid long depuis le mois de novembre dernier. Quasiment 6 mois interminables pour la jeune femme de 40 ans, sans pathologie initiale, sportive de surcro\u00eet. Elle souhaite aujourd\u2019hui t\u00e9moigner de sa souffrance physique et psychologique, non pas pour en \u00eatre mod\u00e9lis\u00e9e, mais afin de transmettre son exp\u00e9rience face \u00e0 la maladie et surtout \u00e9voquer les\u00a0 effets secondaires d\u2019une v\u00e9ritable \u00ab\u00a0saloperie\u00a0\u00bb qui n\u2019en finit pas.<\/p>\n<p>\u00bb <em>j\u2019ai ressenti les premiers sympt\u00f4mes du Covid le 26 novembre dernier<\/em> \u00a0\u00bb note Olivia d\u2019une voix douce et pos\u00e9e,\u00a0 symbolique de l\u2019infirmi\u00e8re mod\u00e8le \u00a0\u00bb <em>j\u2019ai pens\u00e9 que la maladie allait dispara\u00eetre au bout d\u2019une dizaine de jours, malgr\u00e9 d\u2019importants\u00a0 troubles respiratoires sans cependant \u00eatre hospitalis\u00e9e. Et puis, \u00e0 No\u00ebl, j\u2019\u00e9tais toujours essouffl\u00e9e et tr\u00e8s fatigu\u00e9e au point d\u2019avoir des difficult\u00e9s d\u2019\u00e9locution. Une fatigue telle qu\u2019elle m\u2019obligeait \u00e0 r\u00e9duire les gestes du quotidien au strict minimum. J\u2019ai commenc\u00e9 \u00e0 traverser une p\u00e9riode tr\u00e8s dure, faite de d\u00e9prime et de doutes quant \u00e0 mes capacit\u00e9s \u00e0 revenir en forme sur fond de culpabilit\u00e9. Je me sentais coupable de ne pas \u00eatre au cot\u00e9 de mes coll\u00e8gues sur le front du Covid et vis \u00e0 vis de ma famille. Je passais mon temps couch\u00e9e sur un canap\u00e9, dans la totale incapacit\u00e9 de m\u2019occuper de la maison, de r\u00e9aliser des geste simples. J\u2019avais peur de ne\u00a0 plus \u00eatre soignante et de devenir seulement patiente\u00a0\u00bb.<\/em><\/p>\n<p>C\u2019est aupr\u00e8s de son mari Thierry et de ses deux enfants qu\u2019Olivia trouve d\u2019abord du r\u00e9confort et du soutien. Sans oublier ses amis et ses coll\u00e8gues qui lui ont propos\u00e9 de se substituer \u00e0 son r\u00f4le de maman. Olivia a \u00e9t\u00e9 inond\u00e9e de messages de soutien n\u00e9cessaires afin de briser sa solitude li\u00e9e au foss\u00e9 de son incompr\u00e9hension face \u00e0 la maladie.<\/p>\n<p>\u00ab\u00a0<em>Je n\u2019acceptais pas cette situation<\/em> \u00a0\u00bb poursuit l\u2019infirmi\u00e8re \u00ab\u00a0<em>encore aujourd\u2019hui j\u2019ai peur de ne pas pouvoir reprendre mes activit\u00e9s normalement. Je suis m\u00e9dicalement suivie par mon m\u00e9decin traitant, mais aussi par un pneumologue du CH de Remiremont, sous traitement antibiotique et sous oxyg\u00e8ne la nuit\u00a0\u00bb.<\/em><\/p>\n<p>La fatigue s\u2019estompe petit \u00e0 petit, la gu\u00e9rison est progressive mais tr\u00e8s longue avec des coups de barre terribles qu\u2019Olivia ma\u00eetrise cependant mieux qu\u2019auparavant. Ses sorties pedibus sont plus fr\u00e9quentes, un peu plus longues mais toujours avec un appareil d\u2019oxyg\u00e8ne portatif.\u00a0 Et la jolie blonde de poursuivre \u00ab\u00a0c<em>ertains troubles sont toujours tr\u00e8s pr\u00e9sents, comme ceux li\u00e9s au sommeil. J\u2019ai des su\u00e9es nocturnes, une s\u00e9cheresse des mains, des ongles cassants et toujours cette profonde fatigue sit\u00f4t que je dois fournir un effort \u00e0 peine soutenu. Une cinquantaine de sympt\u00f4mes ont \u00e9t\u00e9 identifi\u00e9s dans le cadre d\u2019un Covid long\u00a0\u00bb.<br \/>\n<\/em><\/p>\n<p>Tr\u00e8s h\u00e9sitante quant \u00e0 se retrouver face \u00e0 elle m\u00eame sur un forum consacr\u00e9 \u00e0 la maladie, Olivia a tout de m\u00eame\u00a0 ma\u00eetris\u00e9 sa peur et adh\u00e9r\u00e9 \u00e0 l\u2019association\u00a0 <strong>#apr\u00e8sJ20<\/strong> \u00a0 sur le site <strong><a href=\"https:\/\/www.apresj20.fr\/\">https:\/\/www.apresj20.fr\/<\/a>\u00a0 E<\/strong>lle peut ainsi s\u2019exprimer en toute libert\u00e9, dans une totale compr\u00e9hension et surtout assimiler des informations nouvelles sur le Covid long. La lumi\u00e8re est forc\u00e9ment au bout d\u2019un tunnel interminable, et d\u2019ici un mois avec l\u2019installation d\u2019un printemps d\u00e9finitif, la jeune femme s\u2019imagine allong\u00e9e au soleil, respirant un air doux, annonciateur d\u2019un retour \u00e0 la vraie vie, celle d\u2019avant, comme avant.<\/p>\n","protected":false},"excerpt":{"rendered":"<p>Si tout le monde se pose la question sur la date d\u2019une vraie sortie de crise sanitaire, certains malades s\u2019interrogent [&hellip;]<\/p>\n","protected":false},"author":39,"featured_media":39370,"comment_status":"open","ping_status":"open","sticky":false,"template":"","format":"standard","meta":{"footnotes":""},"categories":[26,12,18],"tags":[],"class_list":["post-39369","post","type-post","status-publish","format-standard","has-post-thumbnail","hentry","category-a-la-une","category-sante","category-vosges"],"acf":[],"yoast_head":"<!-- This site is optimized with the Yoast SEO plugin v22.5 - https:\/\/yoast.com\/wordpress\/plugins\/seo\/ -->\n<title>Covid long \u2013 l\u2019\u00e9mouvant t\u00e9moignage d\u2019Olivia - Remiremont Info<\/title>\n<meta name=\"robots\" content=\"index, follow, max-snippet:-1, max-image-preview:large, max-video-preview:-1\" \/>\n<link rel=\"canonical\" href=\"https:\/\/vosgesinfo.fr\/remiremontinfo\/2021\/04\/covid-long-lemouvant-temoignage-dolivia\/\" \/>\n<meta name=\"twitter:card\" content=\"summary_large_image\" \/>\n<meta name=\"twitter:title\" content=\"Covid long \u2013 l\u2019\u00e9mouvant t\u00e9moignage d\u2019Olivia - Remiremont Info\" \/>\n<meta name=\"twitter:description\" content=\"Si tout le monde se pose la question sur la date d\u2019une vraie sortie de crise sanitaire, certains malades s\u2019interrogent [&hellip;]\" \/>\n<meta name=\"twitter:image\" content=\"https:\/\/vosgesinfo.fr\/app\/uploads\/sites\/5\/2024\/09\/202104olivia2.jpg\" \/>\n<meta name=\"twitter:creator\" content=\"@VosgesInfo88\" \/>\n<meta name=\"twitter:site\" content=\"@VosgesInfo88\" \/>\n<meta name=\"twitter:label1\" content=\"\u00c9crit par\" \/>\n\t<meta name=\"twitter:data1\" content=\"Phj\" \/>\n\t<meta name=\"twitter:label2\" content=\"Dur\u00e9e de lecture estim\u00e9e\" \/>\n\t<meta name=\"twitter:data2\" content=\"3 minutes\" \/>\n<script type=\"application\/ld+json\" class=\"yoast-schema-graph\">{\"@context\":\"https:\/\/schema.org\",\"@graph\":[{\"@type\":\"Article\",\"@id\":\"https:\/\/vosgesinfo.fr\/remiremontinfo\/2021\/04\/covid-long-lemouvant-temoignage-dolivia\/#article\",\"isPartOf\":{\"@id\":\"https:\/\/vosgesinfo.fr\/remiremontinfo\/2021\/04\/covid-long-lemouvant-temoignage-dolivia\/\"},\"author\":{\"name\":\"Phj\",\"@id\":\"https:\/\/vosgesinfo.fr\/remiremontinfo\/#\/schema\/person\/4f57dc393faf2ac8b9f1cab30ad79250\"},\"headline\":\"Covid long \u2013 l\u2019\u00e9mouvant t\u00e9moignage d\u2019Olivia\",\"datePublished\":\"2021-04-17T05:47:30+00:00\",\"dateModified\":\"2021-04-17T05:47:30+00:00\",\"mainEntityOfPage\":{\"@id\":\"https:\/\/vosgesinfo.fr\/remiremontinfo\/2021\/04\/covid-long-lemouvant-temoignage-dolivia\/\"},\"wordCount\":670,\"commentCount\":0,\"publisher\":{\"@id\":\"https:\/\/vosgesinfo.fr\/remiremontinfo\/#organization\"},\"image\":{\"@id\":\"https:\/\/vosgesinfo.fr\/remiremontinfo\/2021\/04\/covid-long-lemouvant-temoignage-dolivia\/#primaryimage\"},\"thumbnailUrl\":\"https:\/\/vosgesinfo.fr\/app\/uploads\/sites\/5\/2024\/09\/202104olivia2.jpg\",\"articleSection\":[\"A la Une\",\"Sant\u00e9\",\"Vosges\"],\"inLanguage\":\"fr-FR\",\"potentialAction\":[{\"@type\":\"CommentAction\",\"name\":\"Comment\",\"target\":[\"https:\/\/vosgesinfo.fr\/remiremontinfo\/2021\/04\/covid-long-lemouvant-temoignage-dolivia\/#respond\"]}]},{\"@type\":\"WebPage\",\"@id\":\"https:\/\/vosgesinfo.fr\/remiremontinfo\/2021\/04\/covid-long-lemouvant-temoignage-dolivia\/\",\"url\":\"https:\/\/vosgesinfo.fr\/remiremontinfo\/2021\/04\/covid-long-lemouvant-temoignage-dolivia\/\",\"name\":\"Covid long \u2013 l\u2019\u00e9mouvant t\u00e9moignage d\u2019Olivia - Remiremont Info\",\"isPartOf\":{\"@id\":\"https:\/\/vosgesinfo.fr\/remiremontinfo\/#website\"},\"primaryImageOfPage\":{\"@id\":\"https:\/\/vosgesinfo.fr\/remiremontinfo\/2021\/04\/covid-long-lemouvant-temoignage-dolivia\/#primaryimage\"},\"image\":{\"@id\":\"https:\/\/vosgesinfo.fr\/remiremontinfo\/2021\/04\/covid-long-lemouvant-temoignage-dolivia\/#primaryimage\"},\"thumbnailUrl\":\"https:\/\/vosgesinfo.fr\/app\/uploads\/sites\/5\/2024\/09\/202104olivia2.jpg\",\"datePublished\":\"2021-04-17T05:47:30+00:00\",\"dateModified\":\"2021-04-17T05:47:30+00:00\",\"breadcrumb\":{\"@id\":\"https:\/\/vosgesinfo.fr\/remiremontinfo\/2021\/04\/covid-long-lemouvant-temoignage-dolivia\/#breadcrumb\"},\"inLanguage\":\"fr-FR\",\"potentialAction\":[{\"@type\":\"ReadAction\",\"target\":[\"https:\/\/vosgesinfo.fr\/remiremontinfo\/2021\/04\/covid-long-lemouvant-temoignage-dolivia\/\"]}]},{\"@type\":\"ImageObject\",\"inLanguage\":\"fr-FR\",\"@id\":\"https:\/\/vosgesinfo.fr\/remiremontinfo\/2021\/04\/covid-long-lemouvant-temoignage-dolivia\/#primaryimage\",\"url\":\"https:\/\/vosgesinfo.fr\/app\/uploads\/sites\/5\/2024\/09\/202104olivia2.jpg\",\"contentUrl\":\"https:\/\/vosgesinfo.fr\/app\/uploads\/sites\/5\/2024\/09\/202104olivia2.jpg\",\"width\":800,\"height\":600},{\"@type\":\"BreadcrumbList\",\"@id\":\"https:\/\/vosgesinfo.fr\/remiremontinfo\/2021\/04\/covid-long-lemouvant-temoignage-dolivia\/#breadcrumb\",\"itemListElement\":[{\"@type\":\"ListItem\",\"position\":1,\"name\":\"Home\",\"item\":\"https:\/\/vosgesinfo.fr\/remiremontinfo\/\"},{\"@type\":\"ListItem\",\"position\":2,\"name\":\"Covid long \u2013 l\u2019\u00e9mouvant t\u00e9moignage d\u2019Olivia\"}]},{\"@type\":\"WebSite\",\"@id\":\"https:\/\/vosgesinfo.fr\/remiremontinfo\/#website\",\"url\":\"https:\/\/vosgesinfo.fr\/remiremontinfo\/\",\"name\":\"Remiremont Info\",\"description\":\"Toute l&#039;actualit\u00e9 de Remiremont\",\"publisher\":{\"@id\":\"https:\/\/vosgesinfo.fr\/remiremontinfo\/#organization\"},\"alternateName\":\"Toute l'actualit\u00e9 de Remiremont\",\"potentialAction\":[{\"@type\":\"SearchAction\",\"target\":{\"@type\":\"EntryPoint\",\"urlTemplate\":\"https:\/\/vosgesinfo.fr\/remiremontinfo\/?s={search_term_string}\"},\"query-input\":\"required name=search_term_string\"}],\"inLanguage\":\"fr-FR\"},{\"@type\":\"Organization\",\"@id\":\"https:\/\/vosgesinfo.fr\/remiremontinfo\/#organization\",\"name\":\"Remiremont Info\",\"url\":\"https:\/\/vosgesinfo.fr\/remiremontinfo\/\",\"logo\":{\"@type\":\"ImageObject\",\"inLanguage\":\"fr-FR\",\"@id\":\"https:\/\/vosgesinfo.fr\/remiremontinfo\/#\/schema\/logo\/image\/\",\"url\":\"https:\/\/vosgesinfo.fr\/app\/uploads\/sites\/5\/2023\/08\/favicon-remiremontinfo.png\",\"contentUrl\":\"https:\/\/vosgesinfo.fr\/app\/uploads\/sites\/5\/2023\/08\/favicon-remiremontinfo.png\",\"width\":512,\"height\":512,\"caption\":\"Remiremont Info\"},\"image\":{\"@id\":\"https:\/\/vosgesinfo.fr\/remiremontinfo\/#\/schema\/logo\/image\/\"},\"sameAs\":[\"https:\/\/www.facebook.com\/remiremontinfo\",\"https:\/\/x.com\/VosgesInfo88\",\"https:\/\/www.youtube.com\/@vosgesinfo\"]},{\"@type\":\"Person\",\"@id\":\"https:\/\/vosgesinfo.fr\/remiremontinfo\/#\/schema\/person\/4f57dc393faf2ac8b9f1cab30ad79250\",\"name\":\"Phj\",\"image\":{\"@type\":\"ImageObject\",\"inLanguage\":\"fr-FR\",\"@id\":\"https:\/\/vosgesinfo.fr\/remiremontinfo\/#\/schema\/person\/image\/\",\"url\":\"https:\/\/secure.gravatar.com\/avatar\/ada60265080fb9a89c9809bf0abb1f448a128cb85db1c08905baa5038fbe3cfe?s=96&d=mm&r=g\",\"contentUrl\":\"https:\/\/secure.gravatar.com\/avatar\/ada60265080fb9a89c9809bf0abb1f448a128cb85db1c08905baa5038fbe3cfe?s=96&d=mm&r=g\",\"caption\":\"Phj\"},\"url\":\"https:\/\/vosgesinfo.fr\/remiremontinfo\/author\/phj\/\"}]}<\/script>\n<!-- \/ Yoast SEO plugin. -->","yoast_head_json":{"title":"Covid long \u2013 l\u2019\u00e9mouvant t\u00e9moignage d\u2019Olivia - Remiremont Info","robots":{"index":"index","follow":"follow","max-snippet":"max-snippet:-1","max-image-preview":"max-image-preview:large","max-video-preview":"max-video-preview:-1"},"canonical":"https:\/\/vosgesinfo.fr\/remiremontinfo\/2021\/04\/covid-long-lemouvant-temoignage-dolivia\/","twitter_card":"summary_large_image","twitter_title":"Covid long \u2013 l\u2019\u00e9mouvant t\u00e9moignage d\u2019Olivia - Remiremont Info","twitter_description":"Si tout le monde se pose la question sur la date d\u2019une vraie sortie de crise sanitaire, certains malades s\u2019interrogent [&hellip;]","twitter_image":"https:\/\/vosgesinfo.fr\/app\/uploads\/sites\/5\/2024\/09\/202104olivia2.jpg","twitter_creator":"@VosgesInfo88","twitter_site":"@VosgesInfo88","twitter_misc":{"\u00c9crit par":"Phj","Dur\u00e9e de lecture estim\u00e9e":"3 minutes"},"schema":{"@context":"https:\/\/schema.org","@graph":[{"@type":"Article","@id":"https:\/\/vosgesinfo.fr\/remiremontinfo\/2021\/04\/covid-long-lemouvant-temoignage-dolivia\/#article","isPartOf":{"@id":"https:\/\/vosgesinfo.fr\/remiremontinfo\/2021\/04\/covid-long-lemouvant-temoignage-dolivia\/"},"author":{"name":"Phj","@id":"https:\/\/vosgesinfo.fr\/remiremontinfo\/#\/schema\/person\/4f57dc393faf2ac8b9f1cab30ad79250"},"headline":"Covid long \u2013 l\u2019\u00e9mouvant t\u00e9moignage d\u2019Olivia","datePublished":"2021-04-17T05:47:30+00:00","dateModified":"2021-04-17T05:47:30+00:00","mainEntityOfPage":{"@id":"https:\/\/vosgesinfo.fr\/remiremontinfo\/2021\/04\/covid-long-lemouvant-temoignage-dolivia\/"},"wordCount":670,"commentCount":0,"publisher":{"@id":"https:\/\/vosgesinfo.fr\/remiremontinfo\/#organization"},"image":{"@id":"https:\/\/vosgesinfo.fr\/remiremontinfo\/2021\/04\/covid-long-lemouvant-temoignage-dolivia\/#primaryimage"},"thumbnailUrl":"https:\/\/vosgesinfo.fr\/app\/uploads\/sites\/5\/2024\/09\/202104olivia2.jpg","articleSection":["A la Une","Sant\u00e9","Vosges"],"inLanguage":"fr-FR","potentialAction":[{"@type":"CommentAction","name":"Comment","target":["https:\/\/vosgesinfo.fr\/remiremontinfo\/2021\/04\/covid-long-lemouvant-temoignage-dolivia\/#respond"]}]},{"@type":"WebPage","@id":"https:\/\/vosgesinfo.fr\/remiremontinfo\/2021\/04\/covid-long-lemouvant-temoignage-dolivia\/","url":"https:\/\/vosgesinfo.fr\/remiremontinfo\/2021\/04\/covid-long-lemouvant-temoignage-dolivia\/","name":"Covid long \u2013 l\u2019\u00e9mouvant t\u00e9moignage d\u2019Olivia - Remiremont Info","isPartOf":{"@id":"https:\/\/vosgesinfo.fr\/remiremontinfo\/#website"},"primaryImageOfPage":{"@id":"https:\/\/vosgesinfo.fr\/remiremontinfo\/2021\/04\/covid-long-lemouvant-temoignage-dolivia\/#primaryimage"},"image":{"@id":"https:\/\/vosgesinfo.fr\/remiremontinfo\/2021\/04\/covid-long-lemouvant-temoignage-dolivia\/#primaryimage"},"thumbnailUrl":"https:\/\/vosgesinfo.fr\/app\/uploads\/sites\/5\/2024\/09\/202104olivia2.jpg","datePublished":"2021-04-17T05:47:30+00:00","dateModified":"2021-04-17T05:47:30+00:00","breadcrumb":{"@id":"https:\/\/vosgesinfo.fr\/remiremontinfo\/2021\/04\/covid-long-lemouvant-temoignage-dolivia\/#breadcrumb"},"inLanguage":"fr-FR","potentialAction":[{"@type":"ReadAction","target":["https:\/\/vosgesinfo.fr\/remiremontinfo\/2021\/04\/covid-long-lemouvant-temoignage-dolivia\/"]}]},{"@type":"ImageObject","inLanguage":"fr-FR","@id":"https:\/\/vosgesinfo.fr\/remiremontinfo\/2021\/04\/covid-long-lemouvant-temoignage-dolivia\/#primaryimage","url":"https:\/\/vosgesinfo.fr\/app\/uploads\/sites\/5\/2024\/09\/202104olivia2.jpg","contentUrl":"https:\/\/vosgesinfo.fr\/app\/uploads\/sites\/5\/2024\/09\/202104olivia2.jpg","width":800,"height":600},{"@type":"BreadcrumbList","@id":"https:\/\/vosgesinfo.fr\/remiremontinfo\/2021\/04\/covid-long-lemouvant-temoignage-dolivia\/#breadcrumb","itemListElement":[{"@type":"ListItem","position":1,"name":"Home","item":"https:\/\/vosgesinfo.fr\/remiremontinfo\/"},{"@type":"ListItem","position":2,"name":"Covid long \u2013 l\u2019\u00e9mouvant t\u00e9moignage d\u2019Olivia"}]},{"@type":"WebSite","@id":"https:\/\/vosgesinfo.fr\/remiremontinfo\/#website","url":"https:\/\/vosgesinfo.fr\/remiremontinfo\/","name":"Remiremont Info","description":"Toute l&#039;actualit\u00e9 de Remiremont","publisher":{"@id":"https:\/\/vosgesinfo.fr\/remiremontinfo\/#organization"},"alternateName":"Toute l'actualit\u00e9 de Remiremont","potentialAction":[{"@type":"SearchAction","target":{"@type":"EntryPoint","urlTemplate":"https:\/\/vosgesinfo.fr\/remiremontinfo\/?s={search_term_string}"},"query-input":"required name=search_term_string"}],"inLanguage":"fr-FR"},{"@type":"Organization","@id":"https:\/\/vosgesinfo.fr\/remiremontinfo\/#organization","name":"Remiremont Info","url":"https:\/\/vosgesinfo.fr\/remiremontinfo\/","logo":{"@type":"ImageObject","inLanguage":"fr-FR","@id":"https:\/\/vosgesinfo.fr\/remiremontinfo\/#\/schema\/logo\/image\/","url":"https:\/\/vosgesinfo.fr\/app\/uploads\/sites\/5\/2023\/08\/favicon-remiremontinfo.png","contentUrl":"https:\/\/vosgesinfo.fr\/app\/uploads\/sites\/5\/2023\/08\/favicon-remiremontinfo.png","width":512,"height":512,"caption":"Remiremont Info"},"image":{"@id":"https:\/\/vosgesinfo.fr\/remiremontinfo\/#\/schema\/logo\/image\/"},"sameAs":["https:\/\/www.facebook.com\/remiremontinfo","https:\/\/x.com\/VosgesInfo88","https:\/\/www.youtube.com\/@vosgesinfo"]},{"@type":"Person","@id":"https:\/\/vosgesinfo.fr\/remiremontinfo\/#\/schema\/person\/4f57dc393faf2ac8b9f1cab30ad79250","name":"Phj","image":{"@type":"ImageObject","inLanguage":"fr-FR","@id":"https:\/\/vosgesinfo.fr\/remiremontinfo\/#\/schema\/person\/image\/","url":"https:\/\/secure.gravatar.com\/avatar\/ada60265080fb9a89c9809bf0abb1f448a128cb85db1c08905baa5038fbe3cfe?s=96&d=mm&r=g","contentUrl":"https:\/\/secure.gravatar.com\/avatar\/ada60265080fb9a89c9809bf0abb1f448a128cb85db1c08905baa5038fbe3cfe?s=96&d=mm&r=g","caption":"Phj"},"url":"https:\/\/vosgesinfo.fr\/remiremontinfo\/author\/phj\/"}]}},"_links":{"self":[{"href":"https:\/\/vosgesinfo.fr\/remiremontinfo\/wp-json\/wp\/v2\/posts\/39369","targetHints":{"allow":["GET"]}}],"collection":[{"href":"https:\/\/vosgesinfo.fr\/remiremontinfo\/wp-json\/wp\/v2\/posts"}],"about":[{"href":"https:\/\/vosgesinfo.fr\/remiremontinfo\/wp-json\/wp\/v2\/types\/post"}],"author":[{"embeddable":true,"href":"https:\/\/vosgesinfo.fr\/remiremontinfo\/wp-json\/wp\/v2\/users\/39"}],"replies":[{"embeddable":true,"href":"https:\/\/vosgesinfo.fr\/remiremontinfo\/wp-json\/wp\/v2\/comments?post=39369"}],"version-history":[{"count":0,"href":"https:\/\/vosgesinfo.fr\/remiremontinfo\/wp-json\/wp\/v2\/posts\/39369\/revisions"}],"wp:featuredmedia":[{"embeddable":true,"href":"https:\/\/vosgesinfo.fr\/remiremontinfo\/wp-json\/wp\/v2\/media\/39370"}],"wp:attachment":[{"href":"https:\/\/vosgesinfo.fr\/remiremontinfo\/wp-json\/wp\/v2\/media?parent=39369"}],"wp:term":[{"taxonomy":"category","embeddable":true,"href":"https:\/\/vosgesinfo.fr\/remiremontinfo\/wp-json\/wp\/v2\/categories?post=39369"},{"taxonomy":"post_tag","embeddable":true,"href":"https:\/\/vosgesinfo.fr\/remiremontinfo\/wp-json\/wp\/v2\/tags?post=39369"}],"curies":[{"name":"wp","href":"https:\/\/api.w.org\/{rel}","templated":true}]}}