{"id":3938,"date":"2024-01-24T16:52:28","date_gmt":"2024-01-24T15:52:28","guid":{"rendered":"https:\/\/vosgesinfo.fr\/remiremontinfo\/2024\/01\/27e-semaine-de-la-photographie-de-remiremont-une-trentaine-de-photographes-a-decouvrir-du-1er-au-11-fevrier\/"},"modified":"2024-01-24T16:52:28","modified_gmt":"2024-01-24T15:52:28","slug":"27e-semaine-de-la-photographie-de-remiremont-une-trentaine-de-photographes-a-decouvrir-du-1er-au-11-fevrier","status":"publish","type":"post","link":"https:\/\/vosgesinfo.fr\/remiremontinfo\/2024\/01\/27e-semaine-de-la-photographie-de-remiremont-une-trentaine-de-photographes-a-decouvrir-du-1er-au-11-fevrier\/","title":{"rendered":"27e Semaine de la Photographie de Remiremont : une trentaine de photographes \u00e0 d\u00e9couvrir du 1er au 11 f\u00e9vrier"},"content":{"rendered":"<p><a href=\"https:\/\/remiremontinfo.fr\/wp-content\/uploads\/2024\/01\/CP-semaine-de-la-photographie-2.jpeg\"><img decoding=\"async\" class=\"size-large wp-image-382020 aligncenter\" src=\"https:\/\/vosgesinfo.fr\/app\/uploads\/sites\/5\/2024\/01\/cp-semaine-de-la-photographie-2.jpeg\" alt=\"CP semaine de la photographie (2)\" width=\"960\" height=\"720\" \/><\/a><\/p>\n<h2><span style=\"font-size: 14pt;\">Lors d&rsquo;une conf\u00e9rence de presse dans le salon des mariages de l&rsquo;h\u00f4tel de ville ce mardi,\u00a0Dani\u00e8le Fischer, adjointe du maire Jean-Beno\u00eet Tisserand en charge des Animations, a pr\u00e9sent\u00e9 le copieux programme qui va rythmer la 27e \u00e9dition de la Semaine de la Photographie qui se d\u00e9roulera du 1er au 11 f\u00e9vrier dans la cit\u00e9 des Chanoinesses. Cette ann\u00e9e, la nature sera encore au c\u0153ur de l&rsquo;\u00e9v\u00e8nement et plus particuli\u00e8rement les oiseaux, th\u00e8me du traditionnel concours photo.\u00a0 Une vingtaine d&rsquo;expositions et une dizaine d&rsquo;animations sont au programme, l&rsquo;ensemble port\u00e9 par une trentaine de photographes.<\/span><\/h2>\n<p>Voil\u00e0 plus d&rsquo;un demi-si\u00e8cle que la Semaine de la Photographie de Remiremont fait rayonner la cit\u00e9 des Chanoinesses. Et en presque trente ans d&rsquo;existence l&rsquo;\u00e9v\u00e9nement est devenu incontournable. Pour sa 27e \u00e9dition, qui se tiendra du 1er au 11 f\u00e9vrier, la municipalit\u00e9 et ses partenaires ont encore mis les petits plats dans les grands pour offrir aux curieux comme aux passionn\u00e9s une semaine riche en expositions et animations. Il y aura de quoi d\u00e9couvrir des clich\u00e9s m\u00e9morables, pour le plus grand plaisir des yeux&#8230;<\/p>\n<div id=\"attachment_336759\" style=\"width: 970px\" class=\"wp-caption aligncenter\"><a href=\"https:\/\/remiremontinfo.fr\/wp-content\/uploads\/2022\/02\/semaine-de-la-photo-5-1024x780.jpg\"><img decoding=\"async\" aria-describedby=\"caption-attachment-336759\" class=\"wp-image-336759 size-large\" src=\"https:\/\/vosgesinfo.fr\/app\/uploads\/sites\/5\/2022\/02\/semaine-de-la-photo-5-1024x780-1024x780-1.jpg\" alt=\"semaine-de-la-photo-5-1024x780\" width=\"960\" height=\"731\" \/><\/a><p id=\"caption-attachment-336759\" class=\"wp-caption-text\">Photo d&rsquo;archives<\/p><\/div>\n<p>Cette ann\u00e9e, une trentaine d&rsquo;artistes de la r\u00e9gion seront au rendez-vous de la 27e Semaine de la Photographie. Hugo Faivre, Jacky Monnin, Fabrice Cahez, St\u00e9phane Denis, Sylvain Mangel, Marie-Claire Beck, St\u00e9phane Renaux, entre autres, autant de noms et de photographes qui exposeront leurs \u0153uvres durant ce d\u00e9but du mois de f\u00e9vrier. Marc Paygnard sera \u00e9galement de cette 27 \u00e9dition. L&rsquo;ancien journaliste du R\u00e9publicain Lorrain et de l&rsquo;Est R\u00e9publicain, qui a notamment travaill\u00e9 avec Robert Doisneau \u00e0 l&rsquo;agence Rapho, est un habitu\u00e9 des lieux puisqu&rsquo;il avait d\u00e9j\u00e0 expos\u00e9 lors de la toute premi\u00e8re \u00e9dition.<\/p>\n<p>Pendant une dizaine de jours, c&rsquo;est tout Remiremont qui se m\u00e9tamorphosera en galerie d&rsquo;art avec des expositions en ext\u00e9rieur (Rue Charles de Gaulles, Place Christian Poncelet, Place Henri Utard) comme en int\u00e9rieur (Centre Culturel Gilbert Zaug, M\u00e9diath\u00e8que Le Cercle, Grand Salon de l&rsquo;H\u00f4tel de Ville). Une vingtaine d&rsquo;expositions et une dizaine d&rsquo;animations seront au menu, avec bien \u00e9videmment au c\u0153ur de l&rsquo;\u00e9v\u00e9nement, la nature et plus particuli\u00e8rement les oiseaux, th\u00e8me s\u00e9lectionn\u00e9 pour le concours photo. Le vernissage de cette 27e \u00e9dition de la Semaine de la Photographie aura lieu le samedi 3 f\u00e9vrier au Centre Culturel Gilbert Zaug.<\/p>\n<p><a href=\"https:\/\/remiremontinfo.fr\/wp-content\/uploads\/2024\/01\/Semaine-de-la-photographie.jpg\"><img decoding=\"async\" class=\"size-large wp-image-382013 aligncenter\" src=\"https:\/\/vosgesinfo.fr\/app\/uploads\/sites\/5\/2024\/01\/semaine-de-la-photographie.jpg\" alt=\"Semaine de la photographie\" width=\"724\" height=\"1024\" \/><\/a><\/p>\n","protected":false},"excerpt":{"rendered":"<p>Lors d&rsquo;une conf\u00e9rence de presse dans le salon des mariages de l&rsquo;h\u00f4tel de ville ce mardi,\u00a0Dani\u00e8le Fischer, adjointe du maire [&hellip;]<\/p>\n","protected":false},"author":392,"featured_media":3937,"comment_status":"open","ping_status":"open","sticky":false,"template":"","format":"standard","meta":{"footnotes":""},"categories":[26,4,43,35],"tags":[761,762,763,396,44,760],"class_list":["post-3938","post","type-post","status-publish","format-standard","has-post-thumbnail","hentry","category-a-la-une","category-culture","category-remiremont-remiremont-son-canton","category-remiremont-son-canton","tag-daniele-fischer","tag-marc-paygnard","tag-oiseaux","tag-photographie","tag-remiremont","tag-semaine-de-la-photographie"],"acf":[],"yoast_head":"<!-- This site is optimized with the Yoast SEO plugin v22.5 - https:\/\/yoast.com\/wordpress\/plugins\/seo\/ -->\n<title>27e Semaine de la Photographie de Remiremont : une trentaine de photographes \u00e0 d\u00e9couvrir du 1er au 11 f\u00e9vrier - Remiremont Info<\/title>\n<meta name=\"robots\" content=\"index, follow, max-snippet:-1, max-image-preview:large, max-video-preview:-1\" \/>\n<link rel=\"canonical\" href=\"https:\/\/vosgesinfo.fr\/remiremontinfo\/2024\/01\/27e-semaine-de-la-photographie-de-remiremont-une-trentaine-de-photographes-a-decouvrir-du-1er-au-11-fevrier\/\" \/>\n<meta name=\"twitter:card\" content=\"summary_large_image\" \/>\n<meta name=\"twitter:title\" content=\"27e Semaine de la Photographie de Remiremont : une trentaine de photographes \u00e0 d\u00e9couvrir du 1er au 11 f\u00e9vrier - Remiremont Info\" \/>\n<meta name=\"twitter:description\" content=\"Lors d&rsquo;une conf\u00e9rence de presse dans le salon des mariages de l&rsquo;h\u00f4tel de ville ce mardi,\u00a0Dani\u00e8le Fischer, adjointe du maire [&hellip;]\" \/>\n<meta name=\"twitter:image\" content=\"https:\/\/vosgesinfo.fr\/app\/uploads\/sites\/5\/2024\/01\/cp-semaine-de-la-photographie-2.jpeg\" \/>\n<meta name=\"twitter:creator\" content=\"@VosgesInfo88\" \/>\n<meta name=\"twitter:site\" content=\"@VosgesInfo88\" \/>\n<meta name=\"twitter:label1\" content=\"\u00c9crit par\" \/>\n\t<meta name=\"twitter:data1\" content=\"La redaction\" \/>\n\t<meta name=\"twitter:label2\" content=\"Dur\u00e9e de lecture estim\u00e9e\" \/>\n\t<meta name=\"twitter:data2\" content=\"2 minutes\" \/>\n<script type=\"application\/ld+json\" class=\"yoast-schema-graph\">{\"@context\":\"https:\/\/schema.org\",\"@graph\":[{\"@type\":\"Article\",\"@id\":\"https:\/\/vosgesinfo.fr\/remiremontinfo\/2024\/01\/27e-semaine-de-la-photographie-de-remiremont-une-trentaine-de-photographes-a-decouvrir-du-1er-au-11-fevrier\/#article\",\"isPartOf\":{\"@id\":\"https:\/\/vosgesinfo.fr\/remiremontinfo\/2024\/01\/27e-semaine-de-la-photographie-de-remiremont-une-trentaine-de-photographes-a-decouvrir-du-1er-au-11-fevrier\/\"},\"author\":{\"name\":\"La redaction\",\"@id\":\"https:\/\/vosgesinfo.fr\/remiremontinfo\/#\/schema\/person\/80c6ea85ff4afefe81dceaf949954c76\"},\"headline\":\"27e Semaine de la Photographie de Remiremont : une trentaine de photographes \u00e0 d\u00e9couvrir du 1er au 11 f\u00e9vrier\",\"datePublished\":\"2024-01-24T15:52:28+00:00\",\"dateModified\":\"2024-01-24T15:52:28+00:00\",\"mainEntityOfPage\":{\"@id\":\"https:\/\/vosgesinfo.fr\/remiremontinfo\/2024\/01\/27e-semaine-de-la-photographie-de-remiremont-une-trentaine-de-photographes-a-decouvrir-du-1er-au-11-fevrier\/\"},\"wordCount\":453,\"commentCount\":0,\"publisher\":{\"@id\":\"https:\/\/vosgesinfo.fr\/remiremontinfo\/#organization\"},\"image\":{\"@id\":\"https:\/\/vosgesinfo.fr\/remiremontinfo\/2024\/01\/27e-semaine-de-la-photographie-de-remiremont-une-trentaine-de-photographes-a-decouvrir-du-1er-au-11-fevrier\/#primaryimage\"},\"thumbnailUrl\":\"https:\/\/vosgesinfo.fr\/app\/uploads\/sites\/5\/2024\/01\/cp-semaine-de-la-photographie-2.jpeg\",\"keywords\":[\"Dani\u00e8le Fischer\",\"Marc Paygnard\",\"oiseaux\",\"Photographie\",\"remiremont\",\"Semaine de la photographie\"],\"articleSection\":[\"A la Une\",\"Culture\",\"Remiremont\",\"Remiremont &amp; son canton\"],\"inLanguage\":\"fr-FR\",\"potentialAction\":[{\"@type\":\"CommentAction\",\"name\":\"Comment\",\"target\":[\"https:\/\/vosgesinfo.fr\/remiremontinfo\/2024\/01\/27e-semaine-de-la-photographie-de-remiremont-une-trentaine-de-photographes-a-decouvrir-du-1er-au-11-fevrier\/#respond\"]}]},{\"@type\":\"WebPage\",\"@id\":\"https:\/\/vosgesinfo.fr\/remiremontinfo\/2024\/01\/27e-semaine-de-la-photographie-de-remiremont-une-trentaine-de-photographes-a-decouvrir-du-1er-au-11-fevrier\/\",\"url\":\"https:\/\/vosgesinfo.fr\/remiremontinfo\/2024\/01\/27e-semaine-de-la-photographie-de-remiremont-une-trentaine-de-photographes-a-decouvrir-du-1er-au-11-fevrier\/\",\"name\":\"27e Semaine de la Photographie de Remiremont : une trentaine de photographes \u00e0 d\u00e9couvrir du 1er au 11 f\u00e9vrier - Remiremont Info\",\"isPartOf\":{\"@id\":\"https:\/\/vosgesinfo.fr\/remiremontinfo\/#website\"},\"primaryImageOfPage\":{\"@id\":\"https:\/\/vosgesinfo.fr\/remiremontinfo\/2024\/01\/27e-semaine-de-la-photographie-de-remiremont-une-trentaine-de-photographes-a-decouvrir-du-1er-au-11-fevrier\/#primaryimage\"},\"image\":{\"@id\":\"https:\/\/vosgesinfo.fr\/remiremontinfo\/2024\/01\/27e-semaine-de-la-photographie-de-remiremont-une-trentaine-de-photographes-a-decouvrir-du-1er-au-11-fevrier\/#primaryimage\"},\"thumbnailUrl\":\"https:\/\/vosgesinfo.fr\/app\/uploads\/sites\/5\/2024\/01\/cp-semaine-de-la-photographie-2.jpeg\",\"datePublished\":\"2024-01-24T15:52:28+00:00\",\"dateModified\":\"2024-01-24T15:52:28+00:00\",\"breadcrumb\":{\"@id\":\"https:\/\/vosgesinfo.fr\/remiremontinfo\/2024\/01\/27e-semaine-de-la-photographie-de-remiremont-une-trentaine-de-photographes-a-decouvrir-du-1er-au-11-fevrier\/#breadcrumb\"},\"inLanguage\":\"fr-FR\",\"potentialAction\":[{\"@type\":\"ReadAction\",\"target\":[\"https:\/\/vosgesinfo.fr\/remiremontinfo\/2024\/01\/27e-semaine-de-la-photographie-de-remiremont-une-trentaine-de-photographes-a-decouvrir-du-1er-au-11-fevrier\/\"]}]},{\"@type\":\"ImageObject\",\"inLanguage\":\"fr-FR\",\"@id\":\"https:\/\/vosgesinfo.fr\/remiremontinfo\/2024\/01\/27e-semaine-de-la-photographie-de-remiremont-une-trentaine-de-photographes-a-decouvrir-du-1er-au-11-fevrier\/#primaryimage\",\"url\":\"https:\/\/vosgesinfo.fr\/app\/uploads\/sites\/5\/2024\/01\/cp-semaine-de-la-photographie-2.jpeg\",\"contentUrl\":\"https:\/\/vosgesinfo.fr\/app\/uploads\/sites\/5\/2024\/01\/cp-semaine-de-la-photographie-2.jpeg\",\"width\":2048,\"height\":1536},{\"@type\":\"BreadcrumbList\",\"@id\":\"https:\/\/vosgesinfo.fr\/remiremontinfo\/2024\/01\/27e-semaine-de-la-photographie-de-remiremont-une-trentaine-de-photographes-a-decouvrir-du-1er-au-11-fevrier\/#breadcrumb\",\"itemListElement\":[{\"@type\":\"ListItem\",\"position\":1,\"name\":\"Home\",\"item\":\"https:\/\/vosgesinfo.fr\/remiremontinfo\/\"},{\"@type\":\"ListItem\",\"position\":2,\"name\":\"27e Semaine de la Photographie de Remiremont : une trentaine de photographes \u00e0 d\u00e9couvrir du 1er au 11 f\u00e9vrier\"}]},{\"@type\":\"WebSite\",\"@id\":\"https:\/\/vosgesinfo.fr\/remiremontinfo\/#website\",\"url\":\"https:\/\/vosgesinfo.fr\/remiremontinfo\/\",\"name\":\"Remiremont Info\",\"description\":\"Toute l&#039;actualit\u00e9 de Remiremont\",\"publisher\":{\"@id\":\"https:\/\/vosgesinfo.fr\/remiremontinfo\/#organization\"},\"alternateName\":\"Toute l'actualit\u00e9 de Remiremont\",\"potentialAction\":[{\"@type\":\"SearchAction\",\"target\":{\"@type\":\"EntryPoint\",\"urlTemplate\":\"https:\/\/vosgesinfo.fr\/remiremontinfo\/?s={search_term_string}\"},\"query-input\":\"required name=search_term_string\"}],\"inLanguage\":\"fr-FR\"},{\"@type\":\"Organization\",\"@id\":\"https:\/\/vosgesinfo.fr\/remiremontinfo\/#organization\",\"name\":\"Remiremont Info\",\"url\":\"https:\/\/vosgesinfo.fr\/remiremontinfo\/\",\"logo\":{\"@type\":\"ImageObject\",\"inLanguage\":\"fr-FR\",\"@id\":\"https:\/\/vosgesinfo.fr\/remiremontinfo\/#\/schema\/logo\/image\/\",\"url\":\"https:\/\/vosgesinfo.fr\/app\/uploads\/sites\/5\/2023\/08\/favicon-remiremontinfo.png\",\"contentUrl\":\"https:\/\/vosgesinfo.fr\/app\/uploads\/sites\/5\/2023\/08\/favicon-remiremontinfo.png\",\"width\":512,\"height\":512,\"caption\":\"Remiremont Info\"},\"image\":{\"@id\":\"https:\/\/vosgesinfo.fr\/remiremontinfo\/#\/schema\/logo\/image\/\"},\"sameAs\":[\"https:\/\/www.facebook.com\/remiremontinfo\",\"https:\/\/x.com\/VosgesInfo88\",\"https:\/\/www.youtube.com\/@vosgesinfo\"]},{\"@type\":\"Person\",\"@id\":\"https:\/\/vosgesinfo.fr\/remiremontinfo\/#\/schema\/person\/80c6ea85ff4afefe81dceaf949954c76\",\"name\":\"La redaction\",\"image\":{\"@type\":\"ImageObject\",\"inLanguage\":\"fr-FR\",\"@id\":\"https:\/\/vosgesinfo.fr\/remiremontinfo\/#\/schema\/person\/image\/\",\"url\":\"https:\/\/secure.gravatar.com\/avatar\/fa684fed8c27e631d40f39d17520286009f89cf7526728ea4e58b5a8c426c16a?s=96&d=mm&r=g\",\"contentUrl\":\"https:\/\/secure.gravatar.com\/avatar\/fa684fed8c27e631d40f39d17520286009f89cf7526728ea4e58b5a8c426c16a?s=96&d=mm&r=g\",\"caption\":\"La redaction\"},\"url\":\"https:\/\/vosgesinfo.fr\/remiremontinfo\/author\/d-p\/\"}]}<\/script>\n<!-- \/ Yoast SEO plugin. -->","yoast_head_json":{"title":"27e Semaine de la Photographie de Remiremont : une trentaine de photographes \u00e0 d\u00e9couvrir du 1er au 11 f\u00e9vrier - Remiremont Info","robots":{"index":"index","follow":"follow","max-snippet":"max-snippet:-1","max-image-preview":"max-image-preview:large","max-video-preview":"max-video-preview:-1"},"canonical":"https:\/\/vosgesinfo.fr\/remiremontinfo\/2024\/01\/27e-semaine-de-la-photographie-de-remiremont-une-trentaine-de-photographes-a-decouvrir-du-1er-au-11-fevrier\/","twitter_card":"summary_large_image","twitter_title":"27e Semaine de la Photographie de Remiremont : une trentaine de photographes \u00e0 d\u00e9couvrir du 1er au 11 f\u00e9vrier - Remiremont Info","twitter_description":"Lors d&rsquo;une conf\u00e9rence de presse dans le salon des mariages de l&rsquo;h\u00f4tel de ville ce mardi,\u00a0Dani\u00e8le Fischer, adjointe du maire [&hellip;]","twitter_image":"https:\/\/vosgesinfo.fr\/app\/uploads\/sites\/5\/2024\/01\/cp-semaine-de-la-photographie-2.jpeg","twitter_creator":"@VosgesInfo88","twitter_site":"@VosgesInfo88","twitter_misc":{"\u00c9crit par":"La redaction","Dur\u00e9e de lecture estim\u00e9e":"2 minutes"},"schema":{"@context":"https:\/\/schema.org","@graph":[{"@type":"Article","@id":"https:\/\/vosgesinfo.fr\/remiremontinfo\/2024\/01\/27e-semaine-de-la-photographie-de-remiremont-une-trentaine-de-photographes-a-decouvrir-du-1er-au-11-fevrier\/#article","isPartOf":{"@id":"https:\/\/vosgesinfo.fr\/remiremontinfo\/2024\/01\/27e-semaine-de-la-photographie-de-remiremont-une-trentaine-de-photographes-a-decouvrir-du-1er-au-11-fevrier\/"},"author":{"name":"La redaction","@id":"https:\/\/vosgesinfo.fr\/remiremontinfo\/#\/schema\/person\/80c6ea85ff4afefe81dceaf949954c76"},"headline":"27e Semaine de la Photographie de Remiremont : une trentaine de photographes \u00e0 d\u00e9couvrir du 1er au 11 f\u00e9vrier","datePublished":"2024-01-24T15:52:28+00:00","dateModified":"2024-01-24T15:52:28+00:00","mainEntityOfPage":{"@id":"https:\/\/vosgesinfo.fr\/remiremontinfo\/2024\/01\/27e-semaine-de-la-photographie-de-remiremont-une-trentaine-de-photographes-a-decouvrir-du-1er-au-11-fevrier\/"},"wordCount":453,"commentCount":0,"publisher":{"@id":"https:\/\/vosgesinfo.fr\/remiremontinfo\/#organization"},"image":{"@id":"https:\/\/vosgesinfo.fr\/remiremontinfo\/2024\/01\/27e-semaine-de-la-photographie-de-remiremont-une-trentaine-de-photographes-a-decouvrir-du-1er-au-11-fevrier\/#primaryimage"},"thumbnailUrl":"https:\/\/vosgesinfo.fr\/app\/uploads\/sites\/5\/2024\/01\/cp-semaine-de-la-photographie-2.jpeg","keywords":["Dani\u00e8le Fischer","Marc Paygnard","oiseaux","Photographie","remiremont","Semaine de la photographie"],"articleSection":["A la Une","Culture","Remiremont","Remiremont &amp; son canton"],"inLanguage":"fr-FR","potentialAction":[{"@type":"CommentAction","name":"Comment","target":["https:\/\/vosgesinfo.fr\/remiremontinfo\/2024\/01\/27e-semaine-de-la-photographie-de-remiremont-une-trentaine-de-photographes-a-decouvrir-du-1er-au-11-fevrier\/#respond"]}]},{"@type":"WebPage","@id":"https:\/\/vosgesinfo.fr\/remiremontinfo\/2024\/01\/27e-semaine-de-la-photographie-de-remiremont-une-trentaine-de-photographes-a-decouvrir-du-1er-au-11-fevrier\/","url":"https:\/\/vosgesinfo.fr\/remiremontinfo\/2024\/01\/27e-semaine-de-la-photographie-de-remiremont-une-trentaine-de-photographes-a-decouvrir-du-1er-au-11-fevrier\/","name":"27e Semaine de la Photographie de Remiremont : une trentaine de photographes \u00e0 d\u00e9couvrir du 1er au 11 f\u00e9vrier - Remiremont Info","isPartOf":{"@id":"https:\/\/vosgesinfo.fr\/remiremontinfo\/#website"},"primaryImageOfPage":{"@id":"https:\/\/vosgesinfo.fr\/remiremontinfo\/2024\/01\/27e-semaine-de-la-photographie-de-remiremont-une-trentaine-de-photographes-a-decouvrir-du-1er-au-11-fevrier\/#primaryimage"},"image":{"@id":"https:\/\/vosgesinfo.fr\/remiremontinfo\/2024\/01\/27e-semaine-de-la-photographie-de-remiremont-une-trentaine-de-photographes-a-decouvrir-du-1er-au-11-fevrier\/#primaryimage"},"thumbnailUrl":"https:\/\/vosgesinfo.fr\/app\/uploads\/sites\/5\/2024\/01\/cp-semaine-de-la-photographie-2.jpeg","datePublished":"2024-01-24T15:52:28+00:00","dateModified":"2024-01-24T15:52:28+00:00","breadcrumb":{"@id":"https:\/\/vosgesinfo.fr\/remiremontinfo\/2024\/01\/27e-semaine-de-la-photographie-de-remiremont-une-trentaine-de-photographes-a-decouvrir-du-1er-au-11-fevrier\/#breadcrumb"},"inLanguage":"fr-FR","potentialAction":[{"@type":"ReadAction","target":["https:\/\/vosgesinfo.fr\/remiremontinfo\/2024\/01\/27e-semaine-de-la-photographie-de-remiremont-une-trentaine-de-photographes-a-decouvrir-du-1er-au-11-fevrier\/"]}]},{"@type":"ImageObject","inLanguage":"fr-FR","@id":"https:\/\/vosgesinfo.fr\/remiremontinfo\/2024\/01\/27e-semaine-de-la-photographie-de-remiremont-une-trentaine-de-photographes-a-decouvrir-du-1er-au-11-fevrier\/#primaryimage","url":"https:\/\/vosgesinfo.fr\/app\/uploads\/sites\/5\/2024\/01\/cp-semaine-de-la-photographie-2.jpeg","contentUrl":"https:\/\/vosgesinfo.fr\/app\/uploads\/sites\/5\/2024\/01\/cp-semaine-de-la-photographie-2.jpeg","width":2048,"height":1536},{"@type":"BreadcrumbList","@id":"https:\/\/vosgesinfo.fr\/remiremontinfo\/2024\/01\/27e-semaine-de-la-photographie-de-remiremont-une-trentaine-de-photographes-a-decouvrir-du-1er-au-11-fevrier\/#breadcrumb","itemListElement":[{"@type":"ListItem","position":1,"name":"Home","item":"https:\/\/vosgesinfo.fr\/remiremontinfo\/"},{"@type":"ListItem","position":2,"name":"27e Semaine de la Photographie de Remiremont : une trentaine de photographes \u00e0 d\u00e9couvrir du 1er au 11 f\u00e9vrier"}]},{"@type":"WebSite","@id":"https:\/\/vosgesinfo.fr\/remiremontinfo\/#website","url":"https:\/\/vosgesinfo.fr\/remiremontinfo\/","name":"Remiremont Info","description":"Toute l&#039;actualit\u00e9 de Remiremont","publisher":{"@id":"https:\/\/vosgesinfo.fr\/remiremontinfo\/#organization"},"alternateName":"Toute l'actualit\u00e9 de Remiremont","potentialAction":[{"@type":"SearchAction","target":{"@type":"EntryPoint","urlTemplate":"https:\/\/vosgesinfo.fr\/remiremontinfo\/?s={search_term_string}"},"query-input":"required name=search_term_string"}],"inLanguage":"fr-FR"},{"@type":"Organization","@id":"https:\/\/vosgesinfo.fr\/remiremontinfo\/#organization","name":"Remiremont Info","url":"https:\/\/vosgesinfo.fr\/remiremontinfo\/","logo":{"@type":"ImageObject","inLanguage":"fr-FR","@id":"https:\/\/vosgesinfo.fr\/remiremontinfo\/#\/schema\/logo\/image\/","url":"https:\/\/vosgesinfo.fr\/app\/uploads\/sites\/5\/2023\/08\/favicon-remiremontinfo.png","contentUrl":"https:\/\/vosgesinfo.fr\/app\/uploads\/sites\/5\/2023\/08\/favicon-remiremontinfo.png","width":512,"height":512,"caption":"Remiremont Info"},"image":{"@id":"https:\/\/vosgesinfo.fr\/remiremontinfo\/#\/schema\/logo\/image\/"},"sameAs":["https:\/\/www.facebook.com\/remiremontinfo","https:\/\/x.com\/VosgesInfo88","https:\/\/www.youtube.com\/@vosgesinfo"]},{"@type":"Person","@id":"https:\/\/vosgesinfo.fr\/remiremontinfo\/#\/schema\/person\/80c6ea85ff4afefe81dceaf949954c76","name":"La redaction","image":{"@type":"ImageObject","inLanguage":"fr-FR","@id":"https:\/\/vosgesinfo.fr\/remiremontinfo\/#\/schema\/person\/image\/","url":"https:\/\/secure.gravatar.com\/avatar\/fa684fed8c27e631d40f39d17520286009f89cf7526728ea4e58b5a8c426c16a?s=96&d=mm&r=g","contentUrl":"https:\/\/secure.gravatar.com\/avatar\/fa684fed8c27e631d40f39d17520286009f89cf7526728ea4e58b5a8c426c16a?s=96&d=mm&r=g","caption":"La redaction"},"url":"https:\/\/vosgesinfo.fr\/remiremontinfo\/author\/d-p\/"}]}},"_links":{"self":[{"href":"https:\/\/vosgesinfo.fr\/remiremontinfo\/wp-json\/wp\/v2\/posts\/3938","targetHints":{"allow":["GET"]}}],"collection":[{"href":"https:\/\/vosgesinfo.fr\/remiremontinfo\/wp-json\/wp\/v2\/posts"}],"about":[{"href":"https:\/\/vosgesinfo.fr\/remiremontinfo\/wp-json\/wp\/v2\/types\/post"}],"author":[{"embeddable":true,"href":"https:\/\/vosgesinfo.fr\/remiremontinfo\/wp-json\/wp\/v2\/users\/392"}],"replies":[{"embeddable":true,"href":"https:\/\/vosgesinfo.fr\/remiremontinfo\/wp-json\/wp\/v2\/comments?post=3938"}],"version-history":[{"count":0,"href":"https:\/\/vosgesinfo.fr\/remiremontinfo\/wp-json\/wp\/v2\/posts\/3938\/revisions"}],"wp:featuredmedia":[{"embeddable":true,"href":"https:\/\/vosgesinfo.fr\/remiremontinfo\/wp-json\/wp\/v2\/media\/3937"}],"wp:attachment":[{"href":"https:\/\/vosgesinfo.fr\/remiremontinfo\/wp-json\/wp\/v2\/media?parent=3938"}],"wp:term":[{"taxonomy":"category","embeddable":true,"href":"https:\/\/vosgesinfo.fr\/remiremontinfo\/wp-json\/wp\/v2\/categories?post=3938"},{"taxonomy":"post_tag","embeddable":true,"href":"https:\/\/vosgesinfo.fr\/remiremontinfo\/wp-json\/wp\/v2\/tags?post=3938"}],"curies":[{"name":"wp","href":"https:\/\/api.w.org\/{rel}","templated":true}]}}