{"id":39384,"date":"2021-04-18T06:21:33","date_gmt":"2021-04-18T04:21:33","guid":{"rendered":"https:\/\/vosgesinfo.fr\/remiremontinfo\/2021\/04\/bresse-appel-a-solidarite-apres-lincendie-route-de-courbe\/"},"modified":"2021-04-18T06:21:33","modified_gmt":"2021-04-18T04:21:33","slug":"bresse-appel-a-solidarite-apres-lincendie-route-de-courbe","status":"publish","type":"post","link":"https:\/\/vosgesinfo.fr\/remiremontinfo\/2021\/04\/bresse-appel-a-solidarite-apres-lincendie-route-de-courbe\/","title":{"rendered":"La Bresse\u00a0: un appel \u00e0 la solidarit\u00e9 apr\u00e8s l\u2019incendie route de la Courbe"},"content":{"rendered":"<p align=\"left\">\n<p style=\"text-align: center;\" align=\"left\"><a href=\"\/2021\/04\/175061958_2618516211780808_6718896712390899822_n.jpg\"><img decoding=\"async\" class=\"alignnone size-full wp-image-314306\" src=\"\/2021\/04\/175061958_2618516211780808_6718896712390899822_n.jpg\" alt=\"175061958_2618516211780808_6718896712390899822_n\" width=\"800\" height=\"579\" \/><\/a><\/p>\n<p align=\"left\"><span style=\"font-size: 10pt;\"><em>Photo de la mairie de La Bresse<\/em><\/span><\/p>\n<h2 align=\"left\"><span style=\"font-size: 12pt;\"><strong>Dans la nuit du vendredi 16 au samedi 17 avril, un incendie a ravag\u00e9 une maison d\u2019habitation comportant plusieurs appartements dans le secteur de la courbe \u00e0 La Bresse. La municipalit\u00e9 a lanc\u00e9 un appel sur les r\u00e9seaux sociaux.<\/strong><\/span><\/h2>\n<p align=\"left\"><em>\u00ab\u00a0Le propri\u00e9taire et les occupants tiennent \u00e0 remercier tous ceux qui se sont mobilis\u00e9s, en particulier les Pompiers, les services de secours, familles et amis\u00a0\u00bb<\/em>, affirme la mairie de La Bresse. <em>\u00ab\u00a0Des solutions de relogement ont \u00e9t\u00e9 rapidement trouv\u00e9es dans les familles et \u00e0 l\u2019Ehpad de La Bresse. N\u00e9anmoins, des besoins en v\u00eatements pour des adultes se font sentir\u00a0\u00bb<\/em>. Les habits recherch\u00e9s sont pour homme en taille M \/ L, chaussures 41, et pour femme en taille S \/ M chaussures 37\/38. <em>\u00ab\u00a0Merci \u00e0 tous ceux qui ont d\u00e9j\u00e0 fait des dons pour le b\u00e9b\u00e9, c\u2019est suffisant pour le moment. Vos dons pourront \u00eatre recueillis en Mairie \u00e0 compter de lundi matin. Merci pour votre aide\u00a0\u00bb.<\/em><\/p>\n","protected":false},"excerpt":{"rendered":"<p>Photo de la mairie de La Bresse Dans la nuit du vendredi 16 au samedi 17 avril, un incendie a [&hellip;]<\/p>\n","protected":false},"author":407,"featured_media":39385,"comment_status":"open","ping_status":"open","sticky":false,"template":"","format":"standard","meta":{"footnotes":""},"categories":[26,104,25],"tags":[],"class_list":["post-39384","post","type-post","status-publish","format-standard","has-post-thumbnail","hentry","category-a-la-une","category-la-bresse-la-bresse-son-canton","category-la-bresse-son-canton"],"acf":[],"yoast_head":"<!-- This site is optimized with the Yoast SEO plugin v22.5 - https:\/\/yoast.com\/wordpress\/plugins\/seo\/ -->\n<title>La Bresse\u00a0: un appel \u00e0 la solidarit\u00e9 apr\u00e8s l\u2019incendie route de la Courbe - Remiremont Info<\/title>\n<meta name=\"robots\" content=\"index, follow, max-snippet:-1, max-image-preview:large, max-video-preview:-1\" \/>\n<link rel=\"canonical\" href=\"https:\/\/vosgesinfo.fr\/remiremontinfo\/2021\/04\/bresse-appel-a-solidarite-apres-lincendie-route-de-courbe\/\" \/>\n<meta name=\"twitter:card\" content=\"summary_large_image\" \/>\n<meta name=\"twitter:title\" content=\"La Bresse\u00a0: un appel \u00e0 la solidarit\u00e9 apr\u00e8s l\u2019incendie route de la Courbe - Remiremont Info\" \/>\n<meta name=\"twitter:description\" content=\"Photo de la mairie de La Bresse Dans la nuit du vendredi 16 au samedi 17 avril, un incendie a [&hellip;]\" \/>\n<meta name=\"twitter:image\" content=\"https:\/\/vosgesinfo.fr\/app\/uploads\/sites\/5\/2024\/09\/202104175061958-2618516211780808-6718896712390899822-n.jpg\" \/>\n<meta name=\"twitter:creator\" content=\"@VosgesInfo88\" \/>\n<meta name=\"twitter:site\" content=\"@VosgesInfo88\" \/>\n<meta name=\"twitter:label1\" content=\"\u00c9crit par\" \/>\n\t<meta name=\"twitter:data1\" content=\"C D\" \/>\n\t<meta name=\"twitter:label2\" content=\"Dur\u00e9e de lecture estim\u00e9e\" \/>\n\t<meta name=\"twitter:data2\" content=\"1 minute\" \/>\n<script type=\"application\/ld+json\" class=\"yoast-schema-graph\">{\"@context\":\"https:\/\/schema.org\",\"@graph\":[{\"@type\":\"Article\",\"@id\":\"https:\/\/vosgesinfo.fr\/remiremontinfo\/2021\/04\/bresse-appel-a-solidarite-apres-lincendie-route-de-courbe\/#article\",\"isPartOf\":{\"@id\":\"https:\/\/vosgesinfo.fr\/remiremontinfo\/2021\/04\/bresse-appel-a-solidarite-apres-lincendie-route-de-courbe\/\"},\"author\":{\"name\":\"C D\",\"@id\":\"https:\/\/vosgesinfo.fr\/remiremontinfo\/#\/schema\/person\/3bfd164d5218a185b1db68655a265316\"},\"headline\":\"La Bresse\u00a0: un appel \u00e0 la solidarit\u00e9 apr\u00e8s l\u2019incendie route de la Courbe\",\"datePublished\":\"2021-04-18T04:21:33+00:00\",\"dateModified\":\"2021-04-18T04:21:33+00:00\",\"mainEntityOfPage\":{\"@id\":\"https:\/\/vosgesinfo.fr\/remiremontinfo\/2021\/04\/bresse-appel-a-solidarite-apres-lincendie-route-de-courbe\/\"},\"wordCount\":177,\"commentCount\":0,\"publisher\":{\"@id\":\"https:\/\/vosgesinfo.fr\/remiremontinfo\/#organization\"},\"image\":{\"@id\":\"https:\/\/vosgesinfo.fr\/remiremontinfo\/2021\/04\/bresse-appel-a-solidarite-apres-lincendie-route-de-courbe\/#primaryimage\"},\"thumbnailUrl\":\"https:\/\/vosgesinfo.fr\/app\/uploads\/sites\/5\/2024\/09\/202104175061958-2618516211780808-6718896712390899822-n.jpg\",\"articleSection\":[\"A la Une\",\"La Bresse\",\"La Bresse &amp; son canton\"],\"inLanguage\":\"fr-FR\",\"potentialAction\":[{\"@type\":\"CommentAction\",\"name\":\"Comment\",\"target\":[\"https:\/\/vosgesinfo.fr\/remiremontinfo\/2021\/04\/bresse-appel-a-solidarite-apres-lincendie-route-de-courbe\/#respond\"]}]},{\"@type\":\"WebPage\",\"@id\":\"https:\/\/vosgesinfo.fr\/remiremontinfo\/2021\/04\/bresse-appel-a-solidarite-apres-lincendie-route-de-courbe\/\",\"url\":\"https:\/\/vosgesinfo.fr\/remiremontinfo\/2021\/04\/bresse-appel-a-solidarite-apres-lincendie-route-de-courbe\/\",\"name\":\"La Bresse\u00a0: un appel \u00e0 la solidarit\u00e9 apr\u00e8s l\u2019incendie route de la Courbe - Remiremont Info\",\"isPartOf\":{\"@id\":\"https:\/\/vosgesinfo.fr\/remiremontinfo\/#website\"},\"primaryImageOfPage\":{\"@id\":\"https:\/\/vosgesinfo.fr\/remiremontinfo\/2021\/04\/bresse-appel-a-solidarite-apres-lincendie-route-de-courbe\/#primaryimage\"},\"image\":{\"@id\":\"https:\/\/vosgesinfo.fr\/remiremontinfo\/2021\/04\/bresse-appel-a-solidarite-apres-lincendie-route-de-courbe\/#primaryimage\"},\"thumbnailUrl\":\"https:\/\/vosgesinfo.fr\/app\/uploads\/sites\/5\/2024\/09\/202104175061958-2618516211780808-6718896712390899822-n.jpg\",\"datePublished\":\"2021-04-18T04:21:33+00:00\",\"dateModified\":\"2021-04-18T04:21:33+00:00\",\"breadcrumb\":{\"@id\":\"https:\/\/vosgesinfo.fr\/remiremontinfo\/2021\/04\/bresse-appel-a-solidarite-apres-lincendie-route-de-courbe\/#breadcrumb\"},\"inLanguage\":\"fr-FR\",\"potentialAction\":[{\"@type\":\"ReadAction\",\"target\":[\"https:\/\/vosgesinfo.fr\/remiremontinfo\/2021\/04\/bresse-appel-a-solidarite-apres-lincendie-route-de-courbe\/\"]}]},{\"@type\":\"ImageObject\",\"inLanguage\":\"fr-FR\",\"@id\":\"https:\/\/vosgesinfo.fr\/remiremontinfo\/2021\/04\/bresse-appel-a-solidarite-apres-lincendie-route-de-courbe\/#primaryimage\",\"url\":\"https:\/\/vosgesinfo.fr\/app\/uploads\/sites\/5\/2024\/09\/202104175061958-2618516211780808-6718896712390899822-n.jpg\",\"contentUrl\":\"https:\/\/vosgesinfo.fr\/app\/uploads\/sites\/5\/2024\/09\/202104175061958-2618516211780808-6718896712390899822-n.jpg\",\"width\":800,\"height\":579},{\"@type\":\"BreadcrumbList\",\"@id\":\"https:\/\/vosgesinfo.fr\/remiremontinfo\/2021\/04\/bresse-appel-a-solidarite-apres-lincendie-route-de-courbe\/#breadcrumb\",\"itemListElement\":[{\"@type\":\"ListItem\",\"position\":1,\"name\":\"Home\",\"item\":\"https:\/\/vosgesinfo.fr\/remiremontinfo\/\"},{\"@type\":\"ListItem\",\"position\":2,\"name\":\"La Bresse\u00a0: un appel \u00e0 la solidarit\u00e9 apr\u00e8s l\u2019incendie route de la Courbe\"}]},{\"@type\":\"WebSite\",\"@id\":\"https:\/\/vosgesinfo.fr\/remiremontinfo\/#website\",\"url\":\"https:\/\/vosgesinfo.fr\/remiremontinfo\/\",\"name\":\"Remiremont Info\",\"description\":\"Toute l&#039;actualit\u00e9 de Remiremont\",\"publisher\":{\"@id\":\"https:\/\/vosgesinfo.fr\/remiremontinfo\/#organization\"},\"alternateName\":\"Toute l'actualit\u00e9 de Remiremont\",\"potentialAction\":[{\"@type\":\"SearchAction\",\"target\":{\"@type\":\"EntryPoint\",\"urlTemplate\":\"https:\/\/vosgesinfo.fr\/remiremontinfo\/?s={search_term_string}\"},\"query-input\":\"required name=search_term_string\"}],\"inLanguage\":\"fr-FR\"},{\"@type\":\"Organization\",\"@id\":\"https:\/\/vosgesinfo.fr\/remiremontinfo\/#organization\",\"name\":\"Remiremont Info\",\"url\":\"https:\/\/vosgesinfo.fr\/remiremontinfo\/\",\"logo\":{\"@type\":\"ImageObject\",\"inLanguage\":\"fr-FR\",\"@id\":\"https:\/\/vosgesinfo.fr\/remiremontinfo\/#\/schema\/logo\/image\/\",\"url\":\"https:\/\/vosgesinfo.fr\/app\/uploads\/sites\/5\/2023\/08\/favicon-remiremontinfo.png\",\"contentUrl\":\"https:\/\/vosgesinfo.fr\/app\/uploads\/sites\/5\/2023\/08\/favicon-remiremontinfo.png\",\"width\":512,\"height\":512,\"caption\":\"Remiremont Info\"},\"image\":{\"@id\":\"https:\/\/vosgesinfo.fr\/remiremontinfo\/#\/schema\/logo\/image\/\"},\"sameAs\":[\"https:\/\/www.facebook.com\/remiremontinfo\",\"https:\/\/x.com\/VosgesInfo88\",\"https:\/\/www.youtube.com\/@vosgesinfo\"]},{\"@type\":\"Person\",\"@id\":\"https:\/\/vosgesinfo.fr\/remiremontinfo\/#\/schema\/person\/3bfd164d5218a185b1db68655a265316\",\"name\":\"C D\",\"image\":{\"@type\":\"ImageObject\",\"inLanguage\":\"fr-FR\",\"@id\":\"https:\/\/vosgesinfo.fr\/remiremontinfo\/#\/schema\/person\/image\/\",\"url\":\"https:\/\/secure.gravatar.com\/avatar\/1f9a70007336511a47468b8f1c66f922b8b7cf617b02a31149ada43893a5d48f?s=96&d=mm&r=g\",\"contentUrl\":\"https:\/\/secure.gravatar.com\/avatar\/1f9a70007336511a47468b8f1c66f922b8b7cf617b02a31149ada43893a5d48f?s=96&d=mm&r=g\",\"caption\":\"C D\"},\"url\":\"https:\/\/vosgesinfo.fr\/remiremontinfo\/author\/cedric-drevet\/\"}]}<\/script>\n<!-- \/ Yoast SEO plugin. -->","yoast_head_json":{"title":"La Bresse\u00a0: un appel \u00e0 la solidarit\u00e9 apr\u00e8s l\u2019incendie route de la Courbe - Remiremont Info","robots":{"index":"index","follow":"follow","max-snippet":"max-snippet:-1","max-image-preview":"max-image-preview:large","max-video-preview":"max-video-preview:-1"},"canonical":"https:\/\/vosgesinfo.fr\/remiremontinfo\/2021\/04\/bresse-appel-a-solidarite-apres-lincendie-route-de-courbe\/","twitter_card":"summary_large_image","twitter_title":"La Bresse\u00a0: un appel \u00e0 la solidarit\u00e9 apr\u00e8s l\u2019incendie route de la Courbe - Remiremont Info","twitter_description":"Photo de la mairie de La Bresse Dans la nuit du vendredi 16 au samedi 17 avril, un incendie a [&hellip;]","twitter_image":"https:\/\/vosgesinfo.fr\/app\/uploads\/sites\/5\/2024\/09\/202104175061958-2618516211780808-6718896712390899822-n.jpg","twitter_creator":"@VosgesInfo88","twitter_site":"@VosgesInfo88","twitter_misc":{"\u00c9crit par":"C D","Dur\u00e9e de lecture estim\u00e9e":"1 minute"},"schema":{"@context":"https:\/\/schema.org","@graph":[{"@type":"Article","@id":"https:\/\/vosgesinfo.fr\/remiremontinfo\/2021\/04\/bresse-appel-a-solidarite-apres-lincendie-route-de-courbe\/#article","isPartOf":{"@id":"https:\/\/vosgesinfo.fr\/remiremontinfo\/2021\/04\/bresse-appel-a-solidarite-apres-lincendie-route-de-courbe\/"},"author":{"name":"C D","@id":"https:\/\/vosgesinfo.fr\/remiremontinfo\/#\/schema\/person\/3bfd164d5218a185b1db68655a265316"},"headline":"La Bresse\u00a0: un appel \u00e0 la solidarit\u00e9 apr\u00e8s l\u2019incendie route de la Courbe","datePublished":"2021-04-18T04:21:33+00:00","dateModified":"2021-04-18T04:21:33+00:00","mainEntityOfPage":{"@id":"https:\/\/vosgesinfo.fr\/remiremontinfo\/2021\/04\/bresse-appel-a-solidarite-apres-lincendie-route-de-courbe\/"},"wordCount":177,"commentCount":0,"publisher":{"@id":"https:\/\/vosgesinfo.fr\/remiremontinfo\/#organization"},"image":{"@id":"https:\/\/vosgesinfo.fr\/remiremontinfo\/2021\/04\/bresse-appel-a-solidarite-apres-lincendie-route-de-courbe\/#primaryimage"},"thumbnailUrl":"https:\/\/vosgesinfo.fr\/app\/uploads\/sites\/5\/2024\/09\/202104175061958-2618516211780808-6718896712390899822-n.jpg","articleSection":["A la Une","La Bresse","La Bresse &amp; son canton"],"inLanguage":"fr-FR","potentialAction":[{"@type":"CommentAction","name":"Comment","target":["https:\/\/vosgesinfo.fr\/remiremontinfo\/2021\/04\/bresse-appel-a-solidarite-apres-lincendie-route-de-courbe\/#respond"]}]},{"@type":"WebPage","@id":"https:\/\/vosgesinfo.fr\/remiremontinfo\/2021\/04\/bresse-appel-a-solidarite-apres-lincendie-route-de-courbe\/","url":"https:\/\/vosgesinfo.fr\/remiremontinfo\/2021\/04\/bresse-appel-a-solidarite-apres-lincendie-route-de-courbe\/","name":"La Bresse\u00a0: un appel \u00e0 la solidarit\u00e9 apr\u00e8s l\u2019incendie route de la Courbe - Remiremont Info","isPartOf":{"@id":"https:\/\/vosgesinfo.fr\/remiremontinfo\/#website"},"primaryImageOfPage":{"@id":"https:\/\/vosgesinfo.fr\/remiremontinfo\/2021\/04\/bresse-appel-a-solidarite-apres-lincendie-route-de-courbe\/#primaryimage"},"image":{"@id":"https:\/\/vosgesinfo.fr\/remiremontinfo\/2021\/04\/bresse-appel-a-solidarite-apres-lincendie-route-de-courbe\/#primaryimage"},"thumbnailUrl":"https:\/\/vosgesinfo.fr\/app\/uploads\/sites\/5\/2024\/09\/202104175061958-2618516211780808-6718896712390899822-n.jpg","datePublished":"2021-04-18T04:21:33+00:00","dateModified":"2021-04-18T04:21:33+00:00","breadcrumb":{"@id":"https:\/\/vosgesinfo.fr\/remiremontinfo\/2021\/04\/bresse-appel-a-solidarite-apres-lincendie-route-de-courbe\/#breadcrumb"},"inLanguage":"fr-FR","potentialAction":[{"@type":"ReadAction","target":["https:\/\/vosgesinfo.fr\/remiremontinfo\/2021\/04\/bresse-appel-a-solidarite-apres-lincendie-route-de-courbe\/"]}]},{"@type":"ImageObject","inLanguage":"fr-FR","@id":"https:\/\/vosgesinfo.fr\/remiremontinfo\/2021\/04\/bresse-appel-a-solidarite-apres-lincendie-route-de-courbe\/#primaryimage","url":"https:\/\/vosgesinfo.fr\/app\/uploads\/sites\/5\/2024\/09\/202104175061958-2618516211780808-6718896712390899822-n.jpg","contentUrl":"https:\/\/vosgesinfo.fr\/app\/uploads\/sites\/5\/2024\/09\/202104175061958-2618516211780808-6718896712390899822-n.jpg","width":800,"height":579},{"@type":"BreadcrumbList","@id":"https:\/\/vosgesinfo.fr\/remiremontinfo\/2021\/04\/bresse-appel-a-solidarite-apres-lincendie-route-de-courbe\/#breadcrumb","itemListElement":[{"@type":"ListItem","position":1,"name":"Home","item":"https:\/\/vosgesinfo.fr\/remiremontinfo\/"},{"@type":"ListItem","position":2,"name":"La Bresse\u00a0: un appel \u00e0 la solidarit\u00e9 apr\u00e8s l\u2019incendie route de la Courbe"}]},{"@type":"WebSite","@id":"https:\/\/vosgesinfo.fr\/remiremontinfo\/#website","url":"https:\/\/vosgesinfo.fr\/remiremontinfo\/","name":"Remiremont Info","description":"Toute l&#039;actualit\u00e9 de Remiremont","publisher":{"@id":"https:\/\/vosgesinfo.fr\/remiremontinfo\/#organization"},"alternateName":"Toute l'actualit\u00e9 de Remiremont","potentialAction":[{"@type":"SearchAction","target":{"@type":"EntryPoint","urlTemplate":"https:\/\/vosgesinfo.fr\/remiremontinfo\/?s={search_term_string}"},"query-input":"required name=search_term_string"}],"inLanguage":"fr-FR"},{"@type":"Organization","@id":"https:\/\/vosgesinfo.fr\/remiremontinfo\/#organization","name":"Remiremont Info","url":"https:\/\/vosgesinfo.fr\/remiremontinfo\/","logo":{"@type":"ImageObject","inLanguage":"fr-FR","@id":"https:\/\/vosgesinfo.fr\/remiremontinfo\/#\/schema\/logo\/image\/","url":"https:\/\/vosgesinfo.fr\/app\/uploads\/sites\/5\/2023\/08\/favicon-remiremontinfo.png","contentUrl":"https:\/\/vosgesinfo.fr\/app\/uploads\/sites\/5\/2023\/08\/favicon-remiremontinfo.png","width":512,"height":512,"caption":"Remiremont Info"},"image":{"@id":"https:\/\/vosgesinfo.fr\/remiremontinfo\/#\/schema\/logo\/image\/"},"sameAs":["https:\/\/www.facebook.com\/remiremontinfo","https:\/\/x.com\/VosgesInfo88","https:\/\/www.youtube.com\/@vosgesinfo"]},{"@type":"Person","@id":"https:\/\/vosgesinfo.fr\/remiremontinfo\/#\/schema\/person\/3bfd164d5218a185b1db68655a265316","name":"C D","image":{"@type":"ImageObject","inLanguage":"fr-FR","@id":"https:\/\/vosgesinfo.fr\/remiremontinfo\/#\/schema\/person\/image\/","url":"https:\/\/secure.gravatar.com\/avatar\/1f9a70007336511a47468b8f1c66f922b8b7cf617b02a31149ada43893a5d48f?s=96&d=mm&r=g","contentUrl":"https:\/\/secure.gravatar.com\/avatar\/1f9a70007336511a47468b8f1c66f922b8b7cf617b02a31149ada43893a5d48f?s=96&d=mm&r=g","caption":"C D"},"url":"https:\/\/vosgesinfo.fr\/remiremontinfo\/author\/cedric-drevet\/"}]}},"_links":{"self":[{"href":"https:\/\/vosgesinfo.fr\/remiremontinfo\/wp-json\/wp\/v2\/posts\/39384","targetHints":{"allow":["GET"]}}],"collection":[{"href":"https:\/\/vosgesinfo.fr\/remiremontinfo\/wp-json\/wp\/v2\/posts"}],"about":[{"href":"https:\/\/vosgesinfo.fr\/remiremontinfo\/wp-json\/wp\/v2\/types\/post"}],"author":[{"embeddable":true,"href":"https:\/\/vosgesinfo.fr\/remiremontinfo\/wp-json\/wp\/v2\/users\/407"}],"replies":[{"embeddable":true,"href":"https:\/\/vosgesinfo.fr\/remiremontinfo\/wp-json\/wp\/v2\/comments?post=39384"}],"version-history":[{"count":0,"href":"https:\/\/vosgesinfo.fr\/remiremontinfo\/wp-json\/wp\/v2\/posts\/39384\/revisions"}],"wp:featuredmedia":[{"embeddable":true,"href":"https:\/\/vosgesinfo.fr\/remiremontinfo\/wp-json\/wp\/v2\/media\/39385"}],"wp:attachment":[{"href":"https:\/\/vosgesinfo.fr\/remiremontinfo\/wp-json\/wp\/v2\/media?parent=39384"}],"wp:term":[{"taxonomy":"category","embeddable":true,"href":"https:\/\/vosgesinfo.fr\/remiremontinfo\/wp-json\/wp\/v2\/categories?post=39384"},{"taxonomy":"post_tag","embeddable":true,"href":"https:\/\/vosgesinfo.fr\/remiremontinfo\/wp-json\/wp\/v2\/tags?post=39384"}],"curies":[{"name":"wp","href":"https:\/\/api.w.org\/{rel}","templated":true}]}}