{"id":39386,"date":"2021-04-18T10:09:26","date_gmt":"2021-04-18T08:09:26","guid":{"rendered":"https:\/\/vosgesinfo.fr\/remiremontinfo\/2021\/04\/mia-mere-ont-ete-retrouvees-suisse\/"},"modified":"2021-04-18T10:09:26","modified_gmt":"2021-04-18T08:09:26","slug":"mia-mere-ont-ete-retrouvees-suisse","status":"publish","type":"post","link":"https:\/\/vosgesinfo.fr\/remiremontinfo\/2021\/04\/mia-mere-ont-ete-retrouvees-suisse\/","title":{"rendered":"Mia et sa m\u00e8re ont \u00e9t\u00e9 retrouv\u00e9es en Suisse"},"content":{"rendered":"<p style=\"text-align: center;\" align=\"left\"><a href=\"\/2021\/04\/DSC_1785-211.jpg\"><img decoding=\"async\" class=\"alignnone size-full wp-image-314317\" src=\"\/2021\/04\/DSC_1785-211.jpg\" alt=\"DSC_1785-21\" width=\"729\" height=\"523\" \/><\/a><\/p>\n<p align=\"left\"><span style=\"font-size: 10pt;\"><em>Photo d&rsquo;archive<\/em><\/span><\/p>\n<h2 align=\"left\"><span style=\"font-size: 12pt;\"><strong>Mardi dernier, la jeune Mia, 8 ans, a \u00e9t\u00e9 enlev\u00e9e au domicile de sa grand-m\u00e8re situ\u00e9 \u00e0 Les Pouli\u00e8res, dans les Vosges. Apr\u00e8s cinq jours d\u2019enqu\u00eate, l\u2019enfant a \u00e9t\u00e9 retrouv\u00e9 ce dimanche matin, ainsi que sa m\u00e8re.<\/strong><\/span><\/h2>\n<p align=\"left\">Mia a \u00e9t\u00e9 retrouv\u00e9e en Suisse, <em>\u00ab\u00a0\u00e0 Sainte croix, dans un squat. Pour \u00eatre pr\u00e9cis une usine d\u00e9saffect\u00e9e qui a \u00e9t\u00e9 qui a \u00e9t\u00e9 investie par diff\u00e9rentes personnes\u00a0\u00bb<\/em>, selon les informations fournies par le Procureur de la R\u00e9publique de Nancy Fran\u00e7ois P\u00e9rain dans une conf\u00e9rence de presse relay\u00e9e notamment par <a href=\"https:\/\/www.facebook.com\/franceinfo\">FranceInfo<\/a>. La fillette <em>\u00ab\u00a0est en bonne sant\u00e9\u00a0\u00bb<\/em>, affirme le Procureur. <em>\u00ab\u00a0La protection judiciaire de la jeunesse a \u00e9t\u00e9 mandat\u00e9e pour aller imm\u00e9diatement la r\u00e9cup\u00e9rer en Suisse et la remettre, bien \u00e9videmment, \u00e0 sa grand-m\u00e8re\u00a0\u00bb.<\/em> La m\u00e8re est plac\u00e9e en garde \u00e0 vue<em> \u00ab\u00a0par les autorit\u00e9s cantonales comp\u00e9tentes\u00a0\u00bb<\/em>. Fran\u00e7ois P\u00e9rain se montre satisfait de la<em> \u00ab\u00a0tr\u00e8s bonne coop\u00e9ration avec les autorit\u00e9s helv\u00e9tiques\u00a0\u00bb<\/em>. Le parcours de la m\u00e8re a pu \u00eatre retrac\u00e9 par les enqu\u00eateurs. <em>\u00ab\u00a0Elle avait pass\u00e9 une premi\u00e8re nuit dans un h\u00f4tel dans le canton de Fribourg, puis une seconde nuit chez une femme \u00e0 Neufch\u00e2tel\u00a0\u00bb<\/em>. Elle n\u2019aurait pas oppos\u00e9 de r\u00e9sistance au moment de son interpellation.<\/p>\n<p align=\"left\">\n","protected":false},"excerpt":{"rendered":"<p>Photo d&rsquo;archive Mardi dernier, la jeune Mia, 8 ans, a \u00e9t\u00e9 enlev\u00e9e au domicile de sa grand-m\u00e8re situ\u00e9 \u00e0 Les [&hellip;]<\/p>\n","protected":false},"author":407,"featured_media":39387,"comment_status":"open","ping_status":"open","sticky":false,"template":"","format":"standard","meta":{"footnotes":""},"categories":[26,18],"tags":[],"class_list":["post-39386","post","type-post","status-publish","format-standard","has-post-thumbnail","hentry","category-a-la-une","category-vosges"],"acf":[],"yoast_head":"<!-- This site is optimized with the Yoast SEO plugin v22.5 - https:\/\/yoast.com\/wordpress\/plugins\/seo\/ -->\n<title>Mia et sa m\u00e8re ont \u00e9t\u00e9 retrouv\u00e9es en Suisse - Remiremont Info<\/title>\n<meta name=\"robots\" content=\"index, follow, max-snippet:-1, max-image-preview:large, max-video-preview:-1\" \/>\n<link rel=\"canonical\" href=\"https:\/\/vosgesinfo.fr\/remiremontinfo\/2021\/04\/mia-mere-ont-ete-retrouvees-suisse\/\" \/>\n<meta name=\"twitter:card\" content=\"summary_large_image\" \/>\n<meta name=\"twitter:title\" content=\"Mia et sa m\u00e8re ont \u00e9t\u00e9 retrouv\u00e9es en Suisse - Remiremont Info\" \/>\n<meta name=\"twitter:description\" content=\"Photo d&rsquo;archive Mardi dernier, la jeune Mia, 8 ans, a \u00e9t\u00e9 enlev\u00e9e au domicile de sa grand-m\u00e8re situ\u00e9 \u00e0 Les [&hellip;]\" \/>\n<meta name=\"twitter:image\" content=\"https:\/\/vosgesinfo.fr\/app\/uploads\/sites\/5\/2024\/09\/202104dsc-1785-211.jpg\" \/>\n<meta name=\"twitter:creator\" content=\"@VosgesInfo88\" \/>\n<meta name=\"twitter:site\" content=\"@VosgesInfo88\" \/>\n<meta name=\"twitter:label1\" content=\"\u00c9crit par\" \/>\n\t<meta name=\"twitter:data1\" content=\"C D\" \/>\n\t<meta name=\"twitter:label2\" content=\"Dur\u00e9e de lecture estim\u00e9e\" \/>\n\t<meta name=\"twitter:data2\" content=\"1 minute\" \/>\n<script type=\"application\/ld+json\" class=\"yoast-schema-graph\">{\"@context\":\"https:\/\/schema.org\",\"@graph\":[{\"@type\":\"Article\",\"@id\":\"https:\/\/vosgesinfo.fr\/remiremontinfo\/2021\/04\/mia-mere-ont-ete-retrouvees-suisse\/#article\",\"isPartOf\":{\"@id\":\"https:\/\/vosgesinfo.fr\/remiremontinfo\/2021\/04\/mia-mere-ont-ete-retrouvees-suisse\/\"},\"author\":{\"name\":\"C D\",\"@id\":\"https:\/\/vosgesinfo.fr\/remiremontinfo\/#\/schema\/person\/3bfd164d5218a185b1db68655a265316\"},\"headline\":\"Mia et sa m\u00e8re ont \u00e9t\u00e9 retrouv\u00e9es en Suisse\",\"datePublished\":\"2021-04-18T08:09:26+00:00\",\"dateModified\":\"2021-04-18T08:09:26+00:00\",\"mainEntityOfPage\":{\"@id\":\"https:\/\/vosgesinfo.fr\/remiremontinfo\/2021\/04\/mia-mere-ont-ete-retrouvees-suisse\/\"},\"wordCount\":242,\"commentCount\":0,\"publisher\":{\"@id\":\"https:\/\/vosgesinfo.fr\/remiremontinfo\/#organization\"},\"image\":{\"@id\":\"https:\/\/vosgesinfo.fr\/remiremontinfo\/2021\/04\/mia-mere-ont-ete-retrouvees-suisse\/#primaryimage\"},\"thumbnailUrl\":\"https:\/\/vosgesinfo.fr\/app\/uploads\/sites\/5\/2024\/09\/202104dsc-1785-211.jpg\",\"articleSection\":[\"A la Une\",\"Vosges\"],\"inLanguage\":\"fr-FR\",\"potentialAction\":[{\"@type\":\"CommentAction\",\"name\":\"Comment\",\"target\":[\"https:\/\/vosgesinfo.fr\/remiremontinfo\/2021\/04\/mia-mere-ont-ete-retrouvees-suisse\/#respond\"]}]},{\"@type\":\"WebPage\",\"@id\":\"https:\/\/vosgesinfo.fr\/remiremontinfo\/2021\/04\/mia-mere-ont-ete-retrouvees-suisse\/\",\"url\":\"https:\/\/vosgesinfo.fr\/remiremontinfo\/2021\/04\/mia-mere-ont-ete-retrouvees-suisse\/\",\"name\":\"Mia et sa m\u00e8re ont \u00e9t\u00e9 retrouv\u00e9es en Suisse - Remiremont Info\",\"isPartOf\":{\"@id\":\"https:\/\/vosgesinfo.fr\/remiremontinfo\/#website\"},\"primaryImageOfPage\":{\"@id\":\"https:\/\/vosgesinfo.fr\/remiremontinfo\/2021\/04\/mia-mere-ont-ete-retrouvees-suisse\/#primaryimage\"},\"image\":{\"@id\":\"https:\/\/vosgesinfo.fr\/remiremontinfo\/2021\/04\/mia-mere-ont-ete-retrouvees-suisse\/#primaryimage\"},\"thumbnailUrl\":\"https:\/\/vosgesinfo.fr\/app\/uploads\/sites\/5\/2024\/09\/202104dsc-1785-211.jpg\",\"datePublished\":\"2021-04-18T08:09:26+00:00\",\"dateModified\":\"2021-04-18T08:09:26+00:00\",\"breadcrumb\":{\"@id\":\"https:\/\/vosgesinfo.fr\/remiremontinfo\/2021\/04\/mia-mere-ont-ete-retrouvees-suisse\/#breadcrumb\"},\"inLanguage\":\"fr-FR\",\"potentialAction\":[{\"@type\":\"ReadAction\",\"target\":[\"https:\/\/vosgesinfo.fr\/remiremontinfo\/2021\/04\/mia-mere-ont-ete-retrouvees-suisse\/\"]}]},{\"@type\":\"ImageObject\",\"inLanguage\":\"fr-FR\",\"@id\":\"https:\/\/vosgesinfo.fr\/remiremontinfo\/2021\/04\/mia-mere-ont-ete-retrouvees-suisse\/#primaryimage\",\"url\":\"https:\/\/vosgesinfo.fr\/app\/uploads\/sites\/5\/2024\/09\/202104dsc-1785-211.jpg\",\"contentUrl\":\"https:\/\/vosgesinfo.fr\/app\/uploads\/sites\/5\/2024\/09\/202104dsc-1785-211.jpg\",\"width\":729,\"height\":523},{\"@type\":\"BreadcrumbList\",\"@id\":\"https:\/\/vosgesinfo.fr\/remiremontinfo\/2021\/04\/mia-mere-ont-ete-retrouvees-suisse\/#breadcrumb\",\"itemListElement\":[{\"@type\":\"ListItem\",\"position\":1,\"name\":\"Home\",\"item\":\"https:\/\/vosgesinfo.fr\/remiremontinfo\/\"},{\"@type\":\"ListItem\",\"position\":2,\"name\":\"Mia et sa m\u00e8re ont \u00e9t\u00e9 retrouv\u00e9es en Suisse\"}]},{\"@type\":\"WebSite\",\"@id\":\"https:\/\/vosgesinfo.fr\/remiremontinfo\/#website\",\"url\":\"https:\/\/vosgesinfo.fr\/remiremontinfo\/\",\"name\":\"Remiremont Info\",\"description\":\"Toute l&#039;actualit\u00e9 de Remiremont\",\"publisher\":{\"@id\":\"https:\/\/vosgesinfo.fr\/remiremontinfo\/#organization\"},\"alternateName\":\"Toute l'actualit\u00e9 de Remiremont\",\"potentialAction\":[{\"@type\":\"SearchAction\",\"target\":{\"@type\":\"EntryPoint\",\"urlTemplate\":\"https:\/\/vosgesinfo.fr\/remiremontinfo\/?s={search_term_string}\"},\"query-input\":\"required name=search_term_string\"}],\"inLanguage\":\"fr-FR\"},{\"@type\":\"Organization\",\"@id\":\"https:\/\/vosgesinfo.fr\/remiremontinfo\/#organization\",\"name\":\"Remiremont Info\",\"url\":\"https:\/\/vosgesinfo.fr\/remiremontinfo\/\",\"logo\":{\"@type\":\"ImageObject\",\"inLanguage\":\"fr-FR\",\"@id\":\"https:\/\/vosgesinfo.fr\/remiremontinfo\/#\/schema\/logo\/image\/\",\"url\":\"https:\/\/vosgesinfo.fr\/app\/uploads\/sites\/5\/2023\/08\/favicon-remiremontinfo.png\",\"contentUrl\":\"https:\/\/vosgesinfo.fr\/app\/uploads\/sites\/5\/2023\/08\/favicon-remiremontinfo.png\",\"width\":512,\"height\":512,\"caption\":\"Remiremont Info\"},\"image\":{\"@id\":\"https:\/\/vosgesinfo.fr\/remiremontinfo\/#\/schema\/logo\/image\/\"},\"sameAs\":[\"https:\/\/www.facebook.com\/remiremontinfo\",\"https:\/\/x.com\/VosgesInfo88\",\"https:\/\/www.youtube.com\/@vosgesinfo\"]},{\"@type\":\"Person\",\"@id\":\"https:\/\/vosgesinfo.fr\/remiremontinfo\/#\/schema\/person\/3bfd164d5218a185b1db68655a265316\",\"name\":\"C D\",\"image\":{\"@type\":\"ImageObject\",\"inLanguage\":\"fr-FR\",\"@id\":\"https:\/\/vosgesinfo.fr\/remiremontinfo\/#\/schema\/person\/image\/\",\"url\":\"https:\/\/secure.gravatar.com\/avatar\/1f9a70007336511a47468b8f1c66f922b8b7cf617b02a31149ada43893a5d48f?s=96&d=mm&r=g\",\"contentUrl\":\"https:\/\/secure.gravatar.com\/avatar\/1f9a70007336511a47468b8f1c66f922b8b7cf617b02a31149ada43893a5d48f?s=96&d=mm&r=g\",\"caption\":\"C D\"},\"url\":\"https:\/\/vosgesinfo.fr\/remiremontinfo\/author\/cedric-drevet\/\"}]}<\/script>\n<!-- \/ Yoast SEO plugin. -->","yoast_head_json":{"title":"Mia et sa m\u00e8re ont \u00e9t\u00e9 retrouv\u00e9es en Suisse - Remiremont Info","robots":{"index":"index","follow":"follow","max-snippet":"max-snippet:-1","max-image-preview":"max-image-preview:large","max-video-preview":"max-video-preview:-1"},"canonical":"https:\/\/vosgesinfo.fr\/remiremontinfo\/2021\/04\/mia-mere-ont-ete-retrouvees-suisse\/","twitter_card":"summary_large_image","twitter_title":"Mia et sa m\u00e8re ont \u00e9t\u00e9 retrouv\u00e9es en Suisse - Remiremont Info","twitter_description":"Photo d&rsquo;archive Mardi dernier, la jeune Mia, 8 ans, a \u00e9t\u00e9 enlev\u00e9e au domicile de sa grand-m\u00e8re situ\u00e9 \u00e0 Les [&hellip;]","twitter_image":"https:\/\/vosgesinfo.fr\/app\/uploads\/sites\/5\/2024\/09\/202104dsc-1785-211.jpg","twitter_creator":"@VosgesInfo88","twitter_site":"@VosgesInfo88","twitter_misc":{"\u00c9crit par":"C D","Dur\u00e9e de lecture estim\u00e9e":"1 minute"},"schema":{"@context":"https:\/\/schema.org","@graph":[{"@type":"Article","@id":"https:\/\/vosgesinfo.fr\/remiremontinfo\/2021\/04\/mia-mere-ont-ete-retrouvees-suisse\/#article","isPartOf":{"@id":"https:\/\/vosgesinfo.fr\/remiremontinfo\/2021\/04\/mia-mere-ont-ete-retrouvees-suisse\/"},"author":{"name":"C D","@id":"https:\/\/vosgesinfo.fr\/remiremontinfo\/#\/schema\/person\/3bfd164d5218a185b1db68655a265316"},"headline":"Mia et sa m\u00e8re ont \u00e9t\u00e9 retrouv\u00e9es en Suisse","datePublished":"2021-04-18T08:09:26+00:00","dateModified":"2021-04-18T08:09:26+00:00","mainEntityOfPage":{"@id":"https:\/\/vosgesinfo.fr\/remiremontinfo\/2021\/04\/mia-mere-ont-ete-retrouvees-suisse\/"},"wordCount":242,"commentCount":0,"publisher":{"@id":"https:\/\/vosgesinfo.fr\/remiremontinfo\/#organization"},"image":{"@id":"https:\/\/vosgesinfo.fr\/remiremontinfo\/2021\/04\/mia-mere-ont-ete-retrouvees-suisse\/#primaryimage"},"thumbnailUrl":"https:\/\/vosgesinfo.fr\/app\/uploads\/sites\/5\/2024\/09\/202104dsc-1785-211.jpg","articleSection":["A la Une","Vosges"],"inLanguage":"fr-FR","potentialAction":[{"@type":"CommentAction","name":"Comment","target":["https:\/\/vosgesinfo.fr\/remiremontinfo\/2021\/04\/mia-mere-ont-ete-retrouvees-suisse\/#respond"]}]},{"@type":"WebPage","@id":"https:\/\/vosgesinfo.fr\/remiremontinfo\/2021\/04\/mia-mere-ont-ete-retrouvees-suisse\/","url":"https:\/\/vosgesinfo.fr\/remiremontinfo\/2021\/04\/mia-mere-ont-ete-retrouvees-suisse\/","name":"Mia et sa m\u00e8re ont \u00e9t\u00e9 retrouv\u00e9es en Suisse - Remiremont Info","isPartOf":{"@id":"https:\/\/vosgesinfo.fr\/remiremontinfo\/#website"},"primaryImageOfPage":{"@id":"https:\/\/vosgesinfo.fr\/remiremontinfo\/2021\/04\/mia-mere-ont-ete-retrouvees-suisse\/#primaryimage"},"image":{"@id":"https:\/\/vosgesinfo.fr\/remiremontinfo\/2021\/04\/mia-mere-ont-ete-retrouvees-suisse\/#primaryimage"},"thumbnailUrl":"https:\/\/vosgesinfo.fr\/app\/uploads\/sites\/5\/2024\/09\/202104dsc-1785-211.jpg","datePublished":"2021-04-18T08:09:26+00:00","dateModified":"2021-04-18T08:09:26+00:00","breadcrumb":{"@id":"https:\/\/vosgesinfo.fr\/remiremontinfo\/2021\/04\/mia-mere-ont-ete-retrouvees-suisse\/#breadcrumb"},"inLanguage":"fr-FR","potentialAction":[{"@type":"ReadAction","target":["https:\/\/vosgesinfo.fr\/remiremontinfo\/2021\/04\/mia-mere-ont-ete-retrouvees-suisse\/"]}]},{"@type":"ImageObject","inLanguage":"fr-FR","@id":"https:\/\/vosgesinfo.fr\/remiremontinfo\/2021\/04\/mia-mere-ont-ete-retrouvees-suisse\/#primaryimage","url":"https:\/\/vosgesinfo.fr\/app\/uploads\/sites\/5\/2024\/09\/202104dsc-1785-211.jpg","contentUrl":"https:\/\/vosgesinfo.fr\/app\/uploads\/sites\/5\/2024\/09\/202104dsc-1785-211.jpg","width":729,"height":523},{"@type":"BreadcrumbList","@id":"https:\/\/vosgesinfo.fr\/remiremontinfo\/2021\/04\/mia-mere-ont-ete-retrouvees-suisse\/#breadcrumb","itemListElement":[{"@type":"ListItem","position":1,"name":"Home","item":"https:\/\/vosgesinfo.fr\/remiremontinfo\/"},{"@type":"ListItem","position":2,"name":"Mia et sa m\u00e8re ont \u00e9t\u00e9 retrouv\u00e9es en Suisse"}]},{"@type":"WebSite","@id":"https:\/\/vosgesinfo.fr\/remiremontinfo\/#website","url":"https:\/\/vosgesinfo.fr\/remiremontinfo\/","name":"Remiremont Info","description":"Toute l&#039;actualit\u00e9 de Remiremont","publisher":{"@id":"https:\/\/vosgesinfo.fr\/remiremontinfo\/#organization"},"alternateName":"Toute l'actualit\u00e9 de Remiremont","potentialAction":[{"@type":"SearchAction","target":{"@type":"EntryPoint","urlTemplate":"https:\/\/vosgesinfo.fr\/remiremontinfo\/?s={search_term_string}"},"query-input":"required name=search_term_string"}],"inLanguage":"fr-FR"},{"@type":"Organization","@id":"https:\/\/vosgesinfo.fr\/remiremontinfo\/#organization","name":"Remiremont Info","url":"https:\/\/vosgesinfo.fr\/remiremontinfo\/","logo":{"@type":"ImageObject","inLanguage":"fr-FR","@id":"https:\/\/vosgesinfo.fr\/remiremontinfo\/#\/schema\/logo\/image\/","url":"https:\/\/vosgesinfo.fr\/app\/uploads\/sites\/5\/2023\/08\/favicon-remiremontinfo.png","contentUrl":"https:\/\/vosgesinfo.fr\/app\/uploads\/sites\/5\/2023\/08\/favicon-remiremontinfo.png","width":512,"height":512,"caption":"Remiremont Info"},"image":{"@id":"https:\/\/vosgesinfo.fr\/remiremontinfo\/#\/schema\/logo\/image\/"},"sameAs":["https:\/\/www.facebook.com\/remiremontinfo","https:\/\/x.com\/VosgesInfo88","https:\/\/www.youtube.com\/@vosgesinfo"]},{"@type":"Person","@id":"https:\/\/vosgesinfo.fr\/remiremontinfo\/#\/schema\/person\/3bfd164d5218a185b1db68655a265316","name":"C D","image":{"@type":"ImageObject","inLanguage":"fr-FR","@id":"https:\/\/vosgesinfo.fr\/remiremontinfo\/#\/schema\/person\/image\/","url":"https:\/\/secure.gravatar.com\/avatar\/1f9a70007336511a47468b8f1c66f922b8b7cf617b02a31149ada43893a5d48f?s=96&d=mm&r=g","contentUrl":"https:\/\/secure.gravatar.com\/avatar\/1f9a70007336511a47468b8f1c66f922b8b7cf617b02a31149ada43893a5d48f?s=96&d=mm&r=g","caption":"C D"},"url":"https:\/\/vosgesinfo.fr\/remiremontinfo\/author\/cedric-drevet\/"}]}},"_links":{"self":[{"href":"https:\/\/vosgesinfo.fr\/remiremontinfo\/wp-json\/wp\/v2\/posts\/39386","targetHints":{"allow":["GET"]}}],"collection":[{"href":"https:\/\/vosgesinfo.fr\/remiremontinfo\/wp-json\/wp\/v2\/posts"}],"about":[{"href":"https:\/\/vosgesinfo.fr\/remiremontinfo\/wp-json\/wp\/v2\/types\/post"}],"author":[{"embeddable":true,"href":"https:\/\/vosgesinfo.fr\/remiremontinfo\/wp-json\/wp\/v2\/users\/407"}],"replies":[{"embeddable":true,"href":"https:\/\/vosgesinfo.fr\/remiremontinfo\/wp-json\/wp\/v2\/comments?post=39386"}],"version-history":[{"count":0,"href":"https:\/\/vosgesinfo.fr\/remiremontinfo\/wp-json\/wp\/v2\/posts\/39386\/revisions"}],"wp:featuredmedia":[{"embeddable":true,"href":"https:\/\/vosgesinfo.fr\/remiremontinfo\/wp-json\/wp\/v2\/media\/39387"}],"wp:attachment":[{"href":"https:\/\/vosgesinfo.fr\/remiremontinfo\/wp-json\/wp\/v2\/media?parent=39386"}],"wp:term":[{"taxonomy":"category","embeddable":true,"href":"https:\/\/vosgesinfo.fr\/remiremontinfo\/wp-json\/wp\/v2\/categories?post=39386"},{"taxonomy":"post_tag","embeddable":true,"href":"https:\/\/vosgesinfo.fr\/remiremontinfo\/wp-json\/wp\/v2\/tags?post=39386"}],"curies":[{"name":"wp","href":"https:\/\/api.w.org\/{rel}","templated":true}]}}