{"id":39572,"date":"2021-04-24T08:17:32","date_gmt":"2021-04-24T06:17:32","guid":{"rendered":"https:\/\/vosgesinfo.fr\/remiremontinfo\/2021\/04\/dommartin-magasin-entierement-renove-a-boucherie-charcuterie-vialor\/"},"modified":"2021-04-24T08:17:32","modified_gmt":"2021-04-24T06:17:32","slug":"dommartin-magasin-entierement-renove-a-boucherie-charcuterie-vialor","status":"publish","type":"post","link":"https:\/\/vosgesinfo.fr\/remiremontinfo\/2021\/04\/dommartin-magasin-entierement-renove-a-boucherie-charcuterie-vialor\/","title":{"rendered":"Dommartin\u00a0: un magasin enti\u00e8rement r\u00e9nov\u00e9 \u00e0 la boucherie-charcuterie Vialor"},"content":{"rendered":"<p style=\"text-align: center;\" align=\"left\"><a href=\"\/2021\/04\/DSC_1977.jpg\"><img decoding=\"async\" class=\"alignnone size-full wp-image-314701\" src=\"\/2021\/04\/DSC_1977.jpg\" alt=\"DSC_1977\" width=\"800\" height=\"576\" \/><\/a><\/p>\n<h2 align=\"left\"><span style=\"font-size: 12pt;\"><strong>La boucherie et charcuterie Vialor vous accueille depuis plus de 30 ans \u00e0 Dommartin-l\u00e8s-Remiremont. Quelque 37 ann\u00e9es de service. L\u2019enseigne \u00e0 rouvert le 1<sup>er<\/sup> avril dernier dans un magasin enti\u00e8rement r\u00e9nov\u00e9\u00a0! Nouvel int\u00e9rieur et nouvelle devanture.\u00a0<\/strong><\/span><\/h2>\n<p align=\"left\"><span style=\"font-size: medium;\">La<\/span><span style=\"font-size: medium;\"> boucherie-charcuterie \u00ab\u00a0<\/span><span style=\"font-size: medium;\">Vialor\u00a0\u00bb <\/span><span style=\"font-size: medium;\">vous propose un vaste choix de viandes issues d\u2019animaux finement s\u00e9lectionn\u00e9s. <\/span><span style=\"font-size: medium;\">De la viande de b<\/span><span style=\"font-size: medium;\">\u0153uf, porc, veau, agneau, <\/span><span style=\"font-size: medium;\">des <\/span><span style=\"font-size: medium;\">volailles, <\/span><span style=\"font-size: medium;\">des <\/span><span style=\"font-size: medium;\">pr\u00e9parations charcuti\u00e8re<\/span><span style=\"font-size: medium;\">s.<\/span> <span style=\"font-size: medium;\">Retrouvez aussi un espace \u00e9picerie avec des l\u00e9gumes, fromages et sp\u00e9cialit\u00e9s locales et r\u00e9gionales. Ici, vous trouverez tout le n\u00e9cessaire pour profiter du beau temps printanier en ouvrant la saison des barbecues\u00a0!<\/span><\/p>\n<p align=\"left\"><span style=\"font-size: medium;\">R<\/span><span style=\"font-size: medium;\">endez-vous en magasin le mardi de 8h \u00e0 12h et de 14h \u00e0 17h, le mercredi de 8h \u00e0 12h, le jeudi de de 8h \u00e0 12h et de 14h \u00e0 17h, le vendredi de 8h \u00e0 12h et de 14h \u00e0 17h et le samedi de de 8h \u00e0 12h et de 14h \u00e0 16h.<\/span><\/p>\n<p align=\"left\"><span style=\"font-size: medium;\">Pour plus d\u2019informations su la boucherie-charcuterie \u00ab\u00a0Vialor\u00a0\u00bb, <a href=\"https:\/\/www.boucheriecharcuterievialor.fr\/\">cliquez ici.<\/a> <\/span><\/p>\n<p align=\"left\">\n<p align=\"left\"><em><span style=\"font-size: medium;\">Boucherie Charcuterie Vialor, <\/span><\/em><\/p>\n<p align=\"left\"><em><span style=\"font-size: medium;\">300, rue du Hait des Rangs 88200 Dommartin-l\u00e8s-Remiremont<\/span><\/em><\/p>\n<p align=\"left\"><em><span style=\"font-size: medium;\">03 29 23 04 33<\/span><\/em><\/p>\n<p align=\"left\"><em><span style=\"font-size: medium;\">vialor.boucherie@gmail.com<\/span><\/em><\/p>\n\n","protected":false},"excerpt":{"rendered":"<p>La boucherie et charcuterie Vialor vous accueille depuis plus de 30 ans \u00e0 Dommartin-l\u00e8s-Remiremont. Quelque 37 ann\u00e9es de service. L\u2019enseigne [&hellip;]<\/p>\n","protected":false},"author":407,"featured_media":39573,"comment_status":"open","ping_status":"open","sticky":false,"template":"","format":"standard","meta":{"footnotes":""},"categories":[26,120,37],"tags":[],"class_list":["post-39572","post","type-post","status-publish","format-standard","has-post-thumbnail","hentry","category-a-la-une","category-commerce","category-le-thillot-son-canton"],"acf":[],"yoast_head":"<!-- This site is optimized with the Yoast SEO plugin v22.5 - https:\/\/yoast.com\/wordpress\/plugins\/seo\/ -->\n<title>Dommartin\u00a0: un magasin enti\u00e8rement r\u00e9nov\u00e9 \u00e0 la boucherie-charcuterie Vialor - Remiremont Info<\/title>\n<meta name=\"robots\" content=\"index, follow, max-snippet:-1, max-image-preview:large, max-video-preview:-1\" \/>\n<link rel=\"canonical\" href=\"https:\/\/vosgesinfo.fr\/remiremontinfo\/2021\/04\/dommartin-magasin-entierement-renove-a-boucherie-charcuterie-vialor\/\" \/>\n<meta name=\"twitter:card\" content=\"summary_large_image\" \/>\n<meta name=\"twitter:title\" content=\"Dommartin\u00a0: un magasin enti\u00e8rement r\u00e9nov\u00e9 \u00e0 la boucherie-charcuterie Vialor - Remiremont Info\" \/>\n<meta name=\"twitter:description\" content=\"La boucherie et charcuterie Vialor vous accueille depuis plus de 30 ans \u00e0 Dommartin-l\u00e8s-Remiremont. Quelque 37 ann\u00e9es de service. L\u2019enseigne [&hellip;]\" \/>\n<meta name=\"twitter:image\" content=\"https:\/\/vosgesinfo.fr\/app\/uploads\/sites\/5\/2024\/09\/202104dsc-1982.jpg\" \/>\n<meta name=\"twitter:creator\" content=\"@VosgesInfo88\" \/>\n<meta name=\"twitter:site\" content=\"@VosgesInfo88\" \/>\n<meta name=\"twitter:label1\" content=\"\u00c9crit par\" \/>\n\t<meta name=\"twitter:data1\" content=\"C D\" \/>\n\t<meta name=\"twitter:label2\" content=\"Dur\u00e9e de lecture estim\u00e9e\" \/>\n\t<meta name=\"twitter:data2\" content=\"1 minute\" \/>\n<script type=\"application\/ld+json\" class=\"yoast-schema-graph\">{\"@context\":\"https:\/\/schema.org\",\"@graph\":[{\"@type\":\"Article\",\"@id\":\"https:\/\/vosgesinfo.fr\/remiremontinfo\/2021\/04\/dommartin-magasin-entierement-renove-a-boucherie-charcuterie-vialor\/#article\",\"isPartOf\":{\"@id\":\"https:\/\/vosgesinfo.fr\/remiremontinfo\/2021\/04\/dommartin-magasin-entierement-renove-a-boucherie-charcuterie-vialor\/\"},\"author\":{\"name\":\"C D\",\"@id\":\"https:\/\/vosgesinfo.fr\/remiremontinfo\/#\/schema\/person\/3bfd164d5218a185b1db68655a265316\"},\"headline\":\"Dommartin\u00a0: un magasin enti\u00e8rement r\u00e9nov\u00e9 \u00e0 la boucherie-charcuterie Vialor\",\"datePublished\":\"2021-04-24T06:17:32+00:00\",\"dateModified\":\"2021-04-24T06:17:32+00:00\",\"mainEntityOfPage\":{\"@id\":\"https:\/\/vosgesinfo.fr\/remiremontinfo\/2021\/04\/dommartin-magasin-entierement-renove-a-boucherie-charcuterie-vialor\/\"},\"wordCount\":199,\"commentCount\":0,\"publisher\":{\"@id\":\"https:\/\/vosgesinfo.fr\/remiremontinfo\/#organization\"},\"image\":{\"@id\":\"https:\/\/vosgesinfo.fr\/remiremontinfo\/2021\/04\/dommartin-magasin-entierement-renove-a-boucherie-charcuterie-vialor\/#primaryimage\"},\"thumbnailUrl\":\"https:\/\/vosgesinfo.fr\/app\/uploads\/sites\/5\/2024\/09\/202104dsc-1982.jpg\",\"articleSection\":[\"A la Une\",\"Commerce\",\"Le Thillot &amp; son canton\"],\"inLanguage\":\"fr-FR\",\"potentialAction\":[{\"@type\":\"CommentAction\",\"name\":\"Comment\",\"target\":[\"https:\/\/vosgesinfo.fr\/remiremontinfo\/2021\/04\/dommartin-magasin-entierement-renove-a-boucherie-charcuterie-vialor\/#respond\"]}]},{\"@type\":\"WebPage\",\"@id\":\"https:\/\/vosgesinfo.fr\/remiremontinfo\/2021\/04\/dommartin-magasin-entierement-renove-a-boucherie-charcuterie-vialor\/\",\"url\":\"https:\/\/vosgesinfo.fr\/remiremontinfo\/2021\/04\/dommartin-magasin-entierement-renove-a-boucherie-charcuterie-vialor\/\",\"name\":\"Dommartin\u00a0: un magasin enti\u00e8rement r\u00e9nov\u00e9 \u00e0 la boucherie-charcuterie Vialor - Remiremont Info\",\"isPartOf\":{\"@id\":\"https:\/\/vosgesinfo.fr\/remiremontinfo\/#website\"},\"primaryImageOfPage\":{\"@id\":\"https:\/\/vosgesinfo.fr\/remiremontinfo\/2021\/04\/dommartin-magasin-entierement-renove-a-boucherie-charcuterie-vialor\/#primaryimage\"},\"image\":{\"@id\":\"https:\/\/vosgesinfo.fr\/remiremontinfo\/2021\/04\/dommartin-magasin-entierement-renove-a-boucherie-charcuterie-vialor\/#primaryimage\"},\"thumbnailUrl\":\"https:\/\/vosgesinfo.fr\/app\/uploads\/sites\/5\/2024\/09\/202104dsc-1982.jpg\",\"datePublished\":\"2021-04-24T06:17:32+00:00\",\"dateModified\":\"2021-04-24T06:17:32+00:00\",\"breadcrumb\":{\"@id\":\"https:\/\/vosgesinfo.fr\/remiremontinfo\/2021\/04\/dommartin-magasin-entierement-renove-a-boucherie-charcuterie-vialor\/#breadcrumb\"},\"inLanguage\":\"fr-FR\",\"potentialAction\":[{\"@type\":\"ReadAction\",\"target\":[\"https:\/\/vosgesinfo.fr\/remiremontinfo\/2021\/04\/dommartin-magasin-entierement-renove-a-boucherie-charcuterie-vialor\/\"]}]},{\"@type\":\"ImageObject\",\"inLanguage\":\"fr-FR\",\"@id\":\"https:\/\/vosgesinfo.fr\/remiremontinfo\/2021\/04\/dommartin-magasin-entierement-renove-a-boucherie-charcuterie-vialor\/#primaryimage\",\"url\":\"https:\/\/vosgesinfo.fr\/app\/uploads\/sites\/5\/2024\/09\/202104dsc-1982.jpg\",\"contentUrl\":\"https:\/\/vosgesinfo.fr\/app\/uploads\/sites\/5\/2024\/09\/202104dsc-1982.jpg\",\"width\":800,\"height\":540},{\"@type\":\"BreadcrumbList\",\"@id\":\"https:\/\/vosgesinfo.fr\/remiremontinfo\/2021\/04\/dommartin-magasin-entierement-renove-a-boucherie-charcuterie-vialor\/#breadcrumb\",\"itemListElement\":[{\"@type\":\"ListItem\",\"position\":1,\"name\":\"Home\",\"item\":\"https:\/\/vosgesinfo.fr\/remiremontinfo\/\"},{\"@type\":\"ListItem\",\"position\":2,\"name\":\"Dommartin\u00a0: un magasin enti\u00e8rement r\u00e9nov\u00e9 \u00e0 la boucherie-charcuterie Vialor\"}]},{\"@type\":\"WebSite\",\"@id\":\"https:\/\/vosgesinfo.fr\/remiremontinfo\/#website\",\"url\":\"https:\/\/vosgesinfo.fr\/remiremontinfo\/\",\"name\":\"Remiremont Info\",\"description\":\"Toute l&#039;actualit\u00e9 de Remiremont\",\"publisher\":{\"@id\":\"https:\/\/vosgesinfo.fr\/remiremontinfo\/#organization\"},\"alternateName\":\"Toute l'actualit\u00e9 de Remiremont\",\"potentialAction\":[{\"@type\":\"SearchAction\",\"target\":{\"@type\":\"EntryPoint\",\"urlTemplate\":\"https:\/\/vosgesinfo.fr\/remiremontinfo\/?s={search_term_string}\"},\"query-input\":\"required name=search_term_string\"}],\"inLanguage\":\"fr-FR\"},{\"@type\":\"Organization\",\"@id\":\"https:\/\/vosgesinfo.fr\/remiremontinfo\/#organization\",\"name\":\"Remiremont Info\",\"url\":\"https:\/\/vosgesinfo.fr\/remiremontinfo\/\",\"logo\":{\"@type\":\"ImageObject\",\"inLanguage\":\"fr-FR\",\"@id\":\"https:\/\/vosgesinfo.fr\/remiremontinfo\/#\/schema\/logo\/image\/\",\"url\":\"https:\/\/vosgesinfo.fr\/app\/uploads\/sites\/5\/2023\/08\/favicon-remiremontinfo.png\",\"contentUrl\":\"https:\/\/vosgesinfo.fr\/app\/uploads\/sites\/5\/2023\/08\/favicon-remiremontinfo.png\",\"width\":512,\"height\":512,\"caption\":\"Remiremont Info\"},\"image\":{\"@id\":\"https:\/\/vosgesinfo.fr\/remiremontinfo\/#\/schema\/logo\/image\/\"},\"sameAs\":[\"https:\/\/www.facebook.com\/remiremontinfo\",\"https:\/\/x.com\/VosgesInfo88\",\"https:\/\/www.youtube.com\/@vosgesinfo\"]},{\"@type\":\"Person\",\"@id\":\"https:\/\/vosgesinfo.fr\/remiremontinfo\/#\/schema\/person\/3bfd164d5218a185b1db68655a265316\",\"name\":\"C D\",\"image\":{\"@type\":\"ImageObject\",\"inLanguage\":\"fr-FR\",\"@id\":\"https:\/\/vosgesinfo.fr\/remiremontinfo\/#\/schema\/person\/image\/\",\"url\":\"https:\/\/secure.gravatar.com\/avatar\/1f9a70007336511a47468b8f1c66f922b8b7cf617b02a31149ada43893a5d48f?s=96&d=mm&r=g\",\"contentUrl\":\"https:\/\/secure.gravatar.com\/avatar\/1f9a70007336511a47468b8f1c66f922b8b7cf617b02a31149ada43893a5d48f?s=96&d=mm&r=g\",\"caption\":\"C D\"},\"url\":\"https:\/\/vosgesinfo.fr\/remiremontinfo\/author\/cedric-drevet\/\"}]}<\/script>\n<!-- \/ Yoast SEO plugin. -->","yoast_head_json":{"title":"Dommartin\u00a0: un magasin enti\u00e8rement r\u00e9nov\u00e9 \u00e0 la boucherie-charcuterie Vialor - Remiremont Info","robots":{"index":"index","follow":"follow","max-snippet":"max-snippet:-1","max-image-preview":"max-image-preview:large","max-video-preview":"max-video-preview:-1"},"canonical":"https:\/\/vosgesinfo.fr\/remiremontinfo\/2021\/04\/dommartin-magasin-entierement-renove-a-boucherie-charcuterie-vialor\/","twitter_card":"summary_large_image","twitter_title":"Dommartin\u00a0: un magasin enti\u00e8rement r\u00e9nov\u00e9 \u00e0 la boucherie-charcuterie Vialor - Remiremont Info","twitter_description":"La boucherie et charcuterie Vialor vous accueille depuis plus de 30 ans \u00e0 Dommartin-l\u00e8s-Remiremont. Quelque 37 ann\u00e9es de service. L\u2019enseigne [&hellip;]","twitter_image":"https:\/\/vosgesinfo.fr\/app\/uploads\/sites\/5\/2024\/09\/202104dsc-1982.jpg","twitter_creator":"@VosgesInfo88","twitter_site":"@VosgesInfo88","twitter_misc":{"\u00c9crit par":"C D","Dur\u00e9e de lecture estim\u00e9e":"1 minute"},"schema":{"@context":"https:\/\/schema.org","@graph":[{"@type":"Article","@id":"https:\/\/vosgesinfo.fr\/remiremontinfo\/2021\/04\/dommartin-magasin-entierement-renove-a-boucherie-charcuterie-vialor\/#article","isPartOf":{"@id":"https:\/\/vosgesinfo.fr\/remiremontinfo\/2021\/04\/dommartin-magasin-entierement-renove-a-boucherie-charcuterie-vialor\/"},"author":{"name":"C D","@id":"https:\/\/vosgesinfo.fr\/remiremontinfo\/#\/schema\/person\/3bfd164d5218a185b1db68655a265316"},"headline":"Dommartin\u00a0: un magasin enti\u00e8rement r\u00e9nov\u00e9 \u00e0 la boucherie-charcuterie Vialor","datePublished":"2021-04-24T06:17:32+00:00","dateModified":"2021-04-24T06:17:32+00:00","mainEntityOfPage":{"@id":"https:\/\/vosgesinfo.fr\/remiremontinfo\/2021\/04\/dommartin-magasin-entierement-renove-a-boucherie-charcuterie-vialor\/"},"wordCount":199,"commentCount":0,"publisher":{"@id":"https:\/\/vosgesinfo.fr\/remiremontinfo\/#organization"},"image":{"@id":"https:\/\/vosgesinfo.fr\/remiremontinfo\/2021\/04\/dommartin-magasin-entierement-renove-a-boucherie-charcuterie-vialor\/#primaryimage"},"thumbnailUrl":"https:\/\/vosgesinfo.fr\/app\/uploads\/sites\/5\/2024\/09\/202104dsc-1982.jpg","articleSection":["A la Une","Commerce","Le Thillot &amp; son canton"],"inLanguage":"fr-FR","potentialAction":[{"@type":"CommentAction","name":"Comment","target":["https:\/\/vosgesinfo.fr\/remiremontinfo\/2021\/04\/dommartin-magasin-entierement-renove-a-boucherie-charcuterie-vialor\/#respond"]}]},{"@type":"WebPage","@id":"https:\/\/vosgesinfo.fr\/remiremontinfo\/2021\/04\/dommartin-magasin-entierement-renove-a-boucherie-charcuterie-vialor\/","url":"https:\/\/vosgesinfo.fr\/remiremontinfo\/2021\/04\/dommartin-magasin-entierement-renove-a-boucherie-charcuterie-vialor\/","name":"Dommartin\u00a0: un magasin enti\u00e8rement r\u00e9nov\u00e9 \u00e0 la boucherie-charcuterie Vialor - Remiremont Info","isPartOf":{"@id":"https:\/\/vosgesinfo.fr\/remiremontinfo\/#website"},"primaryImageOfPage":{"@id":"https:\/\/vosgesinfo.fr\/remiremontinfo\/2021\/04\/dommartin-magasin-entierement-renove-a-boucherie-charcuterie-vialor\/#primaryimage"},"image":{"@id":"https:\/\/vosgesinfo.fr\/remiremontinfo\/2021\/04\/dommartin-magasin-entierement-renove-a-boucherie-charcuterie-vialor\/#primaryimage"},"thumbnailUrl":"https:\/\/vosgesinfo.fr\/app\/uploads\/sites\/5\/2024\/09\/202104dsc-1982.jpg","datePublished":"2021-04-24T06:17:32+00:00","dateModified":"2021-04-24T06:17:32+00:00","breadcrumb":{"@id":"https:\/\/vosgesinfo.fr\/remiremontinfo\/2021\/04\/dommartin-magasin-entierement-renove-a-boucherie-charcuterie-vialor\/#breadcrumb"},"inLanguage":"fr-FR","potentialAction":[{"@type":"ReadAction","target":["https:\/\/vosgesinfo.fr\/remiremontinfo\/2021\/04\/dommartin-magasin-entierement-renove-a-boucherie-charcuterie-vialor\/"]}]},{"@type":"ImageObject","inLanguage":"fr-FR","@id":"https:\/\/vosgesinfo.fr\/remiremontinfo\/2021\/04\/dommartin-magasin-entierement-renove-a-boucherie-charcuterie-vialor\/#primaryimage","url":"https:\/\/vosgesinfo.fr\/app\/uploads\/sites\/5\/2024\/09\/202104dsc-1982.jpg","contentUrl":"https:\/\/vosgesinfo.fr\/app\/uploads\/sites\/5\/2024\/09\/202104dsc-1982.jpg","width":800,"height":540},{"@type":"BreadcrumbList","@id":"https:\/\/vosgesinfo.fr\/remiremontinfo\/2021\/04\/dommartin-magasin-entierement-renove-a-boucherie-charcuterie-vialor\/#breadcrumb","itemListElement":[{"@type":"ListItem","position":1,"name":"Home","item":"https:\/\/vosgesinfo.fr\/remiremontinfo\/"},{"@type":"ListItem","position":2,"name":"Dommartin\u00a0: un magasin enti\u00e8rement r\u00e9nov\u00e9 \u00e0 la boucherie-charcuterie Vialor"}]},{"@type":"WebSite","@id":"https:\/\/vosgesinfo.fr\/remiremontinfo\/#website","url":"https:\/\/vosgesinfo.fr\/remiremontinfo\/","name":"Remiremont Info","description":"Toute l&#039;actualit\u00e9 de Remiremont","publisher":{"@id":"https:\/\/vosgesinfo.fr\/remiremontinfo\/#organization"},"alternateName":"Toute l'actualit\u00e9 de Remiremont","potentialAction":[{"@type":"SearchAction","target":{"@type":"EntryPoint","urlTemplate":"https:\/\/vosgesinfo.fr\/remiremontinfo\/?s={search_term_string}"},"query-input":"required name=search_term_string"}],"inLanguage":"fr-FR"},{"@type":"Organization","@id":"https:\/\/vosgesinfo.fr\/remiremontinfo\/#organization","name":"Remiremont Info","url":"https:\/\/vosgesinfo.fr\/remiremontinfo\/","logo":{"@type":"ImageObject","inLanguage":"fr-FR","@id":"https:\/\/vosgesinfo.fr\/remiremontinfo\/#\/schema\/logo\/image\/","url":"https:\/\/vosgesinfo.fr\/app\/uploads\/sites\/5\/2023\/08\/favicon-remiremontinfo.png","contentUrl":"https:\/\/vosgesinfo.fr\/app\/uploads\/sites\/5\/2023\/08\/favicon-remiremontinfo.png","width":512,"height":512,"caption":"Remiremont Info"},"image":{"@id":"https:\/\/vosgesinfo.fr\/remiremontinfo\/#\/schema\/logo\/image\/"},"sameAs":["https:\/\/www.facebook.com\/remiremontinfo","https:\/\/x.com\/VosgesInfo88","https:\/\/www.youtube.com\/@vosgesinfo"]},{"@type":"Person","@id":"https:\/\/vosgesinfo.fr\/remiremontinfo\/#\/schema\/person\/3bfd164d5218a185b1db68655a265316","name":"C D","image":{"@type":"ImageObject","inLanguage":"fr-FR","@id":"https:\/\/vosgesinfo.fr\/remiremontinfo\/#\/schema\/person\/image\/","url":"https:\/\/secure.gravatar.com\/avatar\/1f9a70007336511a47468b8f1c66f922b8b7cf617b02a31149ada43893a5d48f?s=96&d=mm&r=g","contentUrl":"https:\/\/secure.gravatar.com\/avatar\/1f9a70007336511a47468b8f1c66f922b8b7cf617b02a31149ada43893a5d48f?s=96&d=mm&r=g","caption":"C D"},"url":"https:\/\/vosgesinfo.fr\/remiremontinfo\/author\/cedric-drevet\/"}]}},"_links":{"self":[{"href":"https:\/\/vosgesinfo.fr\/remiremontinfo\/wp-json\/wp\/v2\/posts\/39572","targetHints":{"allow":["GET"]}}],"collection":[{"href":"https:\/\/vosgesinfo.fr\/remiremontinfo\/wp-json\/wp\/v2\/posts"}],"about":[{"href":"https:\/\/vosgesinfo.fr\/remiremontinfo\/wp-json\/wp\/v2\/types\/post"}],"author":[{"embeddable":true,"href":"https:\/\/vosgesinfo.fr\/remiremontinfo\/wp-json\/wp\/v2\/users\/407"}],"replies":[{"embeddable":true,"href":"https:\/\/vosgesinfo.fr\/remiremontinfo\/wp-json\/wp\/v2\/comments?post=39572"}],"version-history":[{"count":0,"href":"https:\/\/vosgesinfo.fr\/remiremontinfo\/wp-json\/wp\/v2\/posts\/39572\/revisions"}],"wp:featuredmedia":[{"embeddable":true,"href":"https:\/\/vosgesinfo.fr\/remiremontinfo\/wp-json\/wp\/v2\/media\/39573"}],"wp:attachment":[{"href":"https:\/\/vosgesinfo.fr\/remiremontinfo\/wp-json\/wp\/v2\/media?parent=39572"}],"wp:term":[{"taxonomy":"category","embeddable":true,"href":"https:\/\/vosgesinfo.fr\/remiremontinfo\/wp-json\/wp\/v2\/categories?post=39572"},{"taxonomy":"post_tag","embeddable":true,"href":"https:\/\/vosgesinfo.fr\/remiremontinfo\/wp-json\/wp\/v2\/tags?post=39572"}],"curies":[{"name":"wp","href":"https:\/\/api.w.org\/{rel}","templated":true}]}}