{"id":3968,"date":"2024-01-26T12:36:58","date_gmt":"2024-01-26T11:36:58","guid":{"rendered":"https:\/\/vosgesinfo.fr\/remiremontinfo\/2024\/01\/saint-nabord-premiere-assemblee-generale-pour-lassociation-raconte-moi-les-abeilles-le-samedi-16-mars\/"},"modified":"2024-02-13T18:33:18","modified_gmt":"2024-02-13T17:33:18","slug":"saint-nabord-premiere-assemblee-generale-pour-lassociation-raconte-moi-les-abeilles-le-samedi-16-mars","status":"publish","type":"post","link":"https:\/\/vosgesinfo.fr\/remiremontinfo\/2024\/01\/saint-nabord-premiere-assemblee-generale-pour-lassociation-raconte-moi-les-abeilles-le-samedi-16-mars\/","title":{"rendered":"Saint-Nabord &#8211; Premi\u00e8re assembl\u00e9e g\u00e9n\u00e9rale pour l&rsquo;association \u00ab\u00a0Raconte-moi les abeilles&#8230;\u00a0\u00bb  le samedi 16 mars"},"content":{"rendered":"<p><a href=\"https:\/\/remiremontinfo.fr\/wp-content\/uploads\/2024\/01\/IMG_8420-copie.jpg\"><img decoding=\"async\" class=\"size-large wp-image-382072 aligncenter\" src=\"https:\/\/vosgesinfo.fr\/app\/uploads\/sites\/5\/2024\/01\/img-8420-copie.jpg\" alt=\"IMG_8420 copie\" width=\"960\" height=\"996\" \/><\/a><\/p>\n<p>Les membres de l\u2019association \u00ab\u00a0Raconte-moi les abeilles\u2026\u00a0\u00bb et leur pr\u00e9sidente Ghislaine Andreux seront ravis de vous accueillir lors \u00e0 leur premi\u00e8re assembl\u00e9e g\u00e9n\u00e9rale le samedi 16 mars \u00e0 10H30 dans la salle Sourire d\u2019automne du centre socioculturel de Saint-Nabord.<\/p>\n","protected":false},"excerpt":{"rendered":"<p>Les membres de l\u2019association \u00ab\u00a0Raconte-moi les abeilles\u2026\u00a0\u00bb et leur pr\u00e9sidente Ghislaine Andreux seront ravis de vous accueillir lors \u00e0 leur [&hellip;]<\/p>\n","protected":false},"author":392,"featured_media":3967,"comment_status":"open","ping_status":"open","sticky":false,"template":"","format":"standard","meta":{"footnotes":""},"categories":[26,35,100,17],"tags":[605,767,42],"class_list":["post-3968","post","type-post","status-publish","format-standard","has-post-thumbnail","hentry","category-a-la-une","category-remiremont-son-canton","category-saint-nabord","category-vie-associative","tag-assemblee-generale","tag-raconte-moi-les-abeilles","tag-saint-nabord"],"acf":[],"yoast_head":"<!-- This site is optimized with the Yoast SEO plugin v22.5 - https:\/\/yoast.com\/wordpress\/plugins\/seo\/ -->\n<title>Saint-Nabord - Premi\u00e8re assembl\u00e9e g\u00e9n\u00e9rale pour l&#039;association &quot;Raconte-moi les abeilles...&quot; le samedi 16 mars - Remiremont Info<\/title>\n<meta name=\"robots\" content=\"index, follow, max-snippet:-1, max-image-preview:large, max-video-preview:-1\" \/>\n<link rel=\"canonical\" href=\"https:\/\/vosgesinfo.fr\/remiremontinfo\/2024\/01\/saint-nabord-premiere-assemblee-generale-pour-lassociation-raconte-moi-les-abeilles-le-samedi-16-mars\/\" \/>\n<meta name=\"twitter:card\" content=\"summary_large_image\" \/>\n<meta name=\"twitter:title\" content=\"Saint-Nabord - Premi\u00e8re assembl\u00e9e g\u00e9n\u00e9rale pour l&#039;association &quot;Raconte-moi les abeilles...&quot; le samedi 16 mars - Remiremont Info\" \/>\n<meta name=\"twitter:description\" content=\"Les membres de l\u2019association \u00ab\u00a0Raconte-moi les abeilles\u2026\u00a0\u00bb et leur pr\u00e9sidente Ghislaine Andreux seront ravis de vous accueillir lors \u00e0 leur [&hellip;]\" \/>\n<meta name=\"twitter:image\" content=\"https:\/\/vosgesinfo.fr\/app\/uploads\/sites\/5\/2024\/01\/img-8420-copie.jpg\" \/>\n<meta name=\"twitter:creator\" content=\"@VosgesInfo88\" \/>\n<meta name=\"twitter:site\" content=\"@VosgesInfo88\" \/>\n<meta name=\"twitter:label1\" content=\"\u00c9crit par\" \/>\n\t<meta name=\"twitter:data1\" content=\"La redaction\" \/>\n<script type=\"application\/ld+json\" class=\"yoast-schema-graph\">{\"@context\":\"https:\/\/schema.org\",\"@graph\":[{\"@type\":\"Article\",\"@id\":\"https:\/\/vosgesinfo.fr\/remiremontinfo\/2024\/01\/saint-nabord-premiere-assemblee-generale-pour-lassociation-raconte-moi-les-abeilles-le-samedi-16-mars\/#article\",\"isPartOf\":{\"@id\":\"https:\/\/vosgesinfo.fr\/remiremontinfo\/2024\/01\/saint-nabord-premiere-assemblee-generale-pour-lassociation-raconte-moi-les-abeilles-le-samedi-16-mars\/\"},\"author\":{\"name\":\"La redaction\",\"@id\":\"https:\/\/vosgesinfo.fr\/remiremontinfo\/#\/schema\/person\/80c6ea85ff4afefe81dceaf949954c76\"},\"headline\":\"Saint-Nabord &#8211; Premi\u00e8re assembl\u00e9e g\u00e9n\u00e9rale pour l&rsquo;association \u00ab\u00a0Raconte-moi les abeilles&#8230;\u00a0\u00bb le samedi 16 mars\",\"datePublished\":\"2024-01-26T11:36:58+00:00\",\"dateModified\":\"2024-02-13T17:33:18+00:00\",\"mainEntityOfPage\":{\"@id\":\"https:\/\/vosgesinfo.fr\/remiremontinfo\/2024\/01\/saint-nabord-premiere-assemblee-generale-pour-lassociation-raconte-moi-les-abeilles-le-samedi-16-mars\/\"},\"wordCount\":61,\"commentCount\":0,\"publisher\":{\"@id\":\"https:\/\/vosgesinfo.fr\/remiremontinfo\/#organization\"},\"image\":{\"@id\":\"https:\/\/vosgesinfo.fr\/remiremontinfo\/2024\/01\/saint-nabord-premiere-assemblee-generale-pour-lassociation-raconte-moi-les-abeilles-le-samedi-16-mars\/#primaryimage\"},\"thumbnailUrl\":\"https:\/\/vosgesinfo.fr\/app\/uploads\/sites\/5\/2024\/01\/img-8420-copie.jpg\",\"keywords\":[\"Assembl\u00e9e G\u00e9n\u00e9rale\",\"Raconte-moi les abeilles\",\"saint-nabord\"],\"articleSection\":[\"A la Une\",\"Remiremont &amp; son canton\",\"Saint-Nabord\",\"Vie associative\"],\"inLanguage\":\"fr-FR\",\"potentialAction\":[{\"@type\":\"CommentAction\",\"name\":\"Comment\",\"target\":[\"https:\/\/vosgesinfo.fr\/remiremontinfo\/2024\/01\/saint-nabord-premiere-assemblee-generale-pour-lassociation-raconte-moi-les-abeilles-le-samedi-16-mars\/#respond\"]}]},{\"@type\":\"WebPage\",\"@id\":\"https:\/\/vosgesinfo.fr\/remiremontinfo\/2024\/01\/saint-nabord-premiere-assemblee-generale-pour-lassociation-raconte-moi-les-abeilles-le-samedi-16-mars\/\",\"url\":\"https:\/\/vosgesinfo.fr\/remiremontinfo\/2024\/01\/saint-nabord-premiere-assemblee-generale-pour-lassociation-raconte-moi-les-abeilles-le-samedi-16-mars\/\",\"name\":\"Saint-Nabord - Premi\u00e8re assembl\u00e9e g\u00e9n\u00e9rale pour l'association \\\"Raconte-moi les abeilles...\\\" le samedi 16 mars - Remiremont Info\",\"isPartOf\":{\"@id\":\"https:\/\/vosgesinfo.fr\/remiremontinfo\/#website\"},\"primaryImageOfPage\":{\"@id\":\"https:\/\/vosgesinfo.fr\/remiremontinfo\/2024\/01\/saint-nabord-premiere-assemblee-generale-pour-lassociation-raconte-moi-les-abeilles-le-samedi-16-mars\/#primaryimage\"},\"image\":{\"@id\":\"https:\/\/vosgesinfo.fr\/remiremontinfo\/2024\/01\/saint-nabord-premiere-assemblee-generale-pour-lassociation-raconte-moi-les-abeilles-le-samedi-16-mars\/#primaryimage\"},\"thumbnailUrl\":\"https:\/\/vosgesinfo.fr\/app\/uploads\/sites\/5\/2024\/01\/img-8420-copie.jpg\",\"datePublished\":\"2024-01-26T11:36:58+00:00\",\"dateModified\":\"2024-02-13T17:33:18+00:00\",\"breadcrumb\":{\"@id\":\"https:\/\/vosgesinfo.fr\/remiremontinfo\/2024\/01\/saint-nabord-premiere-assemblee-generale-pour-lassociation-raconte-moi-les-abeilles-le-samedi-16-mars\/#breadcrumb\"},\"inLanguage\":\"fr-FR\",\"potentialAction\":[{\"@type\":\"ReadAction\",\"target\":[\"https:\/\/vosgesinfo.fr\/remiremontinfo\/2024\/01\/saint-nabord-premiere-assemblee-generale-pour-lassociation-raconte-moi-les-abeilles-le-samedi-16-mars\/\"]}]},{\"@type\":\"ImageObject\",\"inLanguage\":\"fr-FR\",\"@id\":\"https:\/\/vosgesinfo.fr\/remiremontinfo\/2024\/01\/saint-nabord-premiere-assemblee-generale-pour-lassociation-raconte-moi-les-abeilles-le-samedi-16-mars\/#primaryimage\",\"url\":\"https:\/\/vosgesinfo.fr\/app\/uploads\/sites\/5\/2024\/01\/img-8420-copie.jpg\",\"contentUrl\":\"https:\/\/vosgesinfo.fr\/app\/uploads\/sites\/5\/2024\/01\/img-8420-copie.jpg\",\"width\":1542,\"height\":1600},{\"@type\":\"BreadcrumbList\",\"@id\":\"https:\/\/vosgesinfo.fr\/remiremontinfo\/2024\/01\/saint-nabord-premiere-assemblee-generale-pour-lassociation-raconte-moi-les-abeilles-le-samedi-16-mars\/#breadcrumb\",\"itemListElement\":[{\"@type\":\"ListItem\",\"position\":1,\"name\":\"Home\",\"item\":\"https:\/\/vosgesinfo.fr\/remiremontinfo\/\"},{\"@type\":\"ListItem\",\"position\":2,\"name\":\"Saint-Nabord &#8211; Premi\u00e8re assembl\u00e9e g\u00e9n\u00e9rale pour l&rsquo;association \u00ab\u00a0Raconte-moi les abeilles&#8230;\u00a0\u00bb le samedi 16 mars\"}]},{\"@type\":\"WebSite\",\"@id\":\"https:\/\/vosgesinfo.fr\/remiremontinfo\/#website\",\"url\":\"https:\/\/vosgesinfo.fr\/remiremontinfo\/\",\"name\":\"Remiremont Info\",\"description\":\"Toute l&#039;actualit\u00e9 de Remiremont\",\"publisher\":{\"@id\":\"https:\/\/vosgesinfo.fr\/remiremontinfo\/#organization\"},\"alternateName\":\"Toute l'actualit\u00e9 de Remiremont\",\"potentialAction\":[{\"@type\":\"SearchAction\",\"target\":{\"@type\":\"EntryPoint\",\"urlTemplate\":\"https:\/\/vosgesinfo.fr\/remiremontinfo\/?s={search_term_string}\"},\"query-input\":\"required name=search_term_string\"}],\"inLanguage\":\"fr-FR\"},{\"@type\":\"Organization\",\"@id\":\"https:\/\/vosgesinfo.fr\/remiremontinfo\/#organization\",\"name\":\"Remiremont Info\",\"url\":\"https:\/\/vosgesinfo.fr\/remiremontinfo\/\",\"logo\":{\"@type\":\"ImageObject\",\"inLanguage\":\"fr-FR\",\"@id\":\"https:\/\/vosgesinfo.fr\/remiremontinfo\/#\/schema\/logo\/image\/\",\"url\":\"https:\/\/vosgesinfo.fr\/app\/uploads\/sites\/5\/2023\/08\/favicon-remiremontinfo.png\",\"contentUrl\":\"https:\/\/vosgesinfo.fr\/app\/uploads\/sites\/5\/2023\/08\/favicon-remiremontinfo.png\",\"width\":512,\"height\":512,\"caption\":\"Remiremont Info\"},\"image\":{\"@id\":\"https:\/\/vosgesinfo.fr\/remiremontinfo\/#\/schema\/logo\/image\/\"},\"sameAs\":[\"https:\/\/www.facebook.com\/remiremontinfo\",\"https:\/\/x.com\/VosgesInfo88\",\"https:\/\/www.youtube.com\/@vosgesinfo\"]},{\"@type\":\"Person\",\"@id\":\"https:\/\/vosgesinfo.fr\/remiremontinfo\/#\/schema\/person\/80c6ea85ff4afefe81dceaf949954c76\",\"name\":\"La redaction\",\"image\":{\"@type\":\"ImageObject\",\"inLanguage\":\"fr-FR\",\"@id\":\"https:\/\/vosgesinfo.fr\/remiremontinfo\/#\/schema\/person\/image\/\",\"url\":\"https:\/\/secure.gravatar.com\/avatar\/fa684fed8c27e631d40f39d17520286009f89cf7526728ea4e58b5a8c426c16a?s=96&d=mm&r=g\",\"contentUrl\":\"https:\/\/secure.gravatar.com\/avatar\/fa684fed8c27e631d40f39d17520286009f89cf7526728ea4e58b5a8c426c16a?s=96&d=mm&r=g\",\"caption\":\"La redaction\"},\"url\":\"https:\/\/vosgesinfo.fr\/remiremontinfo\/author\/d-p\/\"}]}<\/script>\n<!-- \/ Yoast SEO plugin. -->","yoast_head_json":{"title":"Saint-Nabord - Premi\u00e8re assembl\u00e9e g\u00e9n\u00e9rale pour l'association \"Raconte-moi les abeilles...\" le samedi 16 mars - Remiremont Info","robots":{"index":"index","follow":"follow","max-snippet":"max-snippet:-1","max-image-preview":"max-image-preview:large","max-video-preview":"max-video-preview:-1"},"canonical":"https:\/\/vosgesinfo.fr\/remiremontinfo\/2024\/01\/saint-nabord-premiere-assemblee-generale-pour-lassociation-raconte-moi-les-abeilles-le-samedi-16-mars\/","twitter_card":"summary_large_image","twitter_title":"Saint-Nabord - Premi\u00e8re assembl\u00e9e g\u00e9n\u00e9rale pour l'association \"Raconte-moi les abeilles...\" le samedi 16 mars - Remiremont Info","twitter_description":"Les membres de l\u2019association \u00ab\u00a0Raconte-moi les abeilles\u2026\u00a0\u00bb et leur pr\u00e9sidente Ghislaine Andreux seront ravis de vous accueillir lors \u00e0 leur [&hellip;]","twitter_image":"https:\/\/vosgesinfo.fr\/app\/uploads\/sites\/5\/2024\/01\/img-8420-copie.jpg","twitter_creator":"@VosgesInfo88","twitter_site":"@VosgesInfo88","twitter_misc":{"\u00c9crit par":"La redaction"},"schema":{"@context":"https:\/\/schema.org","@graph":[{"@type":"Article","@id":"https:\/\/vosgesinfo.fr\/remiremontinfo\/2024\/01\/saint-nabord-premiere-assemblee-generale-pour-lassociation-raconte-moi-les-abeilles-le-samedi-16-mars\/#article","isPartOf":{"@id":"https:\/\/vosgesinfo.fr\/remiremontinfo\/2024\/01\/saint-nabord-premiere-assemblee-generale-pour-lassociation-raconte-moi-les-abeilles-le-samedi-16-mars\/"},"author":{"name":"La redaction","@id":"https:\/\/vosgesinfo.fr\/remiremontinfo\/#\/schema\/person\/80c6ea85ff4afefe81dceaf949954c76"},"headline":"Saint-Nabord &#8211; Premi\u00e8re assembl\u00e9e g\u00e9n\u00e9rale pour l&rsquo;association \u00ab\u00a0Raconte-moi les abeilles&#8230;\u00a0\u00bb le samedi 16 mars","datePublished":"2024-01-26T11:36:58+00:00","dateModified":"2024-02-13T17:33:18+00:00","mainEntityOfPage":{"@id":"https:\/\/vosgesinfo.fr\/remiremontinfo\/2024\/01\/saint-nabord-premiere-assemblee-generale-pour-lassociation-raconte-moi-les-abeilles-le-samedi-16-mars\/"},"wordCount":61,"commentCount":0,"publisher":{"@id":"https:\/\/vosgesinfo.fr\/remiremontinfo\/#organization"},"image":{"@id":"https:\/\/vosgesinfo.fr\/remiremontinfo\/2024\/01\/saint-nabord-premiere-assemblee-generale-pour-lassociation-raconte-moi-les-abeilles-le-samedi-16-mars\/#primaryimage"},"thumbnailUrl":"https:\/\/vosgesinfo.fr\/app\/uploads\/sites\/5\/2024\/01\/img-8420-copie.jpg","keywords":["Assembl\u00e9e G\u00e9n\u00e9rale","Raconte-moi les abeilles","saint-nabord"],"articleSection":["A la Une","Remiremont &amp; son canton","Saint-Nabord","Vie associative"],"inLanguage":"fr-FR","potentialAction":[{"@type":"CommentAction","name":"Comment","target":["https:\/\/vosgesinfo.fr\/remiremontinfo\/2024\/01\/saint-nabord-premiere-assemblee-generale-pour-lassociation-raconte-moi-les-abeilles-le-samedi-16-mars\/#respond"]}]},{"@type":"WebPage","@id":"https:\/\/vosgesinfo.fr\/remiremontinfo\/2024\/01\/saint-nabord-premiere-assemblee-generale-pour-lassociation-raconte-moi-les-abeilles-le-samedi-16-mars\/","url":"https:\/\/vosgesinfo.fr\/remiremontinfo\/2024\/01\/saint-nabord-premiere-assemblee-generale-pour-lassociation-raconte-moi-les-abeilles-le-samedi-16-mars\/","name":"Saint-Nabord - Premi\u00e8re assembl\u00e9e g\u00e9n\u00e9rale pour l'association \"Raconte-moi les abeilles...\" le samedi 16 mars - Remiremont Info","isPartOf":{"@id":"https:\/\/vosgesinfo.fr\/remiremontinfo\/#website"},"primaryImageOfPage":{"@id":"https:\/\/vosgesinfo.fr\/remiremontinfo\/2024\/01\/saint-nabord-premiere-assemblee-generale-pour-lassociation-raconte-moi-les-abeilles-le-samedi-16-mars\/#primaryimage"},"image":{"@id":"https:\/\/vosgesinfo.fr\/remiremontinfo\/2024\/01\/saint-nabord-premiere-assemblee-generale-pour-lassociation-raconte-moi-les-abeilles-le-samedi-16-mars\/#primaryimage"},"thumbnailUrl":"https:\/\/vosgesinfo.fr\/app\/uploads\/sites\/5\/2024\/01\/img-8420-copie.jpg","datePublished":"2024-01-26T11:36:58+00:00","dateModified":"2024-02-13T17:33:18+00:00","breadcrumb":{"@id":"https:\/\/vosgesinfo.fr\/remiremontinfo\/2024\/01\/saint-nabord-premiere-assemblee-generale-pour-lassociation-raconte-moi-les-abeilles-le-samedi-16-mars\/#breadcrumb"},"inLanguage":"fr-FR","potentialAction":[{"@type":"ReadAction","target":["https:\/\/vosgesinfo.fr\/remiremontinfo\/2024\/01\/saint-nabord-premiere-assemblee-generale-pour-lassociation-raconte-moi-les-abeilles-le-samedi-16-mars\/"]}]},{"@type":"ImageObject","inLanguage":"fr-FR","@id":"https:\/\/vosgesinfo.fr\/remiremontinfo\/2024\/01\/saint-nabord-premiere-assemblee-generale-pour-lassociation-raconte-moi-les-abeilles-le-samedi-16-mars\/#primaryimage","url":"https:\/\/vosgesinfo.fr\/app\/uploads\/sites\/5\/2024\/01\/img-8420-copie.jpg","contentUrl":"https:\/\/vosgesinfo.fr\/app\/uploads\/sites\/5\/2024\/01\/img-8420-copie.jpg","width":1542,"height":1600},{"@type":"BreadcrumbList","@id":"https:\/\/vosgesinfo.fr\/remiremontinfo\/2024\/01\/saint-nabord-premiere-assemblee-generale-pour-lassociation-raconte-moi-les-abeilles-le-samedi-16-mars\/#breadcrumb","itemListElement":[{"@type":"ListItem","position":1,"name":"Home","item":"https:\/\/vosgesinfo.fr\/remiremontinfo\/"},{"@type":"ListItem","position":2,"name":"Saint-Nabord &#8211; Premi\u00e8re assembl\u00e9e g\u00e9n\u00e9rale pour l&rsquo;association \u00ab\u00a0Raconte-moi les abeilles&#8230;\u00a0\u00bb le samedi 16 mars"}]},{"@type":"WebSite","@id":"https:\/\/vosgesinfo.fr\/remiremontinfo\/#website","url":"https:\/\/vosgesinfo.fr\/remiremontinfo\/","name":"Remiremont Info","description":"Toute l&#039;actualit\u00e9 de Remiremont","publisher":{"@id":"https:\/\/vosgesinfo.fr\/remiremontinfo\/#organization"},"alternateName":"Toute l'actualit\u00e9 de Remiremont","potentialAction":[{"@type":"SearchAction","target":{"@type":"EntryPoint","urlTemplate":"https:\/\/vosgesinfo.fr\/remiremontinfo\/?s={search_term_string}"},"query-input":"required name=search_term_string"}],"inLanguage":"fr-FR"},{"@type":"Organization","@id":"https:\/\/vosgesinfo.fr\/remiremontinfo\/#organization","name":"Remiremont Info","url":"https:\/\/vosgesinfo.fr\/remiremontinfo\/","logo":{"@type":"ImageObject","inLanguage":"fr-FR","@id":"https:\/\/vosgesinfo.fr\/remiremontinfo\/#\/schema\/logo\/image\/","url":"https:\/\/vosgesinfo.fr\/app\/uploads\/sites\/5\/2023\/08\/favicon-remiremontinfo.png","contentUrl":"https:\/\/vosgesinfo.fr\/app\/uploads\/sites\/5\/2023\/08\/favicon-remiremontinfo.png","width":512,"height":512,"caption":"Remiremont Info"},"image":{"@id":"https:\/\/vosgesinfo.fr\/remiremontinfo\/#\/schema\/logo\/image\/"},"sameAs":["https:\/\/www.facebook.com\/remiremontinfo","https:\/\/x.com\/VosgesInfo88","https:\/\/www.youtube.com\/@vosgesinfo"]},{"@type":"Person","@id":"https:\/\/vosgesinfo.fr\/remiremontinfo\/#\/schema\/person\/80c6ea85ff4afefe81dceaf949954c76","name":"La redaction","image":{"@type":"ImageObject","inLanguage":"fr-FR","@id":"https:\/\/vosgesinfo.fr\/remiremontinfo\/#\/schema\/person\/image\/","url":"https:\/\/secure.gravatar.com\/avatar\/fa684fed8c27e631d40f39d17520286009f89cf7526728ea4e58b5a8c426c16a?s=96&d=mm&r=g","contentUrl":"https:\/\/secure.gravatar.com\/avatar\/fa684fed8c27e631d40f39d17520286009f89cf7526728ea4e58b5a8c426c16a?s=96&d=mm&r=g","caption":"La redaction"},"url":"https:\/\/vosgesinfo.fr\/remiremontinfo\/author\/d-p\/"}]}},"_links":{"self":[{"href":"https:\/\/vosgesinfo.fr\/remiremontinfo\/wp-json\/wp\/v2\/posts\/3968","targetHints":{"allow":["GET"]}}],"collection":[{"href":"https:\/\/vosgesinfo.fr\/remiremontinfo\/wp-json\/wp\/v2\/posts"}],"about":[{"href":"https:\/\/vosgesinfo.fr\/remiremontinfo\/wp-json\/wp\/v2\/types\/post"}],"author":[{"embeddable":true,"href":"https:\/\/vosgesinfo.fr\/remiremontinfo\/wp-json\/wp\/v2\/users\/392"}],"replies":[{"embeddable":true,"href":"https:\/\/vosgesinfo.fr\/remiremontinfo\/wp-json\/wp\/v2\/comments?post=3968"}],"version-history":[{"count":1,"href":"https:\/\/vosgesinfo.fr\/remiremontinfo\/wp-json\/wp\/v2\/posts\/3968\/revisions"}],"predecessor-version":[{"id":4430,"href":"https:\/\/vosgesinfo.fr\/remiremontinfo\/wp-json\/wp\/v2\/posts\/3968\/revisions\/4430"}],"wp:featuredmedia":[{"embeddable":true,"href":"https:\/\/vosgesinfo.fr\/remiremontinfo\/wp-json\/wp\/v2\/media\/3967"}],"wp:attachment":[{"href":"https:\/\/vosgesinfo.fr\/remiremontinfo\/wp-json\/wp\/v2\/media?parent=3968"}],"wp:term":[{"taxonomy":"category","embeddable":true,"href":"https:\/\/vosgesinfo.fr\/remiremontinfo\/wp-json\/wp\/v2\/categories?post=3968"},{"taxonomy":"post_tag","embeddable":true,"href":"https:\/\/vosgesinfo.fr\/remiremontinfo\/wp-json\/wp\/v2\/tags?post=3968"}],"curies":[{"name":"wp","href":"https:\/\/api.w.org\/{rel}","templated":true}]}}