{"id":400,"date":"2023-08-22T17:39:48","date_gmt":"2023-08-22T15:39:48","guid":{"rendered":"https:\/\/vosgesinfo.fr\/remiremontinfo\/2023\/08\/medef-grand-est-et-region-grand-est-communiquent\/"},"modified":"2024-01-31T15:53:42","modified_gmt":"2024-01-31T14:53:42","slug":"medef-grand-est-et-region-grand-est-communiquent","status":"publish","type":"post","link":"https:\/\/vosgesinfo.fr\/remiremontinfo\/2023\/08\/medef-grand-est-et-region-grand-est-communiquent\/","title":{"rendered":"MEDEF Grand Est et R\u00e9gion Grand Est communiquent :"},"content":{"rendered":"<p>Le MEDEF Grand Est et la R\u00e9gion Grand Est partageront un espace de promotion du Grand Est, \u00e0 la REF 2023, l\u2019\u00e9v\u00e9nement \u00e9conomique majeur de la<a href=\"https:\/\/remiremontinfo.fr\/wp-content\/uploads\/2023\/08\/medef-logo.png\"><img decoding=\"async\" class=\"alignright size-medium wp-image-375366\" src=\"https:\/\/vosgesinfo.fr\/app\/uploads\/sites\/5\/2023\/08\/medef-logo.png\" alt=\"medef-logo\" width=\"400\" height=\"111\" \/><\/a> rentr\u00e9e. La Rencontre des Entrepreneurs de France f\u00eate sa cinqui\u00e8me \u00e9dition ! Elle est devenue incontournable, le lieu de tous les d\u00e9bats, dans un esprit de convivialit\u00e9. Forte de son succ\u00e8s grandissant, #LaREF23 revient avec un programme exceptionnel. Cette ann\u00e9e, plus de 150 intervenants, 500 journalistes, 30 d\u00e9bats et keynotes sont programm\u00e9s \u00e0 l\u2019Hippodrome Longchamp. Avec un th\u00e8me central : \u00ab <em>Demain ne meurt jamais<\/em> \u00bb. Les successions de crise de tout ordre peuvent faire craindre un avenir bien sombre. Un avenir qui est aussi source d\u2019esp\u00e9rance, d\u2019acc\u00e9l\u00e9ration face \u00e0 toutes les transitions. #LaREF23 se veut r\u00e9solument prospective, tourn\u00e9e vers l\u2019avenir des possibles. \u00ab <em>Cette vision, nous la partageons sur nos territoires et notamment en Grand Est. Avec le pr\u00e9sident Franck Leroy, nous travaillons \u00e0 renforcer l\u2019appui aux entreprises pour faciliter leur agilit\u00e9 et leur r\u00e9silience.<\/em> \u00bb, souligne Alexandre Farro, pr\u00e9sident du MEDEF Grand Est. C\u2019est dans<a href=\"https:\/\/remiremontinfo.fr\/wp-content\/uploads\/2021\/07\/R\u00e9gion_Grand_Est_Logo-400x224.jpg\"><img decoding=\"async\" class=\"alignright size-medium wp-image-320601\" src=\"https:\/\/vosgesinfo.fr\/app\/uploads\/sites\/5\/2021\/07\/region-grand-est-logo-400x224-400x224-1.jpg\" alt=\"R\u00e9gion_Grand_Est_Logo-400x224\" width=\"400\" height=\"224\" \/><\/a> ce contexte que nous avons souhait\u00e9 affirmer notre pr\u00e9sence pendant la #REF2023. Un stand commun, \u00e0 retrouver au centre du Village des Partenaires, accueillera \u00e9lus, adh\u00e9rents, chefs d\u2019entreprises, journalistes et partenaires. Lundi 28 ao\u00fbt, Franck Leroy, Pr\u00e9sident de la R\u00e9gion Grand Est, viendra \u00e0 la rencontre des chefs d\u2019entreprise et participera, notamment, \u00e0 18h45, \u00e0 la table ronde \u00ab<em> Les acteurs de l\u2019engagement<\/em> \u00bb. \u00ab <em>Dans un contexte \u00e9conomique et social bouscul\u00e9, notre r\u00f4le est de renforcer notre soutien aux forces vives de nos territoires, aux acteurs et entrepreneurs qui s\u2019engagent et innovent pour faire avancer le monde. Avec en point de mire, l\u2019acc\u00e9l\u00e9ration des transitions, alliant croissance et sobri\u00e9t\u00e9, pour construire un avenir plus durable et plus responsable.<\/em> \u00bb, explique Franck Leroy<\/p>\n","protected":false},"excerpt":{"rendered":"<p>Le MEDEF Grand Est et la R\u00e9gion Grand Est partageront un espace de promotion du Grand Est, \u00e0 la REF [&hellip;]<\/p>\n","protected":false},"author":412,"featured_media":401,"comment_status":"open","ping_status":"open","sticky":false,"template":"","format":"standard","meta":{"footnotes":""},"categories":[26,18],"tags":[111,32],"class_list":["post-400","post","type-post","status-publish","format-standard","has-post-thumbnail","hentry","category-a-la-une","category-vosges","tag-communique","tag-vosges"],"acf":[],"yoast_head":"<!-- This site is optimized with the Yoast SEO plugin v22.5 - https:\/\/yoast.com\/wordpress\/plugins\/seo\/ -->\n<title>MEDEF Grand Est et R\u00e9gion Grand Est communiquent : - Remiremont Info<\/title>\n<meta name=\"robots\" content=\"index, follow, max-snippet:-1, max-image-preview:large, max-video-preview:-1\" \/>\n<link rel=\"canonical\" href=\"https:\/\/vosgesinfo.fr\/remiremontinfo\/2023\/08\/medef-grand-est-et-region-grand-est-communiquent\/\" \/>\n<meta name=\"twitter:card\" content=\"summary_large_image\" \/>\n<meta name=\"twitter:title\" content=\"MEDEF Grand Est et R\u00e9gion Grand Est communiquent : - Remiremont Info\" \/>\n<meta name=\"twitter:description\" content=\"Le MEDEF Grand Est et la R\u00e9gion Grand Est partageront un espace de promotion du Grand Est, \u00e0 la REF [&hellip;]\" \/>\n<meta name=\"twitter:image\" content=\"https:\/\/vosgesinfo.fr\/app\/uploads\/sites\/5\/2021\/07\/region-grand-est-logo-400x224-1.jpg\" \/>\n<meta name=\"twitter:creator\" content=\"@VosgesInfo88\" \/>\n<meta name=\"twitter:site\" content=\"@VosgesInfo88\" \/>\n<meta name=\"twitter:label1\" content=\"\u00c9crit par\" \/>\n\t<meta name=\"twitter:data1\" content=\"Stany Maurice\" \/>\n\t<meta name=\"twitter:label2\" content=\"Dur\u00e9e de lecture estim\u00e9e\" \/>\n\t<meta name=\"twitter:data2\" content=\"2 minutes\" \/>\n<script type=\"application\/ld+json\" class=\"yoast-schema-graph\">{\"@context\":\"https:\/\/schema.org\",\"@graph\":[{\"@type\":\"Article\",\"@id\":\"https:\/\/vosgesinfo.fr\/remiremontinfo\/2023\/08\/medef-grand-est-et-region-grand-est-communiquent\/#article\",\"isPartOf\":{\"@id\":\"https:\/\/vosgesinfo.fr\/remiremontinfo\/2023\/08\/medef-grand-est-et-region-grand-est-communiquent\/\"},\"author\":{\"name\":\"Stany Maurice\",\"@id\":\"https:\/\/vosgesinfo.fr\/remiremontinfo\/#\/schema\/person\/bec388675ce53b5a637aec04392f977e\"},\"headline\":\"MEDEF Grand Est et R\u00e9gion Grand Est communiquent :\",\"datePublished\":\"2023-08-22T15:39:48+00:00\",\"dateModified\":\"2024-01-31T14:53:42+00:00\",\"mainEntityOfPage\":{\"@id\":\"https:\/\/vosgesinfo.fr\/remiremontinfo\/2023\/08\/medef-grand-est-et-region-grand-est-communiquent\/\"},\"wordCount\":322,\"commentCount\":0,\"publisher\":{\"@id\":\"https:\/\/vosgesinfo.fr\/remiremontinfo\/#organization\"},\"image\":{\"@id\":\"https:\/\/vosgesinfo.fr\/remiremontinfo\/2023\/08\/medef-grand-est-et-region-grand-est-communiquent\/#primaryimage\"},\"thumbnailUrl\":\"https:\/\/vosgesinfo.fr\/app\/uploads\/sites\/5\/2021\/07\/region-grand-est-logo-400x224-1.jpg\",\"keywords\":[\"communiqu\u00e9\",\"Vosges\"],\"articleSection\":[\"A la Une\",\"Vosges\"],\"inLanguage\":\"fr-FR\",\"potentialAction\":[{\"@type\":\"CommentAction\",\"name\":\"Comment\",\"target\":[\"https:\/\/vosgesinfo.fr\/remiremontinfo\/2023\/08\/medef-grand-est-et-region-grand-est-communiquent\/#respond\"]}]},{\"@type\":\"WebPage\",\"@id\":\"https:\/\/vosgesinfo.fr\/remiremontinfo\/2023\/08\/medef-grand-est-et-region-grand-est-communiquent\/\",\"url\":\"https:\/\/vosgesinfo.fr\/remiremontinfo\/2023\/08\/medef-grand-est-et-region-grand-est-communiquent\/\",\"name\":\"MEDEF Grand Est et R\u00e9gion Grand Est communiquent : - Remiremont Info\",\"isPartOf\":{\"@id\":\"https:\/\/vosgesinfo.fr\/remiremontinfo\/#website\"},\"primaryImageOfPage\":{\"@id\":\"https:\/\/vosgesinfo.fr\/remiremontinfo\/2023\/08\/medef-grand-est-et-region-grand-est-communiquent\/#primaryimage\"},\"image\":{\"@id\":\"https:\/\/vosgesinfo.fr\/remiremontinfo\/2023\/08\/medef-grand-est-et-region-grand-est-communiquent\/#primaryimage\"},\"thumbnailUrl\":\"https:\/\/vosgesinfo.fr\/app\/uploads\/sites\/5\/2021\/07\/region-grand-est-logo-400x224-1.jpg\",\"datePublished\":\"2023-08-22T15:39:48+00:00\",\"dateModified\":\"2024-01-31T14:53:42+00:00\",\"breadcrumb\":{\"@id\":\"https:\/\/vosgesinfo.fr\/remiremontinfo\/2023\/08\/medef-grand-est-et-region-grand-est-communiquent\/#breadcrumb\"},\"inLanguage\":\"fr-FR\",\"potentialAction\":[{\"@type\":\"ReadAction\",\"target\":[\"https:\/\/vosgesinfo.fr\/remiremontinfo\/2023\/08\/medef-grand-est-et-region-grand-est-communiquent\/\"]}]},{\"@type\":\"ImageObject\",\"inLanguage\":\"fr-FR\",\"@id\":\"https:\/\/vosgesinfo.fr\/remiremontinfo\/2023\/08\/medef-grand-est-et-region-grand-est-communiquent\/#primaryimage\",\"url\":\"https:\/\/vosgesinfo.fr\/app\/uploads\/sites\/5\/2021\/07\/region-grand-est-logo-400x224-1.jpg\",\"contentUrl\":\"https:\/\/vosgesinfo.fr\/app\/uploads\/sites\/5\/2021\/07\/region-grand-est-logo-400x224-1.jpg\",\"width\":400,\"height\":224},{\"@type\":\"BreadcrumbList\",\"@id\":\"https:\/\/vosgesinfo.fr\/remiremontinfo\/2023\/08\/medef-grand-est-et-region-grand-est-communiquent\/#breadcrumb\",\"itemListElement\":[{\"@type\":\"ListItem\",\"position\":1,\"name\":\"Home\",\"item\":\"https:\/\/vosgesinfo.fr\/remiremontinfo\/\"},{\"@type\":\"ListItem\",\"position\":2,\"name\":\"MEDEF Grand Est et R\u00e9gion Grand Est communiquent :\"}]},{\"@type\":\"WebSite\",\"@id\":\"https:\/\/vosgesinfo.fr\/remiremontinfo\/#website\",\"url\":\"https:\/\/vosgesinfo.fr\/remiremontinfo\/\",\"name\":\"Remiremont Info\",\"description\":\"Toute l&#039;actualit\u00e9 de Remiremont\",\"publisher\":{\"@id\":\"https:\/\/vosgesinfo.fr\/remiremontinfo\/#organization\"},\"alternateName\":\"Toute l'actualit\u00e9 de Remiremont\",\"potentialAction\":[{\"@type\":\"SearchAction\",\"target\":{\"@type\":\"EntryPoint\",\"urlTemplate\":\"https:\/\/vosgesinfo.fr\/remiremontinfo\/?s={search_term_string}\"},\"query-input\":\"required name=search_term_string\"}],\"inLanguage\":\"fr-FR\"},{\"@type\":\"Organization\",\"@id\":\"https:\/\/vosgesinfo.fr\/remiremontinfo\/#organization\",\"name\":\"Remiremont Info\",\"url\":\"https:\/\/vosgesinfo.fr\/remiremontinfo\/\",\"logo\":{\"@type\":\"ImageObject\",\"inLanguage\":\"fr-FR\",\"@id\":\"https:\/\/vosgesinfo.fr\/remiremontinfo\/#\/schema\/logo\/image\/\",\"url\":\"https:\/\/vosgesinfo.fr\/app\/uploads\/sites\/5\/2023\/08\/favicon-remiremontinfo.png\",\"contentUrl\":\"https:\/\/vosgesinfo.fr\/app\/uploads\/sites\/5\/2023\/08\/favicon-remiremontinfo.png\",\"width\":512,\"height\":512,\"caption\":\"Remiremont Info\"},\"image\":{\"@id\":\"https:\/\/vosgesinfo.fr\/remiremontinfo\/#\/schema\/logo\/image\/\"},\"sameAs\":[\"https:\/\/www.facebook.com\/remiremontinfo\",\"https:\/\/x.com\/VosgesInfo88\",\"https:\/\/www.youtube.com\/@vosgesinfo\"]},{\"@type\":\"Person\",\"@id\":\"https:\/\/vosgesinfo.fr\/remiremontinfo\/#\/schema\/person\/bec388675ce53b5a637aec04392f977e\",\"name\":\"Stany Maurice\",\"image\":{\"@type\":\"ImageObject\",\"inLanguage\":\"fr-FR\",\"@id\":\"https:\/\/vosgesinfo.fr\/remiremontinfo\/#\/schema\/person\/image\/\",\"url\":\"https:\/\/secure.gravatar.com\/avatar\/68520b0c74251371bd10958bd19c3ce39a212093b8fff0dc3edbfcfddd089807?s=96&d=mm&r=g\",\"contentUrl\":\"https:\/\/secure.gravatar.com\/avatar\/68520b0c74251371bd10958bd19c3ce39a212093b8fff0dc3edbfcfddd089807?s=96&d=mm&r=g\",\"caption\":\"Stany Maurice\"},\"url\":\"https:\/\/vosgesinfo.fr\/remiremontinfo\/author\/s-maurice\/\"}]}<\/script>\n<!-- \/ Yoast SEO plugin. -->","yoast_head_json":{"title":"MEDEF Grand Est et R\u00e9gion Grand Est communiquent : - Remiremont Info","robots":{"index":"index","follow":"follow","max-snippet":"max-snippet:-1","max-image-preview":"max-image-preview:large","max-video-preview":"max-video-preview:-1"},"canonical":"https:\/\/vosgesinfo.fr\/remiremontinfo\/2023\/08\/medef-grand-est-et-region-grand-est-communiquent\/","twitter_card":"summary_large_image","twitter_title":"MEDEF Grand Est et R\u00e9gion Grand Est communiquent : - Remiremont Info","twitter_description":"Le MEDEF Grand Est et la R\u00e9gion Grand Est partageront un espace de promotion du Grand Est, \u00e0 la REF [&hellip;]","twitter_image":"https:\/\/vosgesinfo.fr\/app\/uploads\/sites\/5\/2021\/07\/region-grand-est-logo-400x224-1.jpg","twitter_creator":"@VosgesInfo88","twitter_site":"@VosgesInfo88","twitter_misc":{"\u00c9crit par":"Stany Maurice","Dur\u00e9e de lecture estim\u00e9e":"2 minutes"},"schema":{"@context":"https:\/\/schema.org","@graph":[{"@type":"Article","@id":"https:\/\/vosgesinfo.fr\/remiremontinfo\/2023\/08\/medef-grand-est-et-region-grand-est-communiquent\/#article","isPartOf":{"@id":"https:\/\/vosgesinfo.fr\/remiremontinfo\/2023\/08\/medef-grand-est-et-region-grand-est-communiquent\/"},"author":{"name":"Stany Maurice","@id":"https:\/\/vosgesinfo.fr\/remiremontinfo\/#\/schema\/person\/bec388675ce53b5a637aec04392f977e"},"headline":"MEDEF Grand Est et R\u00e9gion Grand Est communiquent :","datePublished":"2023-08-22T15:39:48+00:00","dateModified":"2024-01-31T14:53:42+00:00","mainEntityOfPage":{"@id":"https:\/\/vosgesinfo.fr\/remiremontinfo\/2023\/08\/medef-grand-est-et-region-grand-est-communiquent\/"},"wordCount":322,"commentCount":0,"publisher":{"@id":"https:\/\/vosgesinfo.fr\/remiremontinfo\/#organization"},"image":{"@id":"https:\/\/vosgesinfo.fr\/remiremontinfo\/2023\/08\/medef-grand-est-et-region-grand-est-communiquent\/#primaryimage"},"thumbnailUrl":"https:\/\/vosgesinfo.fr\/app\/uploads\/sites\/5\/2021\/07\/region-grand-est-logo-400x224-1.jpg","keywords":["communiqu\u00e9","Vosges"],"articleSection":["A la Une","Vosges"],"inLanguage":"fr-FR","potentialAction":[{"@type":"CommentAction","name":"Comment","target":["https:\/\/vosgesinfo.fr\/remiremontinfo\/2023\/08\/medef-grand-est-et-region-grand-est-communiquent\/#respond"]}]},{"@type":"WebPage","@id":"https:\/\/vosgesinfo.fr\/remiremontinfo\/2023\/08\/medef-grand-est-et-region-grand-est-communiquent\/","url":"https:\/\/vosgesinfo.fr\/remiremontinfo\/2023\/08\/medef-grand-est-et-region-grand-est-communiquent\/","name":"MEDEF Grand Est et R\u00e9gion Grand Est communiquent : - Remiremont Info","isPartOf":{"@id":"https:\/\/vosgesinfo.fr\/remiremontinfo\/#website"},"primaryImageOfPage":{"@id":"https:\/\/vosgesinfo.fr\/remiremontinfo\/2023\/08\/medef-grand-est-et-region-grand-est-communiquent\/#primaryimage"},"image":{"@id":"https:\/\/vosgesinfo.fr\/remiremontinfo\/2023\/08\/medef-grand-est-et-region-grand-est-communiquent\/#primaryimage"},"thumbnailUrl":"https:\/\/vosgesinfo.fr\/app\/uploads\/sites\/5\/2021\/07\/region-grand-est-logo-400x224-1.jpg","datePublished":"2023-08-22T15:39:48+00:00","dateModified":"2024-01-31T14:53:42+00:00","breadcrumb":{"@id":"https:\/\/vosgesinfo.fr\/remiremontinfo\/2023\/08\/medef-grand-est-et-region-grand-est-communiquent\/#breadcrumb"},"inLanguage":"fr-FR","potentialAction":[{"@type":"ReadAction","target":["https:\/\/vosgesinfo.fr\/remiremontinfo\/2023\/08\/medef-grand-est-et-region-grand-est-communiquent\/"]}]},{"@type":"ImageObject","inLanguage":"fr-FR","@id":"https:\/\/vosgesinfo.fr\/remiremontinfo\/2023\/08\/medef-grand-est-et-region-grand-est-communiquent\/#primaryimage","url":"https:\/\/vosgesinfo.fr\/app\/uploads\/sites\/5\/2021\/07\/region-grand-est-logo-400x224-1.jpg","contentUrl":"https:\/\/vosgesinfo.fr\/app\/uploads\/sites\/5\/2021\/07\/region-grand-est-logo-400x224-1.jpg","width":400,"height":224},{"@type":"BreadcrumbList","@id":"https:\/\/vosgesinfo.fr\/remiremontinfo\/2023\/08\/medef-grand-est-et-region-grand-est-communiquent\/#breadcrumb","itemListElement":[{"@type":"ListItem","position":1,"name":"Home","item":"https:\/\/vosgesinfo.fr\/remiremontinfo\/"},{"@type":"ListItem","position":2,"name":"MEDEF Grand Est et R\u00e9gion Grand Est communiquent :"}]},{"@type":"WebSite","@id":"https:\/\/vosgesinfo.fr\/remiremontinfo\/#website","url":"https:\/\/vosgesinfo.fr\/remiremontinfo\/","name":"Remiremont Info","description":"Toute l&#039;actualit\u00e9 de Remiremont","publisher":{"@id":"https:\/\/vosgesinfo.fr\/remiremontinfo\/#organization"},"alternateName":"Toute l'actualit\u00e9 de Remiremont","potentialAction":[{"@type":"SearchAction","target":{"@type":"EntryPoint","urlTemplate":"https:\/\/vosgesinfo.fr\/remiremontinfo\/?s={search_term_string}"},"query-input":"required name=search_term_string"}],"inLanguage":"fr-FR"},{"@type":"Organization","@id":"https:\/\/vosgesinfo.fr\/remiremontinfo\/#organization","name":"Remiremont Info","url":"https:\/\/vosgesinfo.fr\/remiremontinfo\/","logo":{"@type":"ImageObject","inLanguage":"fr-FR","@id":"https:\/\/vosgesinfo.fr\/remiremontinfo\/#\/schema\/logo\/image\/","url":"https:\/\/vosgesinfo.fr\/app\/uploads\/sites\/5\/2023\/08\/favicon-remiremontinfo.png","contentUrl":"https:\/\/vosgesinfo.fr\/app\/uploads\/sites\/5\/2023\/08\/favicon-remiremontinfo.png","width":512,"height":512,"caption":"Remiremont Info"},"image":{"@id":"https:\/\/vosgesinfo.fr\/remiremontinfo\/#\/schema\/logo\/image\/"},"sameAs":["https:\/\/www.facebook.com\/remiremontinfo","https:\/\/x.com\/VosgesInfo88","https:\/\/www.youtube.com\/@vosgesinfo"]},{"@type":"Person","@id":"https:\/\/vosgesinfo.fr\/remiremontinfo\/#\/schema\/person\/bec388675ce53b5a637aec04392f977e","name":"Stany Maurice","image":{"@type":"ImageObject","inLanguage":"fr-FR","@id":"https:\/\/vosgesinfo.fr\/remiremontinfo\/#\/schema\/person\/image\/","url":"https:\/\/secure.gravatar.com\/avatar\/68520b0c74251371bd10958bd19c3ce39a212093b8fff0dc3edbfcfddd089807?s=96&d=mm&r=g","contentUrl":"https:\/\/secure.gravatar.com\/avatar\/68520b0c74251371bd10958bd19c3ce39a212093b8fff0dc3edbfcfddd089807?s=96&d=mm&r=g","caption":"Stany Maurice"},"url":"https:\/\/vosgesinfo.fr\/remiremontinfo\/author\/s-maurice\/"}]}},"_links":{"self":[{"href":"https:\/\/vosgesinfo.fr\/remiremontinfo\/wp-json\/wp\/v2\/posts\/400","targetHints":{"allow":["GET"]}}],"collection":[{"href":"https:\/\/vosgesinfo.fr\/remiremontinfo\/wp-json\/wp\/v2\/posts"}],"about":[{"href":"https:\/\/vosgesinfo.fr\/remiremontinfo\/wp-json\/wp\/v2\/types\/post"}],"author":[{"embeddable":true,"href":"https:\/\/vosgesinfo.fr\/remiremontinfo\/wp-json\/wp\/v2\/users\/412"}],"replies":[{"embeddable":true,"href":"https:\/\/vosgesinfo.fr\/remiremontinfo\/wp-json\/wp\/v2\/comments?post=400"}],"version-history":[{"count":1,"href":"https:\/\/vosgesinfo.fr\/remiremontinfo\/wp-json\/wp\/v2\/posts\/400\/revisions"}],"predecessor-version":[{"id":631,"href":"https:\/\/vosgesinfo.fr\/remiremontinfo\/wp-json\/wp\/v2\/posts\/400\/revisions\/631"}],"wp:featuredmedia":[{"embeddable":true,"href":"https:\/\/vosgesinfo.fr\/remiremontinfo\/wp-json\/wp\/v2\/media\/401"}],"wp:attachment":[{"href":"https:\/\/vosgesinfo.fr\/remiremontinfo\/wp-json\/wp\/v2\/media?parent=400"}],"wp:term":[{"taxonomy":"category","embeddable":true,"href":"https:\/\/vosgesinfo.fr\/remiremontinfo\/wp-json\/wp\/v2\/categories?post=400"},{"taxonomy":"post_tag","embeddable":true,"href":"https:\/\/vosgesinfo.fr\/remiremontinfo\/wp-json\/wp\/v2\/tags?post=400"}],"curies":[{"name":"wp","href":"https:\/\/api.w.org\/{rel}","templated":true}]}}