{"id":40014,"date":"2021-05-07T17:43:40","date_gmt":"2021-05-07T15:43:40","guid":{"rendered":"https:\/\/vosgesinfo.fr\/remiremontinfo\/2021\/05\/vagney-lentreprise-tricotage-vosges-laureate-fonds-de-soutien-aux-investissements-industriels\/"},"modified":"2021-05-07T17:43:40","modified_gmt":"2021-05-07T15:43:40","slug":"vagney-lentreprise-tricotage-vosges-laureate-fonds-de-soutien-aux-investissements-industriels","status":"publish","type":"post","link":"https:\/\/vosgesinfo.fr\/remiremontinfo\/2021\/05\/vagney-lentreprise-tricotage-vosges-laureate-fonds-de-soutien-aux-investissements-industriels\/","title":{"rendered":"Vagney\u00a0: l\u2019entreprise \u00ab\u00a0Tricotage des Vosges\u00a0\u00bb laur\u00e9ate du fonds de soutien aux investissements industriels"},"content":{"rendered":"<p style=\"text-align: center;\" align=\"left\"><a href=\"\/2021\/05\/DSC_21271.jpg\"><img decoding=\"async\" class=\"alignnone size-full wp-image-315754\" src=\"\/2021\/05\/DSC_21271.jpg\" alt=\"DSC_2127\" width=\"800\" height=\"567\" \/><\/a><\/p>\n<h2 align=\"left\"><span style=\"font-size: 12pt;\"><strong>Dans le cadre du plan \u00ab France Relance \u00bb, un fonds d\u2019acc\u00e9l\u00e9ration des investissements industriels a \u00e9t\u00e9 lanc\u00e9. Il est dot\u00e9 de 400 millions d\u2019euros sur la p\u00e9riode allant de 2020 \u00e0 2022. L\u2019objectif affich\u00e9 est de favoriser la relance de l\u2019industrie fran\u00e7aise et la comp\u00e9titivit\u00e9 des entreprises apr\u00e8s la crise li\u00e9e \u00e0 la Covid-19. A Vagney, l\u2019entreprise \u00ab\u00a0Tricotage des Vosges\u00a0\u00bb est laur\u00e9ate.<\/strong><\/span><\/h2>\n<p align=\"left\">Yves S\u00e9guy, pr\u00e9fet des Vosges, est all\u00e9 visiter les usines de fabrication ce vendredi en pr\u00e9sence de nombreux \u00e9lus, parmi lesquels les d\u00e9put\u00e9s Christophe Naegelen et Daniel Gremillet, ou encore le maire de Vagney, Didier Houot. Cr\u00e9\u00e9e en 1994 et ancien \u00e9tablissement DIM, l\u2019entreprise \u00ab Tricotage des Vosges \u00bb fabrique et commercialise des chaussettes, des bas, des collants, sous les marques Bleufor\u00eat et Olympia. Les articles haut de gamme portent le label \u00ab\u00a0Vosges Terre Textile\u00a0\u00bb. Le projet, dont le co\u00fbt s\u2019\u00e9l\u00e8ve \u00e0 600 000\u20ac , repose sur la relocalisation d\u2019une partie de la production des chaussettes Olympia actuellement fabriqu\u00e9es en Europe de l\u2019Est. L\u2019investissement permettra la cr\u00e9ation de 4 emplois. Quinze m\u00e9tiers \u00e0 tricoter, une formeuse et une machine de finition vont \u00eatre acquis.<\/p>\n<p align=\"left\">La d\u00e9marche de relocalisation des produits \u00ab\u00a0Olympia\u00a0\u00bb a commenc\u00e9 il y a plusieurs ann\u00e9es. En 2010, lorsque \u00ab\u00a0Tricotage des Vosges\u00a0\u00bb rach\u00e8te la marque, l\u2019int\u00e9gralit\u00e9 de la production \u00e9tait d\u00e9localis\u00e9e en Roumanie. 25\u00a0% a \u00e9t\u00e9 rapatri\u00e9 en France imm\u00e9diatement, puis 30\u00a0%, puis 50\u00a0%. Aujourd\u2019hui, 60\u00a0% environ est relocalis\u00e9 en France. L\u2019objectif affich\u00e9 est d\u2019atteindre 75\u00a0% d\u2019ici \u00e0 2022. Par ailleurs, depuis six ann\u00e9es, une cha\u00eene de fabrication de collants fonctionne \u00e0 Vagney. <em>\u00ab\u00a0On est parti de z\u00e9ro\u00a0\u00bb<\/em>, explique Vincent Marie, dirigeant de l\u2019entreprise. <em>\u00ab\u00a0Il a fallu aller trouver ces savoir-faire chez des personnes retrait\u00e9es\u00a0\u00bb.<\/em><\/p>\n<p align=\"left\">Le chef d\u2019entreprise exprime sa satisfaction face au regain d\u2019int\u00e9r\u00eat pour la production industrielle fran\u00e7aise. <em>\u00ab\u00a0Depuis quelques ann\u00e9es (\u2026) il y a un retour en gr\u00e2ce de la production, de l\u2019industrie\u00a0\u00bb<\/em>, affirme Vincent Marie. Et la crise de la Covid-19 aurait amplifi\u00e9 ce mouvement. <em>\u00ab\u00a0Un vrai booster\u00a0\u00bb<\/em>. Notamment lorsqu\u2019il a fallu se fournir en masques, en gel hydroalcoolique, en m\u00e9dicaments.<em> \u00ab\u00a0On s\u2019est bien rendu compte qu\u2019on n\u2019\u00e9tait plus ind\u00e9pendant\u00a0\u00bb<\/em>. A Vagney, l\u2019entreprise textile \u00e0 r\u00e9ussi \u00e0 traverser cette ann\u00e9e compliqu\u00e9e. <em>\u00ab\u00a0On a refus\u00e9 l\u2019arr\u00eat\u00a0\u00bb<\/em>. L\u2019investissement a continu\u00e9. Les emplois ont \u00e9t\u00e9 maintenus. <em>\u00ab\u00a0On est debout, on est en place\u00a0\u00bb.<\/em><\/p>\n<blockquote>\n<p align=\"left\"><span style=\"color: #808080;\"><em>Chose curieuse\u00a0: les produits de l\u2019entreprise \u00e9taient consid\u00e9r\u00e9s lors du premier confinement comme des biens de consommation courante accessibles, mais sont pass\u00e9s dans la liste des \u00ab\u00a0non essentiels\u00a0\u00bb depuis novembre dernier. \u00c7a tombe mal\u00a0: la fin d\u2019ann\u00e9e est la plus importante p\u00e9riode de vente.<\/em><\/span><\/p>\n<\/blockquote>\n<p align=\"left\">Dans les Vosges, ce sont d\u2019ores et d\u00e9j\u00e0 16 entreprises qui sont laur\u00e9ates du fonds d\u2019acc\u00e9l\u00e9ration des investissements industriels dans le cadre du plan \u00ab France Relance \u00bb. Les projets soutenus doivent permettre aux entreprises de diversifier leur activit\u00e9, moderniser leurs proc\u00e9d\u00e9s de fabrication et p\u00e9renniser leur pr\u00e9sence sur le territoire, tout en contribuant \u00e0 la \u00ab\u00a0transition \u00e9cologique et solidaire\u00a0\u00bb.<\/p>\n\n","protected":false},"excerpt":{"rendered":"<p>Dans le cadre du plan \u00ab France Relance \u00bb, un fonds d\u2019acc\u00e9l\u00e9ration des investissements industriels a \u00e9t\u00e9 lanc\u00e9. Il est [&hellip;]<\/p>\n","protected":false},"author":407,"featured_media":40015,"comment_status":"open","ping_status":"open","sticky":false,"template":"","format":"standard","meta":{"footnotes":""},"categories":[26,5,25,36],"tags":[],"class_list":["post-40014","post","type-post","status-publish","format-standard","has-post-thumbnail","hentry","category-a-la-une","category-economie","category-la-bresse-son-canton","category-vagney"],"acf":[],"yoast_head":"<!-- This site is optimized with the Yoast SEO plugin v22.5 - https:\/\/yoast.com\/wordpress\/plugins\/seo\/ -->\n<title>Vagney\u00a0: l\u2019entreprise &quot;Tricotage des Vosges&quot; laur\u00e9ate du fonds de soutien aux investissements industriels - Remiremont Info<\/title>\n<meta name=\"robots\" content=\"index, follow, max-snippet:-1, max-image-preview:large, max-video-preview:-1\" \/>\n<link rel=\"canonical\" href=\"https:\/\/vosgesinfo.fr\/remiremontinfo\/2021\/05\/vagney-lentreprise-tricotage-vosges-laureate-fonds-de-soutien-aux-investissements-industriels\/\" \/>\n<meta name=\"twitter:card\" content=\"summary_large_image\" \/>\n<meta name=\"twitter:title\" content=\"Vagney\u00a0: l\u2019entreprise &quot;Tricotage des Vosges&quot; laur\u00e9ate du fonds de soutien aux investissements industriels - Remiremont Info\" \/>\n<meta name=\"twitter:description\" content=\"Dans le cadre du plan \u00ab France Relance \u00bb, un fonds d\u2019acc\u00e9l\u00e9ration des investissements industriels a \u00e9t\u00e9 lanc\u00e9. Il est [&hellip;]\" \/>\n<meta name=\"twitter:image\" content=\"https:\/\/vosgesinfo.fr\/app\/uploads\/sites\/5\/2024\/09\/202105dsc-21711.jpg\" \/>\n<meta name=\"twitter:creator\" content=\"@VosgesInfo88\" \/>\n<meta name=\"twitter:site\" content=\"@VosgesInfo88\" \/>\n<meta name=\"twitter:label1\" content=\"\u00c9crit par\" \/>\n\t<meta name=\"twitter:data1\" content=\"C D\" \/>\n\t<meta name=\"twitter:label2\" content=\"Dur\u00e9e de lecture estim\u00e9e\" \/>\n\t<meta name=\"twitter:data2\" content=\"3 minutes\" \/>\n<script type=\"application\/ld+json\" class=\"yoast-schema-graph\">{\"@context\":\"https:\/\/schema.org\",\"@graph\":[{\"@type\":\"Article\",\"@id\":\"https:\/\/vosgesinfo.fr\/remiremontinfo\/2021\/05\/vagney-lentreprise-tricotage-vosges-laureate-fonds-de-soutien-aux-investissements-industriels\/#article\",\"isPartOf\":{\"@id\":\"https:\/\/vosgesinfo.fr\/remiremontinfo\/2021\/05\/vagney-lentreprise-tricotage-vosges-laureate-fonds-de-soutien-aux-investissements-industriels\/\"},\"author\":{\"name\":\"C D\",\"@id\":\"https:\/\/vosgesinfo.fr\/remiremontinfo\/#\/schema\/person\/3bfd164d5218a185b1db68655a265316\"},\"headline\":\"Vagney\u00a0: l\u2019entreprise \u00ab\u00a0Tricotage des Vosges\u00a0\u00bb laur\u00e9ate du fonds de soutien aux investissements industriels\",\"datePublished\":\"2021-05-07T15:43:40+00:00\",\"dateModified\":\"2021-05-07T15:43:40+00:00\",\"mainEntityOfPage\":{\"@id\":\"https:\/\/vosgesinfo.fr\/remiremontinfo\/2021\/05\/vagney-lentreprise-tricotage-vosges-laureate-fonds-de-soutien-aux-investissements-industriels\/\"},\"wordCount\":559,\"commentCount\":0,\"publisher\":{\"@id\":\"https:\/\/vosgesinfo.fr\/remiremontinfo\/#organization\"},\"image\":{\"@id\":\"https:\/\/vosgesinfo.fr\/remiremontinfo\/2021\/05\/vagney-lentreprise-tricotage-vosges-laureate-fonds-de-soutien-aux-investissements-industriels\/#primaryimage\"},\"thumbnailUrl\":\"https:\/\/vosgesinfo.fr\/app\/uploads\/sites\/5\/2024\/09\/202105dsc-21711.jpg\",\"articleSection\":[\"A la Une\",\"\u00c9conomie\",\"La Bresse &amp; son canton\",\"Vagney\"],\"inLanguage\":\"fr-FR\",\"potentialAction\":[{\"@type\":\"CommentAction\",\"name\":\"Comment\",\"target\":[\"https:\/\/vosgesinfo.fr\/remiremontinfo\/2021\/05\/vagney-lentreprise-tricotage-vosges-laureate-fonds-de-soutien-aux-investissements-industriels\/#respond\"]}]},{\"@type\":\"WebPage\",\"@id\":\"https:\/\/vosgesinfo.fr\/remiremontinfo\/2021\/05\/vagney-lentreprise-tricotage-vosges-laureate-fonds-de-soutien-aux-investissements-industriels\/\",\"url\":\"https:\/\/vosgesinfo.fr\/remiremontinfo\/2021\/05\/vagney-lentreprise-tricotage-vosges-laureate-fonds-de-soutien-aux-investissements-industriels\/\",\"name\":\"Vagney\u00a0: l\u2019entreprise \\\"Tricotage des Vosges\\\" laur\u00e9ate du fonds de soutien aux investissements industriels - Remiremont Info\",\"isPartOf\":{\"@id\":\"https:\/\/vosgesinfo.fr\/remiremontinfo\/#website\"},\"primaryImageOfPage\":{\"@id\":\"https:\/\/vosgesinfo.fr\/remiremontinfo\/2021\/05\/vagney-lentreprise-tricotage-vosges-laureate-fonds-de-soutien-aux-investissements-industriels\/#primaryimage\"},\"image\":{\"@id\":\"https:\/\/vosgesinfo.fr\/remiremontinfo\/2021\/05\/vagney-lentreprise-tricotage-vosges-laureate-fonds-de-soutien-aux-investissements-industriels\/#primaryimage\"},\"thumbnailUrl\":\"https:\/\/vosgesinfo.fr\/app\/uploads\/sites\/5\/2024\/09\/202105dsc-21711.jpg\",\"datePublished\":\"2021-05-07T15:43:40+00:00\",\"dateModified\":\"2021-05-07T15:43:40+00:00\",\"breadcrumb\":{\"@id\":\"https:\/\/vosgesinfo.fr\/remiremontinfo\/2021\/05\/vagney-lentreprise-tricotage-vosges-laureate-fonds-de-soutien-aux-investissements-industriels\/#breadcrumb\"},\"inLanguage\":\"fr-FR\",\"potentialAction\":[{\"@type\":\"ReadAction\",\"target\":[\"https:\/\/vosgesinfo.fr\/remiremontinfo\/2021\/05\/vagney-lentreprise-tricotage-vosges-laureate-fonds-de-soutien-aux-investissements-industriels\/\"]}]},{\"@type\":\"ImageObject\",\"inLanguage\":\"fr-FR\",\"@id\":\"https:\/\/vosgesinfo.fr\/remiremontinfo\/2021\/05\/vagney-lentreprise-tricotage-vosges-laureate-fonds-de-soutien-aux-investissements-industriels\/#primaryimage\",\"url\":\"https:\/\/vosgesinfo.fr\/app\/uploads\/sites\/5\/2024\/09\/202105dsc-21711.jpg\",\"contentUrl\":\"https:\/\/vosgesinfo.fr\/app\/uploads\/sites\/5\/2024\/09\/202105dsc-21711.jpg\",\"width\":800,\"height\":597},{\"@type\":\"BreadcrumbList\",\"@id\":\"https:\/\/vosgesinfo.fr\/remiremontinfo\/2021\/05\/vagney-lentreprise-tricotage-vosges-laureate-fonds-de-soutien-aux-investissements-industriels\/#breadcrumb\",\"itemListElement\":[{\"@type\":\"ListItem\",\"position\":1,\"name\":\"Home\",\"item\":\"https:\/\/vosgesinfo.fr\/remiremontinfo\/\"},{\"@type\":\"ListItem\",\"position\":2,\"name\":\"Vagney\u00a0: l\u2019entreprise \u00ab\u00a0Tricotage des Vosges\u00a0\u00bb laur\u00e9ate du fonds de soutien aux investissements industriels\"}]},{\"@type\":\"WebSite\",\"@id\":\"https:\/\/vosgesinfo.fr\/remiremontinfo\/#website\",\"url\":\"https:\/\/vosgesinfo.fr\/remiremontinfo\/\",\"name\":\"Remiremont Info\",\"description\":\"Toute l&#039;actualit\u00e9 de Remiremont\",\"publisher\":{\"@id\":\"https:\/\/vosgesinfo.fr\/remiremontinfo\/#organization\"},\"alternateName\":\"Toute l'actualit\u00e9 de Remiremont\",\"potentialAction\":[{\"@type\":\"SearchAction\",\"target\":{\"@type\":\"EntryPoint\",\"urlTemplate\":\"https:\/\/vosgesinfo.fr\/remiremontinfo\/?s={search_term_string}\"},\"query-input\":\"required name=search_term_string\"}],\"inLanguage\":\"fr-FR\"},{\"@type\":\"Organization\",\"@id\":\"https:\/\/vosgesinfo.fr\/remiremontinfo\/#organization\",\"name\":\"Remiremont Info\",\"url\":\"https:\/\/vosgesinfo.fr\/remiremontinfo\/\",\"logo\":{\"@type\":\"ImageObject\",\"inLanguage\":\"fr-FR\",\"@id\":\"https:\/\/vosgesinfo.fr\/remiremontinfo\/#\/schema\/logo\/image\/\",\"url\":\"https:\/\/vosgesinfo.fr\/app\/uploads\/sites\/5\/2023\/08\/favicon-remiremontinfo.png\",\"contentUrl\":\"https:\/\/vosgesinfo.fr\/app\/uploads\/sites\/5\/2023\/08\/favicon-remiremontinfo.png\",\"width\":512,\"height\":512,\"caption\":\"Remiremont Info\"},\"image\":{\"@id\":\"https:\/\/vosgesinfo.fr\/remiremontinfo\/#\/schema\/logo\/image\/\"},\"sameAs\":[\"https:\/\/www.facebook.com\/remiremontinfo\",\"https:\/\/x.com\/VosgesInfo88\",\"https:\/\/www.youtube.com\/@vosgesinfo\"]},{\"@type\":\"Person\",\"@id\":\"https:\/\/vosgesinfo.fr\/remiremontinfo\/#\/schema\/person\/3bfd164d5218a185b1db68655a265316\",\"name\":\"C D\",\"image\":{\"@type\":\"ImageObject\",\"inLanguage\":\"fr-FR\",\"@id\":\"https:\/\/vosgesinfo.fr\/remiremontinfo\/#\/schema\/person\/image\/\",\"url\":\"https:\/\/secure.gravatar.com\/avatar\/1f9a70007336511a47468b8f1c66f922b8b7cf617b02a31149ada43893a5d48f?s=96&d=mm&r=g\",\"contentUrl\":\"https:\/\/secure.gravatar.com\/avatar\/1f9a70007336511a47468b8f1c66f922b8b7cf617b02a31149ada43893a5d48f?s=96&d=mm&r=g\",\"caption\":\"C D\"},\"url\":\"https:\/\/vosgesinfo.fr\/remiremontinfo\/author\/cedric-drevet\/\"}]}<\/script>\n<!-- \/ Yoast SEO plugin. -->","yoast_head_json":{"title":"Vagney\u00a0: l\u2019entreprise \"Tricotage des Vosges\" laur\u00e9ate du fonds de soutien aux investissements industriels - Remiremont Info","robots":{"index":"index","follow":"follow","max-snippet":"max-snippet:-1","max-image-preview":"max-image-preview:large","max-video-preview":"max-video-preview:-1"},"canonical":"https:\/\/vosgesinfo.fr\/remiremontinfo\/2021\/05\/vagney-lentreprise-tricotage-vosges-laureate-fonds-de-soutien-aux-investissements-industriels\/","twitter_card":"summary_large_image","twitter_title":"Vagney\u00a0: l\u2019entreprise \"Tricotage des Vosges\" laur\u00e9ate du fonds de soutien aux investissements industriels - Remiremont Info","twitter_description":"Dans le cadre du plan \u00ab France Relance \u00bb, un fonds d\u2019acc\u00e9l\u00e9ration des investissements industriels a \u00e9t\u00e9 lanc\u00e9. Il est [&hellip;]","twitter_image":"https:\/\/vosgesinfo.fr\/app\/uploads\/sites\/5\/2024\/09\/202105dsc-21711.jpg","twitter_creator":"@VosgesInfo88","twitter_site":"@VosgesInfo88","twitter_misc":{"\u00c9crit par":"C D","Dur\u00e9e de lecture estim\u00e9e":"3 minutes"},"schema":{"@context":"https:\/\/schema.org","@graph":[{"@type":"Article","@id":"https:\/\/vosgesinfo.fr\/remiremontinfo\/2021\/05\/vagney-lentreprise-tricotage-vosges-laureate-fonds-de-soutien-aux-investissements-industriels\/#article","isPartOf":{"@id":"https:\/\/vosgesinfo.fr\/remiremontinfo\/2021\/05\/vagney-lentreprise-tricotage-vosges-laureate-fonds-de-soutien-aux-investissements-industriels\/"},"author":{"name":"C D","@id":"https:\/\/vosgesinfo.fr\/remiremontinfo\/#\/schema\/person\/3bfd164d5218a185b1db68655a265316"},"headline":"Vagney\u00a0: l\u2019entreprise \u00ab\u00a0Tricotage des Vosges\u00a0\u00bb laur\u00e9ate du fonds de soutien aux investissements industriels","datePublished":"2021-05-07T15:43:40+00:00","dateModified":"2021-05-07T15:43:40+00:00","mainEntityOfPage":{"@id":"https:\/\/vosgesinfo.fr\/remiremontinfo\/2021\/05\/vagney-lentreprise-tricotage-vosges-laureate-fonds-de-soutien-aux-investissements-industriels\/"},"wordCount":559,"commentCount":0,"publisher":{"@id":"https:\/\/vosgesinfo.fr\/remiremontinfo\/#organization"},"image":{"@id":"https:\/\/vosgesinfo.fr\/remiremontinfo\/2021\/05\/vagney-lentreprise-tricotage-vosges-laureate-fonds-de-soutien-aux-investissements-industriels\/#primaryimage"},"thumbnailUrl":"https:\/\/vosgesinfo.fr\/app\/uploads\/sites\/5\/2024\/09\/202105dsc-21711.jpg","articleSection":["A la Une","\u00c9conomie","La Bresse &amp; son canton","Vagney"],"inLanguage":"fr-FR","potentialAction":[{"@type":"CommentAction","name":"Comment","target":["https:\/\/vosgesinfo.fr\/remiremontinfo\/2021\/05\/vagney-lentreprise-tricotage-vosges-laureate-fonds-de-soutien-aux-investissements-industriels\/#respond"]}]},{"@type":"WebPage","@id":"https:\/\/vosgesinfo.fr\/remiremontinfo\/2021\/05\/vagney-lentreprise-tricotage-vosges-laureate-fonds-de-soutien-aux-investissements-industriels\/","url":"https:\/\/vosgesinfo.fr\/remiremontinfo\/2021\/05\/vagney-lentreprise-tricotage-vosges-laureate-fonds-de-soutien-aux-investissements-industriels\/","name":"Vagney\u00a0: l\u2019entreprise \"Tricotage des Vosges\" laur\u00e9ate du fonds de soutien aux investissements industriels - Remiremont Info","isPartOf":{"@id":"https:\/\/vosgesinfo.fr\/remiremontinfo\/#website"},"primaryImageOfPage":{"@id":"https:\/\/vosgesinfo.fr\/remiremontinfo\/2021\/05\/vagney-lentreprise-tricotage-vosges-laureate-fonds-de-soutien-aux-investissements-industriels\/#primaryimage"},"image":{"@id":"https:\/\/vosgesinfo.fr\/remiremontinfo\/2021\/05\/vagney-lentreprise-tricotage-vosges-laureate-fonds-de-soutien-aux-investissements-industriels\/#primaryimage"},"thumbnailUrl":"https:\/\/vosgesinfo.fr\/app\/uploads\/sites\/5\/2024\/09\/202105dsc-21711.jpg","datePublished":"2021-05-07T15:43:40+00:00","dateModified":"2021-05-07T15:43:40+00:00","breadcrumb":{"@id":"https:\/\/vosgesinfo.fr\/remiremontinfo\/2021\/05\/vagney-lentreprise-tricotage-vosges-laureate-fonds-de-soutien-aux-investissements-industriels\/#breadcrumb"},"inLanguage":"fr-FR","potentialAction":[{"@type":"ReadAction","target":["https:\/\/vosgesinfo.fr\/remiremontinfo\/2021\/05\/vagney-lentreprise-tricotage-vosges-laureate-fonds-de-soutien-aux-investissements-industriels\/"]}]},{"@type":"ImageObject","inLanguage":"fr-FR","@id":"https:\/\/vosgesinfo.fr\/remiremontinfo\/2021\/05\/vagney-lentreprise-tricotage-vosges-laureate-fonds-de-soutien-aux-investissements-industriels\/#primaryimage","url":"https:\/\/vosgesinfo.fr\/app\/uploads\/sites\/5\/2024\/09\/202105dsc-21711.jpg","contentUrl":"https:\/\/vosgesinfo.fr\/app\/uploads\/sites\/5\/2024\/09\/202105dsc-21711.jpg","width":800,"height":597},{"@type":"BreadcrumbList","@id":"https:\/\/vosgesinfo.fr\/remiremontinfo\/2021\/05\/vagney-lentreprise-tricotage-vosges-laureate-fonds-de-soutien-aux-investissements-industriels\/#breadcrumb","itemListElement":[{"@type":"ListItem","position":1,"name":"Home","item":"https:\/\/vosgesinfo.fr\/remiremontinfo\/"},{"@type":"ListItem","position":2,"name":"Vagney\u00a0: l\u2019entreprise \u00ab\u00a0Tricotage des Vosges\u00a0\u00bb laur\u00e9ate du fonds de soutien aux investissements industriels"}]},{"@type":"WebSite","@id":"https:\/\/vosgesinfo.fr\/remiremontinfo\/#website","url":"https:\/\/vosgesinfo.fr\/remiremontinfo\/","name":"Remiremont Info","description":"Toute l&#039;actualit\u00e9 de Remiremont","publisher":{"@id":"https:\/\/vosgesinfo.fr\/remiremontinfo\/#organization"},"alternateName":"Toute l'actualit\u00e9 de Remiremont","potentialAction":[{"@type":"SearchAction","target":{"@type":"EntryPoint","urlTemplate":"https:\/\/vosgesinfo.fr\/remiremontinfo\/?s={search_term_string}"},"query-input":"required name=search_term_string"}],"inLanguage":"fr-FR"},{"@type":"Organization","@id":"https:\/\/vosgesinfo.fr\/remiremontinfo\/#organization","name":"Remiremont Info","url":"https:\/\/vosgesinfo.fr\/remiremontinfo\/","logo":{"@type":"ImageObject","inLanguage":"fr-FR","@id":"https:\/\/vosgesinfo.fr\/remiremontinfo\/#\/schema\/logo\/image\/","url":"https:\/\/vosgesinfo.fr\/app\/uploads\/sites\/5\/2023\/08\/favicon-remiremontinfo.png","contentUrl":"https:\/\/vosgesinfo.fr\/app\/uploads\/sites\/5\/2023\/08\/favicon-remiremontinfo.png","width":512,"height":512,"caption":"Remiremont Info"},"image":{"@id":"https:\/\/vosgesinfo.fr\/remiremontinfo\/#\/schema\/logo\/image\/"},"sameAs":["https:\/\/www.facebook.com\/remiremontinfo","https:\/\/x.com\/VosgesInfo88","https:\/\/www.youtube.com\/@vosgesinfo"]},{"@type":"Person","@id":"https:\/\/vosgesinfo.fr\/remiremontinfo\/#\/schema\/person\/3bfd164d5218a185b1db68655a265316","name":"C D","image":{"@type":"ImageObject","inLanguage":"fr-FR","@id":"https:\/\/vosgesinfo.fr\/remiremontinfo\/#\/schema\/person\/image\/","url":"https:\/\/secure.gravatar.com\/avatar\/1f9a70007336511a47468b8f1c66f922b8b7cf617b02a31149ada43893a5d48f?s=96&d=mm&r=g","contentUrl":"https:\/\/secure.gravatar.com\/avatar\/1f9a70007336511a47468b8f1c66f922b8b7cf617b02a31149ada43893a5d48f?s=96&d=mm&r=g","caption":"C D"},"url":"https:\/\/vosgesinfo.fr\/remiremontinfo\/author\/cedric-drevet\/"}]}},"_links":{"self":[{"href":"https:\/\/vosgesinfo.fr\/remiremontinfo\/wp-json\/wp\/v2\/posts\/40014","targetHints":{"allow":["GET"]}}],"collection":[{"href":"https:\/\/vosgesinfo.fr\/remiremontinfo\/wp-json\/wp\/v2\/posts"}],"about":[{"href":"https:\/\/vosgesinfo.fr\/remiremontinfo\/wp-json\/wp\/v2\/types\/post"}],"author":[{"embeddable":true,"href":"https:\/\/vosgesinfo.fr\/remiremontinfo\/wp-json\/wp\/v2\/users\/407"}],"replies":[{"embeddable":true,"href":"https:\/\/vosgesinfo.fr\/remiremontinfo\/wp-json\/wp\/v2\/comments?post=40014"}],"version-history":[{"count":0,"href":"https:\/\/vosgesinfo.fr\/remiremontinfo\/wp-json\/wp\/v2\/posts\/40014\/revisions"}],"wp:featuredmedia":[{"embeddable":true,"href":"https:\/\/vosgesinfo.fr\/remiremontinfo\/wp-json\/wp\/v2\/media\/40015"}],"wp:attachment":[{"href":"https:\/\/vosgesinfo.fr\/remiremontinfo\/wp-json\/wp\/v2\/media?parent=40014"}],"wp:term":[{"taxonomy":"category","embeddable":true,"href":"https:\/\/vosgesinfo.fr\/remiremontinfo\/wp-json\/wp\/v2\/categories?post=40014"},{"taxonomy":"post_tag","embeddable":true,"href":"https:\/\/vosgesinfo.fr\/remiremontinfo\/wp-json\/wp\/v2\/tags?post=40014"}],"curies":[{"name":"wp","href":"https:\/\/api.w.org\/{rel}","templated":true}]}}