{"id":40050,"date":"2021-05-07T18:34:58","date_gmt":"2021-05-07T16:34:58","guid":{"rendered":"https:\/\/vosgesinfo.fr\/remiremontinfo\/2021\/05\/regionales-lfi-vosges-quitte-lappel-inedit-rejoint-pacte\/"},"modified":"2021-05-07T18:34:58","modified_gmt":"2021-05-07T16:34:58","slug":"regionales-lfi-vosges-quitte-lappel-inedit-rejoint-pacte","status":"publish","type":"post","link":"https:\/\/vosgesinfo.fr\/remiremontinfo\/2021\/05\/regionales-lfi-vosges-quitte-lappel-inedit-rejoint-pacte\/","title":{"rendered":"R\u00e9gionales\u00a0: la LFI des Vosges quitte \u00ab\u00a0l\u2019Appel in\u00e9dit \u00bb et rejoint le \u00ab\u00a0Pacte\u00a0\u00bb"},"content":{"rendered":"<p style=\"text-align: center;\" align=\"left\"><a href=\"\/2021\/05\/DSC_22211.jpg\"><img decoding=\"async\" class=\"alignnone size-full wp-image-315763\" src=\"\/2021\/05\/DSC_22211.jpg\" alt=\"DSC_2221\" width=\"800\" height=\"602\" \/><\/a><\/p>\n<h2 align=\"left\"><span style=\"font-size: 12pt;\"><strong>Les \u00e9lections r\u00e9gionales auront lieu les 20 et 27 juin prochains. Dans le Grand-Est, au moins quatre listes de gauche devraient concourir\u00a0: celle de La R\u00e9publique en Marche, avec Brigitte Klinkert, celle de Lutte ouvri\u00e8re avec Louis F\u00e8ve, le \u00ab\u00a0Pacte\u00a0\u00bb avec Eliane Romani, et \u00ab\u00a0l\u2019Appel in\u00e9dit\u00a0\u00bb avec Aur\u00e9lie Filippetti. Ces deux derni\u00e8res listes sont des groupements de plusieurs mouvements. La LFI des Vosges vient de passer de l\u2019un \u00e0 l\u2019autre.<\/strong><\/span><\/h2>\n<p align=\"left\">Jusqu\u2019alors, le groupe LFI des Vosges devait, comme ceux des autres d\u00e9partements de la R\u00e9gion, soutenir \u00ab\u00a0L\u2019Appel in\u00e9dit\u00a0\u00bb, qui regroupe divers mouvements de gauche. Mais le choix de la thaonnaise Karine Fr\u00e8re, membre de la LFI, ne satisfait pas la section locale de la LFI. Fabrice Pisias, repr\u00e9sentant d\u00e9partemental du parti, Anne-Sophie Mangin, \u00e9lue municipale \u00e0 Epinal, Eric Balaud et Cassandre Cholez, militants \u00e0 la LFI des Vosges, annoncent leur d\u00e9cision de rejoindre le \u00ab\u00a0Pacte\u00a0\u00bb, men\u00e9 par le spinalien Lou Noirclere. Plusieurs raisons les ont men\u00e9s \u00e0 prendre cette d\u00e9cision. \u00abL\u2019Appel In\u00e9dit\u00a0\u00bb ressemblerait, d\u2019apr\u00e8s Eric Balaud \u00e0 <em>\u00ab\u00a0une officine de replacement d\u2019anciens politiques\u00a0\u00bb<\/em>. C\u2019est la mani\u00e8re de choisir les candidats qui est au c\u0153ur du d\u00e9saccord. <em>\u00ab\u00a0On a eu les ordres qui sont venus du haut\u00a0\u00bb<\/em>, affirme Fabrice Pisias. La t\u00eate de liste d\u00e9sign\u00e9e ne fait donc pas l\u2019unanimit\u00e9. Ce rassemblement ne <em>\u00ab\u00a0ressemble \u00e0 rien, \u00e0 rien du tout\u00a0\u00bb<\/em>, affirme Eric Balaud. <em>\u00ab\u00a0Il y a beaucoup de gens qui seront parachut\u00e9s\u00a0\u00bb<\/em>. Selon le membre de la LFI,<em> \u00ab\u00a0c\u2019est le d\u00e9but de la d\u00e9bandade pour l\u2019Appel in\u00e9dit\u00a0\u00bb<\/em>. Pour l\u2019instant, les deux listes de rassemblement devraient donc concourir s\u00e9par\u00e9ment. A moins qu\u2019un changement de derni\u00e8re minute ne vienne en d\u00e9cider autrement.<em> \u00ab\u00a0Jusqu\u2019au dernier moment, notre but est de mener ce rassemblement\u00a0\u00bb<\/em>, affirme Lou Noirclere.<\/p>\n\n","protected":false},"excerpt":{"rendered":"<p>Les \u00e9lections r\u00e9gionales auront lieu les 20 et 27 juin prochains. Dans le Grand-Est, au moins quatre listes de gauche [&hellip;]<\/p>\n","protected":false},"author":407,"featured_media":40051,"comment_status":"open","ping_status":"open","sticky":false,"template":"","format":"standard","meta":{"footnotes":""},"categories":[26,10,18],"tags":[],"class_list":["post-40050","post","type-post","status-publish","format-standard","has-post-thumbnail","hentry","category-a-la-une","category-politique","category-vosges"],"acf":[],"yoast_head":"<!-- This site is optimized with the Yoast SEO plugin v22.5 - https:\/\/yoast.com\/wordpress\/plugins\/seo\/ -->\n<title>R\u00e9gionales\u00a0: la LFI des Vosges quitte \u00ab\u00a0l\u2019Appel in\u00e9dit \u00bb et rejoint le \u00ab\u00a0Pacte\u00a0\u00bb - Remiremont Info<\/title>\n<meta name=\"robots\" content=\"index, follow, max-snippet:-1, max-image-preview:large, max-video-preview:-1\" \/>\n<link rel=\"canonical\" href=\"https:\/\/vosgesinfo.fr\/remiremontinfo\/2021\/05\/regionales-lfi-vosges-quitte-lappel-inedit-rejoint-pacte\/\" \/>\n<meta name=\"twitter:card\" content=\"summary_large_image\" \/>\n<meta name=\"twitter:title\" content=\"R\u00e9gionales\u00a0: la LFI des Vosges quitte \u00ab\u00a0l\u2019Appel in\u00e9dit \u00bb et rejoint le \u00ab\u00a0Pacte\u00a0\u00bb - Remiremont Info\" \/>\n<meta name=\"twitter:description\" content=\"Les \u00e9lections r\u00e9gionales auront lieu les 20 et 27 juin prochains. Dans le Grand-Est, au moins quatre listes de gauche [&hellip;]\" \/>\n<meta name=\"twitter:image\" content=\"https:\/\/vosgesinfo.fr\/app\/uploads\/sites\/5\/2024\/09\/202105dsc-22211.jpg\" \/>\n<meta name=\"twitter:creator\" content=\"@VosgesInfo88\" \/>\n<meta name=\"twitter:site\" content=\"@VosgesInfo88\" \/>\n<meta name=\"twitter:label1\" content=\"\u00c9crit par\" \/>\n\t<meta name=\"twitter:data1\" content=\"C D\" \/>\n\t<meta name=\"twitter:label2\" content=\"Dur\u00e9e de lecture estim\u00e9e\" \/>\n\t<meta name=\"twitter:data2\" content=\"2 minutes\" \/>\n<script type=\"application\/ld+json\" class=\"yoast-schema-graph\">{\"@context\":\"https:\/\/schema.org\",\"@graph\":[{\"@type\":\"Article\",\"@id\":\"https:\/\/vosgesinfo.fr\/remiremontinfo\/2021\/05\/regionales-lfi-vosges-quitte-lappel-inedit-rejoint-pacte\/#article\",\"isPartOf\":{\"@id\":\"https:\/\/vosgesinfo.fr\/remiremontinfo\/2021\/05\/regionales-lfi-vosges-quitte-lappel-inedit-rejoint-pacte\/\"},\"author\":{\"name\":\"C D\",\"@id\":\"https:\/\/vosgesinfo.fr\/remiremontinfo\/#\/schema\/person\/3bfd164d5218a185b1db68655a265316\"},\"headline\":\"R\u00e9gionales\u00a0: la LFI des Vosges quitte \u00ab\u00a0l\u2019Appel in\u00e9dit \u00bb et rejoint le \u00ab\u00a0Pacte\u00a0\u00bb\",\"datePublished\":\"2021-05-07T16:34:58+00:00\",\"dateModified\":\"2021-05-07T16:34:58+00:00\",\"mainEntityOfPage\":{\"@id\":\"https:\/\/vosgesinfo.fr\/remiremontinfo\/2021\/05\/regionales-lfi-vosges-quitte-lappel-inedit-rejoint-pacte\/\"},\"wordCount\":343,\"commentCount\":0,\"publisher\":{\"@id\":\"https:\/\/vosgesinfo.fr\/remiremontinfo\/#organization\"},\"image\":{\"@id\":\"https:\/\/vosgesinfo.fr\/remiremontinfo\/2021\/05\/regionales-lfi-vosges-quitte-lappel-inedit-rejoint-pacte\/#primaryimage\"},\"thumbnailUrl\":\"https:\/\/vosgesinfo.fr\/app\/uploads\/sites\/5\/2024\/09\/202105dsc-22211.jpg\",\"articleSection\":[\"A la Une\",\"Politique\",\"Vosges\"],\"inLanguage\":\"fr-FR\",\"potentialAction\":[{\"@type\":\"CommentAction\",\"name\":\"Comment\",\"target\":[\"https:\/\/vosgesinfo.fr\/remiremontinfo\/2021\/05\/regionales-lfi-vosges-quitte-lappel-inedit-rejoint-pacte\/#respond\"]}]},{\"@type\":\"WebPage\",\"@id\":\"https:\/\/vosgesinfo.fr\/remiremontinfo\/2021\/05\/regionales-lfi-vosges-quitte-lappel-inedit-rejoint-pacte\/\",\"url\":\"https:\/\/vosgesinfo.fr\/remiremontinfo\/2021\/05\/regionales-lfi-vosges-quitte-lappel-inedit-rejoint-pacte\/\",\"name\":\"R\u00e9gionales\u00a0: la LFI des Vosges quitte \u00ab\u00a0l\u2019Appel in\u00e9dit \u00bb et rejoint le \u00ab\u00a0Pacte\u00a0\u00bb - Remiremont Info\",\"isPartOf\":{\"@id\":\"https:\/\/vosgesinfo.fr\/remiremontinfo\/#website\"},\"primaryImageOfPage\":{\"@id\":\"https:\/\/vosgesinfo.fr\/remiremontinfo\/2021\/05\/regionales-lfi-vosges-quitte-lappel-inedit-rejoint-pacte\/#primaryimage\"},\"image\":{\"@id\":\"https:\/\/vosgesinfo.fr\/remiremontinfo\/2021\/05\/regionales-lfi-vosges-quitte-lappel-inedit-rejoint-pacte\/#primaryimage\"},\"thumbnailUrl\":\"https:\/\/vosgesinfo.fr\/app\/uploads\/sites\/5\/2024\/09\/202105dsc-22211.jpg\",\"datePublished\":\"2021-05-07T16:34:58+00:00\",\"dateModified\":\"2021-05-07T16:34:58+00:00\",\"breadcrumb\":{\"@id\":\"https:\/\/vosgesinfo.fr\/remiremontinfo\/2021\/05\/regionales-lfi-vosges-quitte-lappel-inedit-rejoint-pacte\/#breadcrumb\"},\"inLanguage\":\"fr-FR\",\"potentialAction\":[{\"@type\":\"ReadAction\",\"target\":[\"https:\/\/vosgesinfo.fr\/remiremontinfo\/2021\/05\/regionales-lfi-vosges-quitte-lappel-inedit-rejoint-pacte\/\"]}]},{\"@type\":\"ImageObject\",\"inLanguage\":\"fr-FR\",\"@id\":\"https:\/\/vosgesinfo.fr\/remiremontinfo\/2021\/05\/regionales-lfi-vosges-quitte-lappel-inedit-rejoint-pacte\/#primaryimage\",\"url\":\"https:\/\/vosgesinfo.fr\/app\/uploads\/sites\/5\/2024\/09\/202105dsc-22211.jpg\",\"contentUrl\":\"https:\/\/vosgesinfo.fr\/app\/uploads\/sites\/5\/2024\/09\/202105dsc-22211.jpg\",\"width\":800,\"height\":602},{\"@type\":\"BreadcrumbList\",\"@id\":\"https:\/\/vosgesinfo.fr\/remiremontinfo\/2021\/05\/regionales-lfi-vosges-quitte-lappel-inedit-rejoint-pacte\/#breadcrumb\",\"itemListElement\":[{\"@type\":\"ListItem\",\"position\":1,\"name\":\"Home\",\"item\":\"https:\/\/vosgesinfo.fr\/remiremontinfo\/\"},{\"@type\":\"ListItem\",\"position\":2,\"name\":\"R\u00e9gionales\u00a0: la LFI des Vosges quitte \u00ab\u00a0l\u2019Appel in\u00e9dit \u00bb et rejoint le \u00ab\u00a0Pacte\u00a0\u00bb\"}]},{\"@type\":\"WebSite\",\"@id\":\"https:\/\/vosgesinfo.fr\/remiremontinfo\/#website\",\"url\":\"https:\/\/vosgesinfo.fr\/remiremontinfo\/\",\"name\":\"Remiremont Info\",\"description\":\"Toute l&#039;actualit\u00e9 de Remiremont\",\"publisher\":{\"@id\":\"https:\/\/vosgesinfo.fr\/remiremontinfo\/#organization\"},\"alternateName\":\"Toute l'actualit\u00e9 de Remiremont\",\"potentialAction\":[{\"@type\":\"SearchAction\",\"target\":{\"@type\":\"EntryPoint\",\"urlTemplate\":\"https:\/\/vosgesinfo.fr\/remiremontinfo\/?s={search_term_string}\"},\"query-input\":\"required name=search_term_string\"}],\"inLanguage\":\"fr-FR\"},{\"@type\":\"Organization\",\"@id\":\"https:\/\/vosgesinfo.fr\/remiremontinfo\/#organization\",\"name\":\"Remiremont Info\",\"url\":\"https:\/\/vosgesinfo.fr\/remiremontinfo\/\",\"logo\":{\"@type\":\"ImageObject\",\"inLanguage\":\"fr-FR\",\"@id\":\"https:\/\/vosgesinfo.fr\/remiremontinfo\/#\/schema\/logo\/image\/\",\"url\":\"https:\/\/vosgesinfo.fr\/app\/uploads\/sites\/5\/2023\/08\/favicon-remiremontinfo.png\",\"contentUrl\":\"https:\/\/vosgesinfo.fr\/app\/uploads\/sites\/5\/2023\/08\/favicon-remiremontinfo.png\",\"width\":512,\"height\":512,\"caption\":\"Remiremont Info\"},\"image\":{\"@id\":\"https:\/\/vosgesinfo.fr\/remiremontinfo\/#\/schema\/logo\/image\/\"},\"sameAs\":[\"https:\/\/www.facebook.com\/remiremontinfo\",\"https:\/\/x.com\/VosgesInfo88\",\"https:\/\/www.youtube.com\/@vosgesinfo\"]},{\"@type\":\"Person\",\"@id\":\"https:\/\/vosgesinfo.fr\/remiremontinfo\/#\/schema\/person\/3bfd164d5218a185b1db68655a265316\",\"name\":\"C D\",\"image\":{\"@type\":\"ImageObject\",\"inLanguage\":\"fr-FR\",\"@id\":\"https:\/\/vosgesinfo.fr\/remiremontinfo\/#\/schema\/person\/image\/\",\"url\":\"https:\/\/secure.gravatar.com\/avatar\/1f9a70007336511a47468b8f1c66f922b8b7cf617b02a31149ada43893a5d48f?s=96&d=mm&r=g\",\"contentUrl\":\"https:\/\/secure.gravatar.com\/avatar\/1f9a70007336511a47468b8f1c66f922b8b7cf617b02a31149ada43893a5d48f?s=96&d=mm&r=g\",\"caption\":\"C D\"},\"url\":\"https:\/\/vosgesinfo.fr\/remiremontinfo\/author\/cedric-drevet\/\"}]}<\/script>\n<!-- \/ Yoast SEO plugin. -->","yoast_head_json":{"title":"R\u00e9gionales\u00a0: la LFI des Vosges quitte \u00ab\u00a0l\u2019Appel in\u00e9dit \u00bb et rejoint le \u00ab\u00a0Pacte\u00a0\u00bb - Remiremont Info","robots":{"index":"index","follow":"follow","max-snippet":"max-snippet:-1","max-image-preview":"max-image-preview:large","max-video-preview":"max-video-preview:-1"},"canonical":"https:\/\/vosgesinfo.fr\/remiremontinfo\/2021\/05\/regionales-lfi-vosges-quitte-lappel-inedit-rejoint-pacte\/","twitter_card":"summary_large_image","twitter_title":"R\u00e9gionales\u00a0: la LFI des Vosges quitte \u00ab\u00a0l\u2019Appel in\u00e9dit \u00bb et rejoint le \u00ab\u00a0Pacte\u00a0\u00bb - Remiremont Info","twitter_description":"Les \u00e9lections r\u00e9gionales auront lieu les 20 et 27 juin prochains. Dans le Grand-Est, au moins quatre listes de gauche [&hellip;]","twitter_image":"https:\/\/vosgesinfo.fr\/app\/uploads\/sites\/5\/2024\/09\/202105dsc-22211.jpg","twitter_creator":"@VosgesInfo88","twitter_site":"@VosgesInfo88","twitter_misc":{"\u00c9crit par":"C D","Dur\u00e9e de lecture estim\u00e9e":"2 minutes"},"schema":{"@context":"https:\/\/schema.org","@graph":[{"@type":"Article","@id":"https:\/\/vosgesinfo.fr\/remiremontinfo\/2021\/05\/regionales-lfi-vosges-quitte-lappel-inedit-rejoint-pacte\/#article","isPartOf":{"@id":"https:\/\/vosgesinfo.fr\/remiremontinfo\/2021\/05\/regionales-lfi-vosges-quitte-lappel-inedit-rejoint-pacte\/"},"author":{"name":"C D","@id":"https:\/\/vosgesinfo.fr\/remiremontinfo\/#\/schema\/person\/3bfd164d5218a185b1db68655a265316"},"headline":"R\u00e9gionales\u00a0: la LFI des Vosges quitte \u00ab\u00a0l\u2019Appel in\u00e9dit \u00bb et rejoint le \u00ab\u00a0Pacte\u00a0\u00bb","datePublished":"2021-05-07T16:34:58+00:00","dateModified":"2021-05-07T16:34:58+00:00","mainEntityOfPage":{"@id":"https:\/\/vosgesinfo.fr\/remiremontinfo\/2021\/05\/regionales-lfi-vosges-quitte-lappel-inedit-rejoint-pacte\/"},"wordCount":343,"commentCount":0,"publisher":{"@id":"https:\/\/vosgesinfo.fr\/remiremontinfo\/#organization"},"image":{"@id":"https:\/\/vosgesinfo.fr\/remiremontinfo\/2021\/05\/regionales-lfi-vosges-quitte-lappel-inedit-rejoint-pacte\/#primaryimage"},"thumbnailUrl":"https:\/\/vosgesinfo.fr\/app\/uploads\/sites\/5\/2024\/09\/202105dsc-22211.jpg","articleSection":["A la Une","Politique","Vosges"],"inLanguage":"fr-FR","potentialAction":[{"@type":"CommentAction","name":"Comment","target":["https:\/\/vosgesinfo.fr\/remiremontinfo\/2021\/05\/regionales-lfi-vosges-quitte-lappel-inedit-rejoint-pacte\/#respond"]}]},{"@type":"WebPage","@id":"https:\/\/vosgesinfo.fr\/remiremontinfo\/2021\/05\/regionales-lfi-vosges-quitte-lappel-inedit-rejoint-pacte\/","url":"https:\/\/vosgesinfo.fr\/remiremontinfo\/2021\/05\/regionales-lfi-vosges-quitte-lappel-inedit-rejoint-pacte\/","name":"R\u00e9gionales\u00a0: la LFI des Vosges quitte \u00ab\u00a0l\u2019Appel in\u00e9dit \u00bb et rejoint le \u00ab\u00a0Pacte\u00a0\u00bb - Remiremont Info","isPartOf":{"@id":"https:\/\/vosgesinfo.fr\/remiremontinfo\/#website"},"primaryImageOfPage":{"@id":"https:\/\/vosgesinfo.fr\/remiremontinfo\/2021\/05\/regionales-lfi-vosges-quitte-lappel-inedit-rejoint-pacte\/#primaryimage"},"image":{"@id":"https:\/\/vosgesinfo.fr\/remiremontinfo\/2021\/05\/regionales-lfi-vosges-quitte-lappel-inedit-rejoint-pacte\/#primaryimage"},"thumbnailUrl":"https:\/\/vosgesinfo.fr\/app\/uploads\/sites\/5\/2024\/09\/202105dsc-22211.jpg","datePublished":"2021-05-07T16:34:58+00:00","dateModified":"2021-05-07T16:34:58+00:00","breadcrumb":{"@id":"https:\/\/vosgesinfo.fr\/remiremontinfo\/2021\/05\/regionales-lfi-vosges-quitte-lappel-inedit-rejoint-pacte\/#breadcrumb"},"inLanguage":"fr-FR","potentialAction":[{"@type":"ReadAction","target":["https:\/\/vosgesinfo.fr\/remiremontinfo\/2021\/05\/regionales-lfi-vosges-quitte-lappel-inedit-rejoint-pacte\/"]}]},{"@type":"ImageObject","inLanguage":"fr-FR","@id":"https:\/\/vosgesinfo.fr\/remiremontinfo\/2021\/05\/regionales-lfi-vosges-quitte-lappel-inedit-rejoint-pacte\/#primaryimage","url":"https:\/\/vosgesinfo.fr\/app\/uploads\/sites\/5\/2024\/09\/202105dsc-22211.jpg","contentUrl":"https:\/\/vosgesinfo.fr\/app\/uploads\/sites\/5\/2024\/09\/202105dsc-22211.jpg","width":800,"height":602},{"@type":"BreadcrumbList","@id":"https:\/\/vosgesinfo.fr\/remiremontinfo\/2021\/05\/regionales-lfi-vosges-quitte-lappel-inedit-rejoint-pacte\/#breadcrumb","itemListElement":[{"@type":"ListItem","position":1,"name":"Home","item":"https:\/\/vosgesinfo.fr\/remiremontinfo\/"},{"@type":"ListItem","position":2,"name":"R\u00e9gionales\u00a0: la LFI des Vosges quitte \u00ab\u00a0l\u2019Appel in\u00e9dit \u00bb et rejoint le \u00ab\u00a0Pacte\u00a0\u00bb"}]},{"@type":"WebSite","@id":"https:\/\/vosgesinfo.fr\/remiremontinfo\/#website","url":"https:\/\/vosgesinfo.fr\/remiremontinfo\/","name":"Remiremont Info","description":"Toute l&#039;actualit\u00e9 de Remiremont","publisher":{"@id":"https:\/\/vosgesinfo.fr\/remiremontinfo\/#organization"},"alternateName":"Toute l'actualit\u00e9 de Remiremont","potentialAction":[{"@type":"SearchAction","target":{"@type":"EntryPoint","urlTemplate":"https:\/\/vosgesinfo.fr\/remiremontinfo\/?s={search_term_string}"},"query-input":"required name=search_term_string"}],"inLanguage":"fr-FR"},{"@type":"Organization","@id":"https:\/\/vosgesinfo.fr\/remiremontinfo\/#organization","name":"Remiremont Info","url":"https:\/\/vosgesinfo.fr\/remiremontinfo\/","logo":{"@type":"ImageObject","inLanguage":"fr-FR","@id":"https:\/\/vosgesinfo.fr\/remiremontinfo\/#\/schema\/logo\/image\/","url":"https:\/\/vosgesinfo.fr\/app\/uploads\/sites\/5\/2023\/08\/favicon-remiremontinfo.png","contentUrl":"https:\/\/vosgesinfo.fr\/app\/uploads\/sites\/5\/2023\/08\/favicon-remiremontinfo.png","width":512,"height":512,"caption":"Remiremont Info"},"image":{"@id":"https:\/\/vosgesinfo.fr\/remiremontinfo\/#\/schema\/logo\/image\/"},"sameAs":["https:\/\/www.facebook.com\/remiremontinfo","https:\/\/x.com\/VosgesInfo88","https:\/\/www.youtube.com\/@vosgesinfo"]},{"@type":"Person","@id":"https:\/\/vosgesinfo.fr\/remiremontinfo\/#\/schema\/person\/3bfd164d5218a185b1db68655a265316","name":"C D","image":{"@type":"ImageObject","inLanguage":"fr-FR","@id":"https:\/\/vosgesinfo.fr\/remiremontinfo\/#\/schema\/person\/image\/","url":"https:\/\/secure.gravatar.com\/avatar\/1f9a70007336511a47468b8f1c66f922b8b7cf617b02a31149ada43893a5d48f?s=96&d=mm&r=g","contentUrl":"https:\/\/secure.gravatar.com\/avatar\/1f9a70007336511a47468b8f1c66f922b8b7cf617b02a31149ada43893a5d48f?s=96&d=mm&r=g","caption":"C D"},"url":"https:\/\/vosgesinfo.fr\/remiremontinfo\/author\/cedric-drevet\/"}]}},"_links":{"self":[{"href":"https:\/\/vosgesinfo.fr\/remiremontinfo\/wp-json\/wp\/v2\/posts\/40050","targetHints":{"allow":["GET"]}}],"collection":[{"href":"https:\/\/vosgesinfo.fr\/remiremontinfo\/wp-json\/wp\/v2\/posts"}],"about":[{"href":"https:\/\/vosgesinfo.fr\/remiremontinfo\/wp-json\/wp\/v2\/types\/post"}],"author":[{"embeddable":true,"href":"https:\/\/vosgesinfo.fr\/remiremontinfo\/wp-json\/wp\/v2\/users\/407"}],"replies":[{"embeddable":true,"href":"https:\/\/vosgesinfo.fr\/remiremontinfo\/wp-json\/wp\/v2\/comments?post=40050"}],"version-history":[{"count":0,"href":"https:\/\/vosgesinfo.fr\/remiremontinfo\/wp-json\/wp\/v2\/posts\/40050\/revisions"}],"wp:featuredmedia":[{"embeddable":true,"href":"https:\/\/vosgesinfo.fr\/remiremontinfo\/wp-json\/wp\/v2\/media\/40051"}],"wp:attachment":[{"href":"https:\/\/vosgesinfo.fr\/remiremontinfo\/wp-json\/wp\/v2\/media?parent=40050"}],"wp:term":[{"taxonomy":"category","embeddable":true,"href":"https:\/\/vosgesinfo.fr\/remiremontinfo\/wp-json\/wp\/v2\/categories?post=40050"},{"taxonomy":"post_tag","embeddable":true,"href":"https:\/\/vosgesinfo.fr\/remiremontinfo\/wp-json\/wp\/v2\/tags?post=40050"}],"curies":[{"name":"wp","href":"https:\/\/api.w.org\/{rel}","templated":true}]}}