{"id":40057,"date":"2021-05-08T05:57:38","date_gmt":"2021-05-08T03:57:38","guid":{"rendered":"https:\/\/vosgesinfo.fr\/remiremontinfo\/2021\/05\/kiwanis-perle-dhugo-vente-de-roses-marche-randonnee-tholy\/"},"modified":"2021-05-08T05:57:38","modified_gmt":"2021-05-08T03:57:38","slug":"kiwanis-perle-dhugo-vente-de-roses-marche-randonnee-tholy","status":"publish","type":"post","link":"https:\/\/vosgesinfo.fr\/remiremontinfo\/2021\/05\/kiwanis-perle-dhugo-vente-de-roses-marche-randonnee-tholy\/","title":{"rendered":"Kiwanis Perle d\u2019Hugo : vente de roses sur le march\u00e9 et randonn\u00e9e au Tholy"},"content":{"rendered":"<p>Le Kiwanis \u00ab\u00a0Perle d\u2019Hugo\u00a0\u00bb de G\u00e9rardmer organise le samedi 15 mai, sur le march\u00e9 de G\u00e9rardmer, une vente de roses au profit des \u0153uvres sociales du club.<\/p>\n<p>Cette vente se d\u00e9roulera \u00e0 partir de 8 h 00.<\/p>\n<p>Le club a\u00a0 \u00e9galement programm\u00e9 sa 1\u00e8re marche, ouverte \u00e0 tous,\u00a0 le dimanche 6 juin\u00a0 au THOLY, dans le respect, bien s\u00fbr, des mesures sanitaires.<\/p>\n<p>Plus de d\u00e9tails prochainement.<\/p>\n","protected":false},"excerpt":{"rendered":"<p>Le Kiwanis \u00ab\u00a0Perle d\u2019Hugo\u00a0\u00bb de G\u00e9rardmer organise le samedi 15 mai, sur le march\u00e9 de G\u00e9rardmer, une vente de roses [&hellip;]<\/p>\n","protected":false},"author":407,"featured_media":40058,"comment_status":"open","ping_status":"open","sticky":false,"template":"","format":"standard","meta":{"footnotes":""},"categories":[26,25,246,17],"tags":[],"class_list":["post-40057","post","type-post","status-publish","format-standard","has-post-thumbnail","hentry","category-a-la-une","category-la-bresse-son-canton","category-le-tholy","category-vie-associative"],"acf":[],"yoast_head":"<!-- This site is optimized with the Yoast SEO plugin v22.5 - https:\/\/yoast.com\/wordpress\/plugins\/seo\/ -->\n<title>Kiwanis Perle d\u2019Hugo : vente de roses sur le march\u00e9 et randonn\u00e9e au Tholy - Remiremont Info<\/title>\n<meta name=\"robots\" content=\"index, follow, max-snippet:-1, max-image-preview:large, max-video-preview:-1\" \/>\n<link rel=\"canonical\" href=\"https:\/\/vosgesinfo.fr\/remiremontinfo\/2021\/05\/kiwanis-perle-dhugo-vente-de-roses-marche-randonnee-tholy\/\" \/>\n<meta name=\"twitter:card\" content=\"summary_large_image\" \/>\n<meta name=\"twitter:title\" content=\"Kiwanis Perle d\u2019Hugo : vente de roses sur le march\u00e9 et randonn\u00e9e au Tholy - Remiremont Info\" \/>\n<meta name=\"twitter:description\" content=\"Le Kiwanis \u00ab\u00a0Perle d\u2019Hugo\u00a0\u00bb de G\u00e9rardmer organise le samedi 15 mai, sur le march\u00e9 de G\u00e9rardmer, une vente de roses [&hellip;]\" \/>\n<meta name=\"twitter:image\" content=\"https:\/\/vosgesinfo.fr\/app\/uploads\/sites\/5\/2024\/09\/202105capture-decran-2021-05-08-075701.png\" \/>\n<meta name=\"twitter:creator\" content=\"@VosgesInfo88\" \/>\n<meta name=\"twitter:site\" content=\"@VosgesInfo88\" \/>\n<meta name=\"twitter:label1\" content=\"\u00c9crit par\" \/>\n\t<meta name=\"twitter:data1\" content=\"C D\" \/>\n<script type=\"application\/ld+json\" class=\"yoast-schema-graph\">{\"@context\":\"https:\/\/schema.org\",\"@graph\":[{\"@type\":\"Article\",\"@id\":\"https:\/\/vosgesinfo.fr\/remiremontinfo\/2021\/05\/kiwanis-perle-dhugo-vente-de-roses-marche-randonnee-tholy\/#article\",\"isPartOf\":{\"@id\":\"https:\/\/vosgesinfo.fr\/remiremontinfo\/2021\/05\/kiwanis-perle-dhugo-vente-de-roses-marche-randonnee-tholy\/\"},\"author\":{\"name\":\"C D\",\"@id\":\"https:\/\/vosgesinfo.fr\/remiremontinfo\/#\/schema\/person\/3bfd164d5218a185b1db68655a265316\"},\"headline\":\"Kiwanis Perle d\u2019Hugo : vente de roses sur le march\u00e9 et randonn\u00e9e au Tholy\",\"datePublished\":\"2021-05-08T03:57:38+00:00\",\"dateModified\":\"2021-05-08T03:57:38+00:00\",\"mainEntityOfPage\":{\"@id\":\"https:\/\/vosgesinfo.fr\/remiremontinfo\/2021\/05\/kiwanis-perle-dhugo-vente-de-roses-marche-randonnee-tholy\/\"},\"wordCount\":81,\"commentCount\":0,\"publisher\":{\"@id\":\"https:\/\/vosgesinfo.fr\/remiremontinfo\/#organization\"},\"image\":{\"@id\":\"https:\/\/vosgesinfo.fr\/remiremontinfo\/2021\/05\/kiwanis-perle-dhugo-vente-de-roses-marche-randonnee-tholy\/#primaryimage\"},\"thumbnailUrl\":\"https:\/\/vosgesinfo.fr\/app\/uploads\/sites\/5\/2024\/09\/202105capture-decran-2021-05-08-075701.png\",\"articleSection\":[\"A la Une\",\"La Bresse &amp; son canton\",\"Le Tholy\",\"Vie associative\"],\"inLanguage\":\"fr-FR\",\"potentialAction\":[{\"@type\":\"CommentAction\",\"name\":\"Comment\",\"target\":[\"https:\/\/vosgesinfo.fr\/remiremontinfo\/2021\/05\/kiwanis-perle-dhugo-vente-de-roses-marche-randonnee-tholy\/#respond\"]}]},{\"@type\":\"WebPage\",\"@id\":\"https:\/\/vosgesinfo.fr\/remiremontinfo\/2021\/05\/kiwanis-perle-dhugo-vente-de-roses-marche-randonnee-tholy\/\",\"url\":\"https:\/\/vosgesinfo.fr\/remiremontinfo\/2021\/05\/kiwanis-perle-dhugo-vente-de-roses-marche-randonnee-tholy\/\",\"name\":\"Kiwanis Perle d\u2019Hugo : vente de roses sur le march\u00e9 et randonn\u00e9e au Tholy - Remiremont Info\",\"isPartOf\":{\"@id\":\"https:\/\/vosgesinfo.fr\/remiremontinfo\/#website\"},\"primaryImageOfPage\":{\"@id\":\"https:\/\/vosgesinfo.fr\/remiremontinfo\/2021\/05\/kiwanis-perle-dhugo-vente-de-roses-marche-randonnee-tholy\/#primaryimage\"},\"image\":{\"@id\":\"https:\/\/vosgesinfo.fr\/remiremontinfo\/2021\/05\/kiwanis-perle-dhugo-vente-de-roses-marche-randonnee-tholy\/#primaryimage\"},\"thumbnailUrl\":\"https:\/\/vosgesinfo.fr\/app\/uploads\/sites\/5\/2024\/09\/202105capture-decran-2021-05-08-075701.png\",\"datePublished\":\"2021-05-08T03:57:38+00:00\",\"dateModified\":\"2021-05-08T03:57:38+00:00\",\"breadcrumb\":{\"@id\":\"https:\/\/vosgesinfo.fr\/remiremontinfo\/2021\/05\/kiwanis-perle-dhugo-vente-de-roses-marche-randonnee-tholy\/#breadcrumb\"},\"inLanguage\":\"fr-FR\",\"potentialAction\":[{\"@type\":\"ReadAction\",\"target\":[\"https:\/\/vosgesinfo.fr\/remiremontinfo\/2021\/05\/kiwanis-perle-dhugo-vente-de-roses-marche-randonnee-tholy\/\"]}]},{\"@type\":\"ImageObject\",\"inLanguage\":\"fr-FR\",\"@id\":\"https:\/\/vosgesinfo.fr\/remiremontinfo\/2021\/05\/kiwanis-perle-dhugo-vente-de-roses-marche-randonnee-tholy\/#primaryimage\",\"url\":\"https:\/\/vosgesinfo.fr\/app\/uploads\/sites\/5\/2024\/09\/202105capture-decran-2021-05-08-075701.png\",\"contentUrl\":\"https:\/\/vosgesinfo.fr\/app\/uploads\/sites\/5\/2024\/09\/202105capture-decran-2021-05-08-075701.png\",\"width\":800,\"height\":498},{\"@type\":\"BreadcrumbList\",\"@id\":\"https:\/\/vosgesinfo.fr\/remiremontinfo\/2021\/05\/kiwanis-perle-dhugo-vente-de-roses-marche-randonnee-tholy\/#breadcrumb\",\"itemListElement\":[{\"@type\":\"ListItem\",\"position\":1,\"name\":\"Home\",\"item\":\"https:\/\/vosgesinfo.fr\/remiremontinfo\/\"},{\"@type\":\"ListItem\",\"position\":2,\"name\":\"Kiwanis Perle d\u2019Hugo : vente de roses sur le march\u00e9 et randonn\u00e9e au Tholy\"}]},{\"@type\":\"WebSite\",\"@id\":\"https:\/\/vosgesinfo.fr\/remiremontinfo\/#website\",\"url\":\"https:\/\/vosgesinfo.fr\/remiremontinfo\/\",\"name\":\"Remiremont Info\",\"description\":\"Toute l&#039;actualit\u00e9 de Remiremont\",\"publisher\":{\"@id\":\"https:\/\/vosgesinfo.fr\/remiremontinfo\/#organization\"},\"alternateName\":\"Toute l'actualit\u00e9 de Remiremont\",\"potentialAction\":[{\"@type\":\"SearchAction\",\"target\":{\"@type\":\"EntryPoint\",\"urlTemplate\":\"https:\/\/vosgesinfo.fr\/remiremontinfo\/?s={search_term_string}\"},\"query-input\":\"required name=search_term_string\"}],\"inLanguage\":\"fr-FR\"},{\"@type\":\"Organization\",\"@id\":\"https:\/\/vosgesinfo.fr\/remiremontinfo\/#organization\",\"name\":\"Remiremont Info\",\"url\":\"https:\/\/vosgesinfo.fr\/remiremontinfo\/\",\"logo\":{\"@type\":\"ImageObject\",\"inLanguage\":\"fr-FR\",\"@id\":\"https:\/\/vosgesinfo.fr\/remiremontinfo\/#\/schema\/logo\/image\/\",\"url\":\"https:\/\/vosgesinfo.fr\/app\/uploads\/sites\/5\/2023\/08\/favicon-remiremontinfo.png\",\"contentUrl\":\"https:\/\/vosgesinfo.fr\/app\/uploads\/sites\/5\/2023\/08\/favicon-remiremontinfo.png\",\"width\":512,\"height\":512,\"caption\":\"Remiremont Info\"},\"image\":{\"@id\":\"https:\/\/vosgesinfo.fr\/remiremontinfo\/#\/schema\/logo\/image\/\"},\"sameAs\":[\"https:\/\/www.facebook.com\/remiremontinfo\",\"https:\/\/x.com\/VosgesInfo88\",\"https:\/\/www.youtube.com\/@vosgesinfo\"]},{\"@type\":\"Person\",\"@id\":\"https:\/\/vosgesinfo.fr\/remiremontinfo\/#\/schema\/person\/3bfd164d5218a185b1db68655a265316\",\"name\":\"C D\",\"image\":{\"@type\":\"ImageObject\",\"inLanguage\":\"fr-FR\",\"@id\":\"https:\/\/vosgesinfo.fr\/remiremontinfo\/#\/schema\/person\/image\/\",\"url\":\"https:\/\/secure.gravatar.com\/avatar\/1f9a70007336511a47468b8f1c66f922b8b7cf617b02a31149ada43893a5d48f?s=96&d=mm&r=g\",\"contentUrl\":\"https:\/\/secure.gravatar.com\/avatar\/1f9a70007336511a47468b8f1c66f922b8b7cf617b02a31149ada43893a5d48f?s=96&d=mm&r=g\",\"caption\":\"C D\"},\"url\":\"https:\/\/vosgesinfo.fr\/remiremontinfo\/author\/cedric-drevet\/\"}]}<\/script>\n<!-- \/ Yoast SEO plugin. -->","yoast_head_json":{"title":"Kiwanis Perle d\u2019Hugo : vente de roses sur le march\u00e9 et randonn\u00e9e au Tholy - Remiremont Info","robots":{"index":"index","follow":"follow","max-snippet":"max-snippet:-1","max-image-preview":"max-image-preview:large","max-video-preview":"max-video-preview:-1"},"canonical":"https:\/\/vosgesinfo.fr\/remiremontinfo\/2021\/05\/kiwanis-perle-dhugo-vente-de-roses-marche-randonnee-tholy\/","twitter_card":"summary_large_image","twitter_title":"Kiwanis Perle d\u2019Hugo : vente de roses sur le march\u00e9 et randonn\u00e9e au Tholy - Remiremont Info","twitter_description":"Le Kiwanis \u00ab\u00a0Perle d\u2019Hugo\u00a0\u00bb de G\u00e9rardmer organise le samedi 15 mai, sur le march\u00e9 de G\u00e9rardmer, une vente de roses [&hellip;]","twitter_image":"https:\/\/vosgesinfo.fr\/app\/uploads\/sites\/5\/2024\/09\/202105capture-decran-2021-05-08-075701.png","twitter_creator":"@VosgesInfo88","twitter_site":"@VosgesInfo88","twitter_misc":{"\u00c9crit par":"C D"},"schema":{"@context":"https:\/\/schema.org","@graph":[{"@type":"Article","@id":"https:\/\/vosgesinfo.fr\/remiremontinfo\/2021\/05\/kiwanis-perle-dhugo-vente-de-roses-marche-randonnee-tholy\/#article","isPartOf":{"@id":"https:\/\/vosgesinfo.fr\/remiremontinfo\/2021\/05\/kiwanis-perle-dhugo-vente-de-roses-marche-randonnee-tholy\/"},"author":{"name":"C D","@id":"https:\/\/vosgesinfo.fr\/remiremontinfo\/#\/schema\/person\/3bfd164d5218a185b1db68655a265316"},"headline":"Kiwanis Perle d\u2019Hugo : vente de roses sur le march\u00e9 et randonn\u00e9e au Tholy","datePublished":"2021-05-08T03:57:38+00:00","dateModified":"2021-05-08T03:57:38+00:00","mainEntityOfPage":{"@id":"https:\/\/vosgesinfo.fr\/remiremontinfo\/2021\/05\/kiwanis-perle-dhugo-vente-de-roses-marche-randonnee-tholy\/"},"wordCount":81,"commentCount":0,"publisher":{"@id":"https:\/\/vosgesinfo.fr\/remiremontinfo\/#organization"},"image":{"@id":"https:\/\/vosgesinfo.fr\/remiremontinfo\/2021\/05\/kiwanis-perle-dhugo-vente-de-roses-marche-randonnee-tholy\/#primaryimage"},"thumbnailUrl":"https:\/\/vosgesinfo.fr\/app\/uploads\/sites\/5\/2024\/09\/202105capture-decran-2021-05-08-075701.png","articleSection":["A la Une","La Bresse &amp; son canton","Le Tholy","Vie associative"],"inLanguage":"fr-FR","potentialAction":[{"@type":"CommentAction","name":"Comment","target":["https:\/\/vosgesinfo.fr\/remiremontinfo\/2021\/05\/kiwanis-perle-dhugo-vente-de-roses-marche-randonnee-tholy\/#respond"]}]},{"@type":"WebPage","@id":"https:\/\/vosgesinfo.fr\/remiremontinfo\/2021\/05\/kiwanis-perle-dhugo-vente-de-roses-marche-randonnee-tholy\/","url":"https:\/\/vosgesinfo.fr\/remiremontinfo\/2021\/05\/kiwanis-perle-dhugo-vente-de-roses-marche-randonnee-tholy\/","name":"Kiwanis Perle d\u2019Hugo : vente de roses sur le march\u00e9 et randonn\u00e9e au Tholy - Remiremont Info","isPartOf":{"@id":"https:\/\/vosgesinfo.fr\/remiremontinfo\/#website"},"primaryImageOfPage":{"@id":"https:\/\/vosgesinfo.fr\/remiremontinfo\/2021\/05\/kiwanis-perle-dhugo-vente-de-roses-marche-randonnee-tholy\/#primaryimage"},"image":{"@id":"https:\/\/vosgesinfo.fr\/remiremontinfo\/2021\/05\/kiwanis-perle-dhugo-vente-de-roses-marche-randonnee-tholy\/#primaryimage"},"thumbnailUrl":"https:\/\/vosgesinfo.fr\/app\/uploads\/sites\/5\/2024\/09\/202105capture-decran-2021-05-08-075701.png","datePublished":"2021-05-08T03:57:38+00:00","dateModified":"2021-05-08T03:57:38+00:00","breadcrumb":{"@id":"https:\/\/vosgesinfo.fr\/remiremontinfo\/2021\/05\/kiwanis-perle-dhugo-vente-de-roses-marche-randonnee-tholy\/#breadcrumb"},"inLanguage":"fr-FR","potentialAction":[{"@type":"ReadAction","target":["https:\/\/vosgesinfo.fr\/remiremontinfo\/2021\/05\/kiwanis-perle-dhugo-vente-de-roses-marche-randonnee-tholy\/"]}]},{"@type":"ImageObject","inLanguage":"fr-FR","@id":"https:\/\/vosgesinfo.fr\/remiremontinfo\/2021\/05\/kiwanis-perle-dhugo-vente-de-roses-marche-randonnee-tholy\/#primaryimage","url":"https:\/\/vosgesinfo.fr\/app\/uploads\/sites\/5\/2024\/09\/202105capture-decran-2021-05-08-075701.png","contentUrl":"https:\/\/vosgesinfo.fr\/app\/uploads\/sites\/5\/2024\/09\/202105capture-decran-2021-05-08-075701.png","width":800,"height":498},{"@type":"BreadcrumbList","@id":"https:\/\/vosgesinfo.fr\/remiremontinfo\/2021\/05\/kiwanis-perle-dhugo-vente-de-roses-marche-randonnee-tholy\/#breadcrumb","itemListElement":[{"@type":"ListItem","position":1,"name":"Home","item":"https:\/\/vosgesinfo.fr\/remiremontinfo\/"},{"@type":"ListItem","position":2,"name":"Kiwanis Perle d\u2019Hugo : vente de roses sur le march\u00e9 et randonn\u00e9e au Tholy"}]},{"@type":"WebSite","@id":"https:\/\/vosgesinfo.fr\/remiremontinfo\/#website","url":"https:\/\/vosgesinfo.fr\/remiremontinfo\/","name":"Remiremont Info","description":"Toute l&#039;actualit\u00e9 de Remiremont","publisher":{"@id":"https:\/\/vosgesinfo.fr\/remiremontinfo\/#organization"},"alternateName":"Toute l'actualit\u00e9 de Remiremont","potentialAction":[{"@type":"SearchAction","target":{"@type":"EntryPoint","urlTemplate":"https:\/\/vosgesinfo.fr\/remiremontinfo\/?s={search_term_string}"},"query-input":"required name=search_term_string"}],"inLanguage":"fr-FR"},{"@type":"Organization","@id":"https:\/\/vosgesinfo.fr\/remiremontinfo\/#organization","name":"Remiremont Info","url":"https:\/\/vosgesinfo.fr\/remiremontinfo\/","logo":{"@type":"ImageObject","inLanguage":"fr-FR","@id":"https:\/\/vosgesinfo.fr\/remiremontinfo\/#\/schema\/logo\/image\/","url":"https:\/\/vosgesinfo.fr\/app\/uploads\/sites\/5\/2023\/08\/favicon-remiremontinfo.png","contentUrl":"https:\/\/vosgesinfo.fr\/app\/uploads\/sites\/5\/2023\/08\/favicon-remiremontinfo.png","width":512,"height":512,"caption":"Remiremont Info"},"image":{"@id":"https:\/\/vosgesinfo.fr\/remiremontinfo\/#\/schema\/logo\/image\/"},"sameAs":["https:\/\/www.facebook.com\/remiremontinfo","https:\/\/x.com\/VosgesInfo88","https:\/\/www.youtube.com\/@vosgesinfo"]},{"@type":"Person","@id":"https:\/\/vosgesinfo.fr\/remiremontinfo\/#\/schema\/person\/3bfd164d5218a185b1db68655a265316","name":"C D","image":{"@type":"ImageObject","inLanguage":"fr-FR","@id":"https:\/\/vosgesinfo.fr\/remiremontinfo\/#\/schema\/person\/image\/","url":"https:\/\/secure.gravatar.com\/avatar\/1f9a70007336511a47468b8f1c66f922b8b7cf617b02a31149ada43893a5d48f?s=96&d=mm&r=g","contentUrl":"https:\/\/secure.gravatar.com\/avatar\/1f9a70007336511a47468b8f1c66f922b8b7cf617b02a31149ada43893a5d48f?s=96&d=mm&r=g","caption":"C D"},"url":"https:\/\/vosgesinfo.fr\/remiremontinfo\/author\/cedric-drevet\/"}]}},"_links":{"self":[{"href":"https:\/\/vosgesinfo.fr\/remiremontinfo\/wp-json\/wp\/v2\/posts\/40057","targetHints":{"allow":["GET"]}}],"collection":[{"href":"https:\/\/vosgesinfo.fr\/remiremontinfo\/wp-json\/wp\/v2\/posts"}],"about":[{"href":"https:\/\/vosgesinfo.fr\/remiremontinfo\/wp-json\/wp\/v2\/types\/post"}],"author":[{"embeddable":true,"href":"https:\/\/vosgesinfo.fr\/remiremontinfo\/wp-json\/wp\/v2\/users\/407"}],"replies":[{"embeddable":true,"href":"https:\/\/vosgesinfo.fr\/remiremontinfo\/wp-json\/wp\/v2\/comments?post=40057"}],"version-history":[{"count":0,"href":"https:\/\/vosgesinfo.fr\/remiremontinfo\/wp-json\/wp\/v2\/posts\/40057\/revisions"}],"wp:featuredmedia":[{"embeddable":true,"href":"https:\/\/vosgesinfo.fr\/remiremontinfo\/wp-json\/wp\/v2\/media\/40058"}],"wp:attachment":[{"href":"https:\/\/vosgesinfo.fr\/remiremontinfo\/wp-json\/wp\/v2\/media?parent=40057"}],"wp:term":[{"taxonomy":"category","embeddable":true,"href":"https:\/\/vosgesinfo.fr\/remiremontinfo\/wp-json\/wp\/v2\/categories?post=40057"},{"taxonomy":"post_tag","embeddable":true,"href":"https:\/\/vosgesinfo.fr\/remiremontinfo\/wp-json\/wp\/v2\/tags?post=40057"}],"curies":[{"name":"wp","href":"https:\/\/api.w.org\/{rel}","templated":true}]}}