{"id":40077,"date":"2021-05-08T05:57:53","date_gmt":"2021-05-08T03:57:53","guid":{"rendered":"https:\/\/vosgesinfo.fr\/remiremontinfo\/2021\/05\/bussang-inscription-liste-electorale-reunion-de-commission\/"},"modified":"2021-05-08T05:57:53","modified_gmt":"2021-05-08T03:57:53","slug":"bussang-inscription-liste-electorale-reunion-de-commission","status":"publish","type":"post","link":"https:\/\/vosgesinfo.fr\/remiremontinfo\/2021\/05\/bussang-inscription-liste-electorale-reunion-de-commission\/","title":{"rendered":"Bussang : inscription sur la liste \u00e9lectorale et r\u00e9union de la commission"},"content":{"rendered":"<p style=\"text-align: center;\"><a href=\"\/2021\/03\/Capture-d\u2019e\u0301cran-2020-02-07-a\u0300-09.34.39-1024x685.png\"><img decoding=\"async\" class=\"alignnone size-full wp-image-310844\" src=\"\/2021\/03\/Capture-d\u2019e\u0301cran-2020-02-07-a\u0300-09.34.39-1024x685.png\" alt=\"elections vote urne bulletin carte electorale\" width=\"800\" height=\"535\" \/><\/a><\/p>\n<p><span style=\"font-size: 10pt;\"><em>Photo d&rsquo;illustration<\/em><\/span><\/p>\n<h2><span style=\"font-size: 12pt;\">Inscription liste \u00e9lectorale et r\u00e9union de la commission<\/span><\/h2>\n<p style=\"font-weight: 400;\">La date limite d\u2019inscription sur la liste \u00e9lectorale est fix\u00e9e au vendredi 14 mai \u00e0 17h (fermeture de la mairie) afin de pouvoir voter pour les \u00e9lections r\u00e9gionales et d\u00e9partementales des 20 et 27 juin prochains.<\/p>\n<p style=\"font-weight: 400;\">De plus la r\u00e9union de la commission de contr\u00f4le des listes \u00e9lectorales se d\u00e9roulera le jeudi 27 mai \u00e0 17h en salle du conseil.<\/p>\n<p style=\"font-weight: 400;\"><em>Communiqu\u00e9 de la Mairie de Bussang<\/em><\/p>\n","protected":false},"excerpt":{"rendered":"<p>Photo d&rsquo;illustration Inscription liste \u00e9lectorale et r\u00e9union de la commission La date limite d\u2019inscription sur la liste \u00e9lectorale est fix\u00e9e [&hellip;]<\/p>\n","protected":false},"author":407,"featured_media":40078,"comment_status":"open","ping_status":"open","sticky":false,"template":"","format":"standard","meta":{"footnotes":""},"categories":[26,38,37,10],"tags":[],"class_list":["post-40077","post","type-post","status-publish","format-standard","has-post-thumbnail","hentry","category-a-la-une","category-bussang","category-le-thillot-son-canton","category-politique"],"acf":[],"yoast_head":"<!-- This site is optimized with the Yoast SEO plugin v22.5 - https:\/\/yoast.com\/wordpress\/plugins\/seo\/ -->\n<title>Bussang : inscription sur la liste \u00e9lectorale et r\u00e9union de la commission - Remiremont Info<\/title>\n<meta name=\"robots\" content=\"index, follow, max-snippet:-1, max-image-preview:large, max-video-preview:-1\" \/>\n<link rel=\"canonical\" href=\"https:\/\/vosgesinfo.fr\/remiremontinfo\/2021\/05\/bussang-inscription-liste-electorale-reunion-de-commission\/\" \/>\n<meta name=\"twitter:card\" content=\"summary_large_image\" \/>\n<meta name=\"twitter:title\" content=\"Bussang : inscription sur la liste \u00e9lectorale et r\u00e9union de la commission - Remiremont Info\" \/>\n<meta name=\"twitter:description\" content=\"Photo d&rsquo;illustration Inscription liste \u00e9lectorale et r\u00e9union de la commission La date limite d\u2019inscription sur la liste \u00e9lectorale est fix\u00e9e [&hellip;]\" \/>\n<meta name=\"twitter:image\" content=\"https:\/\/vosgesinfo.fr\/app\/uploads\/sites\/5\/2024\/09\/202103capture-decran-2020-02-07-a-09.34.39-1024x685-7.png\" \/>\n<meta name=\"twitter:creator\" content=\"@VosgesInfo88\" \/>\n<meta name=\"twitter:site\" content=\"@VosgesInfo88\" \/>\n<meta name=\"twitter:label1\" content=\"\u00c9crit par\" \/>\n\t<meta name=\"twitter:data1\" content=\"C D\" \/>\n<script type=\"application\/ld+json\" class=\"yoast-schema-graph\">{\"@context\":\"https:\/\/schema.org\",\"@graph\":[{\"@type\":\"Article\",\"@id\":\"https:\/\/vosgesinfo.fr\/remiremontinfo\/2021\/05\/bussang-inscription-liste-electorale-reunion-de-commission\/#article\",\"isPartOf\":{\"@id\":\"https:\/\/vosgesinfo.fr\/remiremontinfo\/2021\/05\/bussang-inscription-liste-electorale-reunion-de-commission\/\"},\"author\":{\"name\":\"C D\",\"@id\":\"https:\/\/vosgesinfo.fr\/remiremontinfo\/#\/schema\/person\/3bfd164d5218a185b1db68655a265316\"},\"headline\":\"Bussang : inscription sur la liste \u00e9lectorale et r\u00e9union de la commission\",\"datePublished\":\"2021-05-08T03:57:53+00:00\",\"dateModified\":\"2021-05-08T03:57:53+00:00\",\"mainEntityOfPage\":{\"@id\":\"https:\/\/vosgesinfo.fr\/remiremontinfo\/2021\/05\/bussang-inscription-liste-electorale-reunion-de-commission\/\"},\"wordCount\":91,\"commentCount\":0,\"publisher\":{\"@id\":\"https:\/\/vosgesinfo.fr\/remiremontinfo\/#organization\"},\"image\":{\"@id\":\"https:\/\/vosgesinfo.fr\/remiremontinfo\/2021\/05\/bussang-inscription-liste-electorale-reunion-de-commission\/#primaryimage\"},\"thumbnailUrl\":\"https:\/\/vosgesinfo.fr\/app\/uploads\/sites\/5\/2024\/09\/202103capture-decran-2020-02-07-a-09.34.39-1024x685-7.png\",\"articleSection\":[\"A la Une\",\"Bussang\",\"Le Thillot &amp; son canton\",\"Politique\"],\"inLanguage\":\"fr-FR\",\"potentialAction\":[{\"@type\":\"CommentAction\",\"name\":\"Comment\",\"target\":[\"https:\/\/vosgesinfo.fr\/remiremontinfo\/2021\/05\/bussang-inscription-liste-electorale-reunion-de-commission\/#respond\"]}]},{\"@type\":\"WebPage\",\"@id\":\"https:\/\/vosgesinfo.fr\/remiremontinfo\/2021\/05\/bussang-inscription-liste-electorale-reunion-de-commission\/\",\"url\":\"https:\/\/vosgesinfo.fr\/remiremontinfo\/2021\/05\/bussang-inscription-liste-electorale-reunion-de-commission\/\",\"name\":\"Bussang : inscription sur la liste \u00e9lectorale et r\u00e9union de la commission - Remiremont Info\",\"isPartOf\":{\"@id\":\"https:\/\/vosgesinfo.fr\/remiremontinfo\/#website\"},\"primaryImageOfPage\":{\"@id\":\"https:\/\/vosgesinfo.fr\/remiremontinfo\/2021\/05\/bussang-inscription-liste-electorale-reunion-de-commission\/#primaryimage\"},\"image\":{\"@id\":\"https:\/\/vosgesinfo.fr\/remiremontinfo\/2021\/05\/bussang-inscription-liste-electorale-reunion-de-commission\/#primaryimage\"},\"thumbnailUrl\":\"https:\/\/vosgesinfo.fr\/app\/uploads\/sites\/5\/2024\/09\/202103capture-decran-2020-02-07-a-09.34.39-1024x685-7.png\",\"datePublished\":\"2021-05-08T03:57:53+00:00\",\"dateModified\":\"2021-05-08T03:57:53+00:00\",\"breadcrumb\":{\"@id\":\"https:\/\/vosgesinfo.fr\/remiremontinfo\/2021\/05\/bussang-inscription-liste-electorale-reunion-de-commission\/#breadcrumb\"},\"inLanguage\":\"fr-FR\",\"potentialAction\":[{\"@type\":\"ReadAction\",\"target\":[\"https:\/\/vosgesinfo.fr\/remiremontinfo\/2021\/05\/bussang-inscription-liste-electorale-reunion-de-commission\/\"]}]},{\"@type\":\"ImageObject\",\"inLanguage\":\"fr-FR\",\"@id\":\"https:\/\/vosgesinfo.fr\/remiremontinfo\/2021\/05\/bussang-inscription-liste-electorale-reunion-de-commission\/#primaryimage\",\"url\":\"https:\/\/vosgesinfo.fr\/app\/uploads\/sites\/5\/2024\/09\/202103capture-decran-2020-02-07-a-09.34.39-1024x685-7.png\",\"contentUrl\":\"https:\/\/vosgesinfo.fr\/app\/uploads\/sites\/5\/2024\/09\/202103capture-decran-2020-02-07-a-09.34.39-1024x685-7.png\",\"width\":800,\"height\":535},{\"@type\":\"BreadcrumbList\",\"@id\":\"https:\/\/vosgesinfo.fr\/remiremontinfo\/2021\/05\/bussang-inscription-liste-electorale-reunion-de-commission\/#breadcrumb\",\"itemListElement\":[{\"@type\":\"ListItem\",\"position\":1,\"name\":\"Home\",\"item\":\"https:\/\/vosgesinfo.fr\/remiremontinfo\/\"},{\"@type\":\"ListItem\",\"position\":2,\"name\":\"Bussang : inscription sur la liste \u00e9lectorale et r\u00e9union de la commission\"}]},{\"@type\":\"WebSite\",\"@id\":\"https:\/\/vosgesinfo.fr\/remiremontinfo\/#website\",\"url\":\"https:\/\/vosgesinfo.fr\/remiremontinfo\/\",\"name\":\"Remiremont Info\",\"description\":\"Toute l&#039;actualit\u00e9 de Remiremont\",\"publisher\":{\"@id\":\"https:\/\/vosgesinfo.fr\/remiremontinfo\/#organization\"},\"alternateName\":\"Toute l'actualit\u00e9 de Remiremont\",\"potentialAction\":[{\"@type\":\"SearchAction\",\"target\":{\"@type\":\"EntryPoint\",\"urlTemplate\":\"https:\/\/vosgesinfo.fr\/remiremontinfo\/?s={search_term_string}\"},\"query-input\":\"required name=search_term_string\"}],\"inLanguage\":\"fr-FR\"},{\"@type\":\"Organization\",\"@id\":\"https:\/\/vosgesinfo.fr\/remiremontinfo\/#organization\",\"name\":\"Remiremont Info\",\"url\":\"https:\/\/vosgesinfo.fr\/remiremontinfo\/\",\"logo\":{\"@type\":\"ImageObject\",\"inLanguage\":\"fr-FR\",\"@id\":\"https:\/\/vosgesinfo.fr\/remiremontinfo\/#\/schema\/logo\/image\/\",\"url\":\"https:\/\/vosgesinfo.fr\/app\/uploads\/sites\/5\/2023\/08\/favicon-remiremontinfo.png\",\"contentUrl\":\"https:\/\/vosgesinfo.fr\/app\/uploads\/sites\/5\/2023\/08\/favicon-remiremontinfo.png\",\"width\":512,\"height\":512,\"caption\":\"Remiremont Info\"},\"image\":{\"@id\":\"https:\/\/vosgesinfo.fr\/remiremontinfo\/#\/schema\/logo\/image\/\"},\"sameAs\":[\"https:\/\/www.facebook.com\/remiremontinfo\",\"https:\/\/x.com\/VosgesInfo88\",\"https:\/\/www.youtube.com\/@vosgesinfo\"]},{\"@type\":\"Person\",\"@id\":\"https:\/\/vosgesinfo.fr\/remiremontinfo\/#\/schema\/person\/3bfd164d5218a185b1db68655a265316\",\"name\":\"C D\",\"image\":{\"@type\":\"ImageObject\",\"inLanguage\":\"fr-FR\",\"@id\":\"https:\/\/vosgesinfo.fr\/remiremontinfo\/#\/schema\/person\/image\/\",\"url\":\"https:\/\/secure.gravatar.com\/avatar\/1f9a70007336511a47468b8f1c66f922b8b7cf617b02a31149ada43893a5d48f?s=96&d=mm&r=g\",\"contentUrl\":\"https:\/\/secure.gravatar.com\/avatar\/1f9a70007336511a47468b8f1c66f922b8b7cf617b02a31149ada43893a5d48f?s=96&d=mm&r=g\",\"caption\":\"C D\"},\"url\":\"https:\/\/vosgesinfo.fr\/remiremontinfo\/author\/cedric-drevet\/\"}]}<\/script>\n<!-- \/ Yoast SEO plugin. -->","yoast_head_json":{"title":"Bussang : inscription sur la liste \u00e9lectorale et r\u00e9union de la commission - Remiremont Info","robots":{"index":"index","follow":"follow","max-snippet":"max-snippet:-1","max-image-preview":"max-image-preview:large","max-video-preview":"max-video-preview:-1"},"canonical":"https:\/\/vosgesinfo.fr\/remiremontinfo\/2021\/05\/bussang-inscription-liste-electorale-reunion-de-commission\/","twitter_card":"summary_large_image","twitter_title":"Bussang : inscription sur la liste \u00e9lectorale et r\u00e9union de la commission - Remiremont Info","twitter_description":"Photo d&rsquo;illustration Inscription liste \u00e9lectorale et r\u00e9union de la commission La date limite d\u2019inscription sur la liste \u00e9lectorale est fix\u00e9e [&hellip;]","twitter_image":"https:\/\/vosgesinfo.fr\/app\/uploads\/sites\/5\/2024\/09\/202103capture-decran-2020-02-07-a-09.34.39-1024x685-7.png","twitter_creator":"@VosgesInfo88","twitter_site":"@VosgesInfo88","twitter_misc":{"\u00c9crit par":"C D"},"schema":{"@context":"https:\/\/schema.org","@graph":[{"@type":"Article","@id":"https:\/\/vosgesinfo.fr\/remiremontinfo\/2021\/05\/bussang-inscription-liste-electorale-reunion-de-commission\/#article","isPartOf":{"@id":"https:\/\/vosgesinfo.fr\/remiremontinfo\/2021\/05\/bussang-inscription-liste-electorale-reunion-de-commission\/"},"author":{"name":"C D","@id":"https:\/\/vosgesinfo.fr\/remiremontinfo\/#\/schema\/person\/3bfd164d5218a185b1db68655a265316"},"headline":"Bussang : inscription sur la liste \u00e9lectorale et r\u00e9union de la commission","datePublished":"2021-05-08T03:57:53+00:00","dateModified":"2021-05-08T03:57:53+00:00","mainEntityOfPage":{"@id":"https:\/\/vosgesinfo.fr\/remiremontinfo\/2021\/05\/bussang-inscription-liste-electorale-reunion-de-commission\/"},"wordCount":91,"commentCount":0,"publisher":{"@id":"https:\/\/vosgesinfo.fr\/remiremontinfo\/#organization"},"image":{"@id":"https:\/\/vosgesinfo.fr\/remiremontinfo\/2021\/05\/bussang-inscription-liste-electorale-reunion-de-commission\/#primaryimage"},"thumbnailUrl":"https:\/\/vosgesinfo.fr\/app\/uploads\/sites\/5\/2024\/09\/202103capture-decran-2020-02-07-a-09.34.39-1024x685-7.png","articleSection":["A la Une","Bussang","Le Thillot &amp; son canton","Politique"],"inLanguage":"fr-FR","potentialAction":[{"@type":"CommentAction","name":"Comment","target":["https:\/\/vosgesinfo.fr\/remiremontinfo\/2021\/05\/bussang-inscription-liste-electorale-reunion-de-commission\/#respond"]}]},{"@type":"WebPage","@id":"https:\/\/vosgesinfo.fr\/remiremontinfo\/2021\/05\/bussang-inscription-liste-electorale-reunion-de-commission\/","url":"https:\/\/vosgesinfo.fr\/remiremontinfo\/2021\/05\/bussang-inscription-liste-electorale-reunion-de-commission\/","name":"Bussang : inscription sur la liste \u00e9lectorale et r\u00e9union de la commission - Remiremont Info","isPartOf":{"@id":"https:\/\/vosgesinfo.fr\/remiremontinfo\/#website"},"primaryImageOfPage":{"@id":"https:\/\/vosgesinfo.fr\/remiremontinfo\/2021\/05\/bussang-inscription-liste-electorale-reunion-de-commission\/#primaryimage"},"image":{"@id":"https:\/\/vosgesinfo.fr\/remiremontinfo\/2021\/05\/bussang-inscription-liste-electorale-reunion-de-commission\/#primaryimage"},"thumbnailUrl":"https:\/\/vosgesinfo.fr\/app\/uploads\/sites\/5\/2024\/09\/202103capture-decran-2020-02-07-a-09.34.39-1024x685-7.png","datePublished":"2021-05-08T03:57:53+00:00","dateModified":"2021-05-08T03:57:53+00:00","breadcrumb":{"@id":"https:\/\/vosgesinfo.fr\/remiremontinfo\/2021\/05\/bussang-inscription-liste-electorale-reunion-de-commission\/#breadcrumb"},"inLanguage":"fr-FR","potentialAction":[{"@type":"ReadAction","target":["https:\/\/vosgesinfo.fr\/remiremontinfo\/2021\/05\/bussang-inscription-liste-electorale-reunion-de-commission\/"]}]},{"@type":"ImageObject","inLanguage":"fr-FR","@id":"https:\/\/vosgesinfo.fr\/remiremontinfo\/2021\/05\/bussang-inscription-liste-electorale-reunion-de-commission\/#primaryimage","url":"https:\/\/vosgesinfo.fr\/app\/uploads\/sites\/5\/2024\/09\/202103capture-decran-2020-02-07-a-09.34.39-1024x685-7.png","contentUrl":"https:\/\/vosgesinfo.fr\/app\/uploads\/sites\/5\/2024\/09\/202103capture-decran-2020-02-07-a-09.34.39-1024x685-7.png","width":800,"height":535},{"@type":"BreadcrumbList","@id":"https:\/\/vosgesinfo.fr\/remiremontinfo\/2021\/05\/bussang-inscription-liste-electorale-reunion-de-commission\/#breadcrumb","itemListElement":[{"@type":"ListItem","position":1,"name":"Home","item":"https:\/\/vosgesinfo.fr\/remiremontinfo\/"},{"@type":"ListItem","position":2,"name":"Bussang : inscription sur la liste \u00e9lectorale et r\u00e9union de la commission"}]},{"@type":"WebSite","@id":"https:\/\/vosgesinfo.fr\/remiremontinfo\/#website","url":"https:\/\/vosgesinfo.fr\/remiremontinfo\/","name":"Remiremont Info","description":"Toute l&#039;actualit\u00e9 de Remiremont","publisher":{"@id":"https:\/\/vosgesinfo.fr\/remiremontinfo\/#organization"},"alternateName":"Toute l'actualit\u00e9 de Remiremont","potentialAction":[{"@type":"SearchAction","target":{"@type":"EntryPoint","urlTemplate":"https:\/\/vosgesinfo.fr\/remiremontinfo\/?s={search_term_string}"},"query-input":"required name=search_term_string"}],"inLanguage":"fr-FR"},{"@type":"Organization","@id":"https:\/\/vosgesinfo.fr\/remiremontinfo\/#organization","name":"Remiremont Info","url":"https:\/\/vosgesinfo.fr\/remiremontinfo\/","logo":{"@type":"ImageObject","inLanguage":"fr-FR","@id":"https:\/\/vosgesinfo.fr\/remiremontinfo\/#\/schema\/logo\/image\/","url":"https:\/\/vosgesinfo.fr\/app\/uploads\/sites\/5\/2023\/08\/favicon-remiremontinfo.png","contentUrl":"https:\/\/vosgesinfo.fr\/app\/uploads\/sites\/5\/2023\/08\/favicon-remiremontinfo.png","width":512,"height":512,"caption":"Remiremont Info"},"image":{"@id":"https:\/\/vosgesinfo.fr\/remiremontinfo\/#\/schema\/logo\/image\/"},"sameAs":["https:\/\/www.facebook.com\/remiremontinfo","https:\/\/x.com\/VosgesInfo88","https:\/\/www.youtube.com\/@vosgesinfo"]},{"@type":"Person","@id":"https:\/\/vosgesinfo.fr\/remiremontinfo\/#\/schema\/person\/3bfd164d5218a185b1db68655a265316","name":"C D","image":{"@type":"ImageObject","inLanguage":"fr-FR","@id":"https:\/\/vosgesinfo.fr\/remiremontinfo\/#\/schema\/person\/image\/","url":"https:\/\/secure.gravatar.com\/avatar\/1f9a70007336511a47468b8f1c66f922b8b7cf617b02a31149ada43893a5d48f?s=96&d=mm&r=g","contentUrl":"https:\/\/secure.gravatar.com\/avatar\/1f9a70007336511a47468b8f1c66f922b8b7cf617b02a31149ada43893a5d48f?s=96&d=mm&r=g","caption":"C D"},"url":"https:\/\/vosgesinfo.fr\/remiremontinfo\/author\/cedric-drevet\/"}]}},"_links":{"self":[{"href":"https:\/\/vosgesinfo.fr\/remiremontinfo\/wp-json\/wp\/v2\/posts\/40077","targetHints":{"allow":["GET"]}}],"collection":[{"href":"https:\/\/vosgesinfo.fr\/remiremontinfo\/wp-json\/wp\/v2\/posts"}],"about":[{"href":"https:\/\/vosgesinfo.fr\/remiremontinfo\/wp-json\/wp\/v2\/types\/post"}],"author":[{"embeddable":true,"href":"https:\/\/vosgesinfo.fr\/remiremontinfo\/wp-json\/wp\/v2\/users\/407"}],"replies":[{"embeddable":true,"href":"https:\/\/vosgesinfo.fr\/remiremontinfo\/wp-json\/wp\/v2\/comments?post=40077"}],"version-history":[{"count":0,"href":"https:\/\/vosgesinfo.fr\/remiremontinfo\/wp-json\/wp\/v2\/posts\/40077\/revisions"}],"wp:featuredmedia":[{"embeddable":true,"href":"https:\/\/vosgesinfo.fr\/remiremontinfo\/wp-json\/wp\/v2\/media\/40078"}],"wp:attachment":[{"href":"https:\/\/vosgesinfo.fr\/remiremontinfo\/wp-json\/wp\/v2\/media?parent=40077"}],"wp:term":[{"taxonomy":"category","embeddable":true,"href":"https:\/\/vosgesinfo.fr\/remiremontinfo\/wp-json\/wp\/v2\/categories?post=40077"},{"taxonomy":"post_tag","embeddable":true,"href":"https:\/\/vosgesinfo.fr\/remiremontinfo\/wp-json\/wp\/v2\/tags?post=40077"}],"curies":[{"name":"wp","href":"https:\/\/api.w.org\/{rel}","templated":true}]}}