{"id":40079,"date":"2021-05-08T12:15:41","date_gmt":"2021-05-08T10:15:41","guid":{"rendered":"https:\/\/vosgesinfo.fr\/remiremontinfo\/2021\/05\/vosges-sopposent-a-construction-stade-deaux-vives-port-depinal\/"},"modified":"2021-05-08T12:15:41","modified_gmt":"2021-05-08T10:15:41","slug":"vosges-sopposent-a-construction-stade-deaux-vives-port-depinal","status":"publish","type":"post","link":"https:\/\/vosgesinfo.fr\/remiremontinfo\/2021\/05\/vosges-sopposent-a-construction-stade-deaux-vives-port-depinal\/","title":{"rendered":"Vosges\u00a0: ils s\u2019opposent \u00e0 la construction du stade d\u2019eaux vives au port d\u2019Epinal"},"content":{"rendered":"<p style=\"text-align: center;\"><a href=\"\/2021\/05\/DSC_19031.jpg\"><img decoding=\"async\" class=\"alignnone size-full wp-image-315833\" src=\"\/2021\/05\/DSC_19031.jpg\" alt=\"DSC_1903\" width=\"800\" height=\"591\" \/><\/a><\/p>\n<h2><span style=\"font-size: 12pt;\"><strong>Quelques dizaines de personnes se sont rassembl\u00e9es ce samedi matin au port d\u2019\u00c9pinal pour exprimer leur refus de voir la construction d\u2019un stade d\u2019eaux vives \u00e0 cet emplacement. Une enqu\u00eate publique est actuellement en cours concernant ce projet qui pour ses d\u00e9fenseurs est cens\u00e9 dynamiser le d\u00e9veloppement touristique ou encore permettre de former les intervenants de la s\u00e9curit\u00e9 civile pour les interventions en secteurs urbains inond\u00e9s. Le co\u00fbt global de l\u2019op\u00e9ration est de 5 732 726 euros HT.<\/strong><\/span><\/h2>\n<p><em>\u00ab\u00a0Nous nous opposons au gaspillage de presque 6 millions d\u2019euros\u00a0\u00bb.<\/em> Dont une grande partie <em>\u00ab\u00a0d\u2019argent public\u00a0\u00bb<\/em>, affirme Andreas, l\u2019un des participant au rassemblement, par ailleurs professeur d\u2019allemand.\u00a0Une manifestante pr\u00e9sente ce samedi au port d&rsquo;Epinal \u00e9voque d&rsquo;autres projets, dans lesquels l&rsquo;argent pourrait \u00eatre investi. Comme par exemple dans la r\u00e9novation des terrains de sport \u00e0 la Colombi\u00e8re. Un terrain en synth\u00e9tique\u00a0<em>\u00ab\u00a0non stabilis\u00e9 \u00bb <\/em>et mal entretenu, qu&rsquo;elle souhaiterait voir r\u00e9nov\u00e9, pour un co\u00fbt estim\u00e9 bien inf\u00e9rieur \u00e0 celui de la construction du stade d&rsquo;eaux vives.<\/p>\n<p>Beaucoup d\u2019opposants au projet refusent ce qu\u2019ils consid\u00e8rent comme une <em>\u00ab\u00a0b\u00e9tonisation\u00a0\u00bb<\/em> , et une mani\u00e8re de prendre la d\u00e9cision semblable \u00e0 <em>\u00ab\u00a0un d\u00e9ni d\u00e9mocratique\u00a0\u00bb<\/em>. Bruno, membre du Collectif Agir pour le climat et l\u2019environnement, prend la d\u00e9fense d\u2019<em>\u00ab\u00a0un lieu de rencontre pour promeneurs, randonneurs (\u2026) parents\u00a0\u00bb<\/em>. Un terrain de port \u00e9galement, pour les scolaires. Il \u00e9voque le Salon du livre Zinc Grenadine.<em> \u00ab\u00a0L\u2019espace restant sera insuffisant pour son installation\u00a0\u00bb.<\/em> Selon le militant, le projet<em> \u00ab\u00a0induira une pollution et un r\u00e9chauffement de l\u2019eau\u00a0\u00bb<\/em>, provoquant la cr\u00e9ation de <em>\u00ab\u00a0bact\u00e9ries\u00a0\u00bb.<\/em><\/p>\n<p>Jean Luc G\u00e9rard, membre du Club de Cano\u00eb Kayak et architecte, a particip\u00e9 \u00e0 la cr\u00e9ation du parc du port d\u2019\u00c9pinal tel qu\u2019il se trouve actuellement. Il raconte sa r\u00e9action en d\u00e9couvrant le projet de bassin. <em>\u00ab\u00a0J\u2019ai \u00e9t\u00e9 stup\u00e9fait\u00a0\u00bb<\/em>, affirme t\u2019il. Imaginer la cr\u00e9ation de bassin <em>\u00ab\u00a0en plastique\u00a0\u00bb<\/em>, avec des pompes, ne le r\u00e9jouis pas. De plus, l\u2019espace que doit occuper l\u2019installation, et les murs autour, formeront pour lui quelque chose d\u2019<em>\u00ab\u00a0assez monstrueux\u00a0\u00bb<\/em>. La signature d\u2019une p\u00e9tition \u00e9tait propos\u00e9e aux manifestants. Le texte, \u00e0 d\u00e9couvrir ci dessous rappelle l\u2019existence du parcours de kayak sur le canal en centre ville, \u00ab\u00a0qui donne satisfaction \u00e0 de nombreux kayakistes amateurs\u00a0\u00bb, selon les r\u00e9dacteurs. Les prises de paroles des divers repr\u00e9sentants associatifs \u00e9taient ponctu\u00e9es par des chansons \u00ab\u00a0engag\u00e9es\u00a0\u00bb accompagn\u00e9es \u00e0 la guitare. La police, pr\u00e9sente sur les lieux, rappelle l\u2019obligation du port du masque.<\/p>\n<p>&nbsp;<\/p>\n\n","protected":false},"excerpt":{"rendered":"<p>Quelques dizaines de personnes se sont rassembl\u00e9es ce samedi matin au port d\u2019\u00c9pinal pour exprimer leur refus de voir la [&hellip;]<\/p>\n","protected":false},"author":407,"featured_media":40080,"comment_status":"open","ping_status":"open","sticky":false,"template":"","format":"standard","meta":{"footnotes":""},"categories":[26,7,18],"tags":[],"class_list":["post-40079","post","type-post","status-publish","format-standard","has-post-thumbnail","hentry","category-a-la-une","category-environnement","category-vosges"],"acf":[],"yoast_head":"<!-- This site is optimized with the Yoast SEO plugin v22.5 - https:\/\/yoast.com\/wordpress\/plugins\/seo\/ -->\n<title>Vosges\u00a0: ils s\u2019opposent \u00e0 la construction du stade d\u2019eaux vives au port d\u2019Epinal - Remiremont Info<\/title>\n<meta name=\"robots\" content=\"index, follow, max-snippet:-1, max-image-preview:large, max-video-preview:-1\" \/>\n<link rel=\"canonical\" href=\"https:\/\/vosgesinfo.fr\/remiremontinfo\/2021\/05\/vosges-sopposent-a-construction-stade-deaux-vives-port-depinal\/\" \/>\n<meta name=\"twitter:card\" content=\"summary_large_image\" \/>\n<meta name=\"twitter:title\" content=\"Vosges\u00a0: ils s\u2019opposent \u00e0 la construction du stade d\u2019eaux vives au port d\u2019Epinal - Remiremont Info\" \/>\n<meta name=\"twitter:description\" content=\"Quelques dizaines de personnes se sont rassembl\u00e9es ce samedi matin au port d\u2019\u00c9pinal pour exprimer leur refus de voir la [&hellip;]\" \/>\n<meta name=\"twitter:image\" content=\"https:\/\/vosgesinfo.fr\/app\/uploads\/sites\/5\/2024\/09\/202105dsc-19031.jpg\" \/>\n<meta name=\"twitter:creator\" content=\"@VosgesInfo88\" \/>\n<meta name=\"twitter:site\" content=\"@VosgesInfo88\" \/>\n<meta name=\"twitter:label1\" content=\"\u00c9crit par\" \/>\n\t<meta name=\"twitter:data1\" content=\"C D\" \/>\n\t<meta name=\"twitter:label2\" content=\"Dur\u00e9e de lecture estim\u00e9e\" \/>\n\t<meta name=\"twitter:data2\" content=\"2 minutes\" \/>\n<script type=\"application\/ld+json\" class=\"yoast-schema-graph\">{\"@context\":\"https:\/\/schema.org\",\"@graph\":[{\"@type\":\"Article\",\"@id\":\"https:\/\/vosgesinfo.fr\/remiremontinfo\/2021\/05\/vosges-sopposent-a-construction-stade-deaux-vives-port-depinal\/#article\",\"isPartOf\":{\"@id\":\"https:\/\/vosgesinfo.fr\/remiremontinfo\/2021\/05\/vosges-sopposent-a-construction-stade-deaux-vives-port-depinal\/\"},\"author\":{\"name\":\"C D\",\"@id\":\"https:\/\/vosgesinfo.fr\/remiremontinfo\/#\/schema\/person\/3bfd164d5218a185b1db68655a265316\"},\"headline\":\"Vosges\u00a0: ils s\u2019opposent \u00e0 la construction du stade d\u2019eaux vives au port d\u2019Epinal\",\"datePublished\":\"2021-05-08T10:15:41+00:00\",\"dateModified\":\"2021-05-08T10:15:41+00:00\",\"mainEntityOfPage\":{\"@id\":\"https:\/\/vosgesinfo.fr\/remiremontinfo\/2021\/05\/vosges-sopposent-a-construction-stade-deaux-vives-port-depinal\/\"},\"wordCount\":470,\"commentCount\":0,\"publisher\":{\"@id\":\"https:\/\/vosgesinfo.fr\/remiremontinfo\/#organization\"},\"image\":{\"@id\":\"https:\/\/vosgesinfo.fr\/remiremontinfo\/2021\/05\/vosges-sopposent-a-construction-stade-deaux-vives-port-depinal\/#primaryimage\"},\"thumbnailUrl\":\"https:\/\/vosgesinfo.fr\/app\/uploads\/sites\/5\/2024\/09\/202105dsc-19031.jpg\",\"articleSection\":[\"A la Une\",\"Environnement\",\"Vosges\"],\"inLanguage\":\"fr-FR\",\"potentialAction\":[{\"@type\":\"CommentAction\",\"name\":\"Comment\",\"target\":[\"https:\/\/vosgesinfo.fr\/remiremontinfo\/2021\/05\/vosges-sopposent-a-construction-stade-deaux-vives-port-depinal\/#respond\"]}]},{\"@type\":\"WebPage\",\"@id\":\"https:\/\/vosgesinfo.fr\/remiremontinfo\/2021\/05\/vosges-sopposent-a-construction-stade-deaux-vives-port-depinal\/\",\"url\":\"https:\/\/vosgesinfo.fr\/remiremontinfo\/2021\/05\/vosges-sopposent-a-construction-stade-deaux-vives-port-depinal\/\",\"name\":\"Vosges\u00a0: ils s\u2019opposent \u00e0 la construction du stade d\u2019eaux vives au port d\u2019Epinal - Remiremont Info\",\"isPartOf\":{\"@id\":\"https:\/\/vosgesinfo.fr\/remiremontinfo\/#website\"},\"primaryImageOfPage\":{\"@id\":\"https:\/\/vosgesinfo.fr\/remiremontinfo\/2021\/05\/vosges-sopposent-a-construction-stade-deaux-vives-port-depinal\/#primaryimage\"},\"image\":{\"@id\":\"https:\/\/vosgesinfo.fr\/remiremontinfo\/2021\/05\/vosges-sopposent-a-construction-stade-deaux-vives-port-depinal\/#primaryimage\"},\"thumbnailUrl\":\"https:\/\/vosgesinfo.fr\/app\/uploads\/sites\/5\/2024\/09\/202105dsc-19031.jpg\",\"datePublished\":\"2021-05-08T10:15:41+00:00\",\"dateModified\":\"2021-05-08T10:15:41+00:00\",\"breadcrumb\":{\"@id\":\"https:\/\/vosgesinfo.fr\/remiremontinfo\/2021\/05\/vosges-sopposent-a-construction-stade-deaux-vives-port-depinal\/#breadcrumb\"},\"inLanguage\":\"fr-FR\",\"potentialAction\":[{\"@type\":\"ReadAction\",\"target\":[\"https:\/\/vosgesinfo.fr\/remiremontinfo\/2021\/05\/vosges-sopposent-a-construction-stade-deaux-vives-port-depinal\/\"]}]},{\"@type\":\"ImageObject\",\"inLanguage\":\"fr-FR\",\"@id\":\"https:\/\/vosgesinfo.fr\/remiremontinfo\/2021\/05\/vosges-sopposent-a-construction-stade-deaux-vives-port-depinal\/#primaryimage\",\"url\":\"https:\/\/vosgesinfo.fr\/app\/uploads\/sites\/5\/2024\/09\/202105dsc-19031.jpg\",\"contentUrl\":\"https:\/\/vosgesinfo.fr\/app\/uploads\/sites\/5\/2024\/09\/202105dsc-19031.jpg\",\"width\":800,\"height\":591},{\"@type\":\"BreadcrumbList\",\"@id\":\"https:\/\/vosgesinfo.fr\/remiremontinfo\/2021\/05\/vosges-sopposent-a-construction-stade-deaux-vives-port-depinal\/#breadcrumb\",\"itemListElement\":[{\"@type\":\"ListItem\",\"position\":1,\"name\":\"Home\",\"item\":\"https:\/\/vosgesinfo.fr\/remiremontinfo\/\"},{\"@type\":\"ListItem\",\"position\":2,\"name\":\"Vosges\u00a0: ils s\u2019opposent \u00e0 la construction du stade d\u2019eaux vives au port d\u2019Epinal\"}]},{\"@type\":\"WebSite\",\"@id\":\"https:\/\/vosgesinfo.fr\/remiremontinfo\/#website\",\"url\":\"https:\/\/vosgesinfo.fr\/remiremontinfo\/\",\"name\":\"Remiremont Info\",\"description\":\"Toute l&#039;actualit\u00e9 de Remiremont\",\"publisher\":{\"@id\":\"https:\/\/vosgesinfo.fr\/remiremontinfo\/#organization\"},\"alternateName\":\"Toute l'actualit\u00e9 de Remiremont\",\"potentialAction\":[{\"@type\":\"SearchAction\",\"target\":{\"@type\":\"EntryPoint\",\"urlTemplate\":\"https:\/\/vosgesinfo.fr\/remiremontinfo\/?s={search_term_string}\"},\"query-input\":\"required name=search_term_string\"}],\"inLanguage\":\"fr-FR\"},{\"@type\":\"Organization\",\"@id\":\"https:\/\/vosgesinfo.fr\/remiremontinfo\/#organization\",\"name\":\"Remiremont Info\",\"url\":\"https:\/\/vosgesinfo.fr\/remiremontinfo\/\",\"logo\":{\"@type\":\"ImageObject\",\"inLanguage\":\"fr-FR\",\"@id\":\"https:\/\/vosgesinfo.fr\/remiremontinfo\/#\/schema\/logo\/image\/\",\"url\":\"https:\/\/vosgesinfo.fr\/app\/uploads\/sites\/5\/2023\/08\/favicon-remiremontinfo.png\",\"contentUrl\":\"https:\/\/vosgesinfo.fr\/app\/uploads\/sites\/5\/2023\/08\/favicon-remiremontinfo.png\",\"width\":512,\"height\":512,\"caption\":\"Remiremont Info\"},\"image\":{\"@id\":\"https:\/\/vosgesinfo.fr\/remiremontinfo\/#\/schema\/logo\/image\/\"},\"sameAs\":[\"https:\/\/www.facebook.com\/remiremontinfo\",\"https:\/\/x.com\/VosgesInfo88\",\"https:\/\/www.youtube.com\/@vosgesinfo\"]},{\"@type\":\"Person\",\"@id\":\"https:\/\/vosgesinfo.fr\/remiremontinfo\/#\/schema\/person\/3bfd164d5218a185b1db68655a265316\",\"name\":\"C D\",\"image\":{\"@type\":\"ImageObject\",\"inLanguage\":\"fr-FR\",\"@id\":\"https:\/\/vosgesinfo.fr\/remiremontinfo\/#\/schema\/person\/image\/\",\"url\":\"https:\/\/secure.gravatar.com\/avatar\/1f9a70007336511a47468b8f1c66f922b8b7cf617b02a31149ada43893a5d48f?s=96&d=mm&r=g\",\"contentUrl\":\"https:\/\/secure.gravatar.com\/avatar\/1f9a70007336511a47468b8f1c66f922b8b7cf617b02a31149ada43893a5d48f?s=96&d=mm&r=g\",\"caption\":\"C D\"},\"url\":\"https:\/\/vosgesinfo.fr\/remiremontinfo\/author\/cedric-drevet\/\"}]}<\/script>\n<!-- \/ Yoast SEO plugin. -->","yoast_head_json":{"title":"Vosges\u00a0: ils s\u2019opposent \u00e0 la construction du stade d\u2019eaux vives au port d\u2019Epinal - Remiremont Info","robots":{"index":"index","follow":"follow","max-snippet":"max-snippet:-1","max-image-preview":"max-image-preview:large","max-video-preview":"max-video-preview:-1"},"canonical":"https:\/\/vosgesinfo.fr\/remiremontinfo\/2021\/05\/vosges-sopposent-a-construction-stade-deaux-vives-port-depinal\/","twitter_card":"summary_large_image","twitter_title":"Vosges\u00a0: ils s\u2019opposent \u00e0 la construction du stade d\u2019eaux vives au port d\u2019Epinal - Remiremont Info","twitter_description":"Quelques dizaines de personnes se sont rassembl\u00e9es ce samedi matin au port d\u2019\u00c9pinal pour exprimer leur refus de voir la [&hellip;]","twitter_image":"https:\/\/vosgesinfo.fr\/app\/uploads\/sites\/5\/2024\/09\/202105dsc-19031.jpg","twitter_creator":"@VosgesInfo88","twitter_site":"@VosgesInfo88","twitter_misc":{"\u00c9crit par":"C D","Dur\u00e9e de lecture estim\u00e9e":"2 minutes"},"schema":{"@context":"https:\/\/schema.org","@graph":[{"@type":"Article","@id":"https:\/\/vosgesinfo.fr\/remiremontinfo\/2021\/05\/vosges-sopposent-a-construction-stade-deaux-vives-port-depinal\/#article","isPartOf":{"@id":"https:\/\/vosgesinfo.fr\/remiremontinfo\/2021\/05\/vosges-sopposent-a-construction-stade-deaux-vives-port-depinal\/"},"author":{"name":"C D","@id":"https:\/\/vosgesinfo.fr\/remiremontinfo\/#\/schema\/person\/3bfd164d5218a185b1db68655a265316"},"headline":"Vosges\u00a0: ils s\u2019opposent \u00e0 la construction du stade d\u2019eaux vives au port d\u2019Epinal","datePublished":"2021-05-08T10:15:41+00:00","dateModified":"2021-05-08T10:15:41+00:00","mainEntityOfPage":{"@id":"https:\/\/vosgesinfo.fr\/remiremontinfo\/2021\/05\/vosges-sopposent-a-construction-stade-deaux-vives-port-depinal\/"},"wordCount":470,"commentCount":0,"publisher":{"@id":"https:\/\/vosgesinfo.fr\/remiremontinfo\/#organization"},"image":{"@id":"https:\/\/vosgesinfo.fr\/remiremontinfo\/2021\/05\/vosges-sopposent-a-construction-stade-deaux-vives-port-depinal\/#primaryimage"},"thumbnailUrl":"https:\/\/vosgesinfo.fr\/app\/uploads\/sites\/5\/2024\/09\/202105dsc-19031.jpg","articleSection":["A la Une","Environnement","Vosges"],"inLanguage":"fr-FR","potentialAction":[{"@type":"CommentAction","name":"Comment","target":["https:\/\/vosgesinfo.fr\/remiremontinfo\/2021\/05\/vosges-sopposent-a-construction-stade-deaux-vives-port-depinal\/#respond"]}]},{"@type":"WebPage","@id":"https:\/\/vosgesinfo.fr\/remiremontinfo\/2021\/05\/vosges-sopposent-a-construction-stade-deaux-vives-port-depinal\/","url":"https:\/\/vosgesinfo.fr\/remiremontinfo\/2021\/05\/vosges-sopposent-a-construction-stade-deaux-vives-port-depinal\/","name":"Vosges\u00a0: ils s\u2019opposent \u00e0 la construction du stade d\u2019eaux vives au port d\u2019Epinal - Remiremont Info","isPartOf":{"@id":"https:\/\/vosgesinfo.fr\/remiremontinfo\/#website"},"primaryImageOfPage":{"@id":"https:\/\/vosgesinfo.fr\/remiremontinfo\/2021\/05\/vosges-sopposent-a-construction-stade-deaux-vives-port-depinal\/#primaryimage"},"image":{"@id":"https:\/\/vosgesinfo.fr\/remiremontinfo\/2021\/05\/vosges-sopposent-a-construction-stade-deaux-vives-port-depinal\/#primaryimage"},"thumbnailUrl":"https:\/\/vosgesinfo.fr\/app\/uploads\/sites\/5\/2024\/09\/202105dsc-19031.jpg","datePublished":"2021-05-08T10:15:41+00:00","dateModified":"2021-05-08T10:15:41+00:00","breadcrumb":{"@id":"https:\/\/vosgesinfo.fr\/remiremontinfo\/2021\/05\/vosges-sopposent-a-construction-stade-deaux-vives-port-depinal\/#breadcrumb"},"inLanguage":"fr-FR","potentialAction":[{"@type":"ReadAction","target":["https:\/\/vosgesinfo.fr\/remiremontinfo\/2021\/05\/vosges-sopposent-a-construction-stade-deaux-vives-port-depinal\/"]}]},{"@type":"ImageObject","inLanguage":"fr-FR","@id":"https:\/\/vosgesinfo.fr\/remiremontinfo\/2021\/05\/vosges-sopposent-a-construction-stade-deaux-vives-port-depinal\/#primaryimage","url":"https:\/\/vosgesinfo.fr\/app\/uploads\/sites\/5\/2024\/09\/202105dsc-19031.jpg","contentUrl":"https:\/\/vosgesinfo.fr\/app\/uploads\/sites\/5\/2024\/09\/202105dsc-19031.jpg","width":800,"height":591},{"@type":"BreadcrumbList","@id":"https:\/\/vosgesinfo.fr\/remiremontinfo\/2021\/05\/vosges-sopposent-a-construction-stade-deaux-vives-port-depinal\/#breadcrumb","itemListElement":[{"@type":"ListItem","position":1,"name":"Home","item":"https:\/\/vosgesinfo.fr\/remiremontinfo\/"},{"@type":"ListItem","position":2,"name":"Vosges\u00a0: ils s\u2019opposent \u00e0 la construction du stade d\u2019eaux vives au port d\u2019Epinal"}]},{"@type":"WebSite","@id":"https:\/\/vosgesinfo.fr\/remiremontinfo\/#website","url":"https:\/\/vosgesinfo.fr\/remiremontinfo\/","name":"Remiremont Info","description":"Toute l&#039;actualit\u00e9 de Remiremont","publisher":{"@id":"https:\/\/vosgesinfo.fr\/remiremontinfo\/#organization"},"alternateName":"Toute l'actualit\u00e9 de Remiremont","potentialAction":[{"@type":"SearchAction","target":{"@type":"EntryPoint","urlTemplate":"https:\/\/vosgesinfo.fr\/remiremontinfo\/?s={search_term_string}"},"query-input":"required name=search_term_string"}],"inLanguage":"fr-FR"},{"@type":"Organization","@id":"https:\/\/vosgesinfo.fr\/remiremontinfo\/#organization","name":"Remiremont Info","url":"https:\/\/vosgesinfo.fr\/remiremontinfo\/","logo":{"@type":"ImageObject","inLanguage":"fr-FR","@id":"https:\/\/vosgesinfo.fr\/remiremontinfo\/#\/schema\/logo\/image\/","url":"https:\/\/vosgesinfo.fr\/app\/uploads\/sites\/5\/2023\/08\/favicon-remiremontinfo.png","contentUrl":"https:\/\/vosgesinfo.fr\/app\/uploads\/sites\/5\/2023\/08\/favicon-remiremontinfo.png","width":512,"height":512,"caption":"Remiremont Info"},"image":{"@id":"https:\/\/vosgesinfo.fr\/remiremontinfo\/#\/schema\/logo\/image\/"},"sameAs":["https:\/\/www.facebook.com\/remiremontinfo","https:\/\/x.com\/VosgesInfo88","https:\/\/www.youtube.com\/@vosgesinfo"]},{"@type":"Person","@id":"https:\/\/vosgesinfo.fr\/remiremontinfo\/#\/schema\/person\/3bfd164d5218a185b1db68655a265316","name":"C D","image":{"@type":"ImageObject","inLanguage":"fr-FR","@id":"https:\/\/vosgesinfo.fr\/remiremontinfo\/#\/schema\/person\/image\/","url":"https:\/\/secure.gravatar.com\/avatar\/1f9a70007336511a47468b8f1c66f922b8b7cf617b02a31149ada43893a5d48f?s=96&d=mm&r=g","contentUrl":"https:\/\/secure.gravatar.com\/avatar\/1f9a70007336511a47468b8f1c66f922b8b7cf617b02a31149ada43893a5d48f?s=96&d=mm&r=g","caption":"C D"},"url":"https:\/\/vosgesinfo.fr\/remiremontinfo\/author\/cedric-drevet\/"}]}},"_links":{"self":[{"href":"https:\/\/vosgesinfo.fr\/remiremontinfo\/wp-json\/wp\/v2\/posts\/40079","targetHints":{"allow":["GET"]}}],"collection":[{"href":"https:\/\/vosgesinfo.fr\/remiremontinfo\/wp-json\/wp\/v2\/posts"}],"about":[{"href":"https:\/\/vosgesinfo.fr\/remiremontinfo\/wp-json\/wp\/v2\/types\/post"}],"author":[{"embeddable":true,"href":"https:\/\/vosgesinfo.fr\/remiremontinfo\/wp-json\/wp\/v2\/users\/407"}],"replies":[{"embeddable":true,"href":"https:\/\/vosgesinfo.fr\/remiremontinfo\/wp-json\/wp\/v2\/comments?post=40079"}],"version-history":[{"count":0,"href":"https:\/\/vosgesinfo.fr\/remiremontinfo\/wp-json\/wp\/v2\/posts\/40079\/revisions"}],"wp:featuredmedia":[{"embeddable":true,"href":"https:\/\/vosgesinfo.fr\/remiremontinfo\/wp-json\/wp\/v2\/media\/40080"}],"wp:attachment":[{"href":"https:\/\/vosgesinfo.fr\/remiremontinfo\/wp-json\/wp\/v2\/media?parent=40079"}],"wp:term":[{"taxonomy":"category","embeddable":true,"href":"https:\/\/vosgesinfo.fr\/remiremontinfo\/wp-json\/wp\/v2\/categories?post=40079"},{"taxonomy":"post_tag","embeddable":true,"href":"https:\/\/vosgesinfo.fr\/remiremontinfo\/wp-json\/wp\/v2\/tags?post=40079"}],"curies":[{"name":"wp","href":"https:\/\/api.w.org\/{rel}","templated":true}]}}