{"id":40129,"date":"2021-05-09T07:15:10","date_gmt":"2021-05-09T05:15:10","guid":{"rendered":"https:\/\/vosgesinfo.fr\/remiremontinfo\/2021\/05\/saint-nabord-commemoration-8-mai-1945\/"},"modified":"2021-05-09T07:15:10","modified_gmt":"2021-05-09T05:15:10","slug":"saint-nabord-commemoration-8-mai-1945","status":"publish","type":"post","link":"https:\/\/vosgesinfo.fr\/remiremontinfo\/2021\/05\/saint-nabord-commemoration-8-mai-1945\/","title":{"rendered":"Saint-Nabord\u00a0: comm\u00e9moration du 8 mai 1945"},"content":{"rendered":"<p style=\"text-align: center;\"><a href=\"\/2021\/05\/183320305_329041608744896_2951491014126526616_n.jpg\"><img decoding=\"async\" class=\"alignnone size-full wp-image-315904\" src=\"\/2021\/05\/183320305_329041608744896_2951491014126526616_n.jpg\" alt=\"183320305_329041608744896_2951491014126526616_n\" width=\"800\" height=\"484\" \/><\/a><\/p>\n<p><span style=\"font-size: 10pt;\"><em>Photos de\u00a0@SAINT.NABORD<\/em><\/span><\/p>\n<h2><span style=\"font-size: 12pt;\"><strong>La traditionnelle c\u00e9r\u00e9monie qui c\u00e9l\u00e8bre la Victoire des Alli\u00e9s sur l&rsquo;Allemagne hitl\u00e9rienne et la fin de la Seconde Guerre mondiale s\u2019est une fois de plus d\u00e9roul\u00e9e sans le public habituellement nombreux autour du monument aux morts.<\/strong><\/span><\/h2>\n<p>Entour\u00e9 de son premier adjoint, Julien Balland, du Pr\u00e9sident du Conseil d\u00e9partemental Fran\u00e7ois Vannson et de Val\u00e9rie Jankowski, Conseill\u00e8re d\u00e9partementale, du D\u00e9put\u00e9 Christophe Nagelen, de Bernard Creuzot, Pr\u00e9sident de la l\u00e9gion vosgienne, de Camille Valentin, Pr\u00e9sident de la section locale des Anciens d\u2019AFN, de Michel Couval, Michel Lambert et Michel Saumier, membres des AFN et porte-drapeaux, le maire Jean-Pierre Calmels a prononc\u00e9 son discours comm\u00e9moratif. Jean Hilfiger, h\u00e9ros local de cette p\u00e9riode dramatique de notre histoire, a suivi toute la c\u00e9r\u00e9monie, accompagn\u00e9 de sa petite Fille Lydie Poirot, Pr\u00e9sidente de l\u2019association des Amis de la 36\u00e8me DIUS du Texas. En chef du protocole, Pierre Jeannerot, Conseiller municipal, a rythm\u00e9 le d\u00e9roulement de toute la c\u00e9r\u00e9monie. Apr\u00e8s lev\u00e9e des couleurs sous un soleil bienvenu en cette fin de matin\u00e9e d\u2019un printemps encore frais, les \u00e9lus ont proc\u00e9d\u00e9 aux d\u00e9p\u00f4t de gerbe devant le monument aux morts.<\/p>\n\n<p align=\"left\">Voici le texte de la ministre d\u00e9l\u00e9gu\u00e9, Genevi\u00e8ve Darrieussecq r\u00e9dig\u00e9 pour cette occasion\u00a0:<\/p>\n<div class=\"kvgmc6g5 cxmmr5t8 oygrvhab hcukyx3x c1et5uql ii04i59q\">\n<div dir=\"auto\">Journ\u00e9e nationale du 8 mai 2021<\/div>\n<\/div>\n<div class=\"o9v6fnle cxmmr5t8 oygrvhab hcukyx3x c1et5uql ii04i59q\">\n<div dir=\"auto\">Comm\u00e9moration de la Victoire du 8 mai 1945<\/div>\n<\/div>\n<div class=\"o9v6fnle cxmmr5t8 oygrvhab hcukyx3x c1et5uql ii04i59q\">\n<div dir=\"auto\"><\/div>\n<div dir=\"auto\">Message de Genevi\u00e8ve DARRIEUSSECQ, ministre d\u00e9l\u00e9gu\u00e9e aupr\u00e8s de la ministre des Arm\u00e9es, charg\u00e9e de la m\u00e9moire et des anciens combattants.<\/div>\n<\/div>\n<div class=\"o9v6fnle cxmmr5t8 oygrvhab hcukyx3x c1et5uql ii04i59q\">\n<div dir=\"auto\"><\/div>\n<div dir=\"auto\">8 mai 1945.<\/div>\n<\/div>\n<div class=\"o9v6fnle cxmmr5t8 oygrvhab hcukyx3x c1et5uql ii04i59q\">\n<div dir=\"auto\">Par deux fois, l\u2019Allemagne a sign\u00e9 sa capitulation sans condition. Pour l\u2019Europe, la d\u00e9livrance est l\u00e0, la guerre est finie. Enfin. Apr\u00e8s tant de souffrances et de d\u00e9solations, apr\u00e8s tant d\u2019esp\u00e9rances et de luttes acharn\u00e9es. M\u00eame les \u00e9preuves les plus douloureuses ont une fin. M\u00eame les temp\u00eates les plus d\u00e9vastatrices s\u2019ach\u00e8vent.<\/div>\n<\/div>\n<div class=\"o9v6fnle cxmmr5t8 oygrvhab hcukyx3x c1et5uql ii04i59q\">\n<div dir=\"auto\">Une joie boulevers\u00e9e emplit les c\u0153urs, les drapeaux ornent les fen\u00eatres, les embrassades se noient dans la liesse populaire. Derri\u00e8re les larmes de joie, celles de la peine affleurent. Personne n\u2019oublie les villes ruin\u00e9es, les vies d\u00e9vast\u00e9es, personne n\u2019oublie que l\u2019humanit\u00e9 a pay\u00e9 le plus lourd tribut de son histoire. Notre monde en fut \u00e0 jamais chang\u00e9. La Seconde Guerre mondiale est une rupture pour notre civilisation qui se sait, encore davantage, fragile et mortelle.<\/div>\n<\/div>\n<div class=\"o9v6fnle cxmmr5t8 oygrvhab hcukyx3x c1et5uql ii04i59q\">\n<div dir=\"auto\">Soixante-seize ans plus tard, reli\u00e9s par notre m\u00e9moire commune et \u00e9pris de la m\u00eame reconnaissance, nous nous unissons par la pens\u00e9e et par notre hommage pour<\/div>\n<div dir=\"auto\">saluer le souvenir de celles et ceux qui ont combattu et abattu le fl\u00e9au nazi.<\/div>\n<\/div>\n<div class=\"o9v6fnle cxmmr5t8 oygrvhab hcukyx3x c1et5uql ii04i59q\">\n<div dir=\"auto\">Pour notre pays, rien ne fut simple, ce combat prit de nombreux visages et la victoire mille chemins. Malgr\u00e9 les ardents soldats de Moncornet, d\u2019Abbeville, des Alpes, de Saumur et tous 6 ceux de 40 8, l\u2019ombre de l\u2019occupation, de la division puis de la collaboration a jet\u00e9 son voile obscur sur la France.<\/div>\n<\/div>\n<div class=\"o9v6fnle cxmmr5t8 oygrvhab hcukyx3x c1et5uql ii04i59q\">\n<div dir=\"auto\">Il y a 80 ans, en 1941, les flambeaux de la R\u00e9sistance brillaient d\u00e9j\u00e0.<\/div>\n<div dir=\"auto\">Le flot du refus et de l\u2019esp\u00e9rance montait tandis que la r\u00e9pression forgeait son funeste souvenir \u00e0 Chateaubriant, au camp de Souge ou au Mont-Val\u00e9rien. La France libre recevait les ralliements des territoires ultramarins et<\/div>\n<div dir=\"auto\">poursuivait son inlassable \u00e9pop\u00e9e. Dans les sables de Koufra, elle nouait un pacte avec la victoire et par la voix du colonel Leclerc regardait d\u00e9j\u00e0 vers Strasbourg. A l\u2019instar d\u2019Hubert Germain, dernier des compagnons de la Lib\u00e9ration, ce fut toute une jeunesse ardente et r\u00e9sistante qui refusa la d\u00e9faite et l\u2019asservissement, qui refusa de servir les desseins de l\u2019occupant. Tous, ils ont permis \u00e0 la France de s\u2019asseoir \u00e0 la table des vainqueurs.<\/div>\n<\/div>\n<div class=\"o9v6fnle cxmmr5t8 oygrvhab hcukyx3x c1et5uql ii04i59q\">\n<div dir=\"auto\">Cela fut rendu possible par le combat acharn\u00e9 des arm\u00e9es fran\u00e7aises et des arm\u00e9es alli\u00e9es, par les Forces Fran\u00e7aises Libres qui jamais ne cess\u00e8rent la lutte, par le d\u00e9vouement des r\u00e9sistants de l\u2019int\u00e9rieur, par chaque Fran\u00e7aise et Fran\u00e7ais qui a refus\u00e9 l\u2019abaissement de la France et la n\u00e9gation de ses valeurs. Notre gratitude demeure ind\u00e9fectible.<\/div>\n<\/div>\n<div class=\"o9v6fnle cxmmr5t8 oygrvhab hcukyx3x c1et5uql ii04i59q\">\n<div dir=\"auto\">Entendons les mots de Malraux : \u00ab\u00a0un monde sans espoir est irrespirable\u00a0\u00bb. La victoire de 1945 est le succ\u00e8s de l\u2019esp\u00e9rance, mais elle est aussi l\u2019aube d\u2019un nouvel effort collectif pour la reconstruction, pour la paix et pour l\u2019Europe. Hier comme aujourd\u2019hui, face aux \u00e9preuves et aux crises du temps, la Nation fran\u00e7aise se tient debout, r\u00e9siliente et esp\u00e9rante.<\/div>\n<\/div>\n<div class=\"o9v6fnle cxmmr5t8 oygrvhab hcukyx3x c1et5uql ii04i59q\">\n<div dir=\"auto\">Unis et solidaires, souvenons-nous de l\u2019adversit\u00e9 surmont\u00e9e et de la libert\u00e9 reconquise.<\/div>\n<\/div>\n<p>&nbsp;<\/p>\n","protected":false},"excerpt":{"rendered":"<p>Photos de\u00a0@SAINT.NABORD La traditionnelle c\u00e9r\u00e9monie qui c\u00e9l\u00e8bre la Victoire des Alli\u00e9s sur l&rsquo;Allemagne hitl\u00e9rienne et la fin de la Seconde [&hellip;]<\/p>\n","protected":false},"author":407,"featured_media":40130,"comment_status":"open","ping_status":"open","sticky":false,"template":"","format":"standard","meta":{"footnotes":""},"categories":[26,86,35,100],"tags":[],"class_list":["post-40129","post","type-post","status-publish","format-standard","has-post-thumbnail","hentry","category-a-la-une","category-histoire","category-remiremont-son-canton","category-saint-nabord"],"acf":[],"yoast_head":"<!-- This site is optimized with the Yoast SEO plugin v22.5 - https:\/\/yoast.com\/wordpress\/plugins\/seo\/ -->\n<title>Saint-Nabord\u00a0: comm\u00e9moration du 8 mai 1945 - Remiremont Info<\/title>\n<meta name=\"robots\" content=\"index, follow, max-snippet:-1, max-image-preview:large, max-video-preview:-1\" \/>\n<link rel=\"canonical\" href=\"https:\/\/vosgesinfo.fr\/remiremontinfo\/2021\/05\/saint-nabord-commemoration-8-mai-1945\/\" \/>\n<meta name=\"twitter:card\" content=\"summary_large_image\" \/>\n<meta name=\"twitter:title\" content=\"Saint-Nabord\u00a0: comm\u00e9moration du 8 mai 1945 - Remiremont Info\" \/>\n<meta name=\"twitter:description\" content=\"Photos de\u00a0@SAINT.NABORD La traditionnelle c\u00e9r\u00e9monie qui c\u00e9l\u00e8bre la Victoire des Alli\u00e9s sur l&rsquo;Allemagne hitl\u00e9rienne et la fin de la Seconde [&hellip;]\" \/>\n<meta name=\"twitter:image\" content=\"https:\/\/vosgesinfo.fr\/app\/uploads\/sites\/5\/2024\/09\/202105184652799-328859842096406-2317017620784122989-n1.jpg\" \/>\n<meta name=\"twitter:creator\" content=\"@VosgesInfo88\" \/>\n<meta name=\"twitter:site\" content=\"@VosgesInfo88\" \/>\n<meta name=\"twitter:label1\" content=\"\u00c9crit par\" \/>\n\t<meta name=\"twitter:data1\" content=\"C D\" \/>\n\t<meta name=\"twitter:label2\" content=\"Dur\u00e9e de lecture estim\u00e9e\" \/>\n\t<meta name=\"twitter:data2\" content=\"4 minutes\" \/>\n<script type=\"application\/ld+json\" class=\"yoast-schema-graph\">{\"@context\":\"https:\/\/schema.org\",\"@graph\":[{\"@type\":\"Article\",\"@id\":\"https:\/\/vosgesinfo.fr\/remiremontinfo\/2021\/05\/saint-nabord-commemoration-8-mai-1945\/#article\",\"isPartOf\":{\"@id\":\"https:\/\/vosgesinfo.fr\/remiremontinfo\/2021\/05\/saint-nabord-commemoration-8-mai-1945\/\"},\"author\":{\"name\":\"C D\",\"@id\":\"https:\/\/vosgesinfo.fr\/remiremontinfo\/#\/schema\/person\/3bfd164d5218a185b1db68655a265316\"},\"headline\":\"Saint-Nabord\u00a0: comm\u00e9moration du 8 mai 1945\",\"datePublished\":\"2021-05-09T05:15:10+00:00\",\"dateModified\":\"2021-05-09T05:15:10+00:00\",\"mainEntityOfPage\":{\"@id\":\"https:\/\/vosgesinfo.fr\/remiremontinfo\/2021\/05\/saint-nabord-commemoration-8-mai-1945\/\"},\"wordCount\":829,\"commentCount\":0,\"publisher\":{\"@id\":\"https:\/\/vosgesinfo.fr\/remiremontinfo\/#organization\"},\"image\":{\"@id\":\"https:\/\/vosgesinfo.fr\/remiremontinfo\/2021\/05\/saint-nabord-commemoration-8-mai-1945\/#primaryimage\"},\"thumbnailUrl\":\"https:\/\/vosgesinfo.fr\/app\/uploads\/sites\/5\/2024\/09\/202105184652799-328859842096406-2317017620784122989-n1.jpg\",\"articleSection\":[\"A la Une\",\"Histoire\",\"Remiremont &amp; son canton\",\"Saint-Nabord\"],\"inLanguage\":\"fr-FR\",\"potentialAction\":[{\"@type\":\"CommentAction\",\"name\":\"Comment\",\"target\":[\"https:\/\/vosgesinfo.fr\/remiremontinfo\/2021\/05\/saint-nabord-commemoration-8-mai-1945\/#respond\"]}]},{\"@type\":\"WebPage\",\"@id\":\"https:\/\/vosgesinfo.fr\/remiremontinfo\/2021\/05\/saint-nabord-commemoration-8-mai-1945\/\",\"url\":\"https:\/\/vosgesinfo.fr\/remiremontinfo\/2021\/05\/saint-nabord-commemoration-8-mai-1945\/\",\"name\":\"Saint-Nabord\u00a0: comm\u00e9moration du 8 mai 1945 - Remiremont Info\",\"isPartOf\":{\"@id\":\"https:\/\/vosgesinfo.fr\/remiremontinfo\/#website\"},\"primaryImageOfPage\":{\"@id\":\"https:\/\/vosgesinfo.fr\/remiremontinfo\/2021\/05\/saint-nabord-commemoration-8-mai-1945\/#primaryimage\"},\"image\":{\"@id\":\"https:\/\/vosgesinfo.fr\/remiremontinfo\/2021\/05\/saint-nabord-commemoration-8-mai-1945\/#primaryimage\"},\"thumbnailUrl\":\"https:\/\/vosgesinfo.fr\/app\/uploads\/sites\/5\/2024\/09\/202105184652799-328859842096406-2317017620784122989-n1.jpg\",\"datePublished\":\"2021-05-09T05:15:10+00:00\",\"dateModified\":\"2021-05-09T05:15:10+00:00\",\"breadcrumb\":{\"@id\":\"https:\/\/vosgesinfo.fr\/remiremontinfo\/2021\/05\/saint-nabord-commemoration-8-mai-1945\/#breadcrumb\"},\"inLanguage\":\"fr-FR\",\"potentialAction\":[{\"@type\":\"ReadAction\",\"target\":[\"https:\/\/vosgesinfo.fr\/remiremontinfo\/2021\/05\/saint-nabord-commemoration-8-mai-1945\/\"]}]},{\"@type\":\"ImageObject\",\"inLanguage\":\"fr-FR\",\"@id\":\"https:\/\/vosgesinfo.fr\/remiremontinfo\/2021\/05\/saint-nabord-commemoration-8-mai-1945\/#primaryimage\",\"url\":\"https:\/\/vosgesinfo.fr\/app\/uploads\/sites\/5\/2024\/09\/202105184652799-328859842096406-2317017620784122989-n1.jpg\",\"contentUrl\":\"https:\/\/vosgesinfo.fr\/app\/uploads\/sites\/5\/2024\/09\/202105184652799-328859842096406-2317017620784122989-n1.jpg\",\"width\":800,\"height\":661},{\"@type\":\"BreadcrumbList\",\"@id\":\"https:\/\/vosgesinfo.fr\/remiremontinfo\/2021\/05\/saint-nabord-commemoration-8-mai-1945\/#breadcrumb\",\"itemListElement\":[{\"@type\":\"ListItem\",\"position\":1,\"name\":\"Home\",\"item\":\"https:\/\/vosgesinfo.fr\/remiremontinfo\/\"},{\"@type\":\"ListItem\",\"position\":2,\"name\":\"Saint-Nabord\u00a0: comm\u00e9moration du 8 mai 1945\"}]},{\"@type\":\"WebSite\",\"@id\":\"https:\/\/vosgesinfo.fr\/remiremontinfo\/#website\",\"url\":\"https:\/\/vosgesinfo.fr\/remiremontinfo\/\",\"name\":\"Remiremont Info\",\"description\":\"Toute l&#039;actualit\u00e9 de Remiremont\",\"publisher\":{\"@id\":\"https:\/\/vosgesinfo.fr\/remiremontinfo\/#organization\"},\"alternateName\":\"Toute l'actualit\u00e9 de Remiremont\",\"potentialAction\":[{\"@type\":\"SearchAction\",\"target\":{\"@type\":\"EntryPoint\",\"urlTemplate\":\"https:\/\/vosgesinfo.fr\/remiremontinfo\/?s={search_term_string}\"},\"query-input\":\"required name=search_term_string\"}],\"inLanguage\":\"fr-FR\"},{\"@type\":\"Organization\",\"@id\":\"https:\/\/vosgesinfo.fr\/remiremontinfo\/#organization\",\"name\":\"Remiremont Info\",\"url\":\"https:\/\/vosgesinfo.fr\/remiremontinfo\/\",\"logo\":{\"@type\":\"ImageObject\",\"inLanguage\":\"fr-FR\",\"@id\":\"https:\/\/vosgesinfo.fr\/remiremontinfo\/#\/schema\/logo\/image\/\",\"url\":\"https:\/\/vosgesinfo.fr\/app\/uploads\/sites\/5\/2023\/08\/favicon-remiremontinfo.png\",\"contentUrl\":\"https:\/\/vosgesinfo.fr\/app\/uploads\/sites\/5\/2023\/08\/favicon-remiremontinfo.png\",\"width\":512,\"height\":512,\"caption\":\"Remiremont Info\"},\"image\":{\"@id\":\"https:\/\/vosgesinfo.fr\/remiremontinfo\/#\/schema\/logo\/image\/\"},\"sameAs\":[\"https:\/\/www.facebook.com\/remiremontinfo\",\"https:\/\/x.com\/VosgesInfo88\",\"https:\/\/www.youtube.com\/@vosgesinfo\"]},{\"@type\":\"Person\",\"@id\":\"https:\/\/vosgesinfo.fr\/remiremontinfo\/#\/schema\/person\/3bfd164d5218a185b1db68655a265316\",\"name\":\"C D\",\"image\":{\"@type\":\"ImageObject\",\"inLanguage\":\"fr-FR\",\"@id\":\"https:\/\/vosgesinfo.fr\/remiremontinfo\/#\/schema\/person\/image\/\",\"url\":\"https:\/\/secure.gravatar.com\/avatar\/1f9a70007336511a47468b8f1c66f922b8b7cf617b02a31149ada43893a5d48f?s=96&d=mm&r=g\",\"contentUrl\":\"https:\/\/secure.gravatar.com\/avatar\/1f9a70007336511a47468b8f1c66f922b8b7cf617b02a31149ada43893a5d48f?s=96&d=mm&r=g\",\"caption\":\"C D\"},\"url\":\"https:\/\/vosgesinfo.fr\/remiremontinfo\/author\/cedric-drevet\/\"}]}<\/script>\n<!-- \/ Yoast SEO plugin. -->","yoast_head_json":{"title":"Saint-Nabord\u00a0: comm\u00e9moration du 8 mai 1945 - Remiremont Info","robots":{"index":"index","follow":"follow","max-snippet":"max-snippet:-1","max-image-preview":"max-image-preview:large","max-video-preview":"max-video-preview:-1"},"canonical":"https:\/\/vosgesinfo.fr\/remiremontinfo\/2021\/05\/saint-nabord-commemoration-8-mai-1945\/","twitter_card":"summary_large_image","twitter_title":"Saint-Nabord\u00a0: comm\u00e9moration du 8 mai 1945 - Remiremont Info","twitter_description":"Photos de\u00a0@SAINT.NABORD La traditionnelle c\u00e9r\u00e9monie qui c\u00e9l\u00e8bre la Victoire des Alli\u00e9s sur l&rsquo;Allemagne hitl\u00e9rienne et la fin de la Seconde [&hellip;]","twitter_image":"https:\/\/vosgesinfo.fr\/app\/uploads\/sites\/5\/2024\/09\/202105184652799-328859842096406-2317017620784122989-n1.jpg","twitter_creator":"@VosgesInfo88","twitter_site":"@VosgesInfo88","twitter_misc":{"\u00c9crit par":"C D","Dur\u00e9e de lecture estim\u00e9e":"4 minutes"},"schema":{"@context":"https:\/\/schema.org","@graph":[{"@type":"Article","@id":"https:\/\/vosgesinfo.fr\/remiremontinfo\/2021\/05\/saint-nabord-commemoration-8-mai-1945\/#article","isPartOf":{"@id":"https:\/\/vosgesinfo.fr\/remiremontinfo\/2021\/05\/saint-nabord-commemoration-8-mai-1945\/"},"author":{"name":"C D","@id":"https:\/\/vosgesinfo.fr\/remiremontinfo\/#\/schema\/person\/3bfd164d5218a185b1db68655a265316"},"headline":"Saint-Nabord\u00a0: comm\u00e9moration du 8 mai 1945","datePublished":"2021-05-09T05:15:10+00:00","dateModified":"2021-05-09T05:15:10+00:00","mainEntityOfPage":{"@id":"https:\/\/vosgesinfo.fr\/remiremontinfo\/2021\/05\/saint-nabord-commemoration-8-mai-1945\/"},"wordCount":829,"commentCount":0,"publisher":{"@id":"https:\/\/vosgesinfo.fr\/remiremontinfo\/#organization"},"image":{"@id":"https:\/\/vosgesinfo.fr\/remiremontinfo\/2021\/05\/saint-nabord-commemoration-8-mai-1945\/#primaryimage"},"thumbnailUrl":"https:\/\/vosgesinfo.fr\/app\/uploads\/sites\/5\/2024\/09\/202105184652799-328859842096406-2317017620784122989-n1.jpg","articleSection":["A la Une","Histoire","Remiremont &amp; son canton","Saint-Nabord"],"inLanguage":"fr-FR","potentialAction":[{"@type":"CommentAction","name":"Comment","target":["https:\/\/vosgesinfo.fr\/remiremontinfo\/2021\/05\/saint-nabord-commemoration-8-mai-1945\/#respond"]}]},{"@type":"WebPage","@id":"https:\/\/vosgesinfo.fr\/remiremontinfo\/2021\/05\/saint-nabord-commemoration-8-mai-1945\/","url":"https:\/\/vosgesinfo.fr\/remiremontinfo\/2021\/05\/saint-nabord-commemoration-8-mai-1945\/","name":"Saint-Nabord\u00a0: comm\u00e9moration du 8 mai 1945 - Remiremont Info","isPartOf":{"@id":"https:\/\/vosgesinfo.fr\/remiremontinfo\/#website"},"primaryImageOfPage":{"@id":"https:\/\/vosgesinfo.fr\/remiremontinfo\/2021\/05\/saint-nabord-commemoration-8-mai-1945\/#primaryimage"},"image":{"@id":"https:\/\/vosgesinfo.fr\/remiremontinfo\/2021\/05\/saint-nabord-commemoration-8-mai-1945\/#primaryimage"},"thumbnailUrl":"https:\/\/vosgesinfo.fr\/app\/uploads\/sites\/5\/2024\/09\/202105184652799-328859842096406-2317017620784122989-n1.jpg","datePublished":"2021-05-09T05:15:10+00:00","dateModified":"2021-05-09T05:15:10+00:00","breadcrumb":{"@id":"https:\/\/vosgesinfo.fr\/remiremontinfo\/2021\/05\/saint-nabord-commemoration-8-mai-1945\/#breadcrumb"},"inLanguage":"fr-FR","potentialAction":[{"@type":"ReadAction","target":["https:\/\/vosgesinfo.fr\/remiremontinfo\/2021\/05\/saint-nabord-commemoration-8-mai-1945\/"]}]},{"@type":"ImageObject","inLanguage":"fr-FR","@id":"https:\/\/vosgesinfo.fr\/remiremontinfo\/2021\/05\/saint-nabord-commemoration-8-mai-1945\/#primaryimage","url":"https:\/\/vosgesinfo.fr\/app\/uploads\/sites\/5\/2024\/09\/202105184652799-328859842096406-2317017620784122989-n1.jpg","contentUrl":"https:\/\/vosgesinfo.fr\/app\/uploads\/sites\/5\/2024\/09\/202105184652799-328859842096406-2317017620784122989-n1.jpg","width":800,"height":661},{"@type":"BreadcrumbList","@id":"https:\/\/vosgesinfo.fr\/remiremontinfo\/2021\/05\/saint-nabord-commemoration-8-mai-1945\/#breadcrumb","itemListElement":[{"@type":"ListItem","position":1,"name":"Home","item":"https:\/\/vosgesinfo.fr\/remiremontinfo\/"},{"@type":"ListItem","position":2,"name":"Saint-Nabord\u00a0: comm\u00e9moration du 8 mai 1945"}]},{"@type":"WebSite","@id":"https:\/\/vosgesinfo.fr\/remiremontinfo\/#website","url":"https:\/\/vosgesinfo.fr\/remiremontinfo\/","name":"Remiremont Info","description":"Toute l&#039;actualit\u00e9 de Remiremont","publisher":{"@id":"https:\/\/vosgesinfo.fr\/remiremontinfo\/#organization"},"alternateName":"Toute l'actualit\u00e9 de Remiremont","potentialAction":[{"@type":"SearchAction","target":{"@type":"EntryPoint","urlTemplate":"https:\/\/vosgesinfo.fr\/remiremontinfo\/?s={search_term_string}"},"query-input":"required name=search_term_string"}],"inLanguage":"fr-FR"},{"@type":"Organization","@id":"https:\/\/vosgesinfo.fr\/remiremontinfo\/#organization","name":"Remiremont Info","url":"https:\/\/vosgesinfo.fr\/remiremontinfo\/","logo":{"@type":"ImageObject","inLanguage":"fr-FR","@id":"https:\/\/vosgesinfo.fr\/remiremontinfo\/#\/schema\/logo\/image\/","url":"https:\/\/vosgesinfo.fr\/app\/uploads\/sites\/5\/2023\/08\/favicon-remiremontinfo.png","contentUrl":"https:\/\/vosgesinfo.fr\/app\/uploads\/sites\/5\/2023\/08\/favicon-remiremontinfo.png","width":512,"height":512,"caption":"Remiremont Info"},"image":{"@id":"https:\/\/vosgesinfo.fr\/remiremontinfo\/#\/schema\/logo\/image\/"},"sameAs":["https:\/\/www.facebook.com\/remiremontinfo","https:\/\/x.com\/VosgesInfo88","https:\/\/www.youtube.com\/@vosgesinfo"]},{"@type":"Person","@id":"https:\/\/vosgesinfo.fr\/remiremontinfo\/#\/schema\/person\/3bfd164d5218a185b1db68655a265316","name":"C D","image":{"@type":"ImageObject","inLanguage":"fr-FR","@id":"https:\/\/vosgesinfo.fr\/remiremontinfo\/#\/schema\/person\/image\/","url":"https:\/\/secure.gravatar.com\/avatar\/1f9a70007336511a47468b8f1c66f922b8b7cf617b02a31149ada43893a5d48f?s=96&d=mm&r=g","contentUrl":"https:\/\/secure.gravatar.com\/avatar\/1f9a70007336511a47468b8f1c66f922b8b7cf617b02a31149ada43893a5d48f?s=96&d=mm&r=g","caption":"C D"},"url":"https:\/\/vosgesinfo.fr\/remiremontinfo\/author\/cedric-drevet\/"}]}},"_links":{"self":[{"href":"https:\/\/vosgesinfo.fr\/remiremontinfo\/wp-json\/wp\/v2\/posts\/40129","targetHints":{"allow":["GET"]}}],"collection":[{"href":"https:\/\/vosgesinfo.fr\/remiremontinfo\/wp-json\/wp\/v2\/posts"}],"about":[{"href":"https:\/\/vosgesinfo.fr\/remiremontinfo\/wp-json\/wp\/v2\/types\/post"}],"author":[{"embeddable":true,"href":"https:\/\/vosgesinfo.fr\/remiremontinfo\/wp-json\/wp\/v2\/users\/407"}],"replies":[{"embeddable":true,"href":"https:\/\/vosgesinfo.fr\/remiremontinfo\/wp-json\/wp\/v2\/comments?post=40129"}],"version-history":[{"count":0,"href":"https:\/\/vosgesinfo.fr\/remiremontinfo\/wp-json\/wp\/v2\/posts\/40129\/revisions"}],"wp:featuredmedia":[{"embeddable":true,"href":"https:\/\/vosgesinfo.fr\/remiremontinfo\/wp-json\/wp\/v2\/media\/40130"}],"wp:attachment":[{"href":"https:\/\/vosgesinfo.fr\/remiremontinfo\/wp-json\/wp\/v2\/media?parent=40129"}],"wp:term":[{"taxonomy":"category","embeddable":true,"href":"https:\/\/vosgesinfo.fr\/remiremontinfo\/wp-json\/wp\/v2\/categories?post=40129"},{"taxonomy":"post_tag","embeddable":true,"href":"https:\/\/vosgesinfo.fr\/remiremontinfo\/wp-json\/wp\/v2\/tags?post=40129"}],"curies":[{"name":"wp","href":"https:\/\/api.w.org\/{rel}","templated":true}]}}