{"id":40156,"date":"2021-05-09T16:37:22","date_gmt":"2021-05-09T14:37:22","guid":{"rendered":"https:\/\/vosgesinfo.fr\/remiremontinfo\/2021\/05\/vosges-marche-fleurie-rassemble-quelque-200-participants\/"},"modified":"2021-05-09T16:37:22","modified_gmt":"2021-05-09T14:37:22","slug":"vosges-marche-fleurie-rassemble-quelque-200-participants","status":"publish","type":"post","link":"https:\/\/vosgesinfo.fr\/remiremontinfo\/2021\/05\/vosges-marche-fleurie-rassemble-quelque-200-participants\/","title":{"rendered":"Vosges\u00a0: la Marche Fleurie rassemble quelque 200 participants"},"content":{"rendered":"<p style=\"text-align: center;\" align=\"left\"><a href=\"\/2021\/05\/DSC_20412.jpg\"><img decoding=\"async\" class=\"alignnone size-full wp-image-315998\" src=\"\/2021\/05\/DSC_20412.jpg\" alt=\"DSC_2041\" width=\"800\" height=\"524\" \/><\/a><\/p>\n<h2 align=\"left\"><span style=\"font-size: 12pt;\"><strong>C\u2019est presque devenu une habitude. Une nouvelle \u00ab Marche Fleurie \u00bb a eu lieu ce dimanche apr\u00e8s-midi \u00e0 \u00c9pinal. Fleurs, costumes, musiques et revendications \u00e9taient au programme de cette d\u00e9ambulation dans les rues qui a rassembl\u00e9\u00a0un peu plus de 200 participants.\u00a0<\/strong><\/span><\/h2>\n<p align=\"left\">Parti du parking du Cin\u00e9s Palace, le cort\u00e8ge s\u2019est dirig\u00e9 vers la place des Vosges. L\u00e0, une halte a \u00e9t\u00e9 effectu\u00e9e, les manifestants se sont dispos\u00e9s en cercle afin d\u2019assister \u00e0 une lecture th\u00e9\u00e2trale revendicative. Les manifestants ont ensuite repris leur route, d\u00e9posant des fleurs devant les bars et restaurants, le Th\u00e9\u00e2tre. Nouvelle pause devant le Mus\u00e9e d\u2019Art Ancien et Contemporain. En musique cette fois ci, avec une chor\u00e9graphie r\u00e9alis\u00e9e sur les marches de ce haut lieu spinalien de la culture. Puis le cort\u00e8ge a emprunt\u00e9 le quai des bons enfants pour rejoindre la Souris Verte, rue des Etats-Unis. Le \u00ab Collectif du 23 janvier \u00bb, organisateur de l\u2019\u00e9v\u00e9nement, affirme d\u00e9fendre \u00ab la culture et le lien social en tant que droits fondamentaux de notre soci\u00e9t\u00e9 \u00bb. Malgr\u00e9 la r\u00e9ouverture progressive annonc\u00e9e des lieux culturels, ses membres restent inquiets pour la survie des acteurs \u00e9ducatifs, sociaux et culturels et \u00ab vigilants quant aux conditions de r\u00e9ouverture, aux valeurs civiques et humanistes \u00bb. Sans nier la r\u00e9alit\u00e9 des dangers sanitaires, les membres du Collectif du 23 janvier contestent \u00ab les arbitrages et modalit\u00e9s de gouvernance qui nous sont impos\u00e9s, nous privent de nos droits et mettent en danger la culture, le sport, l\u2019\u00e9ducation, les pratiques individuelles et collectives, le tissu associatif et le lien social \u00bb. Ils demandent \u00ab une politique culturelle locale, r\u00e9gionale et nationale \u00e0 la hauteur des enjeux actuels \u00bb. Il souhaitent aussi qu\u2019un d\u00e9bat soit engag\u00e9 pour la refonte des politiques culturelles, notamment \u00e0 la veille des \u00e9lections r\u00e9gionales.<\/p>\n\n","protected":false},"excerpt":{"rendered":"<p>C\u2019est presque devenu une habitude. Une nouvelle \u00ab Marche Fleurie \u00bb a eu lieu ce dimanche apr\u00e8s-midi \u00e0 \u00c9pinal. Fleurs, [&hellip;]<\/p>\n","protected":false},"author":407,"featured_media":40157,"comment_status":"open","ping_status":"open","sticky":false,"template":"","format":"standard","meta":{"footnotes":""},"categories":[26,4,18],"tags":[],"class_list":["post-40156","post","type-post","status-publish","format-standard","has-post-thumbnail","hentry","category-a-la-une","category-culture","category-vosges"],"acf":[],"yoast_head":"<!-- This site is optimized with the Yoast SEO plugin v22.5 - https:\/\/yoast.com\/wordpress\/plugins\/seo\/ -->\n<title>Vosges\u00a0: la Marche Fleurie rassemble quelque 200 participants - Remiremont Info<\/title>\n<meta name=\"robots\" content=\"index, follow, max-snippet:-1, max-image-preview:large, max-video-preview:-1\" \/>\n<link rel=\"canonical\" href=\"https:\/\/vosgesinfo.fr\/remiremontinfo\/2021\/05\/vosges-marche-fleurie-rassemble-quelque-200-participants\/\" \/>\n<meta name=\"twitter:card\" content=\"summary_large_image\" \/>\n<meta name=\"twitter:title\" content=\"Vosges\u00a0: la Marche Fleurie rassemble quelque 200 participants - Remiremont Info\" \/>\n<meta name=\"twitter:description\" content=\"C\u2019est presque devenu une habitude. Une nouvelle \u00ab Marche Fleurie \u00bb a eu lieu ce dimanche apr\u00e8s-midi \u00e0 \u00c9pinal. Fleurs, [&hellip;]\" \/>\n<meta name=\"twitter:image\" content=\"https:\/\/vosgesinfo.fr\/app\/uploads\/sites\/5\/2024\/09\/202105dsc-20982.jpg\" \/>\n<meta name=\"twitter:creator\" content=\"@VosgesInfo88\" \/>\n<meta name=\"twitter:site\" content=\"@VosgesInfo88\" \/>\n<meta name=\"twitter:label1\" content=\"\u00c9crit par\" \/>\n\t<meta name=\"twitter:data1\" content=\"C D\" \/>\n\t<meta name=\"twitter:label2\" content=\"Dur\u00e9e de lecture estim\u00e9e\" \/>\n\t<meta name=\"twitter:data2\" content=\"2 minutes\" \/>\n<script type=\"application\/ld+json\" class=\"yoast-schema-graph\">{\"@context\":\"https:\/\/schema.org\",\"@graph\":[{\"@type\":\"Article\",\"@id\":\"https:\/\/vosgesinfo.fr\/remiremontinfo\/2021\/05\/vosges-marche-fleurie-rassemble-quelque-200-participants\/#article\",\"isPartOf\":{\"@id\":\"https:\/\/vosgesinfo.fr\/remiremontinfo\/2021\/05\/vosges-marche-fleurie-rassemble-quelque-200-participants\/\"},\"author\":{\"name\":\"C D\",\"@id\":\"https:\/\/vosgesinfo.fr\/remiremontinfo\/#\/schema\/person\/3bfd164d5218a185b1db68655a265316\"},\"headline\":\"Vosges\u00a0: la Marche Fleurie rassemble quelque 200 participants\",\"datePublished\":\"2021-05-09T14:37:22+00:00\",\"dateModified\":\"2021-05-09T14:37:22+00:00\",\"mainEntityOfPage\":{\"@id\":\"https:\/\/vosgesinfo.fr\/remiremontinfo\/2021\/05\/vosges-marche-fleurie-rassemble-quelque-200-participants\/\"},\"wordCount\":323,\"commentCount\":0,\"publisher\":{\"@id\":\"https:\/\/vosgesinfo.fr\/remiremontinfo\/#organization\"},\"image\":{\"@id\":\"https:\/\/vosgesinfo.fr\/remiremontinfo\/2021\/05\/vosges-marche-fleurie-rassemble-quelque-200-participants\/#primaryimage\"},\"thumbnailUrl\":\"https:\/\/vosgesinfo.fr\/app\/uploads\/sites\/5\/2024\/09\/202105dsc-20982.jpg\",\"articleSection\":[\"A la Une\",\"Culture\",\"Vosges\"],\"inLanguage\":\"fr-FR\",\"potentialAction\":[{\"@type\":\"CommentAction\",\"name\":\"Comment\",\"target\":[\"https:\/\/vosgesinfo.fr\/remiremontinfo\/2021\/05\/vosges-marche-fleurie-rassemble-quelque-200-participants\/#respond\"]}]},{\"@type\":\"WebPage\",\"@id\":\"https:\/\/vosgesinfo.fr\/remiremontinfo\/2021\/05\/vosges-marche-fleurie-rassemble-quelque-200-participants\/\",\"url\":\"https:\/\/vosgesinfo.fr\/remiremontinfo\/2021\/05\/vosges-marche-fleurie-rassemble-quelque-200-participants\/\",\"name\":\"Vosges\u00a0: la Marche Fleurie rassemble quelque 200 participants - Remiremont Info\",\"isPartOf\":{\"@id\":\"https:\/\/vosgesinfo.fr\/remiremontinfo\/#website\"},\"primaryImageOfPage\":{\"@id\":\"https:\/\/vosgesinfo.fr\/remiremontinfo\/2021\/05\/vosges-marche-fleurie-rassemble-quelque-200-participants\/#primaryimage\"},\"image\":{\"@id\":\"https:\/\/vosgesinfo.fr\/remiremontinfo\/2021\/05\/vosges-marche-fleurie-rassemble-quelque-200-participants\/#primaryimage\"},\"thumbnailUrl\":\"https:\/\/vosgesinfo.fr\/app\/uploads\/sites\/5\/2024\/09\/202105dsc-20982.jpg\",\"datePublished\":\"2021-05-09T14:37:22+00:00\",\"dateModified\":\"2021-05-09T14:37:22+00:00\",\"breadcrumb\":{\"@id\":\"https:\/\/vosgesinfo.fr\/remiremontinfo\/2021\/05\/vosges-marche-fleurie-rassemble-quelque-200-participants\/#breadcrumb\"},\"inLanguage\":\"fr-FR\",\"potentialAction\":[{\"@type\":\"ReadAction\",\"target\":[\"https:\/\/vosgesinfo.fr\/remiremontinfo\/2021\/05\/vosges-marche-fleurie-rassemble-quelque-200-participants\/\"]}]},{\"@type\":\"ImageObject\",\"inLanguage\":\"fr-FR\",\"@id\":\"https:\/\/vosgesinfo.fr\/remiremontinfo\/2021\/05\/vosges-marche-fleurie-rassemble-quelque-200-participants\/#primaryimage\",\"url\":\"https:\/\/vosgesinfo.fr\/app\/uploads\/sites\/5\/2024\/09\/202105dsc-20982.jpg\",\"contentUrl\":\"https:\/\/vosgesinfo.fr\/app\/uploads\/sites\/5\/2024\/09\/202105dsc-20982.jpg\",\"width\":800,\"height\":563},{\"@type\":\"BreadcrumbList\",\"@id\":\"https:\/\/vosgesinfo.fr\/remiremontinfo\/2021\/05\/vosges-marche-fleurie-rassemble-quelque-200-participants\/#breadcrumb\",\"itemListElement\":[{\"@type\":\"ListItem\",\"position\":1,\"name\":\"Home\",\"item\":\"https:\/\/vosgesinfo.fr\/remiremontinfo\/\"},{\"@type\":\"ListItem\",\"position\":2,\"name\":\"Vosges\u00a0: la Marche Fleurie rassemble quelque 200 participants\"}]},{\"@type\":\"WebSite\",\"@id\":\"https:\/\/vosgesinfo.fr\/remiremontinfo\/#website\",\"url\":\"https:\/\/vosgesinfo.fr\/remiremontinfo\/\",\"name\":\"Remiremont Info\",\"description\":\"Toute l&#039;actualit\u00e9 de Remiremont\",\"publisher\":{\"@id\":\"https:\/\/vosgesinfo.fr\/remiremontinfo\/#organization\"},\"alternateName\":\"Toute l'actualit\u00e9 de Remiremont\",\"potentialAction\":[{\"@type\":\"SearchAction\",\"target\":{\"@type\":\"EntryPoint\",\"urlTemplate\":\"https:\/\/vosgesinfo.fr\/remiremontinfo\/?s={search_term_string}\"},\"query-input\":\"required name=search_term_string\"}],\"inLanguage\":\"fr-FR\"},{\"@type\":\"Organization\",\"@id\":\"https:\/\/vosgesinfo.fr\/remiremontinfo\/#organization\",\"name\":\"Remiremont Info\",\"url\":\"https:\/\/vosgesinfo.fr\/remiremontinfo\/\",\"logo\":{\"@type\":\"ImageObject\",\"inLanguage\":\"fr-FR\",\"@id\":\"https:\/\/vosgesinfo.fr\/remiremontinfo\/#\/schema\/logo\/image\/\",\"url\":\"https:\/\/vosgesinfo.fr\/app\/uploads\/sites\/5\/2023\/08\/favicon-remiremontinfo.png\",\"contentUrl\":\"https:\/\/vosgesinfo.fr\/app\/uploads\/sites\/5\/2023\/08\/favicon-remiremontinfo.png\",\"width\":512,\"height\":512,\"caption\":\"Remiremont Info\"},\"image\":{\"@id\":\"https:\/\/vosgesinfo.fr\/remiremontinfo\/#\/schema\/logo\/image\/\"},\"sameAs\":[\"https:\/\/www.facebook.com\/remiremontinfo\",\"https:\/\/x.com\/VosgesInfo88\",\"https:\/\/www.youtube.com\/@vosgesinfo\"]},{\"@type\":\"Person\",\"@id\":\"https:\/\/vosgesinfo.fr\/remiremontinfo\/#\/schema\/person\/3bfd164d5218a185b1db68655a265316\",\"name\":\"C D\",\"image\":{\"@type\":\"ImageObject\",\"inLanguage\":\"fr-FR\",\"@id\":\"https:\/\/vosgesinfo.fr\/remiremontinfo\/#\/schema\/person\/image\/\",\"url\":\"https:\/\/secure.gravatar.com\/avatar\/1f9a70007336511a47468b8f1c66f922b8b7cf617b02a31149ada43893a5d48f?s=96&d=mm&r=g\",\"contentUrl\":\"https:\/\/secure.gravatar.com\/avatar\/1f9a70007336511a47468b8f1c66f922b8b7cf617b02a31149ada43893a5d48f?s=96&d=mm&r=g\",\"caption\":\"C D\"},\"url\":\"https:\/\/vosgesinfo.fr\/remiremontinfo\/author\/cedric-drevet\/\"}]}<\/script>\n<!-- \/ Yoast SEO plugin. -->","yoast_head_json":{"title":"Vosges\u00a0: la Marche Fleurie rassemble quelque 200 participants - Remiremont Info","robots":{"index":"index","follow":"follow","max-snippet":"max-snippet:-1","max-image-preview":"max-image-preview:large","max-video-preview":"max-video-preview:-1"},"canonical":"https:\/\/vosgesinfo.fr\/remiremontinfo\/2021\/05\/vosges-marche-fleurie-rassemble-quelque-200-participants\/","twitter_card":"summary_large_image","twitter_title":"Vosges\u00a0: la Marche Fleurie rassemble quelque 200 participants - Remiremont Info","twitter_description":"C\u2019est presque devenu une habitude. Une nouvelle \u00ab Marche Fleurie \u00bb a eu lieu ce dimanche apr\u00e8s-midi \u00e0 \u00c9pinal. Fleurs, [&hellip;]","twitter_image":"https:\/\/vosgesinfo.fr\/app\/uploads\/sites\/5\/2024\/09\/202105dsc-20982.jpg","twitter_creator":"@VosgesInfo88","twitter_site":"@VosgesInfo88","twitter_misc":{"\u00c9crit par":"C D","Dur\u00e9e de lecture estim\u00e9e":"2 minutes"},"schema":{"@context":"https:\/\/schema.org","@graph":[{"@type":"Article","@id":"https:\/\/vosgesinfo.fr\/remiremontinfo\/2021\/05\/vosges-marche-fleurie-rassemble-quelque-200-participants\/#article","isPartOf":{"@id":"https:\/\/vosgesinfo.fr\/remiremontinfo\/2021\/05\/vosges-marche-fleurie-rassemble-quelque-200-participants\/"},"author":{"name":"C D","@id":"https:\/\/vosgesinfo.fr\/remiremontinfo\/#\/schema\/person\/3bfd164d5218a185b1db68655a265316"},"headline":"Vosges\u00a0: la Marche Fleurie rassemble quelque 200 participants","datePublished":"2021-05-09T14:37:22+00:00","dateModified":"2021-05-09T14:37:22+00:00","mainEntityOfPage":{"@id":"https:\/\/vosgesinfo.fr\/remiremontinfo\/2021\/05\/vosges-marche-fleurie-rassemble-quelque-200-participants\/"},"wordCount":323,"commentCount":0,"publisher":{"@id":"https:\/\/vosgesinfo.fr\/remiremontinfo\/#organization"},"image":{"@id":"https:\/\/vosgesinfo.fr\/remiremontinfo\/2021\/05\/vosges-marche-fleurie-rassemble-quelque-200-participants\/#primaryimage"},"thumbnailUrl":"https:\/\/vosgesinfo.fr\/app\/uploads\/sites\/5\/2024\/09\/202105dsc-20982.jpg","articleSection":["A la Une","Culture","Vosges"],"inLanguage":"fr-FR","potentialAction":[{"@type":"CommentAction","name":"Comment","target":["https:\/\/vosgesinfo.fr\/remiremontinfo\/2021\/05\/vosges-marche-fleurie-rassemble-quelque-200-participants\/#respond"]}]},{"@type":"WebPage","@id":"https:\/\/vosgesinfo.fr\/remiremontinfo\/2021\/05\/vosges-marche-fleurie-rassemble-quelque-200-participants\/","url":"https:\/\/vosgesinfo.fr\/remiremontinfo\/2021\/05\/vosges-marche-fleurie-rassemble-quelque-200-participants\/","name":"Vosges\u00a0: la Marche Fleurie rassemble quelque 200 participants - Remiremont Info","isPartOf":{"@id":"https:\/\/vosgesinfo.fr\/remiremontinfo\/#website"},"primaryImageOfPage":{"@id":"https:\/\/vosgesinfo.fr\/remiremontinfo\/2021\/05\/vosges-marche-fleurie-rassemble-quelque-200-participants\/#primaryimage"},"image":{"@id":"https:\/\/vosgesinfo.fr\/remiremontinfo\/2021\/05\/vosges-marche-fleurie-rassemble-quelque-200-participants\/#primaryimage"},"thumbnailUrl":"https:\/\/vosgesinfo.fr\/app\/uploads\/sites\/5\/2024\/09\/202105dsc-20982.jpg","datePublished":"2021-05-09T14:37:22+00:00","dateModified":"2021-05-09T14:37:22+00:00","breadcrumb":{"@id":"https:\/\/vosgesinfo.fr\/remiremontinfo\/2021\/05\/vosges-marche-fleurie-rassemble-quelque-200-participants\/#breadcrumb"},"inLanguage":"fr-FR","potentialAction":[{"@type":"ReadAction","target":["https:\/\/vosgesinfo.fr\/remiremontinfo\/2021\/05\/vosges-marche-fleurie-rassemble-quelque-200-participants\/"]}]},{"@type":"ImageObject","inLanguage":"fr-FR","@id":"https:\/\/vosgesinfo.fr\/remiremontinfo\/2021\/05\/vosges-marche-fleurie-rassemble-quelque-200-participants\/#primaryimage","url":"https:\/\/vosgesinfo.fr\/app\/uploads\/sites\/5\/2024\/09\/202105dsc-20982.jpg","contentUrl":"https:\/\/vosgesinfo.fr\/app\/uploads\/sites\/5\/2024\/09\/202105dsc-20982.jpg","width":800,"height":563},{"@type":"BreadcrumbList","@id":"https:\/\/vosgesinfo.fr\/remiremontinfo\/2021\/05\/vosges-marche-fleurie-rassemble-quelque-200-participants\/#breadcrumb","itemListElement":[{"@type":"ListItem","position":1,"name":"Home","item":"https:\/\/vosgesinfo.fr\/remiremontinfo\/"},{"@type":"ListItem","position":2,"name":"Vosges\u00a0: la Marche Fleurie rassemble quelque 200 participants"}]},{"@type":"WebSite","@id":"https:\/\/vosgesinfo.fr\/remiremontinfo\/#website","url":"https:\/\/vosgesinfo.fr\/remiremontinfo\/","name":"Remiremont Info","description":"Toute l&#039;actualit\u00e9 de Remiremont","publisher":{"@id":"https:\/\/vosgesinfo.fr\/remiremontinfo\/#organization"},"alternateName":"Toute l'actualit\u00e9 de Remiremont","potentialAction":[{"@type":"SearchAction","target":{"@type":"EntryPoint","urlTemplate":"https:\/\/vosgesinfo.fr\/remiremontinfo\/?s={search_term_string}"},"query-input":"required name=search_term_string"}],"inLanguage":"fr-FR"},{"@type":"Organization","@id":"https:\/\/vosgesinfo.fr\/remiremontinfo\/#organization","name":"Remiremont Info","url":"https:\/\/vosgesinfo.fr\/remiremontinfo\/","logo":{"@type":"ImageObject","inLanguage":"fr-FR","@id":"https:\/\/vosgesinfo.fr\/remiremontinfo\/#\/schema\/logo\/image\/","url":"https:\/\/vosgesinfo.fr\/app\/uploads\/sites\/5\/2023\/08\/favicon-remiremontinfo.png","contentUrl":"https:\/\/vosgesinfo.fr\/app\/uploads\/sites\/5\/2023\/08\/favicon-remiremontinfo.png","width":512,"height":512,"caption":"Remiremont Info"},"image":{"@id":"https:\/\/vosgesinfo.fr\/remiremontinfo\/#\/schema\/logo\/image\/"},"sameAs":["https:\/\/www.facebook.com\/remiremontinfo","https:\/\/x.com\/VosgesInfo88","https:\/\/www.youtube.com\/@vosgesinfo"]},{"@type":"Person","@id":"https:\/\/vosgesinfo.fr\/remiremontinfo\/#\/schema\/person\/3bfd164d5218a185b1db68655a265316","name":"C D","image":{"@type":"ImageObject","inLanguage":"fr-FR","@id":"https:\/\/vosgesinfo.fr\/remiremontinfo\/#\/schema\/person\/image\/","url":"https:\/\/secure.gravatar.com\/avatar\/1f9a70007336511a47468b8f1c66f922b8b7cf617b02a31149ada43893a5d48f?s=96&d=mm&r=g","contentUrl":"https:\/\/secure.gravatar.com\/avatar\/1f9a70007336511a47468b8f1c66f922b8b7cf617b02a31149ada43893a5d48f?s=96&d=mm&r=g","caption":"C D"},"url":"https:\/\/vosgesinfo.fr\/remiremontinfo\/author\/cedric-drevet\/"}]}},"_links":{"self":[{"href":"https:\/\/vosgesinfo.fr\/remiremontinfo\/wp-json\/wp\/v2\/posts\/40156","targetHints":{"allow":["GET"]}}],"collection":[{"href":"https:\/\/vosgesinfo.fr\/remiremontinfo\/wp-json\/wp\/v2\/posts"}],"about":[{"href":"https:\/\/vosgesinfo.fr\/remiremontinfo\/wp-json\/wp\/v2\/types\/post"}],"author":[{"embeddable":true,"href":"https:\/\/vosgesinfo.fr\/remiremontinfo\/wp-json\/wp\/v2\/users\/407"}],"replies":[{"embeddable":true,"href":"https:\/\/vosgesinfo.fr\/remiremontinfo\/wp-json\/wp\/v2\/comments?post=40156"}],"version-history":[{"count":0,"href":"https:\/\/vosgesinfo.fr\/remiremontinfo\/wp-json\/wp\/v2\/posts\/40156\/revisions"}],"wp:featuredmedia":[{"embeddable":true,"href":"https:\/\/vosgesinfo.fr\/remiremontinfo\/wp-json\/wp\/v2\/media\/40157"}],"wp:attachment":[{"href":"https:\/\/vosgesinfo.fr\/remiremontinfo\/wp-json\/wp\/v2\/media?parent=40156"}],"wp:term":[{"taxonomy":"category","embeddable":true,"href":"https:\/\/vosgesinfo.fr\/remiremontinfo\/wp-json\/wp\/v2\/categories?post=40156"},{"taxonomy":"post_tag","embeddable":true,"href":"https:\/\/vosgesinfo.fr\/remiremontinfo\/wp-json\/wp\/v2\/tags?post=40156"}],"curies":[{"name":"wp","href":"https:\/\/api.w.org\/{rel}","templated":true}]}}