{"id":40526,"date":"2021-05-20T13:28:32","date_gmt":"2021-05-20T11:28:32","guid":{"rendered":"https:\/\/vosgesinfo.fr\/remiremontinfo\/2021\/05\/saint-maurice-fermeture-exceptionnelle-de-rn66-2-sens-de-circulation\/"},"modified":"2021-05-20T13:28:32","modified_gmt":"2021-05-20T11:28:32","slug":"saint-maurice-fermeture-exceptionnelle-de-rn66-2-sens-de-circulation","status":"publish","type":"post","link":"https:\/\/vosgesinfo.fr\/remiremontinfo\/2021\/05\/saint-maurice-fermeture-exceptionnelle-de-rn66-2-sens-de-circulation\/","title":{"rendered":"Saint-Maurice : fermeture Exceptionnelle de la RN66 dans les 2 sens de circulation"},"content":{"rendered":"<p style=\"text-align: center;\"><a href=\"\/2021\/05\/Capture-d\u2019\u00e9cran-2021-04-22-0917121.png\"><img decoding=\"async\" class=\"alignnone size-full wp-image-316815\" src=\"\/2021\/05\/Capture-d\u2019\u00e9cran-2021-04-22-0917121.png\" alt=\"Capture-d\u2019\u00e9cran-2021-04-22-091712\" width=\"800\" height=\"612\" \/><\/a><\/p>\n<p style=\"text-align: left;\"><span style=\"font-size: 10pt;\"><em>Photo DIR Est<\/em><\/span><\/p>\n<p style=\"text-align: center;\"><em>Communiqu\u00e9 du Minist\u00e8re de la Transition Ecologique<\/em><\/p>\n<p>RN 66 \u2013 Fermeture EXCEPTIONNELLE dans les 2 sens de circulation<br \/>\ndans le cadre de la r\u00e9paration du pont des Charbonniers<br \/>\n\u00e0 Saint-Maurice-sur-Moselle (88) par la DIR Est<\/p>\n<p>La nuit du jeudi 20 mai 2021 au vendredi 21 mai 2021 de 21 h \u00e0 5 h, la direction interd\u00e9partementale des<br \/>\nRoutes de l&rsquo;Est (DIR Est), pour le compte de l\u2019\u00c9tat, va proc\u00e9der \u00e0 des travaux de r\u00e9paration d\u2019urgence de la<br \/>\nchauss\u00e9e du pont des Charbonniers \u00e0 Saint-Maurice-sur-Moselle (88) sur la RN66.<br \/>\nCette fermeture est li\u00e9e \u00e0 la d\u00e9gradation importante de la chauss\u00e9e du fait des conditions climatiques<br \/>\nd\u00e9favorables.<\/p>\n<p>Durant cette nuit, les poids lourds seront invit\u00e9s \u00e0 emprunter \u00ab l\u2019itin\u00e9raire conseill\u00e9 \u00bb pour diminuer la<br \/>\ncirculation au droit du chantier. Cet itin\u00e9raire empruntera la RN57 \u00e0 hauteur de Remiremont, la RD64 \u00e0<br \/>\nhauteur de Luxeuil-les-Bains, la RN19 \u00e0 hauteur de Lure et enfin l\u2019A36 \u00e0 hauteur de Belfort pour rejoindre<br \/>\nMulhouse.<br \/>\nPendant cette fermeture, des d\u00e9viations seront mises en place :<br \/>\n\u2022 Pour les poids lourds : \u00ab l\u2019itin\u00e9raire conseill\u00e9 \u00bb ci-dessus sera obligatoire dans les 2 sens de<br \/>\ncirculation.<br \/>\n\u2022 Pour les autres v\u00e9hicules :<br \/>\n\u25e6 Un itin\u00e9raire de d\u00e9viation grande maille sera mis en place \u00e0 hauteur du Thillot en direction de<br \/>\nMulhouse.<br \/>\n\u25e6 Un itin\u00e9raire de d\u00e9viation locale sera mis en place \u00e0 Saint-Maurice-sur-Moselle.<\/p>\n<p>Consciente des d\u00e9sagr\u00e9ments li\u00e9s au droit de ce chantier,<br \/>\nla DIR Est remercie les automobilistes de leur compr\u00e9hension.<br \/>\nElle leur recommande la plus grande prudence<br \/>\net la mod\u00e9ration de leur vitesse sur les chantiers et d\u00e9viations.<\/p>\n","protected":false},"excerpt":{"rendered":"<p>Photo DIR Est Communiqu\u00e9 du Minist\u00e8re de la Transition Ecologique RN 66 \u2013 Fermeture EXCEPTIONNELLE dans les 2 sens de [&hellip;]<\/p>\n","protected":false},"author":407,"featured_media":40527,"comment_status":"open","ping_status":"open","sticky":false,"template":"","format":"standard","meta":{"footnotes":""},"categories":[26,37,39],"tags":[],"class_list":["post-40526","post","type-post","status-publish","format-standard","has-post-thumbnail","hentry","category-a-la-une","category-le-thillot-son-canton","category-saint-maurice-moselle"],"acf":[],"yoast_head":"<!-- This site is optimized with the Yoast SEO plugin v22.5 - https:\/\/yoast.com\/wordpress\/plugins\/seo\/ -->\n<title>Saint-Maurice : fermeture Exceptionnelle de la RN66 dans les 2 sens de circulation - Remiremont Info<\/title>\n<meta name=\"robots\" content=\"index, follow, max-snippet:-1, max-image-preview:large, max-video-preview:-1\" \/>\n<link rel=\"canonical\" href=\"https:\/\/vosgesinfo.fr\/remiremontinfo\/2021\/05\/saint-maurice-fermeture-exceptionnelle-de-rn66-2-sens-de-circulation\/\" \/>\n<meta name=\"twitter:card\" content=\"summary_large_image\" \/>\n<meta name=\"twitter:title\" content=\"Saint-Maurice : fermeture Exceptionnelle de la RN66 dans les 2 sens de circulation - Remiremont Info\" \/>\n<meta name=\"twitter:description\" content=\"Photo DIR Est Communiqu\u00e9 du Minist\u00e8re de la Transition Ecologique RN 66 \u2013 Fermeture EXCEPTIONNELLE dans les 2 sens de [&hellip;]\" \/>\n<meta name=\"twitter:image\" content=\"https:\/\/vosgesinfo.fr\/app\/uploads\/sites\/5\/2024\/09\/202105capture-decran-2021-04-22-0917121.png\" \/>\n<meta name=\"twitter:creator\" content=\"@VosgesInfo88\" \/>\n<meta name=\"twitter:site\" content=\"@VosgesInfo88\" \/>\n<meta name=\"twitter:label1\" content=\"\u00c9crit par\" \/>\n\t<meta name=\"twitter:data1\" content=\"C D\" \/>\n\t<meta name=\"twitter:label2\" content=\"Dur\u00e9e de lecture estim\u00e9e\" \/>\n\t<meta name=\"twitter:data2\" content=\"1 minute\" \/>\n<script type=\"application\/ld+json\" class=\"yoast-schema-graph\">{\"@context\":\"https:\/\/schema.org\",\"@graph\":[{\"@type\":\"Article\",\"@id\":\"https:\/\/vosgesinfo.fr\/remiremontinfo\/2021\/05\/saint-maurice-fermeture-exceptionnelle-de-rn66-2-sens-de-circulation\/#article\",\"isPartOf\":{\"@id\":\"https:\/\/vosgesinfo.fr\/remiremontinfo\/2021\/05\/saint-maurice-fermeture-exceptionnelle-de-rn66-2-sens-de-circulation\/\"},\"author\":{\"name\":\"C D\",\"@id\":\"https:\/\/vosgesinfo.fr\/remiremontinfo\/#\/schema\/person\/3bfd164d5218a185b1db68655a265316\"},\"headline\":\"Saint-Maurice : fermeture Exceptionnelle de la RN66 dans les 2 sens de circulation\",\"datePublished\":\"2021-05-20T11:28:32+00:00\",\"dateModified\":\"2021-05-20T11:28:32+00:00\",\"mainEntityOfPage\":{\"@id\":\"https:\/\/vosgesinfo.fr\/remiremontinfo\/2021\/05\/saint-maurice-fermeture-exceptionnelle-de-rn66-2-sens-de-circulation\/\"},\"wordCount\":271,\"commentCount\":0,\"publisher\":{\"@id\":\"https:\/\/vosgesinfo.fr\/remiremontinfo\/#organization\"},\"image\":{\"@id\":\"https:\/\/vosgesinfo.fr\/remiremontinfo\/2021\/05\/saint-maurice-fermeture-exceptionnelle-de-rn66-2-sens-de-circulation\/#primaryimage\"},\"thumbnailUrl\":\"https:\/\/vosgesinfo.fr\/app\/uploads\/sites\/5\/2024\/09\/202105capture-decran-2021-04-22-0917121.png\",\"articleSection\":[\"A la Une\",\"Le Thillot &amp; son canton\",\"Saint-Maurice\/Moselle\"],\"inLanguage\":\"fr-FR\",\"potentialAction\":[{\"@type\":\"CommentAction\",\"name\":\"Comment\",\"target\":[\"https:\/\/vosgesinfo.fr\/remiremontinfo\/2021\/05\/saint-maurice-fermeture-exceptionnelle-de-rn66-2-sens-de-circulation\/#respond\"]}]},{\"@type\":\"WebPage\",\"@id\":\"https:\/\/vosgesinfo.fr\/remiremontinfo\/2021\/05\/saint-maurice-fermeture-exceptionnelle-de-rn66-2-sens-de-circulation\/\",\"url\":\"https:\/\/vosgesinfo.fr\/remiremontinfo\/2021\/05\/saint-maurice-fermeture-exceptionnelle-de-rn66-2-sens-de-circulation\/\",\"name\":\"Saint-Maurice : fermeture Exceptionnelle de la RN66 dans les 2 sens de circulation - Remiremont Info\",\"isPartOf\":{\"@id\":\"https:\/\/vosgesinfo.fr\/remiremontinfo\/#website\"},\"primaryImageOfPage\":{\"@id\":\"https:\/\/vosgesinfo.fr\/remiremontinfo\/2021\/05\/saint-maurice-fermeture-exceptionnelle-de-rn66-2-sens-de-circulation\/#primaryimage\"},\"image\":{\"@id\":\"https:\/\/vosgesinfo.fr\/remiremontinfo\/2021\/05\/saint-maurice-fermeture-exceptionnelle-de-rn66-2-sens-de-circulation\/#primaryimage\"},\"thumbnailUrl\":\"https:\/\/vosgesinfo.fr\/app\/uploads\/sites\/5\/2024\/09\/202105capture-decran-2021-04-22-0917121.png\",\"datePublished\":\"2021-05-20T11:28:32+00:00\",\"dateModified\":\"2021-05-20T11:28:32+00:00\",\"breadcrumb\":{\"@id\":\"https:\/\/vosgesinfo.fr\/remiremontinfo\/2021\/05\/saint-maurice-fermeture-exceptionnelle-de-rn66-2-sens-de-circulation\/#breadcrumb\"},\"inLanguage\":\"fr-FR\",\"potentialAction\":[{\"@type\":\"ReadAction\",\"target\":[\"https:\/\/vosgesinfo.fr\/remiremontinfo\/2021\/05\/saint-maurice-fermeture-exceptionnelle-de-rn66-2-sens-de-circulation\/\"]}]},{\"@type\":\"ImageObject\",\"inLanguage\":\"fr-FR\",\"@id\":\"https:\/\/vosgesinfo.fr\/remiremontinfo\/2021\/05\/saint-maurice-fermeture-exceptionnelle-de-rn66-2-sens-de-circulation\/#primaryimage\",\"url\":\"https:\/\/vosgesinfo.fr\/app\/uploads\/sites\/5\/2024\/09\/202105capture-decran-2021-04-22-0917121.png\",\"contentUrl\":\"https:\/\/vosgesinfo.fr\/app\/uploads\/sites\/5\/2024\/09\/202105capture-decran-2021-04-22-0917121.png\",\"width\":800,\"height\":612},{\"@type\":\"BreadcrumbList\",\"@id\":\"https:\/\/vosgesinfo.fr\/remiremontinfo\/2021\/05\/saint-maurice-fermeture-exceptionnelle-de-rn66-2-sens-de-circulation\/#breadcrumb\",\"itemListElement\":[{\"@type\":\"ListItem\",\"position\":1,\"name\":\"Home\",\"item\":\"https:\/\/vosgesinfo.fr\/remiremontinfo\/\"},{\"@type\":\"ListItem\",\"position\":2,\"name\":\"Saint-Maurice : fermeture Exceptionnelle de la RN66 dans les 2 sens de circulation\"}]},{\"@type\":\"WebSite\",\"@id\":\"https:\/\/vosgesinfo.fr\/remiremontinfo\/#website\",\"url\":\"https:\/\/vosgesinfo.fr\/remiremontinfo\/\",\"name\":\"Remiremont Info\",\"description\":\"Toute l&#039;actualit\u00e9 de Remiremont\",\"publisher\":{\"@id\":\"https:\/\/vosgesinfo.fr\/remiremontinfo\/#organization\"},\"alternateName\":\"Toute l'actualit\u00e9 de Remiremont\",\"potentialAction\":[{\"@type\":\"SearchAction\",\"target\":{\"@type\":\"EntryPoint\",\"urlTemplate\":\"https:\/\/vosgesinfo.fr\/remiremontinfo\/?s={search_term_string}\"},\"query-input\":\"required name=search_term_string\"}],\"inLanguage\":\"fr-FR\"},{\"@type\":\"Organization\",\"@id\":\"https:\/\/vosgesinfo.fr\/remiremontinfo\/#organization\",\"name\":\"Remiremont Info\",\"url\":\"https:\/\/vosgesinfo.fr\/remiremontinfo\/\",\"logo\":{\"@type\":\"ImageObject\",\"inLanguage\":\"fr-FR\",\"@id\":\"https:\/\/vosgesinfo.fr\/remiremontinfo\/#\/schema\/logo\/image\/\",\"url\":\"https:\/\/vosgesinfo.fr\/app\/uploads\/sites\/5\/2023\/08\/favicon-remiremontinfo.png\",\"contentUrl\":\"https:\/\/vosgesinfo.fr\/app\/uploads\/sites\/5\/2023\/08\/favicon-remiremontinfo.png\",\"width\":512,\"height\":512,\"caption\":\"Remiremont Info\"},\"image\":{\"@id\":\"https:\/\/vosgesinfo.fr\/remiremontinfo\/#\/schema\/logo\/image\/\"},\"sameAs\":[\"https:\/\/www.facebook.com\/remiremontinfo\",\"https:\/\/x.com\/VosgesInfo88\",\"https:\/\/www.youtube.com\/@vosgesinfo\"]},{\"@type\":\"Person\",\"@id\":\"https:\/\/vosgesinfo.fr\/remiremontinfo\/#\/schema\/person\/3bfd164d5218a185b1db68655a265316\",\"name\":\"C D\",\"image\":{\"@type\":\"ImageObject\",\"inLanguage\":\"fr-FR\",\"@id\":\"https:\/\/vosgesinfo.fr\/remiremontinfo\/#\/schema\/person\/image\/\",\"url\":\"https:\/\/secure.gravatar.com\/avatar\/1f9a70007336511a47468b8f1c66f922b8b7cf617b02a31149ada43893a5d48f?s=96&d=mm&r=g\",\"contentUrl\":\"https:\/\/secure.gravatar.com\/avatar\/1f9a70007336511a47468b8f1c66f922b8b7cf617b02a31149ada43893a5d48f?s=96&d=mm&r=g\",\"caption\":\"C D\"},\"url\":\"https:\/\/vosgesinfo.fr\/remiremontinfo\/author\/cedric-drevet\/\"}]}<\/script>\n<!-- \/ Yoast SEO plugin. -->","yoast_head_json":{"title":"Saint-Maurice : fermeture Exceptionnelle de la RN66 dans les 2 sens de circulation - Remiremont Info","robots":{"index":"index","follow":"follow","max-snippet":"max-snippet:-1","max-image-preview":"max-image-preview:large","max-video-preview":"max-video-preview:-1"},"canonical":"https:\/\/vosgesinfo.fr\/remiremontinfo\/2021\/05\/saint-maurice-fermeture-exceptionnelle-de-rn66-2-sens-de-circulation\/","twitter_card":"summary_large_image","twitter_title":"Saint-Maurice : fermeture Exceptionnelle de la RN66 dans les 2 sens de circulation - Remiremont Info","twitter_description":"Photo DIR Est Communiqu\u00e9 du Minist\u00e8re de la Transition Ecologique RN 66 \u2013 Fermeture EXCEPTIONNELLE dans les 2 sens de [&hellip;]","twitter_image":"https:\/\/vosgesinfo.fr\/app\/uploads\/sites\/5\/2024\/09\/202105capture-decran-2021-04-22-0917121.png","twitter_creator":"@VosgesInfo88","twitter_site":"@VosgesInfo88","twitter_misc":{"\u00c9crit par":"C D","Dur\u00e9e de lecture estim\u00e9e":"1 minute"},"schema":{"@context":"https:\/\/schema.org","@graph":[{"@type":"Article","@id":"https:\/\/vosgesinfo.fr\/remiremontinfo\/2021\/05\/saint-maurice-fermeture-exceptionnelle-de-rn66-2-sens-de-circulation\/#article","isPartOf":{"@id":"https:\/\/vosgesinfo.fr\/remiremontinfo\/2021\/05\/saint-maurice-fermeture-exceptionnelle-de-rn66-2-sens-de-circulation\/"},"author":{"name":"C D","@id":"https:\/\/vosgesinfo.fr\/remiremontinfo\/#\/schema\/person\/3bfd164d5218a185b1db68655a265316"},"headline":"Saint-Maurice : fermeture Exceptionnelle de la RN66 dans les 2 sens de circulation","datePublished":"2021-05-20T11:28:32+00:00","dateModified":"2021-05-20T11:28:32+00:00","mainEntityOfPage":{"@id":"https:\/\/vosgesinfo.fr\/remiremontinfo\/2021\/05\/saint-maurice-fermeture-exceptionnelle-de-rn66-2-sens-de-circulation\/"},"wordCount":271,"commentCount":0,"publisher":{"@id":"https:\/\/vosgesinfo.fr\/remiremontinfo\/#organization"},"image":{"@id":"https:\/\/vosgesinfo.fr\/remiremontinfo\/2021\/05\/saint-maurice-fermeture-exceptionnelle-de-rn66-2-sens-de-circulation\/#primaryimage"},"thumbnailUrl":"https:\/\/vosgesinfo.fr\/app\/uploads\/sites\/5\/2024\/09\/202105capture-decran-2021-04-22-0917121.png","articleSection":["A la Une","Le Thillot &amp; son canton","Saint-Maurice\/Moselle"],"inLanguage":"fr-FR","potentialAction":[{"@type":"CommentAction","name":"Comment","target":["https:\/\/vosgesinfo.fr\/remiremontinfo\/2021\/05\/saint-maurice-fermeture-exceptionnelle-de-rn66-2-sens-de-circulation\/#respond"]}]},{"@type":"WebPage","@id":"https:\/\/vosgesinfo.fr\/remiremontinfo\/2021\/05\/saint-maurice-fermeture-exceptionnelle-de-rn66-2-sens-de-circulation\/","url":"https:\/\/vosgesinfo.fr\/remiremontinfo\/2021\/05\/saint-maurice-fermeture-exceptionnelle-de-rn66-2-sens-de-circulation\/","name":"Saint-Maurice : fermeture Exceptionnelle de la RN66 dans les 2 sens de circulation - Remiremont Info","isPartOf":{"@id":"https:\/\/vosgesinfo.fr\/remiremontinfo\/#website"},"primaryImageOfPage":{"@id":"https:\/\/vosgesinfo.fr\/remiremontinfo\/2021\/05\/saint-maurice-fermeture-exceptionnelle-de-rn66-2-sens-de-circulation\/#primaryimage"},"image":{"@id":"https:\/\/vosgesinfo.fr\/remiremontinfo\/2021\/05\/saint-maurice-fermeture-exceptionnelle-de-rn66-2-sens-de-circulation\/#primaryimage"},"thumbnailUrl":"https:\/\/vosgesinfo.fr\/app\/uploads\/sites\/5\/2024\/09\/202105capture-decran-2021-04-22-0917121.png","datePublished":"2021-05-20T11:28:32+00:00","dateModified":"2021-05-20T11:28:32+00:00","breadcrumb":{"@id":"https:\/\/vosgesinfo.fr\/remiremontinfo\/2021\/05\/saint-maurice-fermeture-exceptionnelle-de-rn66-2-sens-de-circulation\/#breadcrumb"},"inLanguage":"fr-FR","potentialAction":[{"@type":"ReadAction","target":["https:\/\/vosgesinfo.fr\/remiremontinfo\/2021\/05\/saint-maurice-fermeture-exceptionnelle-de-rn66-2-sens-de-circulation\/"]}]},{"@type":"ImageObject","inLanguage":"fr-FR","@id":"https:\/\/vosgesinfo.fr\/remiremontinfo\/2021\/05\/saint-maurice-fermeture-exceptionnelle-de-rn66-2-sens-de-circulation\/#primaryimage","url":"https:\/\/vosgesinfo.fr\/app\/uploads\/sites\/5\/2024\/09\/202105capture-decran-2021-04-22-0917121.png","contentUrl":"https:\/\/vosgesinfo.fr\/app\/uploads\/sites\/5\/2024\/09\/202105capture-decran-2021-04-22-0917121.png","width":800,"height":612},{"@type":"BreadcrumbList","@id":"https:\/\/vosgesinfo.fr\/remiremontinfo\/2021\/05\/saint-maurice-fermeture-exceptionnelle-de-rn66-2-sens-de-circulation\/#breadcrumb","itemListElement":[{"@type":"ListItem","position":1,"name":"Home","item":"https:\/\/vosgesinfo.fr\/remiremontinfo\/"},{"@type":"ListItem","position":2,"name":"Saint-Maurice : fermeture Exceptionnelle de la RN66 dans les 2 sens de circulation"}]},{"@type":"WebSite","@id":"https:\/\/vosgesinfo.fr\/remiremontinfo\/#website","url":"https:\/\/vosgesinfo.fr\/remiremontinfo\/","name":"Remiremont Info","description":"Toute l&#039;actualit\u00e9 de Remiremont","publisher":{"@id":"https:\/\/vosgesinfo.fr\/remiremontinfo\/#organization"},"alternateName":"Toute l'actualit\u00e9 de Remiremont","potentialAction":[{"@type":"SearchAction","target":{"@type":"EntryPoint","urlTemplate":"https:\/\/vosgesinfo.fr\/remiremontinfo\/?s={search_term_string}"},"query-input":"required name=search_term_string"}],"inLanguage":"fr-FR"},{"@type":"Organization","@id":"https:\/\/vosgesinfo.fr\/remiremontinfo\/#organization","name":"Remiremont Info","url":"https:\/\/vosgesinfo.fr\/remiremontinfo\/","logo":{"@type":"ImageObject","inLanguage":"fr-FR","@id":"https:\/\/vosgesinfo.fr\/remiremontinfo\/#\/schema\/logo\/image\/","url":"https:\/\/vosgesinfo.fr\/app\/uploads\/sites\/5\/2023\/08\/favicon-remiremontinfo.png","contentUrl":"https:\/\/vosgesinfo.fr\/app\/uploads\/sites\/5\/2023\/08\/favicon-remiremontinfo.png","width":512,"height":512,"caption":"Remiremont Info"},"image":{"@id":"https:\/\/vosgesinfo.fr\/remiremontinfo\/#\/schema\/logo\/image\/"},"sameAs":["https:\/\/www.facebook.com\/remiremontinfo","https:\/\/x.com\/VosgesInfo88","https:\/\/www.youtube.com\/@vosgesinfo"]},{"@type":"Person","@id":"https:\/\/vosgesinfo.fr\/remiremontinfo\/#\/schema\/person\/3bfd164d5218a185b1db68655a265316","name":"C D","image":{"@type":"ImageObject","inLanguage":"fr-FR","@id":"https:\/\/vosgesinfo.fr\/remiremontinfo\/#\/schema\/person\/image\/","url":"https:\/\/secure.gravatar.com\/avatar\/1f9a70007336511a47468b8f1c66f922b8b7cf617b02a31149ada43893a5d48f?s=96&d=mm&r=g","contentUrl":"https:\/\/secure.gravatar.com\/avatar\/1f9a70007336511a47468b8f1c66f922b8b7cf617b02a31149ada43893a5d48f?s=96&d=mm&r=g","caption":"C D"},"url":"https:\/\/vosgesinfo.fr\/remiremontinfo\/author\/cedric-drevet\/"}]}},"_links":{"self":[{"href":"https:\/\/vosgesinfo.fr\/remiremontinfo\/wp-json\/wp\/v2\/posts\/40526","targetHints":{"allow":["GET"]}}],"collection":[{"href":"https:\/\/vosgesinfo.fr\/remiremontinfo\/wp-json\/wp\/v2\/posts"}],"about":[{"href":"https:\/\/vosgesinfo.fr\/remiremontinfo\/wp-json\/wp\/v2\/types\/post"}],"author":[{"embeddable":true,"href":"https:\/\/vosgesinfo.fr\/remiremontinfo\/wp-json\/wp\/v2\/users\/407"}],"replies":[{"embeddable":true,"href":"https:\/\/vosgesinfo.fr\/remiremontinfo\/wp-json\/wp\/v2\/comments?post=40526"}],"version-history":[{"count":0,"href":"https:\/\/vosgesinfo.fr\/remiremontinfo\/wp-json\/wp\/v2\/posts\/40526\/revisions"}],"wp:featuredmedia":[{"embeddable":true,"href":"https:\/\/vosgesinfo.fr\/remiremontinfo\/wp-json\/wp\/v2\/media\/40527"}],"wp:attachment":[{"href":"https:\/\/vosgesinfo.fr\/remiremontinfo\/wp-json\/wp\/v2\/media?parent=40526"}],"wp:term":[{"taxonomy":"category","embeddable":true,"href":"https:\/\/vosgesinfo.fr\/remiremontinfo\/wp-json\/wp\/v2\/categories?post=40526"},{"taxonomy":"post_tag","embeddable":true,"href":"https:\/\/vosgesinfo.fr\/remiremontinfo\/wp-json\/wp\/v2\/tags?post=40526"}],"curies":[{"name":"wp","href":"https:\/\/api.w.org\/{rel}","templated":true}]}}