{"id":413,"date":"2023-08-23T09:20:30","date_gmt":"2023-08-23T07:20:30","guid":{"rendered":"https:\/\/vosgesinfo.fr\/remiremontinfo\/2023\/08\/38eme-rallye-des-vallees-les-25-et-26-aout-au-depart-de-remiremont\/"},"modified":"2024-01-31T15:53:44","modified_gmt":"2024-01-31T14:53:44","slug":"38eme-rallye-des-vallees-les-25-et-26-aout-au-depart-de-remiremont","status":"publish","type":"post","link":"https:\/\/vosgesinfo.fr\/remiremontinfo\/2023\/08\/38eme-rallye-des-vallees-les-25-et-26-aout-au-depart-de-remiremont\/","title":{"rendered":"38\u00e8me Rallye des Vall\u00e9es les 25 et 26 ao\u00fbt au d\u00e9part de Remiremont"},"content":{"rendered":"<p class=\"entry-title\" data-adtags-visited=\"true\">Pour sa 38\u00e8me \u00e9dition, le Rallye des Vall\u00e9es tient ses promesses sur le papier avec une organisation de l&rsquo;ASA des Vall\u00e9es toujours plus aboutie, et un<a href=\"https:\/\/remiremontinfo.fr\/wp-content\/uploads\/2023\/08\/Rallye-des-Vall\u00e9es.jpg\"><img decoding=\"async\" class=\"alignright size-medium wp-image-375386\" src=\"https:\/\/vosgesinfo.fr\/app\/uploads\/sites\/5\/2023\/08\/rallye-des-vallees.jpg\" alt=\"Rallye des Vall\u00e9es\" width=\"383\" height=\"255\" \/><\/a> itin\u00e9raire promettant du spectacle. Cette \u00e9preuve inclut les V\u00e9hicules Historiques de Comp\u00e9tition et les V\u00e9hicules Historique de R\u00e9gularit\u00e9 Sportive, automobiles et \u00e9quipages qui apportent une r\u00e9elle plus value pour le spectacle, \u00e0 cette \u00e9preuve devenue incontournable de la Coupe de France.<\/p>\n<p class=\"entry-title\" data-adtags-visited=\"true\">C&rsquo;est au total toutes cat\u00e9gories confondues, 130 \u00e9quipages qui sont inscrits \u00e0 cette \u00e9preuve et 10 sont sur liste d&rsquo;attente. Le champ de Mars de Remiremont , parc d&rsquo;assistance et de regroupement, est comme \u00e0 l&rsquo;habitude d\u00e9j\u00e0 pr\u00eat \u00e0 accueillir l&rsquo;ensemble des pilotes. Le parc ferm\u00e9 pour les amateurs de photos ainsi que l&rsquo;ensemble des v\u00e9rifications administratives et techniques se ferons \u00e9galement au champ de Mars, parking du palais des congr\u00e8s.<\/p>\n<p class=\"entry-title\" data-adtags-visited=\"true\">A la d\u00e9couverte des premiers num\u00e9ros de la t\u00eate de liste des inscrits, on imagine d\u00e9j\u00e0 une rude dispute des chronos sur les routes \u00e9troites de l&rsquo;itin\u00e9raire, entre des MAUFFREY, HOCQUAUX d\u00e9j\u00e0 titr\u00e9s dans les pr\u00e9c\u00e9dentes \u00e9ditions et des \u00e9ternels comp\u00e9titeurs comme BERTRAND et EUVRARD. Des pilotes aguerris comme Ludovic JEUDY, voisin de Haute-Sa\u00f4ne,\u00a0 sont susceptibles de faire le<a href=\"https:\/\/remiremontinfo.fr\/wp-content\/uploads\/2023\/08\/Affiche-def.png\"><img decoding=\"async\" class=\"alignright size-medium wp-image-375384\" src=\"https:\/\/vosgesinfo.fr\/app\/uploads\/sites\/5\/2023\/08\/affiche-def.png\" alt=\"Affiche def\" width=\"180\" height=\"255\" \/><\/a> spectacle et jouer les troubles f\u00eates. Plusieurs zones sont r\u00e9serv\u00e9es au public sur l&rsquo;ensemble du parcours et des<a href=\"https:\/\/remiremontinfo.fr\/wp-content\/uploads\/2023\/08\/Rallye-des-vall\u00e9es-1.jpg\"><img decoding=\"async\" class=\"alignright size-medium wp-image-375389\" src=\"https:\/\/vosgesinfo.fr\/app\/uploads\/sites\/5\/2023\/08\/rallye-des-vallees-1.jpg\" alt=\"Rallye des vall\u00e9es 1\" width=\"386\" height=\"255\" \/><\/a> essais sont pr\u00e9vus \u00e0 partir du vendredi 25.<\/p>\n<p class=\"entry-title\" data-adtags-visited=\"true\">Rendez-vous au Champ de Mars ce vendredi apr\u00e8s-midi pour d\u00e9couvrir les \u00e9quipages et samedi matin pour le premier d\u00e9part pr\u00e9vu \u00e0 8 heures.<\/p>\n<p class=\"entry-title\" data-adtags-visited=\"true\">\n","protected":false},"excerpt":{"rendered":"<p>Pour sa 38\u00e8me \u00e9dition, le Rallye des Vall\u00e9es tient ses promesses sur le papier avec une organisation de l&rsquo;ASA des [&hellip;]<\/p>\n","protected":false},"author":412,"featured_media":411,"comment_status":"open","ping_status":"open","sticky":false,"template":"","format":"standard","meta":{"footnotes":""},"categories":[26,43,35,14,18],"tags":[44,61,32],"class_list":["post-413","post","type-post","status-publish","format-standard","has-post-thumbnail","hentry","category-a-la-une","category-remiremont-remiremont-son-canton","category-remiremont-son-canton","category-sport","category-vosges","tag-remiremont","tag-sport","tag-vosges"],"acf":[],"yoast_head":"<!-- This site is optimized with the Yoast SEO plugin v22.5 - https:\/\/yoast.com\/wordpress\/plugins\/seo\/ -->\n<title>38\u00e8me Rallye des Vall\u00e9es les 25 et 26 ao\u00fbt au d\u00e9part de Remiremont - Remiremont Info<\/title>\n<meta name=\"robots\" content=\"index, follow, max-snippet:-1, max-image-preview:large, max-video-preview:-1\" \/>\n<link rel=\"canonical\" href=\"https:\/\/vosgesinfo.fr\/remiremontinfo\/2023\/08\/38eme-rallye-des-vallees-les-25-et-26-aout-au-depart-de-remiremont\/\" \/>\n<meta name=\"twitter:card\" content=\"summary_large_image\" \/>\n<meta name=\"twitter:title\" content=\"38\u00e8me Rallye des Vall\u00e9es les 25 et 26 ao\u00fbt au d\u00e9part de Remiremont - Remiremont Info\" \/>\n<meta name=\"twitter:description\" content=\"Pour sa 38\u00e8me \u00e9dition, le Rallye des Vall\u00e9es tient ses promesses sur le papier avec une organisation de l&rsquo;ASA des [&hellip;]\" \/>\n<meta name=\"twitter:image\" content=\"https:\/\/vosgesinfo.fr\/app\/uploads\/sites\/5\/2023\/08\/affiche-def.png\" \/>\n<meta name=\"twitter:creator\" content=\"@VosgesInfo88\" \/>\n<meta name=\"twitter:site\" content=\"@VosgesInfo88\" \/>\n<meta name=\"twitter:label1\" content=\"\u00c9crit par\" \/>\n\t<meta name=\"twitter:data1\" content=\"Stany Maurice\" \/>\n\t<meta name=\"twitter:label2\" content=\"Dur\u00e9e de lecture estim\u00e9e\" \/>\n\t<meta name=\"twitter:data2\" content=\"1 minute\" \/>\n<script type=\"application\/ld+json\" class=\"yoast-schema-graph\">{\"@context\":\"https:\/\/schema.org\",\"@graph\":[{\"@type\":\"Article\",\"@id\":\"https:\/\/vosgesinfo.fr\/remiremontinfo\/2023\/08\/38eme-rallye-des-vallees-les-25-et-26-aout-au-depart-de-remiremont\/#article\",\"isPartOf\":{\"@id\":\"https:\/\/vosgesinfo.fr\/remiremontinfo\/2023\/08\/38eme-rallye-des-vallees-les-25-et-26-aout-au-depart-de-remiremont\/\"},\"author\":{\"name\":\"Stany Maurice\",\"@id\":\"https:\/\/vosgesinfo.fr\/remiremontinfo\/#\/schema\/person\/bec388675ce53b5a637aec04392f977e\"},\"headline\":\"38\u00e8me Rallye des Vall\u00e9es les 25 et 26 ao\u00fbt au d\u00e9part de Remiremont\",\"datePublished\":\"2023-08-23T07:20:30+00:00\",\"dateModified\":\"2024-01-31T14:53:44+00:00\",\"mainEntityOfPage\":{\"@id\":\"https:\/\/vosgesinfo.fr\/remiremontinfo\/2023\/08\/38eme-rallye-des-vallees-les-25-et-26-aout-au-depart-de-remiremont\/\"},\"wordCount\":290,\"commentCount\":0,\"publisher\":{\"@id\":\"https:\/\/vosgesinfo.fr\/remiremontinfo\/#organization\"},\"image\":{\"@id\":\"https:\/\/vosgesinfo.fr\/remiremontinfo\/2023\/08\/38eme-rallye-des-vallees-les-25-et-26-aout-au-depart-de-remiremont\/#primaryimage\"},\"thumbnailUrl\":\"https:\/\/vosgesinfo.fr\/app\/uploads\/sites\/5\/2023\/08\/affiche-def.png\",\"keywords\":[\"remiremont\",\"sport\",\"Vosges\"],\"articleSection\":[\"A la Une\",\"Remiremont\",\"Remiremont &amp; son canton\",\"Sport\",\"Vosges\"],\"inLanguage\":\"fr-FR\",\"potentialAction\":[{\"@type\":\"CommentAction\",\"name\":\"Comment\",\"target\":[\"https:\/\/vosgesinfo.fr\/remiremontinfo\/2023\/08\/38eme-rallye-des-vallees-les-25-et-26-aout-au-depart-de-remiremont\/#respond\"]}]},{\"@type\":\"WebPage\",\"@id\":\"https:\/\/vosgesinfo.fr\/remiremontinfo\/2023\/08\/38eme-rallye-des-vallees-les-25-et-26-aout-au-depart-de-remiremont\/\",\"url\":\"https:\/\/vosgesinfo.fr\/remiremontinfo\/2023\/08\/38eme-rallye-des-vallees-les-25-et-26-aout-au-depart-de-remiremont\/\",\"name\":\"38\u00e8me Rallye des Vall\u00e9es les 25 et 26 ao\u00fbt au d\u00e9part de Remiremont - Remiremont Info\",\"isPartOf\":{\"@id\":\"https:\/\/vosgesinfo.fr\/remiremontinfo\/#website\"},\"primaryImageOfPage\":{\"@id\":\"https:\/\/vosgesinfo.fr\/remiremontinfo\/2023\/08\/38eme-rallye-des-vallees-les-25-et-26-aout-au-depart-de-remiremont\/#primaryimage\"},\"image\":{\"@id\":\"https:\/\/vosgesinfo.fr\/remiremontinfo\/2023\/08\/38eme-rallye-des-vallees-les-25-et-26-aout-au-depart-de-remiremont\/#primaryimage\"},\"thumbnailUrl\":\"https:\/\/vosgesinfo.fr\/app\/uploads\/sites\/5\/2023\/08\/affiche-def.png\",\"datePublished\":\"2023-08-23T07:20:30+00:00\",\"dateModified\":\"2024-01-31T14:53:44+00:00\",\"breadcrumb\":{\"@id\":\"https:\/\/vosgesinfo.fr\/remiremontinfo\/2023\/08\/38eme-rallye-des-vallees-les-25-et-26-aout-au-depart-de-remiremont\/#breadcrumb\"},\"inLanguage\":\"fr-FR\",\"potentialAction\":[{\"@type\":\"ReadAction\",\"target\":[\"https:\/\/vosgesinfo.fr\/remiremontinfo\/2023\/08\/38eme-rallye-des-vallees-les-25-et-26-aout-au-depart-de-remiremont\/\"]}]},{\"@type\":\"ImageObject\",\"inLanguage\":\"fr-FR\",\"@id\":\"https:\/\/vosgesinfo.fr\/remiremontinfo\/2023\/08\/38eme-rallye-des-vallees-les-25-et-26-aout-au-depart-de-remiremont\/#primaryimage\",\"url\":\"https:\/\/vosgesinfo.fr\/app\/uploads\/sites\/5\/2023\/08\/affiche-def.png\",\"contentUrl\":\"https:\/\/vosgesinfo.fr\/app\/uploads\/sites\/5\/2023\/08\/affiche-def.png\",\"width\":614,\"height\":869},{\"@type\":\"BreadcrumbList\",\"@id\":\"https:\/\/vosgesinfo.fr\/remiremontinfo\/2023\/08\/38eme-rallye-des-vallees-les-25-et-26-aout-au-depart-de-remiremont\/#breadcrumb\",\"itemListElement\":[{\"@type\":\"ListItem\",\"position\":1,\"name\":\"Home\",\"item\":\"https:\/\/vosgesinfo.fr\/remiremontinfo\/\"},{\"@type\":\"ListItem\",\"position\":2,\"name\":\"38\u00e8me Rallye des Vall\u00e9es les 25 et 26 ao\u00fbt au d\u00e9part de Remiremont\"}]},{\"@type\":\"WebSite\",\"@id\":\"https:\/\/vosgesinfo.fr\/remiremontinfo\/#website\",\"url\":\"https:\/\/vosgesinfo.fr\/remiremontinfo\/\",\"name\":\"Remiremont Info\",\"description\":\"Toute l&#039;actualit\u00e9 de Remiremont\",\"publisher\":{\"@id\":\"https:\/\/vosgesinfo.fr\/remiremontinfo\/#organization\"},\"alternateName\":\"Toute l'actualit\u00e9 de Remiremont\",\"potentialAction\":[{\"@type\":\"SearchAction\",\"target\":{\"@type\":\"EntryPoint\",\"urlTemplate\":\"https:\/\/vosgesinfo.fr\/remiremontinfo\/?s={search_term_string}\"},\"query-input\":\"required name=search_term_string\"}],\"inLanguage\":\"fr-FR\"},{\"@type\":\"Organization\",\"@id\":\"https:\/\/vosgesinfo.fr\/remiremontinfo\/#organization\",\"name\":\"Remiremont Info\",\"url\":\"https:\/\/vosgesinfo.fr\/remiremontinfo\/\",\"logo\":{\"@type\":\"ImageObject\",\"inLanguage\":\"fr-FR\",\"@id\":\"https:\/\/vosgesinfo.fr\/remiremontinfo\/#\/schema\/logo\/image\/\",\"url\":\"https:\/\/vosgesinfo.fr\/app\/uploads\/sites\/5\/2023\/08\/favicon-remiremontinfo.png\",\"contentUrl\":\"https:\/\/vosgesinfo.fr\/app\/uploads\/sites\/5\/2023\/08\/favicon-remiremontinfo.png\",\"width\":512,\"height\":512,\"caption\":\"Remiremont Info\"},\"image\":{\"@id\":\"https:\/\/vosgesinfo.fr\/remiremontinfo\/#\/schema\/logo\/image\/\"},\"sameAs\":[\"https:\/\/www.facebook.com\/remiremontinfo\",\"https:\/\/x.com\/VosgesInfo88\",\"https:\/\/www.youtube.com\/@vosgesinfo\"]},{\"@type\":\"Person\",\"@id\":\"https:\/\/vosgesinfo.fr\/remiremontinfo\/#\/schema\/person\/bec388675ce53b5a637aec04392f977e\",\"name\":\"Stany Maurice\",\"image\":{\"@type\":\"ImageObject\",\"inLanguage\":\"fr-FR\",\"@id\":\"https:\/\/vosgesinfo.fr\/remiremontinfo\/#\/schema\/person\/image\/\",\"url\":\"https:\/\/secure.gravatar.com\/avatar\/68520b0c74251371bd10958bd19c3ce39a212093b8fff0dc3edbfcfddd089807?s=96&d=mm&r=g\",\"contentUrl\":\"https:\/\/secure.gravatar.com\/avatar\/68520b0c74251371bd10958bd19c3ce39a212093b8fff0dc3edbfcfddd089807?s=96&d=mm&r=g\",\"caption\":\"Stany Maurice\"},\"url\":\"https:\/\/vosgesinfo.fr\/remiremontinfo\/author\/s-maurice\/\"}]}<\/script>\n<!-- \/ Yoast SEO plugin. -->","yoast_head_json":{"title":"38\u00e8me Rallye des Vall\u00e9es les 25 et 26 ao\u00fbt au d\u00e9part de Remiremont - Remiremont Info","robots":{"index":"index","follow":"follow","max-snippet":"max-snippet:-1","max-image-preview":"max-image-preview:large","max-video-preview":"max-video-preview:-1"},"canonical":"https:\/\/vosgesinfo.fr\/remiremontinfo\/2023\/08\/38eme-rallye-des-vallees-les-25-et-26-aout-au-depart-de-remiremont\/","twitter_card":"summary_large_image","twitter_title":"38\u00e8me Rallye des Vall\u00e9es les 25 et 26 ao\u00fbt au d\u00e9part de Remiremont - Remiremont Info","twitter_description":"Pour sa 38\u00e8me \u00e9dition, le Rallye des Vall\u00e9es tient ses promesses sur le papier avec une organisation de l&rsquo;ASA des [&hellip;]","twitter_image":"https:\/\/vosgesinfo.fr\/app\/uploads\/sites\/5\/2023\/08\/affiche-def.png","twitter_creator":"@VosgesInfo88","twitter_site":"@VosgesInfo88","twitter_misc":{"\u00c9crit par":"Stany Maurice","Dur\u00e9e de lecture estim\u00e9e":"1 minute"},"schema":{"@context":"https:\/\/schema.org","@graph":[{"@type":"Article","@id":"https:\/\/vosgesinfo.fr\/remiremontinfo\/2023\/08\/38eme-rallye-des-vallees-les-25-et-26-aout-au-depart-de-remiremont\/#article","isPartOf":{"@id":"https:\/\/vosgesinfo.fr\/remiremontinfo\/2023\/08\/38eme-rallye-des-vallees-les-25-et-26-aout-au-depart-de-remiremont\/"},"author":{"name":"Stany Maurice","@id":"https:\/\/vosgesinfo.fr\/remiremontinfo\/#\/schema\/person\/bec388675ce53b5a637aec04392f977e"},"headline":"38\u00e8me Rallye des Vall\u00e9es les 25 et 26 ao\u00fbt au d\u00e9part de Remiremont","datePublished":"2023-08-23T07:20:30+00:00","dateModified":"2024-01-31T14:53:44+00:00","mainEntityOfPage":{"@id":"https:\/\/vosgesinfo.fr\/remiremontinfo\/2023\/08\/38eme-rallye-des-vallees-les-25-et-26-aout-au-depart-de-remiremont\/"},"wordCount":290,"commentCount":0,"publisher":{"@id":"https:\/\/vosgesinfo.fr\/remiremontinfo\/#organization"},"image":{"@id":"https:\/\/vosgesinfo.fr\/remiremontinfo\/2023\/08\/38eme-rallye-des-vallees-les-25-et-26-aout-au-depart-de-remiremont\/#primaryimage"},"thumbnailUrl":"https:\/\/vosgesinfo.fr\/app\/uploads\/sites\/5\/2023\/08\/affiche-def.png","keywords":["remiremont","sport","Vosges"],"articleSection":["A la Une","Remiremont","Remiremont &amp; son canton","Sport","Vosges"],"inLanguage":"fr-FR","potentialAction":[{"@type":"CommentAction","name":"Comment","target":["https:\/\/vosgesinfo.fr\/remiremontinfo\/2023\/08\/38eme-rallye-des-vallees-les-25-et-26-aout-au-depart-de-remiremont\/#respond"]}]},{"@type":"WebPage","@id":"https:\/\/vosgesinfo.fr\/remiremontinfo\/2023\/08\/38eme-rallye-des-vallees-les-25-et-26-aout-au-depart-de-remiremont\/","url":"https:\/\/vosgesinfo.fr\/remiremontinfo\/2023\/08\/38eme-rallye-des-vallees-les-25-et-26-aout-au-depart-de-remiremont\/","name":"38\u00e8me Rallye des Vall\u00e9es les 25 et 26 ao\u00fbt au d\u00e9part de Remiremont - Remiremont Info","isPartOf":{"@id":"https:\/\/vosgesinfo.fr\/remiremontinfo\/#website"},"primaryImageOfPage":{"@id":"https:\/\/vosgesinfo.fr\/remiremontinfo\/2023\/08\/38eme-rallye-des-vallees-les-25-et-26-aout-au-depart-de-remiremont\/#primaryimage"},"image":{"@id":"https:\/\/vosgesinfo.fr\/remiremontinfo\/2023\/08\/38eme-rallye-des-vallees-les-25-et-26-aout-au-depart-de-remiremont\/#primaryimage"},"thumbnailUrl":"https:\/\/vosgesinfo.fr\/app\/uploads\/sites\/5\/2023\/08\/affiche-def.png","datePublished":"2023-08-23T07:20:30+00:00","dateModified":"2024-01-31T14:53:44+00:00","breadcrumb":{"@id":"https:\/\/vosgesinfo.fr\/remiremontinfo\/2023\/08\/38eme-rallye-des-vallees-les-25-et-26-aout-au-depart-de-remiremont\/#breadcrumb"},"inLanguage":"fr-FR","potentialAction":[{"@type":"ReadAction","target":["https:\/\/vosgesinfo.fr\/remiremontinfo\/2023\/08\/38eme-rallye-des-vallees-les-25-et-26-aout-au-depart-de-remiremont\/"]}]},{"@type":"ImageObject","inLanguage":"fr-FR","@id":"https:\/\/vosgesinfo.fr\/remiremontinfo\/2023\/08\/38eme-rallye-des-vallees-les-25-et-26-aout-au-depart-de-remiremont\/#primaryimage","url":"https:\/\/vosgesinfo.fr\/app\/uploads\/sites\/5\/2023\/08\/affiche-def.png","contentUrl":"https:\/\/vosgesinfo.fr\/app\/uploads\/sites\/5\/2023\/08\/affiche-def.png","width":614,"height":869},{"@type":"BreadcrumbList","@id":"https:\/\/vosgesinfo.fr\/remiremontinfo\/2023\/08\/38eme-rallye-des-vallees-les-25-et-26-aout-au-depart-de-remiremont\/#breadcrumb","itemListElement":[{"@type":"ListItem","position":1,"name":"Home","item":"https:\/\/vosgesinfo.fr\/remiremontinfo\/"},{"@type":"ListItem","position":2,"name":"38\u00e8me Rallye des Vall\u00e9es les 25 et 26 ao\u00fbt au d\u00e9part de Remiremont"}]},{"@type":"WebSite","@id":"https:\/\/vosgesinfo.fr\/remiremontinfo\/#website","url":"https:\/\/vosgesinfo.fr\/remiremontinfo\/","name":"Remiremont Info","description":"Toute l&#039;actualit\u00e9 de Remiremont","publisher":{"@id":"https:\/\/vosgesinfo.fr\/remiremontinfo\/#organization"},"alternateName":"Toute l'actualit\u00e9 de Remiremont","potentialAction":[{"@type":"SearchAction","target":{"@type":"EntryPoint","urlTemplate":"https:\/\/vosgesinfo.fr\/remiremontinfo\/?s={search_term_string}"},"query-input":"required name=search_term_string"}],"inLanguage":"fr-FR"},{"@type":"Organization","@id":"https:\/\/vosgesinfo.fr\/remiremontinfo\/#organization","name":"Remiremont Info","url":"https:\/\/vosgesinfo.fr\/remiremontinfo\/","logo":{"@type":"ImageObject","inLanguage":"fr-FR","@id":"https:\/\/vosgesinfo.fr\/remiremontinfo\/#\/schema\/logo\/image\/","url":"https:\/\/vosgesinfo.fr\/app\/uploads\/sites\/5\/2023\/08\/favicon-remiremontinfo.png","contentUrl":"https:\/\/vosgesinfo.fr\/app\/uploads\/sites\/5\/2023\/08\/favicon-remiremontinfo.png","width":512,"height":512,"caption":"Remiremont Info"},"image":{"@id":"https:\/\/vosgesinfo.fr\/remiremontinfo\/#\/schema\/logo\/image\/"},"sameAs":["https:\/\/www.facebook.com\/remiremontinfo","https:\/\/x.com\/VosgesInfo88","https:\/\/www.youtube.com\/@vosgesinfo"]},{"@type":"Person","@id":"https:\/\/vosgesinfo.fr\/remiremontinfo\/#\/schema\/person\/bec388675ce53b5a637aec04392f977e","name":"Stany Maurice","image":{"@type":"ImageObject","inLanguage":"fr-FR","@id":"https:\/\/vosgesinfo.fr\/remiremontinfo\/#\/schema\/person\/image\/","url":"https:\/\/secure.gravatar.com\/avatar\/68520b0c74251371bd10958bd19c3ce39a212093b8fff0dc3edbfcfddd089807?s=96&d=mm&r=g","contentUrl":"https:\/\/secure.gravatar.com\/avatar\/68520b0c74251371bd10958bd19c3ce39a212093b8fff0dc3edbfcfddd089807?s=96&d=mm&r=g","caption":"Stany Maurice"},"url":"https:\/\/vosgesinfo.fr\/remiremontinfo\/author\/s-maurice\/"}]}},"_links":{"self":[{"href":"https:\/\/vosgesinfo.fr\/remiremontinfo\/wp-json\/wp\/v2\/posts\/413","targetHints":{"allow":["GET"]}}],"collection":[{"href":"https:\/\/vosgesinfo.fr\/remiremontinfo\/wp-json\/wp\/v2\/posts"}],"about":[{"href":"https:\/\/vosgesinfo.fr\/remiremontinfo\/wp-json\/wp\/v2\/types\/post"}],"author":[{"embeddable":true,"href":"https:\/\/vosgesinfo.fr\/remiremontinfo\/wp-json\/wp\/v2\/users\/412"}],"replies":[{"embeddable":true,"href":"https:\/\/vosgesinfo.fr\/remiremontinfo\/wp-json\/wp\/v2\/comments?post=413"}],"version-history":[{"count":1,"href":"https:\/\/vosgesinfo.fr\/remiremontinfo\/wp-json\/wp\/v2\/posts\/413\/revisions"}],"predecessor-version":[{"id":634,"href":"https:\/\/vosgesinfo.fr\/remiremontinfo\/wp-json\/wp\/v2\/posts\/413\/revisions\/634"}],"wp:featuredmedia":[{"embeddable":true,"href":"https:\/\/vosgesinfo.fr\/remiremontinfo\/wp-json\/wp\/v2\/media\/411"}],"wp:attachment":[{"href":"https:\/\/vosgesinfo.fr\/remiremontinfo\/wp-json\/wp\/v2\/media?parent=413"}],"wp:term":[{"taxonomy":"category","embeddable":true,"href":"https:\/\/vosgesinfo.fr\/remiremontinfo\/wp-json\/wp\/v2\/categories?post=413"},{"taxonomy":"post_tag","embeddable":true,"href":"https:\/\/vosgesinfo.fr\/remiremontinfo\/wp-json\/wp\/v2\/tags?post=413"}],"curies":[{"name":"wp","href":"https:\/\/api.w.org\/{rel}","templated":true}]}}