{"id":41896,"date":"2021-06-19T06:38:16","date_gmt":"2021-06-19T04:38:16","guid":{"rendered":"https:\/\/vosgesinfo.fr\/remiremontinfo\/2021\/06\/ateliers-gratuits-6-15-ans-cinema-de-vagney\/"},"modified":"2021-06-19T06:38:16","modified_gmt":"2021-06-19T04:38:16","slug":"ateliers-gratuits-6-15-ans-cinema-de-vagney","status":"publish","type":"post","link":"https:\/\/vosgesinfo.fr\/remiremontinfo\/2021\/06\/ateliers-gratuits-6-15-ans-cinema-de-vagney\/","title":{"rendered":"Des ateliers gratuits pour les 6-15 ans au cin\u00e9ma de Vagney"},"content":{"rendered":"<p style=\"text-align: center;\"><a href=\"\/2021\/06\/2.png\"><img decoding=\"async\" class=\"alignnone size-full wp-image-319201\" src=\"\/2021\/06\/2.png\" alt=\"2\" width=\"800\" height=\"296\" \/><\/a><\/p>\n<div>\n<div id=\"m_-2822554735121484129ydp45258827yiv7057551735\">\n<div dir=\"ltr\">\n<div>\n<p>En partenariat avec le R\u00e9seau Est Cin\u00e9ma Image Transmission, le Cin\u00e9ma L&rsquo;Entr&rsquo;Actes \u00e0 Vagney participe au week-end festif pour c\u00e9l\u00e9brer la r\u00e9ouverture du cin\u00e9ma&#8230; alors\u00a0<a href=\"https:\/\/www.facebook.com\/hashtag\/tousensalle?__eep__=6&amp;__cft__%5b0%5d=AZUXuu8GBxFYjOaON-oEFk40oKcUCzDpf8zLSCzX8P-yfe5TemZuEr5j44VdjVfHj9TO-tUJcgMCY1XNUykRhzJcx1B4uTDxKYlgTraBCCr5lq6TzmXssxb4Py1gdlncYytqYuRxXQzSG2b2mt5nWixVUJdTkq7bVcUJoDvywHji3Q&amp;__tn__=*NK-R\" target=\"_blank\" rel=\"nofollow noopener\" data-saferedirecturl=\"https:\/\/www.google.com\/url?q=https:\/\/www.facebook.com\/hashtag\/tousensalle?__eep__%3D6%26__cft__%255b0%255d%3DAZUXuu8GBxFYjOaON-oEFk40oKcUCzDpf8zLSCzX8P-yfe5TemZuEr5j44VdjVfHj9TO-tUJcgMCY1XNUykRhzJcx1B4uTDxKYlgTraBCCr5lq6TzmXssxb4Py1gdlncYytqYuRxXQzSG2b2mt5nWixVUJdTkq7bVcUJoDvywHji3Q%26__tn__%3D*NK-R&amp;source=gmail&amp;ust=1624133698097000&amp;usg=AFQjCNFhKWb3pQLyyeVg9Fghpy4r9QDVKg\">#tousensalle<\/a>\u00a0!<\/p>\n<div>\u00a0<b><u>Au programme 2 ateliers gratuits, ouverts aux enfants de 6 \u00e0 15 ans, samedi 26 juin<\/u>\u00a0:<\/b><\/div>\n<div><b>\u00a0<\/b><\/div>\n<p><b>&#8211; A 10h30 :\u00a0\u00ab\u00a0DEVENEZ L&rsquo;ACTEUR DU FILM !\u00a0\u00bb<\/b><\/p>\n<div>Atelier r\u00e9alisation de trucages gr\u00e2ce au fond vert. Vous allez d\u00e9couvrir comment on arrive \u00e0 faire des trucages au cin\u00e9ma (devenez invisible comme Harry Potter, repartez avec votre sc\u00e8ne o\u00f9 vous \u00eates le h\u00e9ros).<\/div>\n<div><\/div>\n<div><\/div>\n<div><b>&#8211; A 13h30 :<\/b><b>\u00ab\u00a0DOUBLAGE D&rsquo;UNE SCENE !\u00a0\u00bb<\/b><\/div>\n<p>Atelier o\u00f9 les enfants pourront doubler certaines sc\u00e8nes d&rsquo;un film en direct avec leurs propres dialogues \u00e9crits pr\u00e9alablement.<\/p>\n<div><\/div>\n<div dir=\"ltr\"><b>Chaque ateliers est limit\u00e9 \u00e0 10 participants &#8211; Sur inscription par mail \u00e0\u00a0<a href=\"mailto:cinemavagney@laposte.net\" target=\"_blank\" rel=\"noopener\">cinemavagney@laposte.net<\/a>\u00a0(nom, pr\u00e9nom et \u00e2ge de l&rsquo;enfant ainsi qu&rsquo;un num\u00e9ro de t\u00e9l\u00e9phone)<\/b><\/div>\n<\/div>\n<\/div>\n<\/div>\n<\/div>\n","protected":false},"excerpt":{"rendered":"<p>En partenariat avec le R\u00e9seau Est Cin\u00e9ma Image Transmission, le Cin\u00e9ma L&rsquo;Entr&rsquo;Actes \u00e0 Vagney participe au week-end festif pour c\u00e9l\u00e9brer [&hellip;]<\/p>\n","protected":false},"author":407,"featured_media":8630,"comment_status":"open","ping_status":"open","sticky":false,"template":"","format":"standard","meta":{"footnotes":""},"categories":[26,4,25,36],"tags":[],"class_list":["post-41896","post","type-post","status-publish","format-standard","has-post-thumbnail","hentry","category-a-la-une","category-culture","category-la-bresse-son-canton","category-vagney"],"acf":[],"yoast_head":"<!-- This site is optimized with the Yoast SEO plugin v22.5 - https:\/\/yoast.com\/wordpress\/plugins\/seo\/ -->\n<title>Des ateliers gratuits pour les 6-15 ans au cin\u00e9ma de Vagney - Remiremont Info<\/title>\n<meta name=\"robots\" content=\"index, follow, max-snippet:-1, max-image-preview:large, max-video-preview:-1\" \/>\n<link rel=\"canonical\" href=\"https:\/\/vosgesinfo.fr\/remiremontinfo\/2021\/06\/ateliers-gratuits-6-15-ans-cinema-de-vagney\/\" \/>\n<meta name=\"twitter:card\" content=\"summary_large_image\" \/>\n<meta name=\"twitter:title\" content=\"Des ateliers gratuits pour les 6-15 ans au cin\u00e9ma de Vagney - Remiremont Info\" \/>\n<meta name=\"twitter:description\" content=\"En partenariat avec le R\u00e9seau Est Cin\u00e9ma Image Transmission, le Cin\u00e9ma L&rsquo;Entr&rsquo;Actes \u00e0 Vagney participe au week-end festif pour c\u00e9l\u00e9brer [&hellip;]\" \/>\n<meta name=\"twitter:image\" content=\"https:\/\/vosgesinfo.fr\/app\/uploads\/sites\/5\/2024\/08\/2.png\" \/>\n<meta name=\"twitter:creator\" content=\"@VosgesInfo88\" \/>\n<meta name=\"twitter:site\" content=\"@VosgesInfo88\" \/>\n<meta name=\"twitter:label1\" content=\"\u00c9crit par\" \/>\n\t<meta name=\"twitter:data1\" content=\"C D\" \/>\n\t<meta name=\"twitter:label2\" content=\"Dur\u00e9e de lecture estim\u00e9e\" \/>\n\t<meta name=\"twitter:data2\" content=\"1 minute\" \/>\n<script type=\"application\/ld+json\" class=\"yoast-schema-graph\">{\"@context\":\"https:\/\/schema.org\",\"@graph\":[{\"@type\":\"Article\",\"@id\":\"https:\/\/vosgesinfo.fr\/remiremontinfo\/2021\/06\/ateliers-gratuits-6-15-ans-cinema-de-vagney\/#article\",\"isPartOf\":{\"@id\":\"https:\/\/vosgesinfo.fr\/remiremontinfo\/2021\/06\/ateliers-gratuits-6-15-ans-cinema-de-vagney\/\"},\"author\":{\"name\":\"C D\",\"@id\":\"https:\/\/vosgesinfo.fr\/remiremontinfo\/#\/schema\/person\/3bfd164d5218a185b1db68655a265316\"},\"headline\":\"Des ateliers gratuits pour les 6-15 ans au cin\u00e9ma de Vagney\",\"datePublished\":\"2021-06-19T04:38:16+00:00\",\"dateModified\":\"2021-06-19T04:38:16+00:00\",\"mainEntityOfPage\":{\"@id\":\"https:\/\/vosgesinfo.fr\/remiremontinfo\/2021\/06\/ateliers-gratuits-6-15-ans-cinema-de-vagney\/\"},\"wordCount\":162,\"commentCount\":0,\"publisher\":{\"@id\":\"https:\/\/vosgesinfo.fr\/remiremontinfo\/#organization\"},\"image\":{\"@id\":\"https:\/\/vosgesinfo.fr\/remiremontinfo\/2021\/06\/ateliers-gratuits-6-15-ans-cinema-de-vagney\/#primaryimage\"},\"thumbnailUrl\":\"https:\/\/vosgesinfo.fr\/app\/uploads\/sites\/5\/2024\/08\/2.png\",\"articleSection\":[\"A la Une\",\"Culture\",\"La Bresse &amp; son canton\",\"Vagney\"],\"inLanguage\":\"fr-FR\",\"potentialAction\":[{\"@type\":\"CommentAction\",\"name\":\"Comment\",\"target\":[\"https:\/\/vosgesinfo.fr\/remiremontinfo\/2021\/06\/ateliers-gratuits-6-15-ans-cinema-de-vagney\/#respond\"]}]},{\"@type\":\"WebPage\",\"@id\":\"https:\/\/vosgesinfo.fr\/remiremontinfo\/2021\/06\/ateliers-gratuits-6-15-ans-cinema-de-vagney\/\",\"url\":\"https:\/\/vosgesinfo.fr\/remiremontinfo\/2021\/06\/ateliers-gratuits-6-15-ans-cinema-de-vagney\/\",\"name\":\"Des ateliers gratuits pour les 6-15 ans au cin\u00e9ma de Vagney - Remiremont Info\",\"isPartOf\":{\"@id\":\"https:\/\/vosgesinfo.fr\/remiremontinfo\/#website\"},\"primaryImageOfPage\":{\"@id\":\"https:\/\/vosgesinfo.fr\/remiremontinfo\/2021\/06\/ateliers-gratuits-6-15-ans-cinema-de-vagney\/#primaryimage\"},\"image\":{\"@id\":\"https:\/\/vosgesinfo.fr\/remiremontinfo\/2021\/06\/ateliers-gratuits-6-15-ans-cinema-de-vagney\/#primaryimage\"},\"thumbnailUrl\":\"https:\/\/vosgesinfo.fr\/app\/uploads\/sites\/5\/2024\/08\/2.png\",\"datePublished\":\"2021-06-19T04:38:16+00:00\",\"dateModified\":\"2021-06-19T04:38:16+00:00\",\"breadcrumb\":{\"@id\":\"https:\/\/vosgesinfo.fr\/remiremontinfo\/2021\/06\/ateliers-gratuits-6-15-ans-cinema-de-vagney\/#breadcrumb\"},\"inLanguage\":\"fr-FR\",\"potentialAction\":[{\"@type\":\"ReadAction\",\"target\":[\"https:\/\/vosgesinfo.fr\/remiremontinfo\/2021\/06\/ateliers-gratuits-6-15-ans-cinema-de-vagney\/\"]}]},{\"@type\":\"ImageObject\",\"inLanguage\":\"fr-FR\",\"@id\":\"https:\/\/vosgesinfo.fr\/remiremontinfo\/2021\/06\/ateliers-gratuits-6-15-ans-cinema-de-vagney\/#primaryimage\",\"url\":\"https:\/\/vosgesinfo.fr\/app\/uploads\/sites\/5\/2024\/08\/2.png\",\"contentUrl\":\"https:\/\/vosgesinfo.fr\/app\/uploads\/sites\/5\/2024\/08\/2.png\",\"width\":1414,\"height\":2000},{\"@type\":\"BreadcrumbList\",\"@id\":\"https:\/\/vosgesinfo.fr\/remiremontinfo\/2021\/06\/ateliers-gratuits-6-15-ans-cinema-de-vagney\/#breadcrumb\",\"itemListElement\":[{\"@type\":\"ListItem\",\"position\":1,\"name\":\"Home\",\"item\":\"https:\/\/vosgesinfo.fr\/remiremontinfo\/\"},{\"@type\":\"ListItem\",\"position\":2,\"name\":\"Des ateliers gratuits pour les 6-15 ans au cin\u00e9ma de Vagney\"}]},{\"@type\":\"WebSite\",\"@id\":\"https:\/\/vosgesinfo.fr\/remiremontinfo\/#website\",\"url\":\"https:\/\/vosgesinfo.fr\/remiremontinfo\/\",\"name\":\"Remiremont Info\",\"description\":\"Toute l&#039;actualit\u00e9 de Remiremont\",\"publisher\":{\"@id\":\"https:\/\/vosgesinfo.fr\/remiremontinfo\/#organization\"},\"alternateName\":\"Toute l'actualit\u00e9 de Remiremont\",\"potentialAction\":[{\"@type\":\"SearchAction\",\"target\":{\"@type\":\"EntryPoint\",\"urlTemplate\":\"https:\/\/vosgesinfo.fr\/remiremontinfo\/?s={search_term_string}\"},\"query-input\":\"required name=search_term_string\"}],\"inLanguage\":\"fr-FR\"},{\"@type\":\"Organization\",\"@id\":\"https:\/\/vosgesinfo.fr\/remiremontinfo\/#organization\",\"name\":\"Remiremont Info\",\"url\":\"https:\/\/vosgesinfo.fr\/remiremontinfo\/\",\"logo\":{\"@type\":\"ImageObject\",\"inLanguage\":\"fr-FR\",\"@id\":\"https:\/\/vosgesinfo.fr\/remiremontinfo\/#\/schema\/logo\/image\/\",\"url\":\"https:\/\/vosgesinfo.fr\/app\/uploads\/sites\/5\/2023\/08\/favicon-remiremontinfo.png\",\"contentUrl\":\"https:\/\/vosgesinfo.fr\/app\/uploads\/sites\/5\/2023\/08\/favicon-remiremontinfo.png\",\"width\":512,\"height\":512,\"caption\":\"Remiremont Info\"},\"image\":{\"@id\":\"https:\/\/vosgesinfo.fr\/remiremontinfo\/#\/schema\/logo\/image\/\"},\"sameAs\":[\"https:\/\/www.facebook.com\/remiremontinfo\",\"https:\/\/x.com\/VosgesInfo88\",\"https:\/\/www.youtube.com\/@vosgesinfo\"]},{\"@type\":\"Person\",\"@id\":\"https:\/\/vosgesinfo.fr\/remiremontinfo\/#\/schema\/person\/3bfd164d5218a185b1db68655a265316\",\"name\":\"C D\",\"image\":{\"@type\":\"ImageObject\",\"inLanguage\":\"fr-FR\",\"@id\":\"https:\/\/vosgesinfo.fr\/remiremontinfo\/#\/schema\/person\/image\/\",\"url\":\"https:\/\/secure.gravatar.com\/avatar\/1f9a70007336511a47468b8f1c66f922b8b7cf617b02a31149ada43893a5d48f?s=96&d=mm&r=g\",\"contentUrl\":\"https:\/\/secure.gravatar.com\/avatar\/1f9a70007336511a47468b8f1c66f922b8b7cf617b02a31149ada43893a5d48f?s=96&d=mm&r=g\",\"caption\":\"C D\"},\"url\":\"https:\/\/vosgesinfo.fr\/remiremontinfo\/author\/cedric-drevet\/\"}]}<\/script>\n<!-- \/ Yoast SEO plugin. -->","yoast_head_json":{"title":"Des ateliers gratuits pour les 6-15 ans au cin\u00e9ma de Vagney - Remiremont Info","robots":{"index":"index","follow":"follow","max-snippet":"max-snippet:-1","max-image-preview":"max-image-preview:large","max-video-preview":"max-video-preview:-1"},"canonical":"https:\/\/vosgesinfo.fr\/remiremontinfo\/2021\/06\/ateliers-gratuits-6-15-ans-cinema-de-vagney\/","twitter_card":"summary_large_image","twitter_title":"Des ateliers gratuits pour les 6-15 ans au cin\u00e9ma de Vagney - Remiremont Info","twitter_description":"En partenariat avec le R\u00e9seau Est Cin\u00e9ma Image Transmission, le Cin\u00e9ma L&rsquo;Entr&rsquo;Actes \u00e0 Vagney participe au week-end festif pour c\u00e9l\u00e9brer [&hellip;]","twitter_image":"https:\/\/vosgesinfo.fr\/app\/uploads\/sites\/5\/2024\/08\/2.png","twitter_creator":"@VosgesInfo88","twitter_site":"@VosgesInfo88","twitter_misc":{"\u00c9crit par":"C D","Dur\u00e9e de lecture estim\u00e9e":"1 minute"},"schema":{"@context":"https:\/\/schema.org","@graph":[{"@type":"Article","@id":"https:\/\/vosgesinfo.fr\/remiremontinfo\/2021\/06\/ateliers-gratuits-6-15-ans-cinema-de-vagney\/#article","isPartOf":{"@id":"https:\/\/vosgesinfo.fr\/remiremontinfo\/2021\/06\/ateliers-gratuits-6-15-ans-cinema-de-vagney\/"},"author":{"name":"C D","@id":"https:\/\/vosgesinfo.fr\/remiremontinfo\/#\/schema\/person\/3bfd164d5218a185b1db68655a265316"},"headline":"Des ateliers gratuits pour les 6-15 ans au cin\u00e9ma de Vagney","datePublished":"2021-06-19T04:38:16+00:00","dateModified":"2021-06-19T04:38:16+00:00","mainEntityOfPage":{"@id":"https:\/\/vosgesinfo.fr\/remiremontinfo\/2021\/06\/ateliers-gratuits-6-15-ans-cinema-de-vagney\/"},"wordCount":162,"commentCount":0,"publisher":{"@id":"https:\/\/vosgesinfo.fr\/remiremontinfo\/#organization"},"image":{"@id":"https:\/\/vosgesinfo.fr\/remiremontinfo\/2021\/06\/ateliers-gratuits-6-15-ans-cinema-de-vagney\/#primaryimage"},"thumbnailUrl":"https:\/\/vosgesinfo.fr\/app\/uploads\/sites\/5\/2024\/08\/2.png","articleSection":["A la Une","Culture","La Bresse &amp; son canton","Vagney"],"inLanguage":"fr-FR","potentialAction":[{"@type":"CommentAction","name":"Comment","target":["https:\/\/vosgesinfo.fr\/remiremontinfo\/2021\/06\/ateliers-gratuits-6-15-ans-cinema-de-vagney\/#respond"]}]},{"@type":"WebPage","@id":"https:\/\/vosgesinfo.fr\/remiremontinfo\/2021\/06\/ateliers-gratuits-6-15-ans-cinema-de-vagney\/","url":"https:\/\/vosgesinfo.fr\/remiremontinfo\/2021\/06\/ateliers-gratuits-6-15-ans-cinema-de-vagney\/","name":"Des ateliers gratuits pour les 6-15 ans au cin\u00e9ma de Vagney - Remiremont Info","isPartOf":{"@id":"https:\/\/vosgesinfo.fr\/remiremontinfo\/#website"},"primaryImageOfPage":{"@id":"https:\/\/vosgesinfo.fr\/remiremontinfo\/2021\/06\/ateliers-gratuits-6-15-ans-cinema-de-vagney\/#primaryimage"},"image":{"@id":"https:\/\/vosgesinfo.fr\/remiremontinfo\/2021\/06\/ateliers-gratuits-6-15-ans-cinema-de-vagney\/#primaryimage"},"thumbnailUrl":"https:\/\/vosgesinfo.fr\/app\/uploads\/sites\/5\/2024\/08\/2.png","datePublished":"2021-06-19T04:38:16+00:00","dateModified":"2021-06-19T04:38:16+00:00","breadcrumb":{"@id":"https:\/\/vosgesinfo.fr\/remiremontinfo\/2021\/06\/ateliers-gratuits-6-15-ans-cinema-de-vagney\/#breadcrumb"},"inLanguage":"fr-FR","potentialAction":[{"@type":"ReadAction","target":["https:\/\/vosgesinfo.fr\/remiremontinfo\/2021\/06\/ateliers-gratuits-6-15-ans-cinema-de-vagney\/"]}]},{"@type":"ImageObject","inLanguage":"fr-FR","@id":"https:\/\/vosgesinfo.fr\/remiremontinfo\/2021\/06\/ateliers-gratuits-6-15-ans-cinema-de-vagney\/#primaryimage","url":"https:\/\/vosgesinfo.fr\/app\/uploads\/sites\/5\/2024\/08\/2.png","contentUrl":"https:\/\/vosgesinfo.fr\/app\/uploads\/sites\/5\/2024\/08\/2.png","width":1414,"height":2000},{"@type":"BreadcrumbList","@id":"https:\/\/vosgesinfo.fr\/remiremontinfo\/2021\/06\/ateliers-gratuits-6-15-ans-cinema-de-vagney\/#breadcrumb","itemListElement":[{"@type":"ListItem","position":1,"name":"Home","item":"https:\/\/vosgesinfo.fr\/remiremontinfo\/"},{"@type":"ListItem","position":2,"name":"Des ateliers gratuits pour les 6-15 ans au cin\u00e9ma de Vagney"}]},{"@type":"WebSite","@id":"https:\/\/vosgesinfo.fr\/remiremontinfo\/#website","url":"https:\/\/vosgesinfo.fr\/remiremontinfo\/","name":"Remiremont Info","description":"Toute l&#039;actualit\u00e9 de Remiremont","publisher":{"@id":"https:\/\/vosgesinfo.fr\/remiremontinfo\/#organization"},"alternateName":"Toute l'actualit\u00e9 de Remiremont","potentialAction":[{"@type":"SearchAction","target":{"@type":"EntryPoint","urlTemplate":"https:\/\/vosgesinfo.fr\/remiremontinfo\/?s={search_term_string}"},"query-input":"required name=search_term_string"}],"inLanguage":"fr-FR"},{"@type":"Organization","@id":"https:\/\/vosgesinfo.fr\/remiremontinfo\/#organization","name":"Remiremont Info","url":"https:\/\/vosgesinfo.fr\/remiremontinfo\/","logo":{"@type":"ImageObject","inLanguage":"fr-FR","@id":"https:\/\/vosgesinfo.fr\/remiremontinfo\/#\/schema\/logo\/image\/","url":"https:\/\/vosgesinfo.fr\/app\/uploads\/sites\/5\/2023\/08\/favicon-remiremontinfo.png","contentUrl":"https:\/\/vosgesinfo.fr\/app\/uploads\/sites\/5\/2023\/08\/favicon-remiremontinfo.png","width":512,"height":512,"caption":"Remiremont Info"},"image":{"@id":"https:\/\/vosgesinfo.fr\/remiremontinfo\/#\/schema\/logo\/image\/"},"sameAs":["https:\/\/www.facebook.com\/remiremontinfo","https:\/\/x.com\/VosgesInfo88","https:\/\/www.youtube.com\/@vosgesinfo"]},{"@type":"Person","@id":"https:\/\/vosgesinfo.fr\/remiremontinfo\/#\/schema\/person\/3bfd164d5218a185b1db68655a265316","name":"C D","image":{"@type":"ImageObject","inLanguage":"fr-FR","@id":"https:\/\/vosgesinfo.fr\/remiremontinfo\/#\/schema\/person\/image\/","url":"https:\/\/secure.gravatar.com\/avatar\/1f9a70007336511a47468b8f1c66f922b8b7cf617b02a31149ada43893a5d48f?s=96&d=mm&r=g","contentUrl":"https:\/\/secure.gravatar.com\/avatar\/1f9a70007336511a47468b8f1c66f922b8b7cf617b02a31149ada43893a5d48f?s=96&d=mm&r=g","caption":"C D"},"url":"https:\/\/vosgesinfo.fr\/remiremontinfo\/author\/cedric-drevet\/"}]}},"_links":{"self":[{"href":"https:\/\/vosgesinfo.fr\/remiremontinfo\/wp-json\/wp\/v2\/posts\/41896","targetHints":{"allow":["GET"]}}],"collection":[{"href":"https:\/\/vosgesinfo.fr\/remiremontinfo\/wp-json\/wp\/v2\/posts"}],"about":[{"href":"https:\/\/vosgesinfo.fr\/remiremontinfo\/wp-json\/wp\/v2\/types\/post"}],"author":[{"embeddable":true,"href":"https:\/\/vosgesinfo.fr\/remiremontinfo\/wp-json\/wp\/v2\/users\/407"}],"replies":[{"embeddable":true,"href":"https:\/\/vosgesinfo.fr\/remiremontinfo\/wp-json\/wp\/v2\/comments?post=41896"}],"version-history":[{"count":0,"href":"https:\/\/vosgesinfo.fr\/remiremontinfo\/wp-json\/wp\/v2\/posts\/41896\/revisions"}],"wp:featuredmedia":[{"embeddable":true,"href":"https:\/\/vosgesinfo.fr\/remiremontinfo\/wp-json\/wp\/v2\/media\/8630"}],"wp:attachment":[{"href":"https:\/\/vosgesinfo.fr\/remiremontinfo\/wp-json\/wp\/v2\/media?parent=41896"}],"wp:term":[{"taxonomy":"category","embeddable":true,"href":"https:\/\/vosgesinfo.fr\/remiremontinfo\/wp-json\/wp\/v2\/categories?post=41896"},{"taxonomy":"post_tag","embeddable":true,"href":"https:\/\/vosgesinfo.fr\/remiremontinfo\/wp-json\/wp\/v2\/tags?post=41896"}],"curies":[{"name":"wp","href":"https:\/\/api.w.org\/{rel}","templated":true}]}}