{"id":42485,"date":"2021-06-30T05:00:30","date_gmt":"2021-06-30T03:00:30","guid":{"rendered":"https:\/\/vosgesinfo.fr\/remiremontinfo\/2021\/06\/vosges-jardin-daltitude-haut-chitelet-lieu-a-decouvrir\/"},"modified":"2021-06-30T05:00:30","modified_gmt":"2021-06-30T03:00:30","slug":"vosges-jardin-daltitude-haut-chitelet-lieu-a-decouvrir","status":"publish","type":"post","link":"https:\/\/vosgesinfo.fr\/remiremontinfo\/2021\/06\/vosges-jardin-daltitude-haut-chitelet-lieu-a-decouvrir\/","title":{"rendered":"Vosges : le jardin d\u2019altitude du Haut-Chitelet, un lieu \u00e0 d\u00e9couvrir"},"content":{"rendered":"<p style=\"text-align: center;\"><a href=\"\/2021\/06\/hautchitelet.jpg\"><img decoding=\"async\" class=\"alignnone size-full wp-image-320285\" src=\"\/2021\/06\/hautchitelet.jpg\" alt=\"hautchitelet\" width=\"800\" height=\"451\" \/><\/a><\/p>\n<h2><span style=\"font-size: 12pt;\"><strong>Situ\u00e9 \u00e0 1\u202f200 m\u00e8tres d\u2019altitude,\u00a0sur la route des Cr\u00eates, entre la Schlucht et le\u00a0Hohneck\u00a0,\u00a0le jardin d\u2019altitude du Haut-Chitelet\u00a0est l\u2019endroit id\u00e9al pour d\u00e9couvrir la v\u00e9g\u00e9tation des zones montagneuses.\u00a0<\/strong><\/span><\/h2>\n<p><span style=\"font-size: 12pt;\">En effet, pas moins de 2\u202f500 esp\u00e8ces\u00a0provenant du massif des Vosges, des Alpes mais aussi des zones montagneuses du monde\u00a0entier\u00a0sont pr\u00e9sent\u00e9es sur ce site. Chaque fleur, plante et arbuste\u00a0dispose d\u2019un panonceau indiquant son nom botanique, sa famille et sa provenance. Au gr\u00e9 des sentiers, vous pourrez\u00a0par exemple\u00a0d\u00e9couvrir\u00a0et admirer le pavot bleu, l\u2019edelweiss, des plantes grasses de rocailles, le lys du Caucase, la campanule des Carpates\u00a0ou encore\u00a0la\u00a0Lewisia\u00a0d\u2019Am\u00e9rique du Nord\u2026 Une fa\u00e7on de voyager et de faire\u00a0un tour du monde des esp\u00e8ces\u00a0rassembl\u00e9es\u00a0sur\u00a0une surface d\u2019environ 1 hectare.\u00a0Lieu de balade, le jardin qui\u00a0est labellis\u00e9\u00a0<a href=\"http:\/\/www.culture.gouv.fr\/Aides-demarches\/Protections-labels-et-appellations\/Label-Jardin-remarquable\" target=\"_blank\" rel=\"noopener\">jardin remarquable\u00a0<\/a>et\u00a0<a href=\"https:\/\/www.familleplus.fr\/fr\" target=\"_blank\" rel=\"noopener\">Famille +<\/a>\u00a0re\u00e7oit en moyenne 11 \u00e0 12 000 visiteurs\u00a0chaque ann\u00e9e.<\/span><\/p>\n<h3><span style=\"font-size: 12pt;\"><strong>Des\u00a0missions\u00a0multiples\u00a0<\/strong><\/span><\/h3>\n<p><span style=\"font-size: 12pt;\">Si le grand public y voit\u00a0l\u2019occasion d\u2019une balade au milieu des fleurs et des plantes embl\u00e9matiques des reliefs montagneux,\u00a0le jardin d\u2019altitude\u00a0du Haut\u00a0Chitelet\u00a0assure\u00a0avant tout\u00a0des missions p\u00e9dagogiques et scientifiques :\u00a0il s\u2019agit d\u2019un lieu\u00a0de conservation des esp\u00e8ces\u00a0et des v\u00e9g\u00e9taux\u00a0des milieux\u00a0montagneux,\u00a0des\u00a0\u00e9tudes sur le changement climatique et son impact sur les plantes\u00a0y\u00a0sont \u00e9galement men\u00e9es et un\u00a0programme de r\u00e9introduction d\u2019esp\u00e8ces menac\u00e9es est aussi en cours.<\/span><\/p>\n<h3><span style=\"font-size: 12pt;\"><strong>Les animations de l\u2019\u00e9t\u00e9 2021\u00a0<\/strong><\/span><\/h3>\n<p><span style=\"font-size: 12pt;\">Pour attirer toujours plus de public durant sa p\u00e9riode d\u2019ouverture, de juin \u00e0 septembre, le site propose des animations sp\u00e9cifiques.\u00a0Cet \u00e9t\u00e9, deux photographes vosgiens pr\u00e9sentent une exposition des clich\u00e9s consacr\u00e9s au\u00a0monde des\u00a0fourmis.\u00a0Certains\u00a0week\u00a0end,\u00a0le jardin accueillera des artistes, artisans et producteurs locaux dans le cadre de march\u00e9s\u00a0\u00e9ph\u00e9m\u00e8res. Alors, que vous r\u00e9sidiez dans les Vosges ou que vous soyez de passage pendant vos vacances\u00a0\u00a0n\u2019h\u00e9sitez pas \u00e0 vous offrir une immersion dans ce jardin remarquable \u00e0 plus d\u2019un titre.<\/span><\/p>\n<p><span style=\"font-size: 12pt;\">Pour en savoir plus\u00a0\u00a0<a href=\"https:\/\/www.jardinbotaniquedenancy.eu\/jardin-du-haut-chitelet\" target=\"_blank\" rel=\"noopener\">Jardin d\u2019altitude du Haut Chitelet \u2013 Xonrupt-Longemer \u2013 Site officiel (jardinbotaniquedenancy.eu)<\/a><\/span><\/p>\n<p><span style=\"font-size: 12pt;\">Source :\u00a0<a href=\"http:\/\/www.vosgesmag.fr\/\" target=\"_blank\" rel=\"noopener\">www.vosgesmag.fr<\/a><\/span><\/p>\n\n","protected":false},"excerpt":{"rendered":"<p>Situ\u00e9 \u00e0 1\u202f200 m\u00e8tres d\u2019altitude,\u00a0sur la route des Cr\u00eates, entre la Schlucht et le\u00a0Hohneck\u00a0,\u00a0le jardin d\u2019altitude du Haut-Chitelet\u00a0est l\u2019endroit id\u00e9al [&hellip;]<\/p>\n","protected":false},"author":407,"featured_media":42486,"comment_status":"open","ping_status":"open","sticky":false,"template":"","format":"standard","meta":{"footnotes":""},"categories":[26,18],"tags":[],"class_list":["post-42485","post","type-post","status-publish","format-standard","has-post-thumbnail","hentry","category-a-la-une","category-vosges"],"acf":[],"yoast_head":"<!-- This site is optimized with the Yoast SEO plugin v22.5 - https:\/\/yoast.com\/wordpress\/plugins\/seo\/ -->\n<title>Vosges : le jardin d\u2019altitude du Haut-Chitelet, un lieu \u00e0 d\u00e9couvrir - Remiremont Info<\/title>\n<meta name=\"robots\" content=\"index, follow, max-snippet:-1, max-image-preview:large, max-video-preview:-1\" \/>\n<link rel=\"canonical\" href=\"https:\/\/vosgesinfo.fr\/remiremontinfo\/2021\/06\/vosges-jardin-daltitude-haut-chitelet-lieu-a-decouvrir\/\" \/>\n<meta name=\"twitter:card\" content=\"summary_large_image\" \/>\n<meta name=\"twitter:title\" content=\"Vosges : le jardin d\u2019altitude du Haut-Chitelet, un lieu \u00e0 d\u00e9couvrir - Remiremont Info\" \/>\n<meta name=\"twitter:description\" content=\"Situ\u00e9 \u00e0 1\u202f200 m\u00e8tres d\u2019altitude,\u00a0sur la route des Cr\u00eates, entre la Schlucht et le\u00a0Hohneck\u00a0,\u00a0le jardin d\u2019altitude du Haut-Chitelet\u00a0est l\u2019endroit id\u00e9al [&hellip;]\" \/>\n<meta name=\"twitter:image\" content=\"https:\/\/vosgesinfo.fr\/app\/uploads\/sites\/5\/2024\/09\/202106hautchitelet.jpg\" \/>\n<meta name=\"twitter:creator\" content=\"@VosgesInfo88\" \/>\n<meta name=\"twitter:site\" content=\"@VosgesInfo88\" \/>\n<meta name=\"twitter:label1\" content=\"\u00c9crit par\" \/>\n\t<meta name=\"twitter:data1\" content=\"C D\" \/>\n\t<meta name=\"twitter:label2\" content=\"Dur\u00e9e de lecture estim\u00e9e\" \/>\n\t<meta name=\"twitter:data2\" content=\"2 minutes\" \/>\n<script type=\"application\/ld+json\" class=\"yoast-schema-graph\">{\"@context\":\"https:\/\/schema.org\",\"@graph\":[{\"@type\":\"Article\",\"@id\":\"https:\/\/vosgesinfo.fr\/remiremontinfo\/2021\/06\/vosges-jardin-daltitude-haut-chitelet-lieu-a-decouvrir\/#article\",\"isPartOf\":{\"@id\":\"https:\/\/vosgesinfo.fr\/remiremontinfo\/2021\/06\/vosges-jardin-daltitude-haut-chitelet-lieu-a-decouvrir\/\"},\"author\":{\"name\":\"C D\",\"@id\":\"https:\/\/vosgesinfo.fr\/remiremontinfo\/#\/schema\/person\/3bfd164d5218a185b1db68655a265316\"},\"headline\":\"Vosges : le jardin d\u2019altitude du Haut-Chitelet, un lieu \u00e0 d\u00e9couvrir\",\"datePublished\":\"2021-06-30T03:00:30+00:00\",\"dateModified\":\"2021-06-30T03:00:30+00:00\",\"mainEntityOfPage\":{\"@id\":\"https:\/\/vosgesinfo.fr\/remiremontinfo\/2021\/06\/vosges-jardin-daltitude-haut-chitelet-lieu-a-decouvrir\/\"},\"wordCount\":397,\"commentCount\":0,\"publisher\":{\"@id\":\"https:\/\/vosgesinfo.fr\/remiremontinfo\/#organization\"},\"image\":{\"@id\":\"https:\/\/vosgesinfo.fr\/remiremontinfo\/2021\/06\/vosges-jardin-daltitude-haut-chitelet-lieu-a-decouvrir\/#primaryimage\"},\"thumbnailUrl\":\"https:\/\/vosgesinfo.fr\/app\/uploads\/sites\/5\/2024\/09\/202106hautchitelet.jpg\",\"articleSection\":[\"A la Une\",\"Vosges\"],\"inLanguage\":\"fr-FR\",\"potentialAction\":[{\"@type\":\"CommentAction\",\"name\":\"Comment\",\"target\":[\"https:\/\/vosgesinfo.fr\/remiremontinfo\/2021\/06\/vosges-jardin-daltitude-haut-chitelet-lieu-a-decouvrir\/#respond\"]}]},{\"@type\":\"WebPage\",\"@id\":\"https:\/\/vosgesinfo.fr\/remiremontinfo\/2021\/06\/vosges-jardin-daltitude-haut-chitelet-lieu-a-decouvrir\/\",\"url\":\"https:\/\/vosgesinfo.fr\/remiremontinfo\/2021\/06\/vosges-jardin-daltitude-haut-chitelet-lieu-a-decouvrir\/\",\"name\":\"Vosges : le jardin d\u2019altitude du Haut-Chitelet, un lieu \u00e0 d\u00e9couvrir - Remiremont Info\",\"isPartOf\":{\"@id\":\"https:\/\/vosgesinfo.fr\/remiremontinfo\/#website\"},\"primaryImageOfPage\":{\"@id\":\"https:\/\/vosgesinfo.fr\/remiremontinfo\/2021\/06\/vosges-jardin-daltitude-haut-chitelet-lieu-a-decouvrir\/#primaryimage\"},\"image\":{\"@id\":\"https:\/\/vosgesinfo.fr\/remiremontinfo\/2021\/06\/vosges-jardin-daltitude-haut-chitelet-lieu-a-decouvrir\/#primaryimage\"},\"thumbnailUrl\":\"https:\/\/vosgesinfo.fr\/app\/uploads\/sites\/5\/2024\/09\/202106hautchitelet.jpg\",\"datePublished\":\"2021-06-30T03:00:30+00:00\",\"dateModified\":\"2021-06-30T03:00:30+00:00\",\"breadcrumb\":{\"@id\":\"https:\/\/vosgesinfo.fr\/remiremontinfo\/2021\/06\/vosges-jardin-daltitude-haut-chitelet-lieu-a-decouvrir\/#breadcrumb\"},\"inLanguage\":\"fr-FR\",\"potentialAction\":[{\"@type\":\"ReadAction\",\"target\":[\"https:\/\/vosgesinfo.fr\/remiremontinfo\/2021\/06\/vosges-jardin-daltitude-haut-chitelet-lieu-a-decouvrir\/\"]}]},{\"@type\":\"ImageObject\",\"inLanguage\":\"fr-FR\",\"@id\":\"https:\/\/vosgesinfo.fr\/remiremontinfo\/2021\/06\/vosges-jardin-daltitude-haut-chitelet-lieu-a-decouvrir\/#primaryimage\",\"url\":\"https:\/\/vosgesinfo.fr\/app\/uploads\/sites\/5\/2024\/09\/202106hautchitelet.jpg\",\"contentUrl\":\"https:\/\/vosgesinfo.fr\/app\/uploads\/sites\/5\/2024\/09\/202106hautchitelet.jpg\",\"width\":800,\"height\":451},{\"@type\":\"BreadcrumbList\",\"@id\":\"https:\/\/vosgesinfo.fr\/remiremontinfo\/2021\/06\/vosges-jardin-daltitude-haut-chitelet-lieu-a-decouvrir\/#breadcrumb\",\"itemListElement\":[{\"@type\":\"ListItem\",\"position\":1,\"name\":\"Home\",\"item\":\"https:\/\/vosgesinfo.fr\/remiremontinfo\/\"},{\"@type\":\"ListItem\",\"position\":2,\"name\":\"Vosges : le jardin d\u2019altitude du Haut-Chitelet, un lieu \u00e0 d\u00e9couvrir\"}]},{\"@type\":\"WebSite\",\"@id\":\"https:\/\/vosgesinfo.fr\/remiremontinfo\/#website\",\"url\":\"https:\/\/vosgesinfo.fr\/remiremontinfo\/\",\"name\":\"Remiremont Info\",\"description\":\"Toute l&#039;actualit\u00e9 de Remiremont\",\"publisher\":{\"@id\":\"https:\/\/vosgesinfo.fr\/remiremontinfo\/#organization\"},\"alternateName\":\"Toute l'actualit\u00e9 de Remiremont\",\"potentialAction\":[{\"@type\":\"SearchAction\",\"target\":{\"@type\":\"EntryPoint\",\"urlTemplate\":\"https:\/\/vosgesinfo.fr\/remiremontinfo\/?s={search_term_string}\"},\"query-input\":\"required name=search_term_string\"}],\"inLanguage\":\"fr-FR\"},{\"@type\":\"Organization\",\"@id\":\"https:\/\/vosgesinfo.fr\/remiremontinfo\/#organization\",\"name\":\"Remiremont Info\",\"url\":\"https:\/\/vosgesinfo.fr\/remiremontinfo\/\",\"logo\":{\"@type\":\"ImageObject\",\"inLanguage\":\"fr-FR\",\"@id\":\"https:\/\/vosgesinfo.fr\/remiremontinfo\/#\/schema\/logo\/image\/\",\"url\":\"https:\/\/vosgesinfo.fr\/app\/uploads\/sites\/5\/2023\/08\/favicon-remiremontinfo.png\",\"contentUrl\":\"https:\/\/vosgesinfo.fr\/app\/uploads\/sites\/5\/2023\/08\/favicon-remiremontinfo.png\",\"width\":512,\"height\":512,\"caption\":\"Remiremont Info\"},\"image\":{\"@id\":\"https:\/\/vosgesinfo.fr\/remiremontinfo\/#\/schema\/logo\/image\/\"},\"sameAs\":[\"https:\/\/www.facebook.com\/remiremontinfo\",\"https:\/\/x.com\/VosgesInfo88\",\"https:\/\/www.youtube.com\/@vosgesinfo\"]},{\"@type\":\"Person\",\"@id\":\"https:\/\/vosgesinfo.fr\/remiremontinfo\/#\/schema\/person\/3bfd164d5218a185b1db68655a265316\",\"name\":\"C D\",\"image\":{\"@type\":\"ImageObject\",\"inLanguage\":\"fr-FR\",\"@id\":\"https:\/\/vosgesinfo.fr\/remiremontinfo\/#\/schema\/person\/image\/\",\"url\":\"https:\/\/secure.gravatar.com\/avatar\/1f9a70007336511a47468b8f1c66f922b8b7cf617b02a31149ada43893a5d48f?s=96&d=mm&r=g\",\"contentUrl\":\"https:\/\/secure.gravatar.com\/avatar\/1f9a70007336511a47468b8f1c66f922b8b7cf617b02a31149ada43893a5d48f?s=96&d=mm&r=g\",\"caption\":\"C D\"},\"url\":\"https:\/\/vosgesinfo.fr\/remiremontinfo\/author\/cedric-drevet\/\"}]}<\/script>\n<!-- \/ Yoast SEO plugin. -->","yoast_head_json":{"title":"Vosges : le jardin d\u2019altitude du Haut-Chitelet, un lieu \u00e0 d\u00e9couvrir - Remiremont Info","robots":{"index":"index","follow":"follow","max-snippet":"max-snippet:-1","max-image-preview":"max-image-preview:large","max-video-preview":"max-video-preview:-1"},"canonical":"https:\/\/vosgesinfo.fr\/remiremontinfo\/2021\/06\/vosges-jardin-daltitude-haut-chitelet-lieu-a-decouvrir\/","twitter_card":"summary_large_image","twitter_title":"Vosges : le jardin d\u2019altitude du Haut-Chitelet, un lieu \u00e0 d\u00e9couvrir - Remiremont Info","twitter_description":"Situ\u00e9 \u00e0 1\u202f200 m\u00e8tres d\u2019altitude,\u00a0sur la route des Cr\u00eates, entre la Schlucht et le\u00a0Hohneck\u00a0,\u00a0le jardin d\u2019altitude du Haut-Chitelet\u00a0est l\u2019endroit id\u00e9al [&hellip;]","twitter_image":"https:\/\/vosgesinfo.fr\/app\/uploads\/sites\/5\/2024\/09\/202106hautchitelet.jpg","twitter_creator":"@VosgesInfo88","twitter_site":"@VosgesInfo88","twitter_misc":{"\u00c9crit par":"C D","Dur\u00e9e de lecture estim\u00e9e":"2 minutes"},"schema":{"@context":"https:\/\/schema.org","@graph":[{"@type":"Article","@id":"https:\/\/vosgesinfo.fr\/remiremontinfo\/2021\/06\/vosges-jardin-daltitude-haut-chitelet-lieu-a-decouvrir\/#article","isPartOf":{"@id":"https:\/\/vosgesinfo.fr\/remiremontinfo\/2021\/06\/vosges-jardin-daltitude-haut-chitelet-lieu-a-decouvrir\/"},"author":{"name":"C D","@id":"https:\/\/vosgesinfo.fr\/remiremontinfo\/#\/schema\/person\/3bfd164d5218a185b1db68655a265316"},"headline":"Vosges : le jardin d\u2019altitude du Haut-Chitelet, un lieu \u00e0 d\u00e9couvrir","datePublished":"2021-06-30T03:00:30+00:00","dateModified":"2021-06-30T03:00:30+00:00","mainEntityOfPage":{"@id":"https:\/\/vosgesinfo.fr\/remiremontinfo\/2021\/06\/vosges-jardin-daltitude-haut-chitelet-lieu-a-decouvrir\/"},"wordCount":397,"commentCount":0,"publisher":{"@id":"https:\/\/vosgesinfo.fr\/remiremontinfo\/#organization"},"image":{"@id":"https:\/\/vosgesinfo.fr\/remiremontinfo\/2021\/06\/vosges-jardin-daltitude-haut-chitelet-lieu-a-decouvrir\/#primaryimage"},"thumbnailUrl":"https:\/\/vosgesinfo.fr\/app\/uploads\/sites\/5\/2024\/09\/202106hautchitelet.jpg","articleSection":["A la Une","Vosges"],"inLanguage":"fr-FR","potentialAction":[{"@type":"CommentAction","name":"Comment","target":["https:\/\/vosgesinfo.fr\/remiremontinfo\/2021\/06\/vosges-jardin-daltitude-haut-chitelet-lieu-a-decouvrir\/#respond"]}]},{"@type":"WebPage","@id":"https:\/\/vosgesinfo.fr\/remiremontinfo\/2021\/06\/vosges-jardin-daltitude-haut-chitelet-lieu-a-decouvrir\/","url":"https:\/\/vosgesinfo.fr\/remiremontinfo\/2021\/06\/vosges-jardin-daltitude-haut-chitelet-lieu-a-decouvrir\/","name":"Vosges : le jardin d\u2019altitude du Haut-Chitelet, un lieu \u00e0 d\u00e9couvrir - Remiremont Info","isPartOf":{"@id":"https:\/\/vosgesinfo.fr\/remiremontinfo\/#website"},"primaryImageOfPage":{"@id":"https:\/\/vosgesinfo.fr\/remiremontinfo\/2021\/06\/vosges-jardin-daltitude-haut-chitelet-lieu-a-decouvrir\/#primaryimage"},"image":{"@id":"https:\/\/vosgesinfo.fr\/remiremontinfo\/2021\/06\/vosges-jardin-daltitude-haut-chitelet-lieu-a-decouvrir\/#primaryimage"},"thumbnailUrl":"https:\/\/vosgesinfo.fr\/app\/uploads\/sites\/5\/2024\/09\/202106hautchitelet.jpg","datePublished":"2021-06-30T03:00:30+00:00","dateModified":"2021-06-30T03:00:30+00:00","breadcrumb":{"@id":"https:\/\/vosgesinfo.fr\/remiremontinfo\/2021\/06\/vosges-jardin-daltitude-haut-chitelet-lieu-a-decouvrir\/#breadcrumb"},"inLanguage":"fr-FR","potentialAction":[{"@type":"ReadAction","target":["https:\/\/vosgesinfo.fr\/remiremontinfo\/2021\/06\/vosges-jardin-daltitude-haut-chitelet-lieu-a-decouvrir\/"]}]},{"@type":"ImageObject","inLanguage":"fr-FR","@id":"https:\/\/vosgesinfo.fr\/remiremontinfo\/2021\/06\/vosges-jardin-daltitude-haut-chitelet-lieu-a-decouvrir\/#primaryimage","url":"https:\/\/vosgesinfo.fr\/app\/uploads\/sites\/5\/2024\/09\/202106hautchitelet.jpg","contentUrl":"https:\/\/vosgesinfo.fr\/app\/uploads\/sites\/5\/2024\/09\/202106hautchitelet.jpg","width":800,"height":451},{"@type":"BreadcrumbList","@id":"https:\/\/vosgesinfo.fr\/remiremontinfo\/2021\/06\/vosges-jardin-daltitude-haut-chitelet-lieu-a-decouvrir\/#breadcrumb","itemListElement":[{"@type":"ListItem","position":1,"name":"Home","item":"https:\/\/vosgesinfo.fr\/remiremontinfo\/"},{"@type":"ListItem","position":2,"name":"Vosges : le jardin d\u2019altitude du Haut-Chitelet, un lieu \u00e0 d\u00e9couvrir"}]},{"@type":"WebSite","@id":"https:\/\/vosgesinfo.fr\/remiremontinfo\/#website","url":"https:\/\/vosgesinfo.fr\/remiremontinfo\/","name":"Remiremont Info","description":"Toute l&#039;actualit\u00e9 de Remiremont","publisher":{"@id":"https:\/\/vosgesinfo.fr\/remiremontinfo\/#organization"},"alternateName":"Toute l'actualit\u00e9 de Remiremont","potentialAction":[{"@type":"SearchAction","target":{"@type":"EntryPoint","urlTemplate":"https:\/\/vosgesinfo.fr\/remiremontinfo\/?s={search_term_string}"},"query-input":"required name=search_term_string"}],"inLanguage":"fr-FR"},{"@type":"Organization","@id":"https:\/\/vosgesinfo.fr\/remiremontinfo\/#organization","name":"Remiremont Info","url":"https:\/\/vosgesinfo.fr\/remiremontinfo\/","logo":{"@type":"ImageObject","inLanguage":"fr-FR","@id":"https:\/\/vosgesinfo.fr\/remiremontinfo\/#\/schema\/logo\/image\/","url":"https:\/\/vosgesinfo.fr\/app\/uploads\/sites\/5\/2023\/08\/favicon-remiremontinfo.png","contentUrl":"https:\/\/vosgesinfo.fr\/app\/uploads\/sites\/5\/2023\/08\/favicon-remiremontinfo.png","width":512,"height":512,"caption":"Remiremont Info"},"image":{"@id":"https:\/\/vosgesinfo.fr\/remiremontinfo\/#\/schema\/logo\/image\/"},"sameAs":["https:\/\/www.facebook.com\/remiremontinfo","https:\/\/x.com\/VosgesInfo88","https:\/\/www.youtube.com\/@vosgesinfo"]},{"@type":"Person","@id":"https:\/\/vosgesinfo.fr\/remiremontinfo\/#\/schema\/person\/3bfd164d5218a185b1db68655a265316","name":"C D","image":{"@type":"ImageObject","inLanguage":"fr-FR","@id":"https:\/\/vosgesinfo.fr\/remiremontinfo\/#\/schema\/person\/image\/","url":"https:\/\/secure.gravatar.com\/avatar\/1f9a70007336511a47468b8f1c66f922b8b7cf617b02a31149ada43893a5d48f?s=96&d=mm&r=g","contentUrl":"https:\/\/secure.gravatar.com\/avatar\/1f9a70007336511a47468b8f1c66f922b8b7cf617b02a31149ada43893a5d48f?s=96&d=mm&r=g","caption":"C D"},"url":"https:\/\/vosgesinfo.fr\/remiremontinfo\/author\/cedric-drevet\/"}]}},"_links":{"self":[{"href":"https:\/\/vosgesinfo.fr\/remiremontinfo\/wp-json\/wp\/v2\/posts\/42485","targetHints":{"allow":["GET"]}}],"collection":[{"href":"https:\/\/vosgesinfo.fr\/remiremontinfo\/wp-json\/wp\/v2\/posts"}],"about":[{"href":"https:\/\/vosgesinfo.fr\/remiremontinfo\/wp-json\/wp\/v2\/types\/post"}],"author":[{"embeddable":true,"href":"https:\/\/vosgesinfo.fr\/remiremontinfo\/wp-json\/wp\/v2\/users\/407"}],"replies":[{"embeddable":true,"href":"https:\/\/vosgesinfo.fr\/remiremontinfo\/wp-json\/wp\/v2\/comments?post=42485"}],"version-history":[{"count":0,"href":"https:\/\/vosgesinfo.fr\/remiremontinfo\/wp-json\/wp\/v2\/posts\/42485\/revisions"}],"wp:featuredmedia":[{"embeddable":true,"href":"https:\/\/vosgesinfo.fr\/remiremontinfo\/wp-json\/wp\/v2\/media\/42486"}],"wp:attachment":[{"href":"https:\/\/vosgesinfo.fr\/remiremontinfo\/wp-json\/wp\/v2\/media?parent=42485"}],"wp:term":[{"taxonomy":"category","embeddable":true,"href":"https:\/\/vosgesinfo.fr\/remiremontinfo\/wp-json\/wp\/v2\/categories?post=42485"},{"taxonomy":"post_tag","embeddable":true,"href":"https:\/\/vosgesinfo.fr\/remiremontinfo\/wp-json\/wp\/v2\/tags?post=42485"}],"curies":[{"name":"wp","href":"https:\/\/api.w.org\/{rel}","templated":true}]}}