{"id":42491,"date":"2021-06-30T08:18:30","date_gmt":"2021-06-30T06:18:30","guid":{"rendered":"https:\/\/vosgesinfo.fr\/remiremontinfo\/2021\/06\/bussang-87-jeunes-participent-sejour-de-cohesion-service-national-universel-snu\/"},"modified":"2021-06-30T08:18:30","modified_gmt":"2021-06-30T06:18:30","slug":"bussang-87-jeunes-participent-sejour-de-cohesion-service-national-universel-snu","status":"publish","type":"post","link":"https:\/\/vosgesinfo.fr\/remiremontinfo\/2021\/06\/bussang-87-jeunes-participent-sejour-de-cohesion-service-national-universel-snu\/","title":{"rendered":"Bussang\u00a0: 87 jeunes participent au s\u00e9jour de coh\u00e9sion du Service National Universel (SNU)"},"content":{"rendered":"\n<h2><span style=\"font-size: 12pt;\"><strong>Des s\u00e9jours de coh\u00e9sion SNU (Service National Universel) sont organis\u00e9s, pour la premi\u00e8re fois cette ann\u00e9e, dans chaque d\u00e9partement sur l\u2019ensemble du territoire fran\u00e7ais, du dimanche 20 juin au vendredi 2 juillet. Bussang, l&rsquo;un des deux centres vosgiens, accueille actuellement 87 jeunes volontaires.<\/strong><\/span><\/h2>\n<p>Ces s\u00e9jours de coh\u00e9sion, ouverts \u00e0 tous les jeunes volontaires \u00e2g\u00e9s de 15 \u00e0 17 ans, constituent la premi\u00e8re phase du SNU. La seconde phase consiste en la r\u00e9alisation, par les jeunes volontaires, d\u2019une mission d\u2019int\u00e9r\u00eat g\u00e9n\u00e9ral dans l\u2019ann\u00e9e suivant le s\u00e9jour de coh\u00e9sion. Afin de limiter les \u00ab\u00a0brassages\u00a0\u00bb, les jeunes volontaires sont affect\u00e9s dans les centres de coh\u00e9sion de leur r\u00e9gion. Quelques jeunes ont \u00e9t\u00e9 autoris\u00e9s \u00e0 r\u00e9aliser leur s\u00e9jour dans leur d\u00e9partement d\u2019origine.<\/p>\n<p>Face au nombre important des inscriptions pour cette session 2021, il a \u00e9t\u00e9 demand\u00e9 \u00e0 chaque R\u00e9gion administrative d\u2019organiser des s\u00e9jours suppl\u00e9mentaires. Pour la R\u00e9gion Grand Est, les Vosges et la Moselle sont concern\u00e9es par l\u2019ouverture d\u2019un second centre. Un s\u00e9jour a lieu au centre \u00ab\u00a0Les Jonquilles\u00a0\u00bb de Xonrupt-Longemer, qui accueille 65 jeunes volontaires et mobilise 14 encadrants. Un deuxi\u00e8me s\u00e9jour se d\u00e9roule au centre \u00ab\u00a0Azureva\u00a0\u00bb de Bussang, qui accueille 87 jeunes volontaires.<\/p>\n<p>Le s\u00e9jour SNU de Bussang mobilise 18 encadrants. Pascal Gasselin, ancien militaire, est chef de centre. Il est accompagn\u00e9, au poste d\u2019adjointe encadrement, par Karine Didier, proviseure adjointe, et \u00e0 celui d\u2019adjointe \u00e9ducation par Marie-H\u00e9l\u00e8ne Bronner, retrait\u00e9e de l\u2019\u00c9ducation Nationale, ancienne proviseure. Olivier Chiquard, agent comptable, Brigitte Moulin, infirmi\u00e8re scolaire, et Yann Robischung, professeur d\u2019EPS, compl\u00e8tent cette \u00e9quipe.<\/p>\n<p>Quatre capitaines de compagnies et huit tuteurs de \u00ab\u00a0maisonn\u00e9es\u00a0\u00bb, issus en grande majorit\u00e9 de l\u2019\u00e9ducation populaire et du milieu sportif, accompagnent et encadrent le groupe de 87 jeunes (dont 56 filles et 31 gar\u00e7ons) r\u00e9partis en quatre compagnies. 25 volontaires sont originaires de la Marne, 20 de la Moselle et 33 du Bas-Rhin. Une minorit\u00e9 de 9 participants vient du d\u00e9partement des Vosges.<\/p>\n<p>Les motivations des participants sont diff\u00e9rentes, mais se rejoignent dans l\u2019ensemble.<em> \u00ab\u00a0Je cherchais surtout \u00e0 faire du sport\u00a0<\/em>\u00bb, explique L\u00e9o, qui vient de la Marne. L\u2019aspect ludique a aussi toute son importance. Et puis<em>, \u00ab\u00a0on a appris de bonnes valeurs\u00a0\u00bb<\/em>, explique le jeune marnais. <em>\u00ab\u00a0Par exemple l\u2019\u00e9galit\u00e9 entre les gens, et entre les genres surtout\u00a0\u00bb<\/em>, l\u2019esprit d\u2019\u00e9quipe aussi. L\u00e9o conseille ce type exp\u00e9rience <em>\u00ab\u00a0pour les personnes assez timide\u00a0\u00bb<\/em>, \u00e7a peut les aider. <em>\u00ab\u00a0Je voulais rencontrer surtout de nouvelles personnes\u00a0\u00bb<\/em>, affirme quant \u00e0 elle Jade, de Reims. Et l\u2019ambiance est au rendez-vous. <em>\u00ab\u00a0On s\u2019est bien entendu d\u00e8s le d\u00e9but\u00a0\u00bb.<\/em><\/p>\n<p>Les volontaires participent \u00e0 une s\u00e9rie d\u2019exercices. <em>\u00ab\u00a0C\u2019est tr\u00e8s polyvalent\u00a0\u00bb<\/em>, explique Elias, de Strasbourg. <em>\u00ab\u00a0Tous les matins, on fait une s\u00e9ance de sport bien charg\u00e9e\u00a0\u00bb.<\/em> En un peu plus d\u2019une semaine, les jeunes ont pratiqu\u00e9 des activit\u00e9s sportives et culturelles accessibles \u00e0 tous les niveaux : randonn\u00e9e nocturne, visite de mus\u00e9e, expression th\u00e9\u00e2trale, jeux de soci\u00e9t\u00e9, de la course d\u2019orientation, et m\u00eame un \u00ab\u00a0mini Koh-Lanta\u00a0\u00bb.<\/p>\n<p>Et puis il y a des modules sur la psychologie, la citoyennet\u00e9, une \u00e9valuation en fran\u00e7ais, grammaire, orthographe. Des moments de discussion sont r\u00e9guli\u00e8rement organis\u00e9s, sur le th\u00e8me des discriminations, le harc\u00e8lement, une pr\u00e9sentation du planning familial. Le fil rouge affich\u00e9 du s\u00e9jour est \u00ab\u00a0la solidarit\u00e9\u00a0\u00bb. Ce mardi, une initiation \u00e0 l\u2019escalade \u00e9tait au programme. Les jeunes \u00e9taient encadr\u00e9s par les officier de gendarmerie, des professionnels du sport.<\/p>\n\n","protected":false},"excerpt":{"rendered":"<p>Des s\u00e9jours de coh\u00e9sion SNU (Service National Universel) sont organis\u00e9s, pour la premi\u00e8re fois cette ann\u00e9e, dans chaque d\u00e9partement sur [&hellip;]<\/p>\n","protected":false},"author":407,"featured_media":42492,"comment_status":"open","ping_status":"open","sticky":false,"template":"","format":"standard","meta":{"footnotes":""},"categories":[26,38,37],"tags":[],"class_list":["post-42491","post","type-post","status-publish","format-standard","has-post-thumbnail","hentry","category-a-la-une","category-bussang","category-le-thillot-son-canton"],"acf":[],"yoast_head":"<!-- This site is optimized with the Yoast SEO plugin v22.5 - https:\/\/yoast.com\/wordpress\/plugins\/seo\/ -->\n<title>Bussang\u00a0: 87 jeunes participent au s\u00e9jour de coh\u00e9sion du Service National Universel (SNU) - Remiremont Info<\/title>\n<meta name=\"robots\" content=\"index, follow, max-snippet:-1, max-image-preview:large, max-video-preview:-1\" \/>\n<link rel=\"canonical\" href=\"https:\/\/vosgesinfo.fr\/remiremontinfo\/2021\/06\/bussang-87-jeunes-participent-sejour-de-cohesion-service-national-universel-snu\/\" \/>\n<meta name=\"twitter:card\" content=\"summary_large_image\" \/>\n<meta name=\"twitter:title\" content=\"Bussang\u00a0: 87 jeunes participent au s\u00e9jour de coh\u00e9sion du Service National Universel (SNU) - Remiremont Info\" \/>\n<meta name=\"twitter:description\" content=\"Des s\u00e9jours de coh\u00e9sion SNU (Service National Universel) sont organis\u00e9s, pour la premi\u00e8re fois cette ann\u00e9e, dans chaque d\u00e9partement sur [&hellip;]\" \/>\n<meta name=\"twitter:image\" content=\"https:\/\/vosgesinfo.fr\/app\/uploads\/sites\/5\/2024\/09\/202106dsc-0377.jpg\" \/>\n<meta name=\"twitter:creator\" content=\"@VosgesInfo88\" \/>\n<meta name=\"twitter:site\" content=\"@VosgesInfo88\" \/>\n<meta name=\"twitter:label1\" content=\"\u00c9crit par\" \/>\n\t<meta name=\"twitter:data1\" content=\"C D\" \/>\n\t<meta name=\"twitter:label2\" content=\"Dur\u00e9e de lecture estim\u00e9e\" \/>\n\t<meta name=\"twitter:data2\" content=\"3 minutes\" \/>\n<script type=\"application\/ld+json\" class=\"yoast-schema-graph\">{\"@context\":\"https:\/\/schema.org\",\"@graph\":[{\"@type\":\"Article\",\"@id\":\"https:\/\/vosgesinfo.fr\/remiremontinfo\/2021\/06\/bussang-87-jeunes-participent-sejour-de-cohesion-service-national-universel-snu\/#article\",\"isPartOf\":{\"@id\":\"https:\/\/vosgesinfo.fr\/remiremontinfo\/2021\/06\/bussang-87-jeunes-participent-sejour-de-cohesion-service-national-universel-snu\/\"},\"author\":{\"name\":\"C D\",\"@id\":\"https:\/\/vosgesinfo.fr\/remiremontinfo\/#\/schema\/person\/3bfd164d5218a185b1db68655a265316\"},\"headline\":\"Bussang\u00a0: 87 jeunes participent au s\u00e9jour de coh\u00e9sion du Service National Universel (SNU)\",\"datePublished\":\"2021-06-30T06:18:30+00:00\",\"dateModified\":\"2021-06-30T06:18:30+00:00\",\"mainEntityOfPage\":{\"@id\":\"https:\/\/vosgesinfo.fr\/remiremontinfo\/2021\/06\/bussang-87-jeunes-participent-sejour-de-cohesion-service-national-universel-snu\/\"},\"wordCount\":641,\"commentCount\":0,\"publisher\":{\"@id\":\"https:\/\/vosgesinfo.fr\/remiremontinfo\/#organization\"},\"image\":{\"@id\":\"https:\/\/vosgesinfo.fr\/remiremontinfo\/2021\/06\/bussang-87-jeunes-participent-sejour-de-cohesion-service-national-universel-snu\/#primaryimage\"},\"thumbnailUrl\":\"https:\/\/vosgesinfo.fr\/app\/uploads\/sites\/5\/2024\/09\/202106dsc-0377.jpg\",\"articleSection\":[\"A la Une\",\"Bussang\",\"Le Thillot &amp; son canton\"],\"inLanguage\":\"fr-FR\",\"potentialAction\":[{\"@type\":\"CommentAction\",\"name\":\"Comment\",\"target\":[\"https:\/\/vosgesinfo.fr\/remiremontinfo\/2021\/06\/bussang-87-jeunes-participent-sejour-de-cohesion-service-national-universel-snu\/#respond\"]}]},{\"@type\":\"WebPage\",\"@id\":\"https:\/\/vosgesinfo.fr\/remiremontinfo\/2021\/06\/bussang-87-jeunes-participent-sejour-de-cohesion-service-national-universel-snu\/\",\"url\":\"https:\/\/vosgesinfo.fr\/remiremontinfo\/2021\/06\/bussang-87-jeunes-participent-sejour-de-cohesion-service-national-universel-snu\/\",\"name\":\"Bussang\u00a0: 87 jeunes participent au s\u00e9jour de coh\u00e9sion du Service National Universel (SNU) - Remiremont Info\",\"isPartOf\":{\"@id\":\"https:\/\/vosgesinfo.fr\/remiremontinfo\/#website\"},\"primaryImageOfPage\":{\"@id\":\"https:\/\/vosgesinfo.fr\/remiremontinfo\/2021\/06\/bussang-87-jeunes-participent-sejour-de-cohesion-service-national-universel-snu\/#primaryimage\"},\"image\":{\"@id\":\"https:\/\/vosgesinfo.fr\/remiremontinfo\/2021\/06\/bussang-87-jeunes-participent-sejour-de-cohesion-service-national-universel-snu\/#primaryimage\"},\"thumbnailUrl\":\"https:\/\/vosgesinfo.fr\/app\/uploads\/sites\/5\/2024\/09\/202106dsc-0377.jpg\",\"datePublished\":\"2021-06-30T06:18:30+00:00\",\"dateModified\":\"2021-06-30T06:18:30+00:00\",\"breadcrumb\":{\"@id\":\"https:\/\/vosgesinfo.fr\/remiremontinfo\/2021\/06\/bussang-87-jeunes-participent-sejour-de-cohesion-service-national-universel-snu\/#breadcrumb\"},\"inLanguage\":\"fr-FR\",\"potentialAction\":[{\"@type\":\"ReadAction\",\"target\":[\"https:\/\/vosgesinfo.fr\/remiremontinfo\/2021\/06\/bussang-87-jeunes-participent-sejour-de-cohesion-service-national-universel-snu\/\"]}]},{\"@type\":\"ImageObject\",\"inLanguage\":\"fr-FR\",\"@id\":\"https:\/\/vosgesinfo.fr\/remiremontinfo\/2021\/06\/bussang-87-jeunes-participent-sejour-de-cohesion-service-national-universel-snu\/#primaryimage\",\"url\":\"https:\/\/vosgesinfo.fr\/app\/uploads\/sites\/5\/2024\/09\/202106dsc-0377.jpg\",\"contentUrl\":\"https:\/\/vosgesinfo.fr\/app\/uploads\/sites\/5\/2024\/09\/202106dsc-0377.jpg\",\"width\":800,\"height\":532},{\"@type\":\"BreadcrumbList\",\"@id\":\"https:\/\/vosgesinfo.fr\/remiremontinfo\/2021\/06\/bussang-87-jeunes-participent-sejour-de-cohesion-service-national-universel-snu\/#breadcrumb\",\"itemListElement\":[{\"@type\":\"ListItem\",\"position\":1,\"name\":\"Home\",\"item\":\"https:\/\/vosgesinfo.fr\/remiremontinfo\/\"},{\"@type\":\"ListItem\",\"position\":2,\"name\":\"Bussang\u00a0: 87 jeunes participent au s\u00e9jour de coh\u00e9sion du Service National Universel (SNU)\"}]},{\"@type\":\"WebSite\",\"@id\":\"https:\/\/vosgesinfo.fr\/remiremontinfo\/#website\",\"url\":\"https:\/\/vosgesinfo.fr\/remiremontinfo\/\",\"name\":\"Remiremont Info\",\"description\":\"Toute l&#039;actualit\u00e9 de Remiremont\",\"publisher\":{\"@id\":\"https:\/\/vosgesinfo.fr\/remiremontinfo\/#organization\"},\"alternateName\":\"Toute l'actualit\u00e9 de Remiremont\",\"potentialAction\":[{\"@type\":\"SearchAction\",\"target\":{\"@type\":\"EntryPoint\",\"urlTemplate\":\"https:\/\/vosgesinfo.fr\/remiremontinfo\/?s={search_term_string}\"},\"query-input\":\"required name=search_term_string\"}],\"inLanguage\":\"fr-FR\"},{\"@type\":\"Organization\",\"@id\":\"https:\/\/vosgesinfo.fr\/remiremontinfo\/#organization\",\"name\":\"Remiremont Info\",\"url\":\"https:\/\/vosgesinfo.fr\/remiremontinfo\/\",\"logo\":{\"@type\":\"ImageObject\",\"inLanguage\":\"fr-FR\",\"@id\":\"https:\/\/vosgesinfo.fr\/remiremontinfo\/#\/schema\/logo\/image\/\",\"url\":\"https:\/\/vosgesinfo.fr\/app\/uploads\/sites\/5\/2023\/08\/favicon-remiremontinfo.png\",\"contentUrl\":\"https:\/\/vosgesinfo.fr\/app\/uploads\/sites\/5\/2023\/08\/favicon-remiremontinfo.png\",\"width\":512,\"height\":512,\"caption\":\"Remiremont Info\"},\"image\":{\"@id\":\"https:\/\/vosgesinfo.fr\/remiremontinfo\/#\/schema\/logo\/image\/\"},\"sameAs\":[\"https:\/\/www.facebook.com\/remiremontinfo\",\"https:\/\/x.com\/VosgesInfo88\",\"https:\/\/www.youtube.com\/@vosgesinfo\"]},{\"@type\":\"Person\",\"@id\":\"https:\/\/vosgesinfo.fr\/remiremontinfo\/#\/schema\/person\/3bfd164d5218a185b1db68655a265316\",\"name\":\"C D\",\"image\":{\"@type\":\"ImageObject\",\"inLanguage\":\"fr-FR\",\"@id\":\"https:\/\/vosgesinfo.fr\/remiremontinfo\/#\/schema\/person\/image\/\",\"url\":\"https:\/\/secure.gravatar.com\/avatar\/1f9a70007336511a47468b8f1c66f922b8b7cf617b02a31149ada43893a5d48f?s=96&d=mm&r=g\",\"contentUrl\":\"https:\/\/secure.gravatar.com\/avatar\/1f9a70007336511a47468b8f1c66f922b8b7cf617b02a31149ada43893a5d48f?s=96&d=mm&r=g\",\"caption\":\"C D\"},\"url\":\"https:\/\/vosgesinfo.fr\/remiremontinfo\/author\/cedric-drevet\/\"}]}<\/script>\n<!-- \/ Yoast SEO plugin. -->","yoast_head_json":{"title":"Bussang\u00a0: 87 jeunes participent au s\u00e9jour de coh\u00e9sion du Service National Universel (SNU) - Remiremont Info","robots":{"index":"index","follow":"follow","max-snippet":"max-snippet:-1","max-image-preview":"max-image-preview:large","max-video-preview":"max-video-preview:-1"},"canonical":"https:\/\/vosgesinfo.fr\/remiremontinfo\/2021\/06\/bussang-87-jeunes-participent-sejour-de-cohesion-service-national-universel-snu\/","twitter_card":"summary_large_image","twitter_title":"Bussang\u00a0: 87 jeunes participent au s\u00e9jour de coh\u00e9sion du Service National Universel (SNU) - Remiremont Info","twitter_description":"Des s\u00e9jours de coh\u00e9sion SNU (Service National Universel) sont organis\u00e9s, pour la premi\u00e8re fois cette ann\u00e9e, dans chaque d\u00e9partement sur [&hellip;]","twitter_image":"https:\/\/vosgesinfo.fr\/app\/uploads\/sites\/5\/2024\/09\/202106dsc-0377.jpg","twitter_creator":"@VosgesInfo88","twitter_site":"@VosgesInfo88","twitter_misc":{"\u00c9crit par":"C D","Dur\u00e9e de lecture estim\u00e9e":"3 minutes"},"schema":{"@context":"https:\/\/schema.org","@graph":[{"@type":"Article","@id":"https:\/\/vosgesinfo.fr\/remiremontinfo\/2021\/06\/bussang-87-jeunes-participent-sejour-de-cohesion-service-national-universel-snu\/#article","isPartOf":{"@id":"https:\/\/vosgesinfo.fr\/remiremontinfo\/2021\/06\/bussang-87-jeunes-participent-sejour-de-cohesion-service-national-universel-snu\/"},"author":{"name":"C D","@id":"https:\/\/vosgesinfo.fr\/remiremontinfo\/#\/schema\/person\/3bfd164d5218a185b1db68655a265316"},"headline":"Bussang\u00a0: 87 jeunes participent au s\u00e9jour de coh\u00e9sion du Service National Universel (SNU)","datePublished":"2021-06-30T06:18:30+00:00","dateModified":"2021-06-30T06:18:30+00:00","mainEntityOfPage":{"@id":"https:\/\/vosgesinfo.fr\/remiremontinfo\/2021\/06\/bussang-87-jeunes-participent-sejour-de-cohesion-service-national-universel-snu\/"},"wordCount":641,"commentCount":0,"publisher":{"@id":"https:\/\/vosgesinfo.fr\/remiremontinfo\/#organization"},"image":{"@id":"https:\/\/vosgesinfo.fr\/remiremontinfo\/2021\/06\/bussang-87-jeunes-participent-sejour-de-cohesion-service-national-universel-snu\/#primaryimage"},"thumbnailUrl":"https:\/\/vosgesinfo.fr\/app\/uploads\/sites\/5\/2024\/09\/202106dsc-0377.jpg","articleSection":["A la Une","Bussang","Le Thillot &amp; son canton"],"inLanguage":"fr-FR","potentialAction":[{"@type":"CommentAction","name":"Comment","target":["https:\/\/vosgesinfo.fr\/remiremontinfo\/2021\/06\/bussang-87-jeunes-participent-sejour-de-cohesion-service-national-universel-snu\/#respond"]}]},{"@type":"WebPage","@id":"https:\/\/vosgesinfo.fr\/remiremontinfo\/2021\/06\/bussang-87-jeunes-participent-sejour-de-cohesion-service-national-universel-snu\/","url":"https:\/\/vosgesinfo.fr\/remiremontinfo\/2021\/06\/bussang-87-jeunes-participent-sejour-de-cohesion-service-national-universel-snu\/","name":"Bussang\u00a0: 87 jeunes participent au s\u00e9jour de coh\u00e9sion du Service National Universel (SNU) - Remiremont Info","isPartOf":{"@id":"https:\/\/vosgesinfo.fr\/remiremontinfo\/#website"},"primaryImageOfPage":{"@id":"https:\/\/vosgesinfo.fr\/remiremontinfo\/2021\/06\/bussang-87-jeunes-participent-sejour-de-cohesion-service-national-universel-snu\/#primaryimage"},"image":{"@id":"https:\/\/vosgesinfo.fr\/remiremontinfo\/2021\/06\/bussang-87-jeunes-participent-sejour-de-cohesion-service-national-universel-snu\/#primaryimage"},"thumbnailUrl":"https:\/\/vosgesinfo.fr\/app\/uploads\/sites\/5\/2024\/09\/202106dsc-0377.jpg","datePublished":"2021-06-30T06:18:30+00:00","dateModified":"2021-06-30T06:18:30+00:00","breadcrumb":{"@id":"https:\/\/vosgesinfo.fr\/remiremontinfo\/2021\/06\/bussang-87-jeunes-participent-sejour-de-cohesion-service-national-universel-snu\/#breadcrumb"},"inLanguage":"fr-FR","potentialAction":[{"@type":"ReadAction","target":["https:\/\/vosgesinfo.fr\/remiremontinfo\/2021\/06\/bussang-87-jeunes-participent-sejour-de-cohesion-service-national-universel-snu\/"]}]},{"@type":"ImageObject","inLanguage":"fr-FR","@id":"https:\/\/vosgesinfo.fr\/remiremontinfo\/2021\/06\/bussang-87-jeunes-participent-sejour-de-cohesion-service-national-universel-snu\/#primaryimage","url":"https:\/\/vosgesinfo.fr\/app\/uploads\/sites\/5\/2024\/09\/202106dsc-0377.jpg","contentUrl":"https:\/\/vosgesinfo.fr\/app\/uploads\/sites\/5\/2024\/09\/202106dsc-0377.jpg","width":800,"height":532},{"@type":"BreadcrumbList","@id":"https:\/\/vosgesinfo.fr\/remiremontinfo\/2021\/06\/bussang-87-jeunes-participent-sejour-de-cohesion-service-national-universel-snu\/#breadcrumb","itemListElement":[{"@type":"ListItem","position":1,"name":"Home","item":"https:\/\/vosgesinfo.fr\/remiremontinfo\/"},{"@type":"ListItem","position":2,"name":"Bussang\u00a0: 87 jeunes participent au s\u00e9jour de coh\u00e9sion du Service National Universel (SNU)"}]},{"@type":"WebSite","@id":"https:\/\/vosgesinfo.fr\/remiremontinfo\/#website","url":"https:\/\/vosgesinfo.fr\/remiremontinfo\/","name":"Remiremont Info","description":"Toute l&#039;actualit\u00e9 de Remiremont","publisher":{"@id":"https:\/\/vosgesinfo.fr\/remiremontinfo\/#organization"},"alternateName":"Toute l'actualit\u00e9 de Remiremont","potentialAction":[{"@type":"SearchAction","target":{"@type":"EntryPoint","urlTemplate":"https:\/\/vosgesinfo.fr\/remiremontinfo\/?s={search_term_string}"},"query-input":"required name=search_term_string"}],"inLanguage":"fr-FR"},{"@type":"Organization","@id":"https:\/\/vosgesinfo.fr\/remiremontinfo\/#organization","name":"Remiremont Info","url":"https:\/\/vosgesinfo.fr\/remiremontinfo\/","logo":{"@type":"ImageObject","inLanguage":"fr-FR","@id":"https:\/\/vosgesinfo.fr\/remiremontinfo\/#\/schema\/logo\/image\/","url":"https:\/\/vosgesinfo.fr\/app\/uploads\/sites\/5\/2023\/08\/favicon-remiremontinfo.png","contentUrl":"https:\/\/vosgesinfo.fr\/app\/uploads\/sites\/5\/2023\/08\/favicon-remiremontinfo.png","width":512,"height":512,"caption":"Remiremont Info"},"image":{"@id":"https:\/\/vosgesinfo.fr\/remiremontinfo\/#\/schema\/logo\/image\/"},"sameAs":["https:\/\/www.facebook.com\/remiremontinfo","https:\/\/x.com\/VosgesInfo88","https:\/\/www.youtube.com\/@vosgesinfo"]},{"@type":"Person","@id":"https:\/\/vosgesinfo.fr\/remiremontinfo\/#\/schema\/person\/3bfd164d5218a185b1db68655a265316","name":"C D","image":{"@type":"ImageObject","inLanguage":"fr-FR","@id":"https:\/\/vosgesinfo.fr\/remiremontinfo\/#\/schema\/person\/image\/","url":"https:\/\/secure.gravatar.com\/avatar\/1f9a70007336511a47468b8f1c66f922b8b7cf617b02a31149ada43893a5d48f?s=96&d=mm&r=g","contentUrl":"https:\/\/secure.gravatar.com\/avatar\/1f9a70007336511a47468b8f1c66f922b8b7cf617b02a31149ada43893a5d48f?s=96&d=mm&r=g","caption":"C D"},"url":"https:\/\/vosgesinfo.fr\/remiremontinfo\/author\/cedric-drevet\/"}]}},"_links":{"self":[{"href":"https:\/\/vosgesinfo.fr\/remiremontinfo\/wp-json\/wp\/v2\/posts\/42491","targetHints":{"allow":["GET"]}}],"collection":[{"href":"https:\/\/vosgesinfo.fr\/remiremontinfo\/wp-json\/wp\/v2\/posts"}],"about":[{"href":"https:\/\/vosgesinfo.fr\/remiremontinfo\/wp-json\/wp\/v2\/types\/post"}],"author":[{"embeddable":true,"href":"https:\/\/vosgesinfo.fr\/remiremontinfo\/wp-json\/wp\/v2\/users\/407"}],"replies":[{"embeddable":true,"href":"https:\/\/vosgesinfo.fr\/remiremontinfo\/wp-json\/wp\/v2\/comments?post=42491"}],"version-history":[{"count":0,"href":"https:\/\/vosgesinfo.fr\/remiremontinfo\/wp-json\/wp\/v2\/posts\/42491\/revisions"}],"wp:featuredmedia":[{"embeddable":true,"href":"https:\/\/vosgesinfo.fr\/remiremontinfo\/wp-json\/wp\/v2\/media\/42492"}],"wp:attachment":[{"href":"https:\/\/vosgesinfo.fr\/remiremontinfo\/wp-json\/wp\/v2\/media?parent=42491"}],"wp:term":[{"taxonomy":"category","embeddable":true,"href":"https:\/\/vosgesinfo.fr\/remiremontinfo\/wp-json\/wp\/v2\/categories?post=42491"},{"taxonomy":"post_tag","embeddable":true,"href":"https:\/\/vosgesinfo.fr\/remiremontinfo\/wp-json\/wp\/v2\/tags?post=42491"}],"curies":[{"name":"wp","href":"https:\/\/api.w.org\/{rel}","templated":true}]}}