{"id":42519,"date":"2021-06-30T07:23:34","date_gmt":"2021-06-30T05:23:34","guid":{"rendered":"https:\/\/vosgesinfo.fr\/remiremontinfo\/2021\/06\/remiremont-petit-chaton-coince-voiture-secouru-chats-famille\/"},"modified":"2021-06-30T07:23:34","modified_gmt":"2021-06-30T05:23:34","slug":"remiremont-petit-chaton-coince-voiture-secouru-chats-famille","status":"publish","type":"post","link":"https:\/\/vosgesinfo.fr\/remiremontinfo\/2021\/06\/remiremont-petit-chaton-coince-voiture-secouru-chats-famille\/","title":{"rendered":"Remiremont : un petit chaton coinc\u00e9 dans une voiture secouru par \u00ab Chats sans famille \u00bb"},"content":{"rendered":"\n<p><em><span style=\"font-size: 10pt;\">Photos de l&rsquo;association\u00a0<\/span><\/em><\/p>\n<h2><span style=\"font-size: 12pt;\"><strong>C\u2019est le dernier sauvetage en date pour les b\u00e9n\u00e9voles de l\u2019association \u00ab\u00a0Chats sans famille\u00a0\u00bb. Un petit chaton qui \u00e9tait coinc\u00e9\u00a0au niveau du moteur d&rsquo;une voiture \u00e0 Remiremont. \u00ab\u00a0Snoopy\u00a0\u00bb, comme l\u2019a nomm\u00e9 la famille d\u2019accueil, ne p\u00e8se que 170 grammes.<\/strong><\/span><\/h2>\n<p>A proximit\u00e9 de l\u2019\u00e9cole de la Maix, \u00e0 Remiremont, des enfants ont entendu des miaulements plaintifs provenant d\u2019un v\u00e9hicule stationn\u00e9. Alert\u00e9s par une habitante, les b\u00e9n\u00e9voles de l\u2019association se sont rendus sur place, aux alentours de 18h. L\u2019op\u00e9ration de sauvetage a dur\u00e9 un certains temps.<em> \u00ab\u00a0On s\u2019est mis devant le moteur, on a entendu des pleurs, des pleurs\u00a0\u00bb<\/em>, explique Nelly Cottet, pr\u00e9sidente \u00ab\u00a0Chats sans famille\u00a0\u00bb. Puis plus rien, et de nouveau le chat se manifestait, par intermittence. Les pompiers ont \u00e9t\u00e9 contact\u00e9s. <em>\u00ab\u00a0Ils ont dit \u00ab\u00a0malheureusement on peut rien faire, on n\u2019a pas le droit de fracturer une porte\u00a0\u00bb\u00a0\u00bb.<\/em> De la nourriture a \u00e9t\u00e9 utilis\u00e9 pour inciter l\u2019animal \u00e0 sortir. Il s\u2019est ensuite rendu dans un autre v\u00e9hicule.<em> \u00ab\u00a0Il a \u00e9t\u00e9 de voiture en voiture, il \u00e9tait compl\u00e8tement apeur\u00e9\u00a0\u00bb<\/em>, affirme Nelly Cottet. Enfin, aux alentours de 20h, il a \u00e9t\u00e9 attrap\u00e9.<em> \u00ab\u00a0Il p\u00e8se 170 grammes, mais il fait quand m\u00eame la taille d\u2019un b\u00e9b\u00e9 de trois semaines (\u2026) il doit avoir des carences\u00a0\u00bb.<\/em> Le petit \u00ab\u00a0snoopy\u00a0\u00bb est actuellement en famille d\u2019accueil, avant d\u2019\u00eatre propos\u00e9 \u00e0 l\u2019adoption plus tard. <em>\u00ab\u00a0Il a encore du mal a s&rsquo;alimenter, il n&rsquo;accepte pas trop le biberon\u00a0\u00bb<\/em>, nous apprend l\u2019association.<\/p>\n<p>L\u2019association, cr\u00e9\u00e9e en f\u00e9vrier 2018 a pour objectifs de st\u00e9riliser les chats errants, accueillir des chats et chatons de tous \u00e2ges, abandonn\u00e9s, malades, errants, accident\u00e9s ou destin\u00e9s \u00e0 l\u2019euthanasie, pour ensuite les proposer \u00e0 l\u2019adoption. \u00ab Chats sans famille \u00bb cherche aussi, par des campagnes dans les \u00e9coles, \u00e0 sensibiliser le jeune public sur la maltraitance animale, l\u2019abandon et l\u2019importance de la st\u00e9rilisation et de la vaccination. Pour suivre l\u2019actualit\u00e9 des b\u00e9n\u00e9voles, leurs actions, et \u00e9ventuellement apporter un soutien, cliquez ici : <a href=\"https:\/\/www.facebook.com\/chatssansfamille88\/\">Chats Sans Famille | Facebook<\/a><\/p>\n","protected":false},"excerpt":{"rendered":"<p>Photos de l&rsquo;association\u00a0 C\u2019est le dernier sauvetage en date pour les b\u00e9n\u00e9voles de l\u2019association \u00ab\u00a0Chats sans famille\u00a0\u00bb. Un petit chaton [&hellip;]<\/p>\n","protected":false},"author":407,"featured_media":42520,"comment_status":"open","ping_status":"open","sticky":false,"template":"","format":"standard","meta":{"footnotes":""},"categories":[26,1556,35],"tags":[],"class_list":["post-42519","post","type-post","status-publish","format-standard","has-post-thumbnail","hentry","category-a-la-une","category-remiremont-remiremont-son-canton-2","category-remiremont-son-canton"],"acf":[],"yoast_head":"<!-- This site is optimized with the Yoast SEO plugin v22.5 - https:\/\/yoast.com\/wordpress\/plugins\/seo\/ -->\n<title>Remiremont : un petit chaton coinc\u00e9 dans une voiture secouru par \u00ab Chats sans famille \u00bb - Remiremont Info<\/title>\n<meta name=\"robots\" content=\"index, follow, max-snippet:-1, max-image-preview:large, max-video-preview:-1\" \/>\n<link rel=\"canonical\" href=\"https:\/\/vosgesinfo.fr\/remiremontinfo\/2021\/06\/remiremont-petit-chaton-coince-voiture-secouru-chats-famille\/\" \/>\n<meta name=\"twitter:card\" content=\"summary_large_image\" \/>\n<meta name=\"twitter:title\" content=\"Remiremont : un petit chaton coinc\u00e9 dans une voiture secouru par \u00ab Chats sans famille \u00bb - Remiremont Info\" \/>\n<meta name=\"twitter:description\" content=\"Photos de l&rsquo;association\u00a0 C\u2019est le dernier sauvetage en date pour les b\u00e9n\u00e9voles de l\u2019association \u00ab\u00a0Chats sans famille\u00a0\u00bb. Un petit chaton [&hellip;]\" \/>\n<meta name=\"twitter:image\" content=\"https:\/\/vosgesinfo.fr\/app\/uploads\/sites\/5\/2024\/09\/202106209151965-1117102872114029-2517724108796682647-n.jpg\" \/>\n<meta name=\"twitter:creator\" content=\"@VosgesInfo88\" \/>\n<meta name=\"twitter:site\" content=\"@VosgesInfo88\" \/>\n<meta name=\"twitter:label1\" content=\"\u00c9crit par\" \/>\n\t<meta name=\"twitter:data1\" content=\"C D\" \/>\n\t<meta name=\"twitter:label2\" content=\"Dur\u00e9e de lecture estim\u00e9e\" \/>\n\t<meta name=\"twitter:data2\" content=\"2 minutes\" \/>\n<script type=\"application\/ld+json\" class=\"yoast-schema-graph\">{\"@context\":\"https:\/\/schema.org\",\"@graph\":[{\"@type\":\"Article\",\"@id\":\"https:\/\/vosgesinfo.fr\/remiremontinfo\/2021\/06\/remiremont-petit-chaton-coince-voiture-secouru-chats-famille\/#article\",\"isPartOf\":{\"@id\":\"https:\/\/vosgesinfo.fr\/remiremontinfo\/2021\/06\/remiremont-petit-chaton-coince-voiture-secouru-chats-famille\/\"},\"author\":{\"name\":\"C D\",\"@id\":\"https:\/\/vosgesinfo.fr\/remiremontinfo\/#\/schema\/person\/3bfd164d5218a185b1db68655a265316\"},\"headline\":\"Remiremont : un petit chaton coinc\u00e9 dans une voiture secouru par \u00ab Chats sans famille \u00bb\",\"datePublished\":\"2021-06-30T05:23:34+00:00\",\"dateModified\":\"2021-06-30T05:23:34+00:00\",\"mainEntityOfPage\":{\"@id\":\"https:\/\/vosgesinfo.fr\/remiremontinfo\/2021\/06\/remiremont-petit-chaton-coince-voiture-secouru-chats-famille\/\"},\"wordCount\":381,\"commentCount\":0,\"publisher\":{\"@id\":\"https:\/\/vosgesinfo.fr\/remiremontinfo\/#organization\"},\"image\":{\"@id\":\"https:\/\/vosgesinfo.fr\/remiremontinfo\/2021\/06\/remiremont-petit-chaton-coince-voiture-secouru-chats-famille\/#primaryimage\"},\"thumbnailUrl\":\"https:\/\/vosgesinfo.fr\/app\/uploads\/sites\/5\/2024\/09\/202106209151965-1117102872114029-2517724108796682647-n.jpg\",\"articleSection\":[\"A la Une\",\"Remiremont\",\"Remiremont &amp; son canton\"],\"inLanguage\":\"fr-FR\",\"potentialAction\":[{\"@type\":\"CommentAction\",\"name\":\"Comment\",\"target\":[\"https:\/\/vosgesinfo.fr\/remiremontinfo\/2021\/06\/remiremont-petit-chaton-coince-voiture-secouru-chats-famille\/#respond\"]}]},{\"@type\":\"WebPage\",\"@id\":\"https:\/\/vosgesinfo.fr\/remiremontinfo\/2021\/06\/remiremont-petit-chaton-coince-voiture-secouru-chats-famille\/\",\"url\":\"https:\/\/vosgesinfo.fr\/remiremontinfo\/2021\/06\/remiremont-petit-chaton-coince-voiture-secouru-chats-famille\/\",\"name\":\"Remiremont : un petit chaton coinc\u00e9 dans une voiture secouru par \u00ab Chats sans famille \u00bb - Remiremont Info\",\"isPartOf\":{\"@id\":\"https:\/\/vosgesinfo.fr\/remiremontinfo\/#website\"},\"primaryImageOfPage\":{\"@id\":\"https:\/\/vosgesinfo.fr\/remiremontinfo\/2021\/06\/remiremont-petit-chaton-coince-voiture-secouru-chats-famille\/#primaryimage\"},\"image\":{\"@id\":\"https:\/\/vosgesinfo.fr\/remiremontinfo\/2021\/06\/remiremont-petit-chaton-coince-voiture-secouru-chats-famille\/#primaryimage\"},\"thumbnailUrl\":\"https:\/\/vosgesinfo.fr\/app\/uploads\/sites\/5\/2024\/09\/202106209151965-1117102872114029-2517724108796682647-n.jpg\",\"datePublished\":\"2021-06-30T05:23:34+00:00\",\"dateModified\":\"2021-06-30T05:23:34+00:00\",\"breadcrumb\":{\"@id\":\"https:\/\/vosgesinfo.fr\/remiremontinfo\/2021\/06\/remiremont-petit-chaton-coince-voiture-secouru-chats-famille\/#breadcrumb\"},\"inLanguage\":\"fr-FR\",\"potentialAction\":[{\"@type\":\"ReadAction\",\"target\":[\"https:\/\/vosgesinfo.fr\/remiremontinfo\/2021\/06\/remiremont-petit-chaton-coince-voiture-secouru-chats-famille\/\"]}]},{\"@type\":\"ImageObject\",\"inLanguage\":\"fr-FR\",\"@id\":\"https:\/\/vosgesinfo.fr\/remiremontinfo\/2021\/06\/remiremont-petit-chaton-coince-voiture-secouru-chats-famille\/#primaryimage\",\"url\":\"https:\/\/vosgesinfo.fr\/app\/uploads\/sites\/5\/2024\/09\/202106209151965-1117102872114029-2517724108796682647-n.jpg\",\"contentUrl\":\"https:\/\/vosgesinfo.fr\/app\/uploads\/sites\/5\/2024\/09\/202106209151965-1117102872114029-2517724108796682647-n.jpg\",\"width\":800,\"height\":596},{\"@type\":\"BreadcrumbList\",\"@id\":\"https:\/\/vosgesinfo.fr\/remiremontinfo\/2021\/06\/remiremont-petit-chaton-coince-voiture-secouru-chats-famille\/#breadcrumb\",\"itemListElement\":[{\"@type\":\"ListItem\",\"position\":1,\"name\":\"Home\",\"item\":\"https:\/\/vosgesinfo.fr\/remiremontinfo\/\"},{\"@type\":\"ListItem\",\"position\":2,\"name\":\"Remiremont : un petit chaton coinc\u00e9 dans une voiture secouru par \u00ab Chats sans famille \u00bb\"}]},{\"@type\":\"WebSite\",\"@id\":\"https:\/\/vosgesinfo.fr\/remiremontinfo\/#website\",\"url\":\"https:\/\/vosgesinfo.fr\/remiremontinfo\/\",\"name\":\"Remiremont Info\",\"description\":\"Toute l&#039;actualit\u00e9 de Remiremont\",\"publisher\":{\"@id\":\"https:\/\/vosgesinfo.fr\/remiremontinfo\/#organization\"},\"alternateName\":\"Toute l'actualit\u00e9 de Remiremont\",\"potentialAction\":[{\"@type\":\"SearchAction\",\"target\":{\"@type\":\"EntryPoint\",\"urlTemplate\":\"https:\/\/vosgesinfo.fr\/remiremontinfo\/?s={search_term_string}\"},\"query-input\":\"required name=search_term_string\"}],\"inLanguage\":\"fr-FR\"},{\"@type\":\"Organization\",\"@id\":\"https:\/\/vosgesinfo.fr\/remiremontinfo\/#organization\",\"name\":\"Remiremont Info\",\"url\":\"https:\/\/vosgesinfo.fr\/remiremontinfo\/\",\"logo\":{\"@type\":\"ImageObject\",\"inLanguage\":\"fr-FR\",\"@id\":\"https:\/\/vosgesinfo.fr\/remiremontinfo\/#\/schema\/logo\/image\/\",\"url\":\"https:\/\/vosgesinfo.fr\/app\/uploads\/sites\/5\/2023\/08\/favicon-remiremontinfo.png\",\"contentUrl\":\"https:\/\/vosgesinfo.fr\/app\/uploads\/sites\/5\/2023\/08\/favicon-remiremontinfo.png\",\"width\":512,\"height\":512,\"caption\":\"Remiremont Info\"},\"image\":{\"@id\":\"https:\/\/vosgesinfo.fr\/remiremontinfo\/#\/schema\/logo\/image\/\"},\"sameAs\":[\"https:\/\/www.facebook.com\/remiremontinfo\",\"https:\/\/x.com\/VosgesInfo88\",\"https:\/\/www.youtube.com\/@vosgesinfo\"]},{\"@type\":\"Person\",\"@id\":\"https:\/\/vosgesinfo.fr\/remiremontinfo\/#\/schema\/person\/3bfd164d5218a185b1db68655a265316\",\"name\":\"C D\",\"image\":{\"@type\":\"ImageObject\",\"inLanguage\":\"fr-FR\",\"@id\":\"https:\/\/vosgesinfo.fr\/remiremontinfo\/#\/schema\/person\/image\/\",\"url\":\"https:\/\/secure.gravatar.com\/avatar\/1f9a70007336511a47468b8f1c66f922b8b7cf617b02a31149ada43893a5d48f?s=96&d=mm&r=g\",\"contentUrl\":\"https:\/\/secure.gravatar.com\/avatar\/1f9a70007336511a47468b8f1c66f922b8b7cf617b02a31149ada43893a5d48f?s=96&d=mm&r=g\",\"caption\":\"C D\"},\"url\":\"https:\/\/vosgesinfo.fr\/remiremontinfo\/author\/cedric-drevet\/\"}]}<\/script>\n<!-- \/ Yoast SEO plugin. -->","yoast_head_json":{"title":"Remiremont : un petit chaton coinc\u00e9 dans une voiture secouru par \u00ab Chats sans famille \u00bb - Remiremont Info","robots":{"index":"index","follow":"follow","max-snippet":"max-snippet:-1","max-image-preview":"max-image-preview:large","max-video-preview":"max-video-preview:-1"},"canonical":"https:\/\/vosgesinfo.fr\/remiremontinfo\/2021\/06\/remiremont-petit-chaton-coince-voiture-secouru-chats-famille\/","twitter_card":"summary_large_image","twitter_title":"Remiremont : un petit chaton coinc\u00e9 dans une voiture secouru par \u00ab Chats sans famille \u00bb - Remiremont Info","twitter_description":"Photos de l&rsquo;association\u00a0 C\u2019est le dernier sauvetage en date pour les b\u00e9n\u00e9voles de l\u2019association \u00ab\u00a0Chats sans famille\u00a0\u00bb. Un petit chaton [&hellip;]","twitter_image":"https:\/\/vosgesinfo.fr\/app\/uploads\/sites\/5\/2024\/09\/202106209151965-1117102872114029-2517724108796682647-n.jpg","twitter_creator":"@VosgesInfo88","twitter_site":"@VosgesInfo88","twitter_misc":{"\u00c9crit par":"C D","Dur\u00e9e de lecture estim\u00e9e":"2 minutes"},"schema":{"@context":"https:\/\/schema.org","@graph":[{"@type":"Article","@id":"https:\/\/vosgesinfo.fr\/remiremontinfo\/2021\/06\/remiremont-petit-chaton-coince-voiture-secouru-chats-famille\/#article","isPartOf":{"@id":"https:\/\/vosgesinfo.fr\/remiremontinfo\/2021\/06\/remiremont-petit-chaton-coince-voiture-secouru-chats-famille\/"},"author":{"name":"C D","@id":"https:\/\/vosgesinfo.fr\/remiremontinfo\/#\/schema\/person\/3bfd164d5218a185b1db68655a265316"},"headline":"Remiremont : un petit chaton coinc\u00e9 dans une voiture secouru par \u00ab Chats sans famille \u00bb","datePublished":"2021-06-30T05:23:34+00:00","dateModified":"2021-06-30T05:23:34+00:00","mainEntityOfPage":{"@id":"https:\/\/vosgesinfo.fr\/remiremontinfo\/2021\/06\/remiremont-petit-chaton-coince-voiture-secouru-chats-famille\/"},"wordCount":381,"commentCount":0,"publisher":{"@id":"https:\/\/vosgesinfo.fr\/remiremontinfo\/#organization"},"image":{"@id":"https:\/\/vosgesinfo.fr\/remiremontinfo\/2021\/06\/remiremont-petit-chaton-coince-voiture-secouru-chats-famille\/#primaryimage"},"thumbnailUrl":"https:\/\/vosgesinfo.fr\/app\/uploads\/sites\/5\/2024\/09\/202106209151965-1117102872114029-2517724108796682647-n.jpg","articleSection":["A la Une","Remiremont","Remiremont &amp; son canton"],"inLanguage":"fr-FR","potentialAction":[{"@type":"CommentAction","name":"Comment","target":["https:\/\/vosgesinfo.fr\/remiremontinfo\/2021\/06\/remiremont-petit-chaton-coince-voiture-secouru-chats-famille\/#respond"]}]},{"@type":"WebPage","@id":"https:\/\/vosgesinfo.fr\/remiremontinfo\/2021\/06\/remiremont-petit-chaton-coince-voiture-secouru-chats-famille\/","url":"https:\/\/vosgesinfo.fr\/remiremontinfo\/2021\/06\/remiremont-petit-chaton-coince-voiture-secouru-chats-famille\/","name":"Remiremont : un petit chaton coinc\u00e9 dans une voiture secouru par \u00ab Chats sans famille \u00bb - Remiremont Info","isPartOf":{"@id":"https:\/\/vosgesinfo.fr\/remiremontinfo\/#website"},"primaryImageOfPage":{"@id":"https:\/\/vosgesinfo.fr\/remiremontinfo\/2021\/06\/remiremont-petit-chaton-coince-voiture-secouru-chats-famille\/#primaryimage"},"image":{"@id":"https:\/\/vosgesinfo.fr\/remiremontinfo\/2021\/06\/remiremont-petit-chaton-coince-voiture-secouru-chats-famille\/#primaryimage"},"thumbnailUrl":"https:\/\/vosgesinfo.fr\/app\/uploads\/sites\/5\/2024\/09\/202106209151965-1117102872114029-2517724108796682647-n.jpg","datePublished":"2021-06-30T05:23:34+00:00","dateModified":"2021-06-30T05:23:34+00:00","breadcrumb":{"@id":"https:\/\/vosgesinfo.fr\/remiremontinfo\/2021\/06\/remiremont-petit-chaton-coince-voiture-secouru-chats-famille\/#breadcrumb"},"inLanguage":"fr-FR","potentialAction":[{"@type":"ReadAction","target":["https:\/\/vosgesinfo.fr\/remiremontinfo\/2021\/06\/remiremont-petit-chaton-coince-voiture-secouru-chats-famille\/"]}]},{"@type":"ImageObject","inLanguage":"fr-FR","@id":"https:\/\/vosgesinfo.fr\/remiremontinfo\/2021\/06\/remiremont-petit-chaton-coince-voiture-secouru-chats-famille\/#primaryimage","url":"https:\/\/vosgesinfo.fr\/app\/uploads\/sites\/5\/2024\/09\/202106209151965-1117102872114029-2517724108796682647-n.jpg","contentUrl":"https:\/\/vosgesinfo.fr\/app\/uploads\/sites\/5\/2024\/09\/202106209151965-1117102872114029-2517724108796682647-n.jpg","width":800,"height":596},{"@type":"BreadcrumbList","@id":"https:\/\/vosgesinfo.fr\/remiremontinfo\/2021\/06\/remiremont-petit-chaton-coince-voiture-secouru-chats-famille\/#breadcrumb","itemListElement":[{"@type":"ListItem","position":1,"name":"Home","item":"https:\/\/vosgesinfo.fr\/remiremontinfo\/"},{"@type":"ListItem","position":2,"name":"Remiremont : un petit chaton coinc\u00e9 dans une voiture secouru par \u00ab Chats sans famille \u00bb"}]},{"@type":"WebSite","@id":"https:\/\/vosgesinfo.fr\/remiremontinfo\/#website","url":"https:\/\/vosgesinfo.fr\/remiremontinfo\/","name":"Remiremont Info","description":"Toute l&#039;actualit\u00e9 de Remiremont","publisher":{"@id":"https:\/\/vosgesinfo.fr\/remiremontinfo\/#organization"},"alternateName":"Toute l'actualit\u00e9 de Remiremont","potentialAction":[{"@type":"SearchAction","target":{"@type":"EntryPoint","urlTemplate":"https:\/\/vosgesinfo.fr\/remiremontinfo\/?s={search_term_string}"},"query-input":"required name=search_term_string"}],"inLanguage":"fr-FR"},{"@type":"Organization","@id":"https:\/\/vosgesinfo.fr\/remiremontinfo\/#organization","name":"Remiremont Info","url":"https:\/\/vosgesinfo.fr\/remiremontinfo\/","logo":{"@type":"ImageObject","inLanguage":"fr-FR","@id":"https:\/\/vosgesinfo.fr\/remiremontinfo\/#\/schema\/logo\/image\/","url":"https:\/\/vosgesinfo.fr\/app\/uploads\/sites\/5\/2023\/08\/favicon-remiremontinfo.png","contentUrl":"https:\/\/vosgesinfo.fr\/app\/uploads\/sites\/5\/2023\/08\/favicon-remiremontinfo.png","width":512,"height":512,"caption":"Remiremont Info"},"image":{"@id":"https:\/\/vosgesinfo.fr\/remiremontinfo\/#\/schema\/logo\/image\/"},"sameAs":["https:\/\/www.facebook.com\/remiremontinfo","https:\/\/x.com\/VosgesInfo88","https:\/\/www.youtube.com\/@vosgesinfo"]},{"@type":"Person","@id":"https:\/\/vosgesinfo.fr\/remiremontinfo\/#\/schema\/person\/3bfd164d5218a185b1db68655a265316","name":"C D","image":{"@type":"ImageObject","inLanguage":"fr-FR","@id":"https:\/\/vosgesinfo.fr\/remiremontinfo\/#\/schema\/person\/image\/","url":"https:\/\/secure.gravatar.com\/avatar\/1f9a70007336511a47468b8f1c66f922b8b7cf617b02a31149ada43893a5d48f?s=96&d=mm&r=g","contentUrl":"https:\/\/secure.gravatar.com\/avatar\/1f9a70007336511a47468b8f1c66f922b8b7cf617b02a31149ada43893a5d48f?s=96&d=mm&r=g","caption":"C D"},"url":"https:\/\/vosgesinfo.fr\/remiremontinfo\/author\/cedric-drevet\/"}]}},"_links":{"self":[{"href":"https:\/\/vosgesinfo.fr\/remiremontinfo\/wp-json\/wp\/v2\/posts\/42519","targetHints":{"allow":["GET"]}}],"collection":[{"href":"https:\/\/vosgesinfo.fr\/remiremontinfo\/wp-json\/wp\/v2\/posts"}],"about":[{"href":"https:\/\/vosgesinfo.fr\/remiremontinfo\/wp-json\/wp\/v2\/types\/post"}],"author":[{"embeddable":true,"href":"https:\/\/vosgesinfo.fr\/remiremontinfo\/wp-json\/wp\/v2\/users\/407"}],"replies":[{"embeddable":true,"href":"https:\/\/vosgesinfo.fr\/remiremontinfo\/wp-json\/wp\/v2\/comments?post=42519"}],"version-history":[{"count":0,"href":"https:\/\/vosgesinfo.fr\/remiremontinfo\/wp-json\/wp\/v2\/posts\/42519\/revisions"}],"wp:featuredmedia":[{"embeddable":true,"href":"https:\/\/vosgesinfo.fr\/remiremontinfo\/wp-json\/wp\/v2\/media\/42520"}],"wp:attachment":[{"href":"https:\/\/vosgesinfo.fr\/remiremontinfo\/wp-json\/wp\/v2\/media?parent=42519"}],"wp:term":[{"taxonomy":"category","embeddable":true,"href":"https:\/\/vosgesinfo.fr\/remiremontinfo\/wp-json\/wp\/v2\/categories?post=42519"},{"taxonomy":"post_tag","embeddable":true,"href":"https:\/\/vosgesinfo.fr\/remiremontinfo\/wp-json\/wp\/v2\/tags?post=42519"}],"curies":[{"name":"wp","href":"https:\/\/api.w.org\/{rel}","templated":true}]}}