{"id":42530,"date":"2021-06-30T07:25:53","date_gmt":"2021-06-30T05:25:53","guid":{"rendered":"https:\/\/vosgesinfo.fr\/remiremontinfo\/2021\/06\/programmation-culturelle-intercommunale-a-linitiative-de-lassociation-pacct\/"},"modified":"2021-06-30T07:25:53","modified_gmt":"2021-06-30T05:25:53","slug":"programmation-culturelle-intercommunale-a-linitiative-de-lassociation-pacct","status":"publish","type":"post","link":"https:\/\/vosgesinfo.fr\/remiremontinfo\/2021\/06\/programmation-culturelle-intercommunale-a-linitiative-de-lassociation-pacct\/","title":{"rendered":"Une programmation culturelle intercommunale \u00e0 l\u2019initiative de l\u2019association PACCT"},"content":{"rendered":"<p style=\"text-align: center;\"><a href=\"\/2021\/06\/208936037_363270068655383_1768755739180741281_n.jpg\"><img decoding=\"async\" class=\"alignnone size-full wp-image-320337\" src=\"\/2021\/06\/208936037_363270068655383_1768755739180741281_n.jpg\" alt=\"208936037_363270068655383_1768755739180741281_n\" width=\"800\" height=\"389\" \/><\/a><\/p>\n<p><span style=\"font-size: 10pt;\"><em>Photo de la Mairie de Saint-Nabord<\/em><\/span><\/p>\n<h2><span style=\"font-size: 12pt;\"><strong>Ce lundi, \u00e0 la salle Multi-activit\u00e9s de Saint-\u00c9tienne, les 3 communes de Remiremont, Saint-Nabord, Saint-Etienne et l\u2019association PACCT (Partenariat des Acteurs Culturels Citoyens et Territoriaux) ont sign\u00e9 une convention quadripartite en vue d\u2019une programmation culturelle intercommunale.<\/strong><\/span><\/h2>\n<p>Cette d\u00e9marche, \u00e0 l\u2019initiative de l\u2019association PACCT, permettra aux 3 communes de collaborer tout au long de l\u2019ann\u00e9e sur une offre de spectacles de qualit\u00e9 (concerts, th\u00e9\u00e2tre, spectacles d\u2019humour\u2026) r\u00e9partis \u00e9quitablement dans chaque salle de spectacle. L\u2019association PACCT fera chaque ann\u00e9e ses propositions de spectacles \u00e0 un comit\u00e9 de programmation compos\u00e9 pour la plupart de repr\u00e9sentants communaux et assurera l\u2019organisation des \u00e9v\u00e9nements dans les salles de spectacle mises gracieusement \u00e0 disposition. Chaque commune accueillera 3 spectacles et 2 \u00ab jeudis de l\u2019humour \u00bb. La f\u00eate de la musique se d\u00e9roulera chaque ann\u00e9e dans une commune diff\u00e9rente.<\/p>\n<p>Les dates de concerts, de stand-up, de th\u00e9\u00e2tre ou de spectacles divers sont d\u00e9j\u00e0 retenues et seront tr\u00e8s prochainement communiqu\u00e9es aux habitants des 3 communes, qui pourront profiter de pr\u00e9 r\u00e9servation et de tarifs pr\u00e9f\u00e9rentiels. Les r\u00e9jouissances commencent d\u00e8s le 15 octobre \u00e0 Saint-Etienne avec le concert du groupe Madame Monsieur et de Flo Delavega pr\u00e9vu le 4 d\u00e9cembre. Du rire \u00e0 Remiremont avec le Total Comedy festival du 11 au 13 mars 2022. Le centre socioculturel de Saint-Nabord accueillera quant \u00e0 lui le spectacle du mentaliste Fabien Olicard le 26 mars 2022, la pi\u00e8ce de th\u00e9\u00e2tre \u00ab Mademoiselle Moli\u00e8re \u00bb le 7 mai 2022 et le spectacle d\u2019humour de La Bajon le 21 mai 2022. De nombreuses autres dates \u00e0 confirmer compl\u00e9teront cette belle programmation.<\/p>\n","protected":false},"excerpt":{"rendered":"<p>Photo de la Mairie de Saint-Nabord Ce lundi, \u00e0 la salle Multi-activit\u00e9s de Saint-\u00c9tienne, les 3 communes de Remiremont, Saint-Nabord, [&hellip;]<\/p>\n","protected":false},"author":407,"featured_media":42531,"comment_status":"open","ping_status":"open","sticky":false,"template":"","format":"standard","meta":{"footnotes":""},"categories":[26,4,1556,35],"tags":[],"class_list":["post-42530","post","type-post","status-publish","format-standard","has-post-thumbnail","hentry","category-a-la-une","category-culture","category-remiremont-remiremont-son-canton-2","category-remiremont-son-canton"],"acf":[],"yoast_head":"<!-- This site is optimized with the Yoast SEO plugin v22.5 - https:\/\/yoast.com\/wordpress\/plugins\/seo\/ -->\n<title>Une programmation culturelle intercommunale \u00e0 l\u2019initiative de l\u2019association PACCT - Remiremont Info<\/title>\n<meta name=\"robots\" content=\"index, follow, max-snippet:-1, max-image-preview:large, max-video-preview:-1\" \/>\n<link rel=\"canonical\" href=\"https:\/\/vosgesinfo.fr\/remiremontinfo\/2021\/06\/programmation-culturelle-intercommunale-a-linitiative-de-lassociation-pacct\/\" \/>\n<meta name=\"twitter:card\" content=\"summary_large_image\" \/>\n<meta name=\"twitter:title\" content=\"Une programmation culturelle intercommunale \u00e0 l\u2019initiative de l\u2019association PACCT - Remiremont Info\" \/>\n<meta name=\"twitter:description\" content=\"Photo de la Mairie de Saint-Nabord Ce lundi, \u00e0 la salle Multi-activit\u00e9s de Saint-\u00c9tienne, les 3 communes de Remiremont, Saint-Nabord, [&hellip;]\" \/>\n<meta name=\"twitter:image\" content=\"https:\/\/vosgesinfo.fr\/app\/uploads\/sites\/5\/2024\/09\/202106208936037-363270068655383-1768755739180741281-n.jpg\" \/>\n<meta name=\"twitter:creator\" content=\"@VosgesInfo88\" \/>\n<meta name=\"twitter:site\" content=\"@VosgesInfo88\" \/>\n<meta name=\"twitter:label1\" content=\"\u00c9crit par\" \/>\n\t<meta name=\"twitter:data1\" content=\"C D\" \/>\n\t<meta name=\"twitter:label2\" content=\"Dur\u00e9e de lecture estim\u00e9e\" \/>\n\t<meta name=\"twitter:data2\" content=\"1 minute\" \/>\n<script type=\"application\/ld+json\" class=\"yoast-schema-graph\">{\"@context\":\"https:\/\/schema.org\",\"@graph\":[{\"@type\":\"Article\",\"@id\":\"https:\/\/vosgesinfo.fr\/remiremontinfo\/2021\/06\/programmation-culturelle-intercommunale-a-linitiative-de-lassociation-pacct\/#article\",\"isPartOf\":{\"@id\":\"https:\/\/vosgesinfo.fr\/remiremontinfo\/2021\/06\/programmation-culturelle-intercommunale-a-linitiative-de-lassociation-pacct\/\"},\"author\":{\"name\":\"C D\",\"@id\":\"https:\/\/vosgesinfo.fr\/remiremontinfo\/#\/schema\/person\/3bfd164d5218a185b1db68655a265316\"},\"headline\":\"Une programmation culturelle intercommunale \u00e0 l\u2019initiative de l\u2019association PACCT\",\"datePublished\":\"2021-06-30T05:25:53+00:00\",\"dateModified\":\"2021-06-30T05:25:53+00:00\",\"mainEntityOfPage\":{\"@id\":\"https:\/\/vosgesinfo.fr\/remiremontinfo\/2021\/06\/programmation-culturelle-intercommunale-a-linitiative-de-lassociation-pacct\/\"},\"wordCount\":284,\"commentCount\":0,\"publisher\":{\"@id\":\"https:\/\/vosgesinfo.fr\/remiremontinfo\/#organization\"},\"image\":{\"@id\":\"https:\/\/vosgesinfo.fr\/remiremontinfo\/2021\/06\/programmation-culturelle-intercommunale-a-linitiative-de-lassociation-pacct\/#primaryimage\"},\"thumbnailUrl\":\"https:\/\/vosgesinfo.fr\/app\/uploads\/sites\/5\/2024\/09\/202106208936037-363270068655383-1768755739180741281-n.jpg\",\"articleSection\":[\"A la Une\",\"Culture\",\"Remiremont\",\"Remiremont &amp; son canton\"],\"inLanguage\":\"fr-FR\",\"potentialAction\":[{\"@type\":\"CommentAction\",\"name\":\"Comment\",\"target\":[\"https:\/\/vosgesinfo.fr\/remiremontinfo\/2021\/06\/programmation-culturelle-intercommunale-a-linitiative-de-lassociation-pacct\/#respond\"]}]},{\"@type\":\"WebPage\",\"@id\":\"https:\/\/vosgesinfo.fr\/remiremontinfo\/2021\/06\/programmation-culturelle-intercommunale-a-linitiative-de-lassociation-pacct\/\",\"url\":\"https:\/\/vosgesinfo.fr\/remiremontinfo\/2021\/06\/programmation-culturelle-intercommunale-a-linitiative-de-lassociation-pacct\/\",\"name\":\"Une programmation culturelle intercommunale \u00e0 l\u2019initiative de l\u2019association PACCT - Remiremont Info\",\"isPartOf\":{\"@id\":\"https:\/\/vosgesinfo.fr\/remiremontinfo\/#website\"},\"primaryImageOfPage\":{\"@id\":\"https:\/\/vosgesinfo.fr\/remiremontinfo\/2021\/06\/programmation-culturelle-intercommunale-a-linitiative-de-lassociation-pacct\/#primaryimage\"},\"image\":{\"@id\":\"https:\/\/vosgesinfo.fr\/remiremontinfo\/2021\/06\/programmation-culturelle-intercommunale-a-linitiative-de-lassociation-pacct\/#primaryimage\"},\"thumbnailUrl\":\"https:\/\/vosgesinfo.fr\/app\/uploads\/sites\/5\/2024\/09\/202106208936037-363270068655383-1768755739180741281-n.jpg\",\"datePublished\":\"2021-06-30T05:25:53+00:00\",\"dateModified\":\"2021-06-30T05:25:53+00:00\",\"breadcrumb\":{\"@id\":\"https:\/\/vosgesinfo.fr\/remiremontinfo\/2021\/06\/programmation-culturelle-intercommunale-a-linitiative-de-lassociation-pacct\/#breadcrumb\"},\"inLanguage\":\"fr-FR\",\"potentialAction\":[{\"@type\":\"ReadAction\",\"target\":[\"https:\/\/vosgesinfo.fr\/remiremontinfo\/2021\/06\/programmation-culturelle-intercommunale-a-linitiative-de-lassociation-pacct\/\"]}]},{\"@type\":\"ImageObject\",\"inLanguage\":\"fr-FR\",\"@id\":\"https:\/\/vosgesinfo.fr\/remiremontinfo\/2021\/06\/programmation-culturelle-intercommunale-a-linitiative-de-lassociation-pacct\/#primaryimage\",\"url\":\"https:\/\/vosgesinfo.fr\/app\/uploads\/sites\/5\/2024\/09\/202106208936037-363270068655383-1768755739180741281-n.jpg\",\"contentUrl\":\"https:\/\/vosgesinfo.fr\/app\/uploads\/sites\/5\/2024\/09\/202106208936037-363270068655383-1768755739180741281-n.jpg\",\"width\":800,\"height\":389},{\"@type\":\"BreadcrumbList\",\"@id\":\"https:\/\/vosgesinfo.fr\/remiremontinfo\/2021\/06\/programmation-culturelle-intercommunale-a-linitiative-de-lassociation-pacct\/#breadcrumb\",\"itemListElement\":[{\"@type\":\"ListItem\",\"position\":1,\"name\":\"Home\",\"item\":\"https:\/\/vosgesinfo.fr\/remiremontinfo\/\"},{\"@type\":\"ListItem\",\"position\":2,\"name\":\"Une programmation culturelle intercommunale \u00e0 l\u2019initiative de l\u2019association PACCT\"}]},{\"@type\":\"WebSite\",\"@id\":\"https:\/\/vosgesinfo.fr\/remiremontinfo\/#website\",\"url\":\"https:\/\/vosgesinfo.fr\/remiremontinfo\/\",\"name\":\"Remiremont Info\",\"description\":\"Toute l&#039;actualit\u00e9 de Remiremont\",\"publisher\":{\"@id\":\"https:\/\/vosgesinfo.fr\/remiremontinfo\/#organization\"},\"alternateName\":\"Toute l'actualit\u00e9 de Remiremont\",\"potentialAction\":[{\"@type\":\"SearchAction\",\"target\":{\"@type\":\"EntryPoint\",\"urlTemplate\":\"https:\/\/vosgesinfo.fr\/remiremontinfo\/?s={search_term_string}\"},\"query-input\":\"required name=search_term_string\"}],\"inLanguage\":\"fr-FR\"},{\"@type\":\"Organization\",\"@id\":\"https:\/\/vosgesinfo.fr\/remiremontinfo\/#organization\",\"name\":\"Remiremont Info\",\"url\":\"https:\/\/vosgesinfo.fr\/remiremontinfo\/\",\"logo\":{\"@type\":\"ImageObject\",\"inLanguage\":\"fr-FR\",\"@id\":\"https:\/\/vosgesinfo.fr\/remiremontinfo\/#\/schema\/logo\/image\/\",\"url\":\"https:\/\/vosgesinfo.fr\/app\/uploads\/sites\/5\/2023\/08\/favicon-remiremontinfo.png\",\"contentUrl\":\"https:\/\/vosgesinfo.fr\/app\/uploads\/sites\/5\/2023\/08\/favicon-remiremontinfo.png\",\"width\":512,\"height\":512,\"caption\":\"Remiremont Info\"},\"image\":{\"@id\":\"https:\/\/vosgesinfo.fr\/remiremontinfo\/#\/schema\/logo\/image\/\"},\"sameAs\":[\"https:\/\/www.facebook.com\/remiremontinfo\",\"https:\/\/x.com\/VosgesInfo88\",\"https:\/\/www.youtube.com\/@vosgesinfo\"]},{\"@type\":\"Person\",\"@id\":\"https:\/\/vosgesinfo.fr\/remiremontinfo\/#\/schema\/person\/3bfd164d5218a185b1db68655a265316\",\"name\":\"C D\",\"image\":{\"@type\":\"ImageObject\",\"inLanguage\":\"fr-FR\",\"@id\":\"https:\/\/vosgesinfo.fr\/remiremontinfo\/#\/schema\/person\/image\/\",\"url\":\"https:\/\/secure.gravatar.com\/avatar\/1f9a70007336511a47468b8f1c66f922b8b7cf617b02a31149ada43893a5d48f?s=96&d=mm&r=g\",\"contentUrl\":\"https:\/\/secure.gravatar.com\/avatar\/1f9a70007336511a47468b8f1c66f922b8b7cf617b02a31149ada43893a5d48f?s=96&d=mm&r=g\",\"caption\":\"C D\"},\"url\":\"https:\/\/vosgesinfo.fr\/remiremontinfo\/author\/cedric-drevet\/\"}]}<\/script>\n<!-- \/ Yoast SEO plugin. -->","yoast_head_json":{"title":"Une programmation culturelle intercommunale \u00e0 l\u2019initiative de l\u2019association PACCT - Remiremont Info","robots":{"index":"index","follow":"follow","max-snippet":"max-snippet:-1","max-image-preview":"max-image-preview:large","max-video-preview":"max-video-preview:-1"},"canonical":"https:\/\/vosgesinfo.fr\/remiremontinfo\/2021\/06\/programmation-culturelle-intercommunale-a-linitiative-de-lassociation-pacct\/","twitter_card":"summary_large_image","twitter_title":"Une programmation culturelle intercommunale \u00e0 l\u2019initiative de l\u2019association PACCT - Remiremont Info","twitter_description":"Photo de la Mairie de Saint-Nabord Ce lundi, \u00e0 la salle Multi-activit\u00e9s de Saint-\u00c9tienne, les 3 communes de Remiremont, Saint-Nabord, [&hellip;]","twitter_image":"https:\/\/vosgesinfo.fr\/app\/uploads\/sites\/5\/2024\/09\/202106208936037-363270068655383-1768755739180741281-n.jpg","twitter_creator":"@VosgesInfo88","twitter_site":"@VosgesInfo88","twitter_misc":{"\u00c9crit par":"C D","Dur\u00e9e de lecture estim\u00e9e":"1 minute"},"schema":{"@context":"https:\/\/schema.org","@graph":[{"@type":"Article","@id":"https:\/\/vosgesinfo.fr\/remiremontinfo\/2021\/06\/programmation-culturelle-intercommunale-a-linitiative-de-lassociation-pacct\/#article","isPartOf":{"@id":"https:\/\/vosgesinfo.fr\/remiremontinfo\/2021\/06\/programmation-culturelle-intercommunale-a-linitiative-de-lassociation-pacct\/"},"author":{"name":"C D","@id":"https:\/\/vosgesinfo.fr\/remiremontinfo\/#\/schema\/person\/3bfd164d5218a185b1db68655a265316"},"headline":"Une programmation culturelle intercommunale \u00e0 l\u2019initiative de l\u2019association PACCT","datePublished":"2021-06-30T05:25:53+00:00","dateModified":"2021-06-30T05:25:53+00:00","mainEntityOfPage":{"@id":"https:\/\/vosgesinfo.fr\/remiremontinfo\/2021\/06\/programmation-culturelle-intercommunale-a-linitiative-de-lassociation-pacct\/"},"wordCount":284,"commentCount":0,"publisher":{"@id":"https:\/\/vosgesinfo.fr\/remiremontinfo\/#organization"},"image":{"@id":"https:\/\/vosgesinfo.fr\/remiremontinfo\/2021\/06\/programmation-culturelle-intercommunale-a-linitiative-de-lassociation-pacct\/#primaryimage"},"thumbnailUrl":"https:\/\/vosgesinfo.fr\/app\/uploads\/sites\/5\/2024\/09\/202106208936037-363270068655383-1768755739180741281-n.jpg","articleSection":["A la Une","Culture","Remiremont","Remiremont &amp; son canton"],"inLanguage":"fr-FR","potentialAction":[{"@type":"CommentAction","name":"Comment","target":["https:\/\/vosgesinfo.fr\/remiremontinfo\/2021\/06\/programmation-culturelle-intercommunale-a-linitiative-de-lassociation-pacct\/#respond"]}]},{"@type":"WebPage","@id":"https:\/\/vosgesinfo.fr\/remiremontinfo\/2021\/06\/programmation-culturelle-intercommunale-a-linitiative-de-lassociation-pacct\/","url":"https:\/\/vosgesinfo.fr\/remiremontinfo\/2021\/06\/programmation-culturelle-intercommunale-a-linitiative-de-lassociation-pacct\/","name":"Une programmation culturelle intercommunale \u00e0 l\u2019initiative de l\u2019association PACCT - Remiremont Info","isPartOf":{"@id":"https:\/\/vosgesinfo.fr\/remiremontinfo\/#website"},"primaryImageOfPage":{"@id":"https:\/\/vosgesinfo.fr\/remiremontinfo\/2021\/06\/programmation-culturelle-intercommunale-a-linitiative-de-lassociation-pacct\/#primaryimage"},"image":{"@id":"https:\/\/vosgesinfo.fr\/remiremontinfo\/2021\/06\/programmation-culturelle-intercommunale-a-linitiative-de-lassociation-pacct\/#primaryimage"},"thumbnailUrl":"https:\/\/vosgesinfo.fr\/app\/uploads\/sites\/5\/2024\/09\/202106208936037-363270068655383-1768755739180741281-n.jpg","datePublished":"2021-06-30T05:25:53+00:00","dateModified":"2021-06-30T05:25:53+00:00","breadcrumb":{"@id":"https:\/\/vosgesinfo.fr\/remiremontinfo\/2021\/06\/programmation-culturelle-intercommunale-a-linitiative-de-lassociation-pacct\/#breadcrumb"},"inLanguage":"fr-FR","potentialAction":[{"@type":"ReadAction","target":["https:\/\/vosgesinfo.fr\/remiremontinfo\/2021\/06\/programmation-culturelle-intercommunale-a-linitiative-de-lassociation-pacct\/"]}]},{"@type":"ImageObject","inLanguage":"fr-FR","@id":"https:\/\/vosgesinfo.fr\/remiremontinfo\/2021\/06\/programmation-culturelle-intercommunale-a-linitiative-de-lassociation-pacct\/#primaryimage","url":"https:\/\/vosgesinfo.fr\/app\/uploads\/sites\/5\/2024\/09\/202106208936037-363270068655383-1768755739180741281-n.jpg","contentUrl":"https:\/\/vosgesinfo.fr\/app\/uploads\/sites\/5\/2024\/09\/202106208936037-363270068655383-1768755739180741281-n.jpg","width":800,"height":389},{"@type":"BreadcrumbList","@id":"https:\/\/vosgesinfo.fr\/remiremontinfo\/2021\/06\/programmation-culturelle-intercommunale-a-linitiative-de-lassociation-pacct\/#breadcrumb","itemListElement":[{"@type":"ListItem","position":1,"name":"Home","item":"https:\/\/vosgesinfo.fr\/remiremontinfo\/"},{"@type":"ListItem","position":2,"name":"Une programmation culturelle intercommunale \u00e0 l\u2019initiative de l\u2019association PACCT"}]},{"@type":"WebSite","@id":"https:\/\/vosgesinfo.fr\/remiremontinfo\/#website","url":"https:\/\/vosgesinfo.fr\/remiremontinfo\/","name":"Remiremont Info","description":"Toute l&#039;actualit\u00e9 de Remiremont","publisher":{"@id":"https:\/\/vosgesinfo.fr\/remiremontinfo\/#organization"},"alternateName":"Toute l'actualit\u00e9 de Remiremont","potentialAction":[{"@type":"SearchAction","target":{"@type":"EntryPoint","urlTemplate":"https:\/\/vosgesinfo.fr\/remiremontinfo\/?s={search_term_string}"},"query-input":"required name=search_term_string"}],"inLanguage":"fr-FR"},{"@type":"Organization","@id":"https:\/\/vosgesinfo.fr\/remiremontinfo\/#organization","name":"Remiremont Info","url":"https:\/\/vosgesinfo.fr\/remiremontinfo\/","logo":{"@type":"ImageObject","inLanguage":"fr-FR","@id":"https:\/\/vosgesinfo.fr\/remiremontinfo\/#\/schema\/logo\/image\/","url":"https:\/\/vosgesinfo.fr\/app\/uploads\/sites\/5\/2023\/08\/favicon-remiremontinfo.png","contentUrl":"https:\/\/vosgesinfo.fr\/app\/uploads\/sites\/5\/2023\/08\/favicon-remiremontinfo.png","width":512,"height":512,"caption":"Remiremont Info"},"image":{"@id":"https:\/\/vosgesinfo.fr\/remiremontinfo\/#\/schema\/logo\/image\/"},"sameAs":["https:\/\/www.facebook.com\/remiremontinfo","https:\/\/x.com\/VosgesInfo88","https:\/\/www.youtube.com\/@vosgesinfo"]},{"@type":"Person","@id":"https:\/\/vosgesinfo.fr\/remiremontinfo\/#\/schema\/person\/3bfd164d5218a185b1db68655a265316","name":"C D","image":{"@type":"ImageObject","inLanguage":"fr-FR","@id":"https:\/\/vosgesinfo.fr\/remiremontinfo\/#\/schema\/person\/image\/","url":"https:\/\/secure.gravatar.com\/avatar\/1f9a70007336511a47468b8f1c66f922b8b7cf617b02a31149ada43893a5d48f?s=96&d=mm&r=g","contentUrl":"https:\/\/secure.gravatar.com\/avatar\/1f9a70007336511a47468b8f1c66f922b8b7cf617b02a31149ada43893a5d48f?s=96&d=mm&r=g","caption":"C D"},"url":"https:\/\/vosgesinfo.fr\/remiremontinfo\/author\/cedric-drevet\/"}]}},"_links":{"self":[{"href":"https:\/\/vosgesinfo.fr\/remiremontinfo\/wp-json\/wp\/v2\/posts\/42530","targetHints":{"allow":["GET"]}}],"collection":[{"href":"https:\/\/vosgesinfo.fr\/remiremontinfo\/wp-json\/wp\/v2\/posts"}],"about":[{"href":"https:\/\/vosgesinfo.fr\/remiremontinfo\/wp-json\/wp\/v2\/types\/post"}],"author":[{"embeddable":true,"href":"https:\/\/vosgesinfo.fr\/remiremontinfo\/wp-json\/wp\/v2\/users\/407"}],"replies":[{"embeddable":true,"href":"https:\/\/vosgesinfo.fr\/remiremontinfo\/wp-json\/wp\/v2\/comments?post=42530"}],"version-history":[{"count":0,"href":"https:\/\/vosgesinfo.fr\/remiremontinfo\/wp-json\/wp\/v2\/posts\/42530\/revisions"}],"wp:featuredmedia":[{"embeddable":true,"href":"https:\/\/vosgesinfo.fr\/remiremontinfo\/wp-json\/wp\/v2\/media\/42531"}],"wp:attachment":[{"href":"https:\/\/vosgesinfo.fr\/remiremontinfo\/wp-json\/wp\/v2\/media?parent=42530"}],"wp:term":[{"taxonomy":"category","embeddable":true,"href":"https:\/\/vosgesinfo.fr\/remiremontinfo\/wp-json\/wp\/v2\/categories?post=42530"},{"taxonomy":"post_tag","embeddable":true,"href":"https:\/\/vosgesinfo.fr\/remiremontinfo\/wp-json\/wp\/v2\/tags?post=42530"}],"curies":[{"name":"wp","href":"https:\/\/api.w.org\/{rel}","templated":true}]}}