{"id":42574,"date":"2021-07-01T04:31:54","date_gmt":"2021-07-01T02:31:54","guid":{"rendered":"https:\/\/vosgesinfo.fr\/remiremontinfo\/2021\/07\/saint-ame-lassociation-randonett-hautes-vosges-organise-grand-nettoyage-samedi\/"},"modified":"2021-07-01T04:31:54","modified_gmt":"2021-07-01T02:31:54","slug":"saint-ame-lassociation-randonett-hautes-vosges-organise-grand-nettoyage-samedi","status":"publish","type":"post","link":"https:\/\/vosgesinfo.fr\/remiremontinfo\/2021\/07\/saint-ame-lassociation-randonett-hautes-vosges-organise-grand-nettoyage-samedi\/","title":{"rendered":"Saint-Am\u00e9 : l\u2019association \u00ab Rando\u2019nett Hautes Vosges \u00bb organise un grand nettoyage ce samedi"},"content":{"rendered":"<p style=\"text-align: center;\" align=\"left\"><a href=\"\/2021\/07\/122809913_141285077679789_4750319374364916510_n.jpg\"><img decoding=\"async\" class=\"alignnone size-full wp-image-320431\" src=\"\/2021\/07\/122809913_141285077679789_4750319374364916510_n.jpg\" alt=\"122809913_141285077679789_4750319374364916510_n\" width=\"640\" height=\"480\" \/><\/a><\/p>\n<p align=\"left\"><span style=\"font-size: 10pt;\"><em>Photo d\u2019archive, @Randonetthautesvosges<\/em><\/span><\/p>\n<h2 align=\"left\"><span style=\"font-size: 12pt;\"><strong>L\u2019association \u00ab\u00a0Rando\u2019nett Hautes Vosges\u00a0\u00bb propose un grand nettoyage ce samedi matin de 9h \u00e0 11h30, au d\u00e9part du parking de la salle polyvalente \u00e0 Saint-Am\u00e9.<\/strong><\/span><\/h2>\n<p align=\"left\">L\u2019association organise de nombreuses op\u00e9ration de ramassage de d\u00e9chets, afin de permettre la pr\u00e9servation d\u2019un environnement et d\u2019espaces propres. Depuis sa cr\u00e9ation, des centaines de kilos ont \u00e9t\u00e9 retir\u00e9s des espaces urbains, naturels, des abords des routes. Des bouteilles, des plastiques, du fer, des b\u00e2ches, des pneus, etc. L&rsquo;op\u00e9ration de ce samedi est co-organis\u00e9e avec le Conseil des Jeunes de Saint-Am\u00e9.<\/p>\n<p style=\"text-align: center;\" align=\"left\"><a href=\"\/2021\/07\/209723434_291144472693848_419455695532859003_n.jpg\"><img decoding=\"async\" class=\"alignnone size-full wp-image-320432\" src=\"\/2021\/07\/209723434_291144472693848_419455695532859003_n.jpg\" alt=\"209723434_291144472693848_419455695532859003_n\" width=\"562\" height=\"800\" \/><\/a><\/p>\n","protected":false},"excerpt":{"rendered":"<p>Photo d\u2019archive, @Randonetthautesvosges L\u2019association \u00ab\u00a0Rando\u2019nett Hautes Vosges\u00a0\u00bb propose un grand nettoyage ce samedi matin de 9h \u00e0 11h30, au d\u00e9part [&hellip;]<\/p>\n","protected":false},"author":407,"featured_media":42575,"comment_status":"open","ping_status":"open","sticky":false,"template":"","format":"standard","meta":{"footnotes":""},"categories":[26,7,35,223],"tags":[],"class_list":["post-42574","post","type-post","status-publish","format-standard","has-post-thumbnail","hentry","category-a-la-une","category-environnement","category-remiremont-son-canton","category-saint-ame"],"acf":[],"yoast_head":"<!-- This site is optimized with the Yoast SEO plugin v22.5 - https:\/\/yoast.com\/wordpress\/plugins\/seo\/ -->\n<title>Saint-Am\u00e9 : l\u2019association \u00ab Rando\u2019nett Hautes Vosges \u00bb organise un grand nettoyage ce samedi - Remiremont Info<\/title>\n<meta name=\"robots\" content=\"index, follow, max-snippet:-1, max-image-preview:large, max-video-preview:-1\" \/>\n<link rel=\"canonical\" href=\"https:\/\/vosgesinfo.fr\/remiremontinfo\/2021\/07\/saint-ame-lassociation-randonett-hautes-vosges-organise-grand-nettoyage-samedi\/\" \/>\n<meta name=\"twitter:card\" content=\"summary_large_image\" \/>\n<meta name=\"twitter:title\" content=\"Saint-Am\u00e9 : l\u2019association \u00ab Rando\u2019nett Hautes Vosges \u00bb organise un grand nettoyage ce samedi - Remiremont Info\" \/>\n<meta name=\"twitter:description\" content=\"Photo d\u2019archive, @Randonetthautesvosges L\u2019association \u00ab\u00a0Rando\u2019nett Hautes Vosges\u00a0\u00bb propose un grand nettoyage ce samedi matin de 9h \u00e0 11h30, au d\u00e9part [&hellip;]\" \/>\n<meta name=\"twitter:image\" content=\"https:\/\/vosgesinfo.fr\/app\/uploads\/sites\/5\/2024\/09\/202107122809913-141285077679789-4750319374364916510-n.jpg\" \/>\n<meta name=\"twitter:creator\" content=\"@VosgesInfo88\" \/>\n<meta name=\"twitter:site\" content=\"@VosgesInfo88\" \/>\n<meta name=\"twitter:label1\" content=\"\u00c9crit par\" \/>\n\t<meta name=\"twitter:data1\" content=\"C D\" \/>\n\t<meta name=\"twitter:label2\" content=\"Dur\u00e9e de lecture estim\u00e9e\" \/>\n\t<meta name=\"twitter:data2\" content=\"1 minute\" \/>\n<script type=\"application\/ld+json\" class=\"yoast-schema-graph\">{\"@context\":\"https:\/\/schema.org\",\"@graph\":[{\"@type\":\"Article\",\"@id\":\"https:\/\/vosgesinfo.fr\/remiremontinfo\/2021\/07\/saint-ame-lassociation-randonett-hautes-vosges-organise-grand-nettoyage-samedi\/#article\",\"isPartOf\":{\"@id\":\"https:\/\/vosgesinfo.fr\/remiremontinfo\/2021\/07\/saint-ame-lassociation-randonett-hautes-vosges-organise-grand-nettoyage-samedi\/\"},\"author\":{\"name\":\"C D\",\"@id\":\"https:\/\/vosgesinfo.fr\/remiremontinfo\/#\/schema\/person\/3bfd164d5218a185b1db68655a265316\"},\"headline\":\"Saint-Am\u00e9 : l\u2019association \u00ab Rando\u2019nett Hautes Vosges \u00bb organise un grand nettoyage ce samedi\",\"datePublished\":\"2021-07-01T02:31:54+00:00\",\"dateModified\":\"2021-07-01T02:31:54+00:00\",\"mainEntityOfPage\":{\"@id\":\"https:\/\/vosgesinfo.fr\/remiremontinfo\/2021\/07\/saint-ame-lassociation-randonett-hautes-vosges-organise-grand-nettoyage-samedi\/\"},\"wordCount\":116,\"commentCount\":0,\"publisher\":{\"@id\":\"https:\/\/vosgesinfo.fr\/remiremontinfo\/#organization\"},\"image\":{\"@id\":\"https:\/\/vosgesinfo.fr\/remiremontinfo\/2021\/07\/saint-ame-lassociation-randonett-hautes-vosges-organise-grand-nettoyage-samedi\/#primaryimage\"},\"thumbnailUrl\":\"https:\/\/vosgesinfo.fr\/app\/uploads\/sites\/5\/2024\/09\/202107122809913-141285077679789-4750319374364916510-n.jpg\",\"articleSection\":[\"A la Une\",\"Environnement\",\"Remiremont &amp; son canton\",\"Saint-Am\u00e9\"],\"inLanguage\":\"fr-FR\",\"potentialAction\":[{\"@type\":\"CommentAction\",\"name\":\"Comment\",\"target\":[\"https:\/\/vosgesinfo.fr\/remiremontinfo\/2021\/07\/saint-ame-lassociation-randonett-hautes-vosges-organise-grand-nettoyage-samedi\/#respond\"]}]},{\"@type\":\"WebPage\",\"@id\":\"https:\/\/vosgesinfo.fr\/remiremontinfo\/2021\/07\/saint-ame-lassociation-randonett-hautes-vosges-organise-grand-nettoyage-samedi\/\",\"url\":\"https:\/\/vosgesinfo.fr\/remiremontinfo\/2021\/07\/saint-ame-lassociation-randonett-hautes-vosges-organise-grand-nettoyage-samedi\/\",\"name\":\"Saint-Am\u00e9 : l\u2019association \u00ab Rando\u2019nett Hautes Vosges \u00bb organise un grand nettoyage ce samedi - Remiremont Info\",\"isPartOf\":{\"@id\":\"https:\/\/vosgesinfo.fr\/remiremontinfo\/#website\"},\"primaryImageOfPage\":{\"@id\":\"https:\/\/vosgesinfo.fr\/remiremontinfo\/2021\/07\/saint-ame-lassociation-randonett-hautes-vosges-organise-grand-nettoyage-samedi\/#primaryimage\"},\"image\":{\"@id\":\"https:\/\/vosgesinfo.fr\/remiremontinfo\/2021\/07\/saint-ame-lassociation-randonett-hautes-vosges-organise-grand-nettoyage-samedi\/#primaryimage\"},\"thumbnailUrl\":\"https:\/\/vosgesinfo.fr\/app\/uploads\/sites\/5\/2024\/09\/202107122809913-141285077679789-4750319374364916510-n.jpg\",\"datePublished\":\"2021-07-01T02:31:54+00:00\",\"dateModified\":\"2021-07-01T02:31:54+00:00\",\"breadcrumb\":{\"@id\":\"https:\/\/vosgesinfo.fr\/remiremontinfo\/2021\/07\/saint-ame-lassociation-randonett-hautes-vosges-organise-grand-nettoyage-samedi\/#breadcrumb\"},\"inLanguage\":\"fr-FR\",\"potentialAction\":[{\"@type\":\"ReadAction\",\"target\":[\"https:\/\/vosgesinfo.fr\/remiremontinfo\/2021\/07\/saint-ame-lassociation-randonett-hautes-vosges-organise-grand-nettoyage-samedi\/\"]}]},{\"@type\":\"ImageObject\",\"inLanguage\":\"fr-FR\",\"@id\":\"https:\/\/vosgesinfo.fr\/remiremontinfo\/2021\/07\/saint-ame-lassociation-randonett-hautes-vosges-organise-grand-nettoyage-samedi\/#primaryimage\",\"url\":\"https:\/\/vosgesinfo.fr\/app\/uploads\/sites\/5\/2024\/09\/202107122809913-141285077679789-4750319374364916510-n.jpg\",\"contentUrl\":\"https:\/\/vosgesinfo.fr\/app\/uploads\/sites\/5\/2024\/09\/202107122809913-141285077679789-4750319374364916510-n.jpg\",\"width\":640,\"height\":480},{\"@type\":\"BreadcrumbList\",\"@id\":\"https:\/\/vosgesinfo.fr\/remiremontinfo\/2021\/07\/saint-ame-lassociation-randonett-hautes-vosges-organise-grand-nettoyage-samedi\/#breadcrumb\",\"itemListElement\":[{\"@type\":\"ListItem\",\"position\":1,\"name\":\"Home\",\"item\":\"https:\/\/vosgesinfo.fr\/remiremontinfo\/\"},{\"@type\":\"ListItem\",\"position\":2,\"name\":\"Saint-Am\u00e9 : l\u2019association \u00ab Rando\u2019nett Hautes Vosges \u00bb organise un grand nettoyage ce samedi\"}]},{\"@type\":\"WebSite\",\"@id\":\"https:\/\/vosgesinfo.fr\/remiremontinfo\/#website\",\"url\":\"https:\/\/vosgesinfo.fr\/remiremontinfo\/\",\"name\":\"Remiremont Info\",\"description\":\"Toute l&#039;actualit\u00e9 de Remiremont\",\"publisher\":{\"@id\":\"https:\/\/vosgesinfo.fr\/remiremontinfo\/#organization\"},\"alternateName\":\"Toute l'actualit\u00e9 de Remiremont\",\"potentialAction\":[{\"@type\":\"SearchAction\",\"target\":{\"@type\":\"EntryPoint\",\"urlTemplate\":\"https:\/\/vosgesinfo.fr\/remiremontinfo\/?s={search_term_string}\"},\"query-input\":\"required name=search_term_string\"}],\"inLanguage\":\"fr-FR\"},{\"@type\":\"Organization\",\"@id\":\"https:\/\/vosgesinfo.fr\/remiremontinfo\/#organization\",\"name\":\"Remiremont Info\",\"url\":\"https:\/\/vosgesinfo.fr\/remiremontinfo\/\",\"logo\":{\"@type\":\"ImageObject\",\"inLanguage\":\"fr-FR\",\"@id\":\"https:\/\/vosgesinfo.fr\/remiremontinfo\/#\/schema\/logo\/image\/\",\"url\":\"https:\/\/vosgesinfo.fr\/app\/uploads\/sites\/5\/2023\/08\/favicon-remiremontinfo.png\",\"contentUrl\":\"https:\/\/vosgesinfo.fr\/app\/uploads\/sites\/5\/2023\/08\/favicon-remiremontinfo.png\",\"width\":512,\"height\":512,\"caption\":\"Remiremont Info\"},\"image\":{\"@id\":\"https:\/\/vosgesinfo.fr\/remiremontinfo\/#\/schema\/logo\/image\/\"},\"sameAs\":[\"https:\/\/www.facebook.com\/remiremontinfo\",\"https:\/\/x.com\/VosgesInfo88\",\"https:\/\/www.youtube.com\/@vosgesinfo\"]},{\"@type\":\"Person\",\"@id\":\"https:\/\/vosgesinfo.fr\/remiremontinfo\/#\/schema\/person\/3bfd164d5218a185b1db68655a265316\",\"name\":\"C D\",\"image\":{\"@type\":\"ImageObject\",\"inLanguage\":\"fr-FR\",\"@id\":\"https:\/\/vosgesinfo.fr\/remiremontinfo\/#\/schema\/person\/image\/\",\"url\":\"https:\/\/secure.gravatar.com\/avatar\/1f9a70007336511a47468b8f1c66f922b8b7cf617b02a31149ada43893a5d48f?s=96&d=mm&r=g\",\"contentUrl\":\"https:\/\/secure.gravatar.com\/avatar\/1f9a70007336511a47468b8f1c66f922b8b7cf617b02a31149ada43893a5d48f?s=96&d=mm&r=g\",\"caption\":\"C D\"},\"url\":\"https:\/\/vosgesinfo.fr\/remiremontinfo\/author\/cedric-drevet\/\"}]}<\/script>\n<!-- \/ Yoast SEO plugin. -->","yoast_head_json":{"title":"Saint-Am\u00e9 : l\u2019association \u00ab Rando\u2019nett Hautes Vosges \u00bb organise un grand nettoyage ce samedi - Remiremont Info","robots":{"index":"index","follow":"follow","max-snippet":"max-snippet:-1","max-image-preview":"max-image-preview:large","max-video-preview":"max-video-preview:-1"},"canonical":"https:\/\/vosgesinfo.fr\/remiremontinfo\/2021\/07\/saint-ame-lassociation-randonett-hautes-vosges-organise-grand-nettoyage-samedi\/","twitter_card":"summary_large_image","twitter_title":"Saint-Am\u00e9 : l\u2019association \u00ab Rando\u2019nett Hautes Vosges \u00bb organise un grand nettoyage ce samedi - Remiremont Info","twitter_description":"Photo d\u2019archive, @Randonetthautesvosges L\u2019association \u00ab\u00a0Rando\u2019nett Hautes Vosges\u00a0\u00bb propose un grand nettoyage ce samedi matin de 9h \u00e0 11h30, au d\u00e9part [&hellip;]","twitter_image":"https:\/\/vosgesinfo.fr\/app\/uploads\/sites\/5\/2024\/09\/202107122809913-141285077679789-4750319374364916510-n.jpg","twitter_creator":"@VosgesInfo88","twitter_site":"@VosgesInfo88","twitter_misc":{"\u00c9crit par":"C D","Dur\u00e9e de lecture estim\u00e9e":"1 minute"},"schema":{"@context":"https:\/\/schema.org","@graph":[{"@type":"Article","@id":"https:\/\/vosgesinfo.fr\/remiremontinfo\/2021\/07\/saint-ame-lassociation-randonett-hautes-vosges-organise-grand-nettoyage-samedi\/#article","isPartOf":{"@id":"https:\/\/vosgesinfo.fr\/remiremontinfo\/2021\/07\/saint-ame-lassociation-randonett-hautes-vosges-organise-grand-nettoyage-samedi\/"},"author":{"name":"C D","@id":"https:\/\/vosgesinfo.fr\/remiremontinfo\/#\/schema\/person\/3bfd164d5218a185b1db68655a265316"},"headline":"Saint-Am\u00e9 : l\u2019association \u00ab Rando\u2019nett Hautes Vosges \u00bb organise un grand nettoyage ce samedi","datePublished":"2021-07-01T02:31:54+00:00","dateModified":"2021-07-01T02:31:54+00:00","mainEntityOfPage":{"@id":"https:\/\/vosgesinfo.fr\/remiremontinfo\/2021\/07\/saint-ame-lassociation-randonett-hautes-vosges-organise-grand-nettoyage-samedi\/"},"wordCount":116,"commentCount":0,"publisher":{"@id":"https:\/\/vosgesinfo.fr\/remiremontinfo\/#organization"},"image":{"@id":"https:\/\/vosgesinfo.fr\/remiremontinfo\/2021\/07\/saint-ame-lassociation-randonett-hautes-vosges-organise-grand-nettoyage-samedi\/#primaryimage"},"thumbnailUrl":"https:\/\/vosgesinfo.fr\/app\/uploads\/sites\/5\/2024\/09\/202107122809913-141285077679789-4750319374364916510-n.jpg","articleSection":["A la Une","Environnement","Remiremont &amp; son canton","Saint-Am\u00e9"],"inLanguage":"fr-FR","potentialAction":[{"@type":"CommentAction","name":"Comment","target":["https:\/\/vosgesinfo.fr\/remiremontinfo\/2021\/07\/saint-ame-lassociation-randonett-hautes-vosges-organise-grand-nettoyage-samedi\/#respond"]}]},{"@type":"WebPage","@id":"https:\/\/vosgesinfo.fr\/remiremontinfo\/2021\/07\/saint-ame-lassociation-randonett-hautes-vosges-organise-grand-nettoyage-samedi\/","url":"https:\/\/vosgesinfo.fr\/remiremontinfo\/2021\/07\/saint-ame-lassociation-randonett-hautes-vosges-organise-grand-nettoyage-samedi\/","name":"Saint-Am\u00e9 : l\u2019association \u00ab Rando\u2019nett Hautes Vosges \u00bb organise un grand nettoyage ce samedi - Remiremont Info","isPartOf":{"@id":"https:\/\/vosgesinfo.fr\/remiremontinfo\/#website"},"primaryImageOfPage":{"@id":"https:\/\/vosgesinfo.fr\/remiremontinfo\/2021\/07\/saint-ame-lassociation-randonett-hautes-vosges-organise-grand-nettoyage-samedi\/#primaryimage"},"image":{"@id":"https:\/\/vosgesinfo.fr\/remiremontinfo\/2021\/07\/saint-ame-lassociation-randonett-hautes-vosges-organise-grand-nettoyage-samedi\/#primaryimage"},"thumbnailUrl":"https:\/\/vosgesinfo.fr\/app\/uploads\/sites\/5\/2024\/09\/202107122809913-141285077679789-4750319374364916510-n.jpg","datePublished":"2021-07-01T02:31:54+00:00","dateModified":"2021-07-01T02:31:54+00:00","breadcrumb":{"@id":"https:\/\/vosgesinfo.fr\/remiremontinfo\/2021\/07\/saint-ame-lassociation-randonett-hautes-vosges-organise-grand-nettoyage-samedi\/#breadcrumb"},"inLanguage":"fr-FR","potentialAction":[{"@type":"ReadAction","target":["https:\/\/vosgesinfo.fr\/remiremontinfo\/2021\/07\/saint-ame-lassociation-randonett-hautes-vosges-organise-grand-nettoyage-samedi\/"]}]},{"@type":"ImageObject","inLanguage":"fr-FR","@id":"https:\/\/vosgesinfo.fr\/remiremontinfo\/2021\/07\/saint-ame-lassociation-randonett-hautes-vosges-organise-grand-nettoyage-samedi\/#primaryimage","url":"https:\/\/vosgesinfo.fr\/app\/uploads\/sites\/5\/2024\/09\/202107122809913-141285077679789-4750319374364916510-n.jpg","contentUrl":"https:\/\/vosgesinfo.fr\/app\/uploads\/sites\/5\/2024\/09\/202107122809913-141285077679789-4750319374364916510-n.jpg","width":640,"height":480},{"@type":"BreadcrumbList","@id":"https:\/\/vosgesinfo.fr\/remiremontinfo\/2021\/07\/saint-ame-lassociation-randonett-hautes-vosges-organise-grand-nettoyage-samedi\/#breadcrumb","itemListElement":[{"@type":"ListItem","position":1,"name":"Home","item":"https:\/\/vosgesinfo.fr\/remiremontinfo\/"},{"@type":"ListItem","position":2,"name":"Saint-Am\u00e9 : l\u2019association \u00ab Rando\u2019nett Hautes Vosges \u00bb organise un grand nettoyage ce samedi"}]},{"@type":"WebSite","@id":"https:\/\/vosgesinfo.fr\/remiremontinfo\/#website","url":"https:\/\/vosgesinfo.fr\/remiremontinfo\/","name":"Remiremont Info","description":"Toute l&#039;actualit\u00e9 de Remiremont","publisher":{"@id":"https:\/\/vosgesinfo.fr\/remiremontinfo\/#organization"},"alternateName":"Toute l'actualit\u00e9 de Remiremont","potentialAction":[{"@type":"SearchAction","target":{"@type":"EntryPoint","urlTemplate":"https:\/\/vosgesinfo.fr\/remiremontinfo\/?s={search_term_string}"},"query-input":"required name=search_term_string"}],"inLanguage":"fr-FR"},{"@type":"Organization","@id":"https:\/\/vosgesinfo.fr\/remiremontinfo\/#organization","name":"Remiremont Info","url":"https:\/\/vosgesinfo.fr\/remiremontinfo\/","logo":{"@type":"ImageObject","inLanguage":"fr-FR","@id":"https:\/\/vosgesinfo.fr\/remiremontinfo\/#\/schema\/logo\/image\/","url":"https:\/\/vosgesinfo.fr\/app\/uploads\/sites\/5\/2023\/08\/favicon-remiremontinfo.png","contentUrl":"https:\/\/vosgesinfo.fr\/app\/uploads\/sites\/5\/2023\/08\/favicon-remiremontinfo.png","width":512,"height":512,"caption":"Remiremont Info"},"image":{"@id":"https:\/\/vosgesinfo.fr\/remiremontinfo\/#\/schema\/logo\/image\/"},"sameAs":["https:\/\/www.facebook.com\/remiremontinfo","https:\/\/x.com\/VosgesInfo88","https:\/\/www.youtube.com\/@vosgesinfo"]},{"@type":"Person","@id":"https:\/\/vosgesinfo.fr\/remiremontinfo\/#\/schema\/person\/3bfd164d5218a185b1db68655a265316","name":"C D","image":{"@type":"ImageObject","inLanguage":"fr-FR","@id":"https:\/\/vosgesinfo.fr\/remiremontinfo\/#\/schema\/person\/image\/","url":"https:\/\/secure.gravatar.com\/avatar\/1f9a70007336511a47468b8f1c66f922b8b7cf617b02a31149ada43893a5d48f?s=96&d=mm&r=g","contentUrl":"https:\/\/secure.gravatar.com\/avatar\/1f9a70007336511a47468b8f1c66f922b8b7cf617b02a31149ada43893a5d48f?s=96&d=mm&r=g","caption":"C D"},"url":"https:\/\/vosgesinfo.fr\/remiremontinfo\/author\/cedric-drevet\/"}]}},"_links":{"self":[{"href":"https:\/\/vosgesinfo.fr\/remiremontinfo\/wp-json\/wp\/v2\/posts\/42574","targetHints":{"allow":["GET"]}}],"collection":[{"href":"https:\/\/vosgesinfo.fr\/remiremontinfo\/wp-json\/wp\/v2\/posts"}],"about":[{"href":"https:\/\/vosgesinfo.fr\/remiremontinfo\/wp-json\/wp\/v2\/types\/post"}],"author":[{"embeddable":true,"href":"https:\/\/vosgesinfo.fr\/remiremontinfo\/wp-json\/wp\/v2\/users\/407"}],"replies":[{"embeddable":true,"href":"https:\/\/vosgesinfo.fr\/remiremontinfo\/wp-json\/wp\/v2\/comments?post=42574"}],"version-history":[{"count":0,"href":"https:\/\/vosgesinfo.fr\/remiremontinfo\/wp-json\/wp\/v2\/posts\/42574\/revisions"}],"wp:featuredmedia":[{"embeddable":true,"href":"https:\/\/vosgesinfo.fr\/remiremontinfo\/wp-json\/wp\/v2\/media\/42575"}],"wp:attachment":[{"href":"https:\/\/vosgesinfo.fr\/remiremontinfo\/wp-json\/wp\/v2\/media?parent=42574"}],"wp:term":[{"taxonomy":"category","embeddable":true,"href":"https:\/\/vosgesinfo.fr\/remiremontinfo\/wp-json\/wp\/v2\/categories?post=42574"},{"taxonomy":"post_tag","embeddable":true,"href":"https:\/\/vosgesinfo.fr\/remiremontinfo\/wp-json\/wp\/v2\/tags?post=42574"}],"curies":[{"name":"wp","href":"https:\/\/api.w.org\/{rel}","templated":true}]}}